{"id":3932,"date":"2023-06-07T20:57:06","date_gmt":"2023-06-07T18:57:06","guid":{"rendered":"https:\/\/wp.kristdemokraterna.se\/savsjo\/?p=3932"},"modified":"2023-06-09T16:09:21","modified_gmt":"2023-06-09T14:09:21","slug":"3932-2","status":"publish","type":"post","link":"https:\/\/wp.kristdemokraterna.se\/savsjo\/3932-2\/","title":{"rendered":"Starkt med enighet om budget"},"content":{"rendered":"<p>Det \u00e4r otroligt starkt att b\u00e5de styrande majoriteten och oppositionen i kommunen har presenterat en \u00f6verenskommelse om ett enigt budgetf\u00f6rslag f\u00f6r 2024. I ett l\u00e4ge som \u00e4r mer besv\u00e4rligt \u00e4n p\u00e5 mycket l\u00e4nge kan d\u00e4rmed skapas stabilitet, lugn och goda f\u00f6ruts\u00e4ttningar f\u00f6r kommunens verksamheter ocks\u00e5 under kommande \u00e5r. Therese Petersson har som ny ordf\u00f6rande i kommunstyrelsen genom starkt engagemang, envishet och f\u00f6rhandlingsskicklighet\u00a0 f\u00f6rt budget\u00f6verenskommelsen i hamn. F\u00f6rst\u00e5s med stor hj\u00e4lp av \u00f6vriga KD-gruppen, kommundirekt\u00f6r Jan Holmqvist och andra tj\u00e4nstem\u00e4n.\u00a0 L\u00e4s mer p\u00e5 f\u00f6ljande l\u00e4nk:<br \/>\n<!--more--><\/p>\n<h2>Ett v\u00e4l avv\u00e4gt budgetf\u00f6rslag<\/h2>\n<p>Budgeten \u00e4r v\u00e4l genomarbetad och har m\u00e5nga viktiga satsningar f\u00f6r barn och unga samt \u00e4ldre. S\u00e4rskilt inom \u00e4ldreomsorg, hemtj\u00e4nst och hemsjukv\u00e5rd. Det g\u00f6rs ocks\u00e5 f\u00f6rst\u00e4rkningar inom omr\u00e5det f\u00f6r jobbskapande \u00e5tg\u00e4rder.\u00a0 Resultatet bygger p\u00e5 en del os\u00e4kra faktorer men med den resultatutj\u00e4mningsreserv p\u00e5 50 miljoner som arbetats upp under m\u00e5nga \u00e5r s\u00e5 finns resurser om n\u00e5got of\u00f6rutsett intr\u00e4ffar. H\u00e4r kommer budget\u00f6verenskommelsen i sin helhet:<\/p>\n<p>&nbsp;<\/p>\n<h1 data-original-attrs=\"{&quot;style&quot;:&quot;&quot;}\"><b>Budget\u00f6verenskommelse inf\u00f6r 2024<\/b><\/h1>\n<h2 data-original-attrs=\"{&quot;style&quot;:&quot;&quot;}\"><i>Samlingsbudget f\u00f6r hela S\u00e4vsj\u00f6 kommuns b\u00e4sta<\/i><\/h2>\n<h2 data-original-attrs=\"{&quot;style&quot;:&quot;&quot;}\">Inledning<\/h2>\n<p>Undertecknade l\u00e4mnar h\u00e4rmed f\u00f6rslag till budget 2024 med utblick 2025\u20132026 samt fokusomr\u00e5den f\u00f6r 2024.<\/p>\n<p>Vi befinner oss i ett mycket os\u00e4kert och sv\u00e5rbed\u00f6mt ekonomiskt l\u00e4ge med en orolig omv\u00e4rld. Det har d\u00e4rf\u00f6r varit angel\u00e4get att n\u00e5 en s\u00e5 bred politisk enighet som m\u00f6jligt i arbetet med budget inf\u00f6r 2024. Kristdemokraterna, Socialdemokraterna och Centerpartiet i den styrande majoriteten tillsammans med Moderaterna och Sverigedemokraterna fr\u00e5n oppositionen \u00e4r nu \u00f6verens om ett gemensamt budgetf\u00f6rslag: en samlingsbudget f\u00f6r hela S\u00e4vsj\u00f6 kommuns b\u00e4sta.<\/p>\n<p>&nbsp;<\/p>\n<h2 data-original-attrs=\"{&quot;style&quot;:&quot;&quot;}\">Utg\u00e5ngspunkter<\/h2>\n<p>F\u00f6rslaget till budget utg\u00e5r fr\u00e5n att Sverige \u00e4r i en ekonomisk l\u00e5gkonjunktur med ett p\u00e5 m\u00e5nga s\u00e4tt os\u00e4kert l\u00e4ge i Sverige och hela v\u00e5r omv\u00e4rld. Kommunens ekonomiska resurser inf\u00f6r kommande \u00e5r \u00e4r d\u00e4rf\u00f6r os\u00e4kra och bygger i v\u00e5rt f\u00f6rslag till viss del p\u00e5 antaganden om statliga satsningar som \u00e4nnu inte \u00e4r beslutade. Det \u00e4r dock viktigt med en offensiv budget som m\u00f6jligg\u00f6r f\u00f6r kommunen att m\u00f6ta de utmaningar som b\u00e5de inv\u00e5nare och n\u00e4ringsliv kan erfara kommande \u00e5r. Vi vill tillsammans skapa stabilitet, ge f\u00f6ruts\u00e4ttningar f\u00f6r tillv\u00e4xt och bygga f\u00f6r framtiden.<\/p>\n<p>De kommunala verksamheterna ska inte drabbas av ett os\u00e4kert ekonomiskt l\u00e4ge och neddragningar m\u00e5ste undvikas. Genom att ge n\u00e4mnderna resursf\u00f6rst\u00e4rkningar kommer samtidigt en tydlig f\u00f6rv\u00e4ntan p\u00e5 att ramarna ska h\u00e5llas.<\/p>\n<p>I f\u00f6rslaget ing\u00e5r en bibeh\u00e5llen skattesats med 21,92 kr. F\u00f6rslaget bygger p\u00e5 att befolkningen 2024 uppg\u00e5r till 11 760 och sedan \u00f6kar med 20 personer \u00e5rligen 2025\u20132026. Budgeten utg\u00e5r fr\u00e5n ber\u00e4knade int\u00e4kter p\u00e5 ca 846 miljoner kronor \u00e5r 2024, vilket \u00e4r en uppr\u00e4kning med drygt 20 miljoner kronor j\u00e4mf\u00f6rt med budgeten f\u00f6r 2023. Kommunens taxor uppr\u00e4knas enligt index.<\/p>\n<p>Totalt har verksamheten 2024 kostnader p\u00e5 ca 842 miljoner kronor och det budgeterade resultatet \u00e4r ca 4 miljoner kronor. Det kommer under 2025 och 2026 att f\u00f6rb\u00e4ttras och n\u00e4rma sig det finansiella m\u00e5let p\u00e5 tv\u00e5 procent.<\/p>\n<p>Budgetf\u00f6rslaget inneb\u00e4r att kommunen satsar extra p\u00e5 b\u00e5de \u00e5ldersgrupperna barn och unga samt \u00e4ldre. Kommunen avs\u00e4tter ocks\u00e5 medel f\u00f6r energibesparing, jobbskapande \u00e5tg\u00e4rder, samh\u00e4llsbyggnad och fritidsverksamhet. Kommunens satsningar \u00e4r riktade b\u00e5de mot de som bor i v\u00e5ra t\u00e4torter och de som bor p\u00e5 landet. Att kommunen g\u00f6r dessa satsningar st\u00e4mmer v\u00e4l \u00f6verens med b\u00e5de kommunens \u00f6vergripande vision och m\u00e5l d\u00e4r vi tillsammans skapar Sveriges mest barnv\u00e4nliga, gr\u00f6na och inkluderande kommun.<\/p>\n<div><\/div>\n<h2 data-original-attrs=\"{&quot;style&quot;:&quot;&quot;}\">Driftbudget<\/h2>\n<p>Totalt inneh\u00e5ller driftbudgeten satsningar ut\u00f6ver befintlig ram p\u00e5 \u00f6ver 20 miljoner kronor.<\/p>\n<h4><b>Socialn\u00e4mnden och \u00e4ldreomsorg<\/b><\/h4>\n<p>Socialn\u00e4mnden ska f\u00e5 en l\u00e5ngsiktigt stabil ekonomisk grund som m\u00f6jligg\u00f6r ett strukturerat f\u00f6rb\u00e4ttringsarbete. Vi g\u00f6r d\u00e4rf\u00f6r en av de st\u00f6rsta satsningarna p\u00e5 socialn\u00e4mnden n\u00e5gonsin och budgeten f\u00f6rst\u00e4rks med \u00f6ver 12 miljoner kronor. \u00d6ver h\u00e4lften av satsningen g\u00e5r till \u00e4ldreomsorgen och d\u00e5 fr\u00e4mst hemtj\u00e4nsten och hemsjukv\u00e5rden. Kultur- och fritidsn\u00e4mnden ges en budgetf\u00f6rst\u00e4rkning f\u00f6r att, tillsammans med f\u00f6reningslivet, arbeta med \u00e4ldres h\u00e4lsa och livskvalitet.<\/p>\n<h4><b>Barn och unga<\/b><\/h4>\n<p>Budgeten rymmer en fortsatt satsning p\u00e5 barn och unga, fr\u00e4mst genom nya medel till undervisningen av barn och elever i behov av s\u00e4rskilt st\u00f6d. F\u00f6r att \u00f6ka attraktiviteten p\u00e5 Aleholms v\u00e5rd- och omsorgsprogram inf\u00f6rs en jobbgaranti f\u00f6r programmets elever och medel avs\u00e4tts f\u00f6r marknadsf\u00f6ring inom ramen f\u00f6r fokusomr\u00e5det \u201dFramtida kompetensf\u00f6rs\u00f6rjning\u201d. Resurser tillf\u00f6rs f\u00f6r att kunna g\u00f6ra en \u00f6versyn av Aleholm och ta fram underlag f\u00f6r anpassning av gymnasieskolan efter framtidens behov och f\u00f6ruts\u00e4ttningar.<\/p>\n<h4 data-original-attrs=\"{&quot;style&quot;:&quot;&quot;}\"><b>Jobbskapande \u00e5tg\u00e4rder<\/b><\/h4>\n<p>Budgeten inneh\u00e5ller jobbsatsningar inom b\u00e5de barn- och utbildningsf\u00f6rvaltningen och socialf\u00f6rvaltningen, vilket inneb\u00e4r att verksamhet som tidigare bedrivits med projektmedel nu f\u00f6rs \u00f6ver till n\u00e4mndernas ordinarie verksamhet. Jobbskapande utbildning p\u00e5 Aleholm ska utvecklas i samverkan mellan ber\u00f6rda f\u00f6rvaltningar.<\/p>\n<h4><b>Tillv\u00e4xt och tillsyn<\/b><\/h4>\n<p>En viktig del i tillv\u00e4xtarbetet \u00e4r att det finns tillr\u00e4ckliga resurser f\u00f6r hantering av bygglov och andra tillst\u00e5nd. Myndighetsn\u00e4mnden f\u00e5r d\u00e4rf\u00f6r en budgetf\u00f6rst\u00e4rkning f\u00f6r att kunna ut\u00f6ka personalstyrkan. Som en del i denna satsning ska myndighetsn\u00e4mnden \u00e4ven ansluta sig till n\u00e4tverket \u201dTillv\u00e4xt &amp; Tillsyn\u201d och f\u00f6rvaltningen ska utveckla arbetss\u00e4tt enligt n\u00e4tverkets koncept.<\/p>\n<h4><b>Landsbygd<\/b><\/h4>\n<p>Kommunen forts\u00e4tter sina tidigare satsningar p\u00e5 en levande landsbygd, d\u00e4ribland bredband, byapeng, g\u00e5rdsbelysning och enskilda v\u00e4gar. \u00c5r 2021 antogs nya riktlinjer f\u00f6r drift och underh\u00e5ll av enskilda v\u00e4gar. En uppf\u00f6ljning av riktlinjerna sker under 2024. Genom att resurserna till hemtj\u00e4nsten och hemsjukv\u00e5rden kraftigt ut\u00f6kas skapas f\u00f6ruts\u00e4ttningar f\u00f6r en god \u00e4ldreomsorg i hela kommunen, \u00e4ven p\u00e5 landsbygden. D\u00e4rtill kommer en stor del av investeringarna kommande \u00e5r att g\u00f6ras i kommunens kransorter.<\/p>\n<h4><b>Kostnads\u00f6kningar och \u00f6vriga satsningar<\/b><\/h4>\n<p>Budgeten inneh\u00e5ller f\u00f6rst\u00e4rkningar f\u00f6r att m\u00f6ta stora kostnads\u00f6kningar fr\u00e4mst inom m\u00e5ltid och transporter, avh\u00e4ngiga den h\u00f6ga inflation vi haft sedan 2022. Kommunens ekonomiavdelning f\u00f6rst\u00e4rks f\u00f6r att skapa en robust organisation i en utmanande tid. Kultur- och fritidsn\u00e4mnden f\u00e5r resurser f\u00f6r att kunna forts\u00e4tta med trygghetsskapande arbete genom s.k. f\u00f6reningsvandring.<\/p>\n<h4><b>Effektiviseringar och int\u00e4ktsf\u00f6rst\u00e4rkningar<\/b><\/h4>\n<p>F\u00f6r att kunna g\u00f6ra ovanst\u00e5ende satsningar genomf\u00f6rs effektiviseringar och int\u00e4ktsf\u00f6rst\u00e4rkningar p\u00e5 n\u00e4stan lika h\u00f6g niv\u00e5. En del av dessa \u00e4r kopplade till mer realistiska interna uppskrivningar av kostnader mellan f\u00f6rvaltningar och bolag, men h\u00e4r finns ocks\u00e5 tillf\u00e4lliga inkomstf\u00f6rst\u00e4rkningar i form av h\u00f6gre utdelningar fr\u00e5n kommunala bolag och f\u00f6rs\u00e4ljning av vissa kommunala fastigheter som inte l\u00e4ngre anv\u00e4nds. D\u00e4rut\u00f6ver ligger den kommun\u00f6vergripande effektiviseringen p\u00e5 0,5 % kvar sedan tidigare. L\u00e5ngsiktigt beh\u00f6ver vi inleda ett strukturerat arbete med st\u00e4ndiga f\u00f6rb\u00e4ttringar.<\/p>\n<p>&nbsp;<\/p>\n<h2 data-original-attrs=\"{&quot;style&quot;:&quot;&quot;}\">Investeringsbudget<\/h2>\n<p>Budgeten inneh\u00e5ller ocks\u00e5 f\u00f6rslag p\u00e5 investeringar under 2024 p\u00e5 sammanlagt \u00f6ver 140 miljoner kronor. Detta \u00e4r en fortsatt mycket h\u00f6g niv\u00e5. Trots nuvarande os\u00e4kerhet \u00e4r det viktigt att t\u00e4nka l\u00e5ngsiktigt och fram\u00e5tsyftande. Det finns ocks\u00e5 ekonomiska sk\u00e4l f\u00f6r kommunen att h\u00e5lla uppe investeringstakten i ett sviktande konjunkturl\u00e4ge. Investeringar prioriteras utifr\u00e5n om de bidrar till eller \u00e4r en f\u00f6ruts\u00e4ttning f\u00f6r tillv\u00e4xt samt om de p\u00e5 sikt kan inneb\u00e4ra minskade kostnader eller begr\u00e4nsade kostnads\u00f6kningar.<\/p>\n<h4><b>N\u00e5gra av de viktigaste investeringsposterna \u00e4r:<\/b><\/h4>\n<div title=\"Page 3\">\n<div>\n<div>\n<div title=\"Page 3\">\n<div>\n<div>\n<blockquote>\n<ul>\n<li>Ny f\u00f6rskola i Vrigstad och ny f\u00f6rskoleavdelning i Stockaryd. Detta motiveras av st\u00f6rre barnkullar, behov av mer \u00e4ndam\u00e5lsenliga lokaler samt en ambition om att minska antalet barn p\u00e5 sm\u00e5barnsavdelningar.<\/li>\n<li>Medel f\u00f6r arbete med detaljplaner och iordningst\u00e4llande av ytor f\u00f6r bost\u00e4der och industrier, bland annat kopplat till att en ny \u00f6versiktsplan kommer att antas under h\u00f6sten 2023. Genom dessa satsningar skapas f\u00f6ruts\u00e4ttningar f\u00f6r tillv\u00e4xt.<\/li>\n<li>Medel f\u00f6r ink\u00f6p av reservkraftverk vid str\u00f6mavbrott som ett led i kommunens intensifierade beredskapsarbete.<\/li>\n<li>Extra medel f\u00f6r asfaltering, utbyte av gatubelysning till LED-lampor och nya g\u00e5ngbroar.<\/li>\n<li>Ny belysning p\u00e5 elljussp\u00e5r, utbyte av toppskikt konstgr\u00e4splan, samt solceller och nytt tak p\u00e5 sporthallen i S\u00e4vsj\u00f6.<\/li>\n<\/ul>\n<\/blockquote>\n<\/div>\n<\/div>\n<\/div>\n<\/div>\n<\/div>\n<\/div>\n<p>Trafikverket har beviljat medfinansiering till centrumf\u00f6rnyelse i S\u00e4vsj\u00f6. Medel avs\u00e4tts f\u00f6r projektering i investeringsbudgeten 2024 och genomf\u00f6randet \u00e4r sedan t\u00e4nkt att ske 2025\u20132027. Projekteringen ska ha tillv\u00e4xt och attraktivitet som inriktning och samtidigt utg\u00e5 fr\u00e5n ekologisk, social och ekonomisk h\u00e5llbarhet. Detta inneb\u00e4r bland annat att det kostnadseffektivt ska genomf\u00f6ras trafiks\u00e4kerhetsh\u00f6jande \u00e5tg\u00e4rder, att ett restaurangstr\u00e5k b\u00f6r tillskapas samt att material s\u00e5 l\u00e5ngt det \u00e4r m\u00f6jligt ska \u00e5teranv\u00e4ndas.<\/p>\n<div>\n<p>Ut\u00f6ver detta p\u00e5g\u00e5r eller avslutas under 2024 renovering av Ringg\u00e5rden, nya lokaler f\u00f6r gata\/parkenheten p\u00e5 Hantverkargatan, nybyggnation av korttids, samt nybyggnation av skola i R\u00f6rvik.<\/p>\n<p>&nbsp;<\/p>\n<h2 data-original-attrs=\"{&quot;style&quot;:&quot;&quot;}\">Fokusomr\u00e5den<\/h2>\n<p>Som ett led i arbetet med f\u00f6reslagna budgetsatsningar f\u00f6rsl\u00e5s ocks\u00e5 att f\u00f6ljande fyra fokusomr\u00e5den fastst\u00e4lls f\u00f6r 2024.<\/p>\n<blockquote>\n<ul>\n<li>Tillv\u00e4xt, n\u00e4ringsliv och arbetsmarknad<\/li>\n<li>Barn- och ungas v\u00e4lm\u00e5ende<\/li>\n<li>Framtida kompetensf\u00f6rs\u00f6rjning<\/li>\n<li>H\u00e5llbarhet<\/li>\n<\/ul>\n<\/blockquote>\n<\/div>\n<div><\/div>\n<div>\n<div>\n<p><em>S\u00e4vsj\u00f6 den 7 juni 2023<\/em><\/p>\n<\/div>\n<p>Therese Petersson (KD), G\u00f6ran H\u00e4ll (S), Christer Sandstr\u00f6m (C), Mats Hermansson (M), Lars Edblad (SD)<\/p>\n<\/div>\n<p>&nbsp;<\/p>\n<p>&nbsp;<\/p>\n","protected":false},"excerpt":{"rendered":"<p>Det \u00e4r otroligt starkt att b\u00e5de styrande majoriteten och oppositionen i kommunen har presenterat en \u00f6verenskommelse om ett enigt budgetf\u00f6rslag f\u00f6r 2024. I ett l\u00e4ge som \u00e4r mer besv\u00e4rligt \u00e4n p\u00e5 mycket l\u00e4nge kan d\u00e4rmed skapas stabilitet, lugn och goda f\u00f6ruts\u00e4ttningar f\u00f6r kommunens verksamheter ocks\u00e5 under kommande \u00e5r. Therese Petersson har som ny ordf\u00f6rande i <a class=\"read-more-link\" href=\"https:\/\/wp.kristdemokraterna.se\/savsjo\/3932-2\/\">Read More<\/a><\/p>\n","protected":false},"author":430,"featured_media":3952,"comment_status":"closed","ping_status":"closed","sticky":false,"template":"","format":"standard","meta":{"_acf_changed":false,"footnotes":""},"categories":[1],"tags":[],"class_list":["post-3932","post","type-post","status-publish","format-standard","has-post-thumbnail","hentry","category-okategoriserade"],"acf":[],"yoast_head":"<!-- This site is optimized with the Yoast SEO plugin v27.5 - https:\/\/yoast.com\/product\/yoast-seo-wordpress\/ -->\n<title>Starkt med enighet om budget - S\u00e4vsj\u00f6<\/title>\n<meta name=\"robots\" content=\"index, follow, max-snippet:-1, max-image-preview:large, max-video-preview:-1\" \/>\n<link rel=\"canonical\" href=\"https:\/\/wp.kristdemokraterna.se\/savsjo\/3932-2\/\" \/>\n<meta property=\"og:locale\" content=\"sv_SE\" \/>\n<meta property=\"og:type\" content=\"article\" \/>\n<meta property=\"og:title\" content=\"Starkt med enighet om budget - S\u00e4vsj\u00f6\" \/>\n<meta property=\"og:description\" content=\"Det \u00e4r otroligt starkt att b\u00e5de styrande majoriteten och oppositionen i kommunen har presenterat en \u00f6verenskommelse om ett enigt budgetf\u00f6rslag f\u00f6r 2024. I ett l\u00e4ge som \u00e4r mer besv\u00e4rligt \u00e4n p\u00e5 mycket l\u00e4nge kan d\u00e4rmed skapas stabilitet, lugn och goda f\u00f6ruts\u00e4ttningar f\u00f6r kommunens verksamheter ocks\u00e5 under kommande \u00e5r. Therese Petersson har som ny ordf\u00f6rande i Read More\" \/>\n<meta property=\"og:url\" content=\"https:\/\/wp.kristdemokraterna.se\/savsjo\/3932-2\/\" \/>\n<meta property=\"og:site_name\" content=\"S\u00e4vsj\u00f6\" \/>\n<meta property=\"article:published_time\" content=\"2023-06-07T18:57:06+00:00\" \/>\n<meta property=\"article:modified_time\" content=\"2023-06-09T14:09:21+00:00\" \/>\n<meta property=\"og:image\" content=\"http:\/\/wp.kristdemokraterna.se\/savsjo\/files\/2023\/06\/budgetoverenskommelse-2024.png\" \/>\n\t<meta property=\"og:image:width\" content=\"500\" \/>\n\t<meta property=\"og:image:height\" content=\"300\" \/>\n\t<meta property=\"og:image:type\" content=\"image\/png\" \/>\n<meta name=\"author\" content=\"Stefan Gustafsson\" \/>\n<meta name=\"twitter:card\" content=\"summary_large_image\" \/>\n<meta name=\"twitter:label1\" content=\"Skriven av\" \/>\n\t<meta name=\"twitter:data1\" content=\"Stefan Gustafsson\" \/>\n\t<meta name=\"twitter:label2\" content=\"Ber\u00e4knad l\u00e4stid\" \/>\n\t<meta name=\"twitter:data2\" content=\"7 minuter\" \/>\n<script type=\"application\/ld+json\" class=\"yoast-schema-graph\">{\"@context\":\"https:\\\/\\\/schema.org\",\"@graph\":[{\"@type\":\"Article\",\"@id\":\"https:\\\/\\\/wp.kristdemokraterna.se\\\/savsjo\\\/3932-2\\\/#article\",\"isPartOf\":{\"@id\":\"https:\\\/\\\/wp.kristdemokraterna.se\\\/savsjo\\\/3932-2\\\/\"},\"author\":{\"name\":\"Stefan Gustafsson\",\"@id\":\"https:\\\/\\\/wp.kristdemokraterna.se\\\/savsjo\\\/#\\\/schema\\\/person\\\/66a08fa678592f794fe60a50b249978a\"},\"headline\":\"Starkt med enighet om budget\",\"datePublished\":\"2023-06-07T18:57:06+00:00\",\"dateModified\":\"2023-06-09T14:09:21+00:00\",\"mainEntityOfPage\":{\"@id\":\"https:\\\/\\\/wp.kristdemokraterna.se\\\/savsjo\\\/3932-2\\\/\"},\"wordCount\":1649,\"image\":{\"@id\":\"https:\\\/\\\/wp.kristdemokraterna.se\\\/savsjo\\\/3932-2\\\/#primaryimage\"},\"thumbnailUrl\":\"https:\\\/\\\/wp.kristdemokraterna.se\\\/savsjo\\\/files\\\/2023\\\/06\\\/budgetoverenskommelse-2024.png\",\"inLanguage\":\"sv-SE\"},{\"@type\":\"WebPage\",\"@id\":\"https:\\\/\\\/wp.kristdemokraterna.se\\\/savsjo\\\/3932-2\\\/\",\"url\":\"https:\\\/\\\/wp.kristdemokraterna.se\\\/savsjo\\\/3932-2\\\/\",\"name\":\"Starkt med enighet om budget - S\u00e4vsj\u00f6\",\"isPartOf\":{\"@id\":\"https:\\\/\\\/wp.kristdemokraterna.se\\\/savsjo\\\/#website\"},\"primaryImageOfPage\":{\"@id\":\"https:\\\/\\\/wp.kristdemokraterna.se\\\/savsjo\\\/3932-2\\\/#primaryimage\"},\"image\":{\"@id\":\"https:\\\/\\\/wp.kristdemokraterna.se\\\/savsjo\\\/3932-2\\\/#primaryimage\"},\"thumbnailUrl\":\"https:\\\/\\\/wp.kristdemokraterna.se\\\/savsjo\\\/files\\\/2023\\\/06\\\/budgetoverenskommelse-2024.png\",\"datePublished\":\"2023-06-07T18:57:06+00:00\",\"dateModified\":\"2023-06-09T14:09:21+00:00\",\"author\":{\"@id\":\"https:\\\/\\\/wp.kristdemokraterna.se\\\/savsjo\\\/#\\\/schema\\\/person\\\/66a08fa678592f794fe60a50b249978a\"},\"breadcrumb\":{\"@id\":\"https:\\\/\\\/wp.kristdemokraterna.se\\\/savsjo\\\/3932-2\\\/#breadcrumb\"},\"inLanguage\":\"sv-SE\",\"potentialAction\":[{\"@type\":\"ReadAction\",\"target\":[\"https:\\\/\\\/wp.kristdemokraterna.se\\\/savsjo\\\/3932-2\\\/\"]}]},{\"@type\":\"ImageObject\",\"inLanguage\":\"sv-SE\",\"@id\":\"https:\\\/\\\/wp.kristdemokraterna.se\\\/savsjo\\\/3932-2\\\/#primaryimage\",\"url\":\"https:\\\/\\\/wp.kristdemokraterna.se\\\/savsjo\\\/files\\\/2023\\\/06\\\/budgetoverenskommelse-2024.png\",\"contentUrl\":\"https:\\\/\\\/wp.kristdemokraterna.se\\\/savsjo\\\/files\\\/2023\\\/06\\\/budgetoverenskommelse-2024.png\",\"width\":500,\"height\":300},{\"@type\":\"BreadcrumbList\",\"@id\":\"https:\\\/\\\/wp.kristdemokraterna.se\\\/savsjo\\\/3932-2\\\/#breadcrumb\",\"itemListElement\":[{\"@type\":\"ListItem\",\"position\":1,\"name\":\"Hem\",\"item\":\"https:\\\/\\\/wp.kristdemokraterna.se\\\/savsjo\\\/\"},{\"@type\":\"ListItem\",\"position\":2,\"name\":\"Starkt med enighet om budget\"}]},{\"@type\":\"WebSite\",\"@id\":\"https:\\\/\\\/wp.kristdemokraterna.se\\\/savsjo\\\/#website\",\"url\":\"https:\\\/\\\/wp.kristdemokraterna.se\\\/savsjo\\\/\",\"name\":\"S\u00e4vsj\u00f6\",\"description\":\"\",\"inLanguage\":\"sv-SE\"},{\"@type\":\"Person\",\"@id\":\"https:\\\/\\\/wp.kristdemokraterna.se\\\/savsjo\\\/#\\\/schema\\\/person\\\/66a08fa678592f794fe60a50b249978a\",\"name\":\"Stefan Gustafsson\",\"image\":{\"@type\":\"ImageObject\",\"inLanguage\":\"sv-SE\",\"@id\":\"https:\\\/\\\/secure.gravatar.com\\\/avatar\\\/d183d0fd8830afddde9ab5386edf3b3480a63f1fb3291da52adec75b3b7b6f60?s=96&r=g\",\"url\":\"https:\\\/\\\/secure.gravatar.com\\\/avatar\\\/d183d0fd8830afddde9ab5386edf3b3480a63f1fb3291da52adec75b3b7b6f60?s=96&r=g\",\"contentUrl\":\"https:\\\/\\\/secure.gravatar.com\\\/avatar\\\/d183d0fd8830afddde9ab5386edf3b3480a63f1fb3291da52adec75b3b7b6f60?s=96&r=g\",\"caption\":\"Stefan Gustafsson\"},\"url\":\"https:\\\/\\\/wp.kristdemokraterna.se\\\/savsjo\\\/author\\\/stgu\\\/\"}]}<\/script>\n<!-- \/ Yoast SEO plugin. -->","yoast_head_json":{"title":"Starkt med enighet om budget - S\u00e4vsj\u00f6","robots":{"index":"index","follow":"follow","max-snippet":"max-snippet:-1","max-image-preview":"max-image-preview:large","max-video-preview":"max-video-preview:-1"},"canonical":"https:\/\/wp.kristdemokraterna.se\/savsjo\/3932-2\/","og_locale":"sv_SE","og_type":"article","og_title":"Starkt med enighet om budget - S\u00e4vsj\u00f6","og_description":"Det \u00e4r otroligt starkt att b\u00e5de styrande majoriteten och oppositionen i kommunen har presenterat en \u00f6verenskommelse om ett enigt budgetf\u00f6rslag f\u00f6r 2024. I ett l\u00e4ge som \u00e4r mer besv\u00e4rligt \u00e4n p\u00e5 mycket l\u00e4nge kan d\u00e4rmed skapas stabilitet, lugn och goda f\u00f6ruts\u00e4ttningar f\u00f6r kommunens verksamheter ocks\u00e5 under kommande \u00e5r. Therese Petersson har som ny ordf\u00f6rande i Read More","og_url":"https:\/\/wp.kristdemokraterna.se\/savsjo\/3932-2\/","og_site_name":"S\u00e4vsj\u00f6","article_published_time":"2023-06-07T18:57:06+00:00","article_modified_time":"2023-06-09T14:09:21+00:00","og_image":[{"width":500,"height":300,"url":"http:\/\/wp.kristdemokraterna.se\/savsjo\/files\/2023\/06\/budgetoverenskommelse-2024.png","type":"image\/png"}],"author":"Stefan Gustafsson","twitter_card":"summary_large_image","twitter_misc":{"Skriven av":"Stefan Gustafsson","Ber\u00e4knad l\u00e4stid":"7 minuter"},"schema":{"@context":"https:\/\/schema.org","@graph":[{"@type":"Article","@id":"https:\/\/wp.kristdemokraterna.se\/savsjo\/3932-2\/#article","isPartOf":{"@id":"https:\/\/wp.kristdemokraterna.se\/savsjo\/3932-2\/"},"author":{"name":"Stefan Gustafsson","@id":"https:\/\/wp.kristdemokraterna.se\/savsjo\/#\/schema\/person\/66a08fa678592f794fe60a50b249978a"},"headline":"Starkt med enighet om budget","datePublished":"2023-06-07T18:57:06+00:00","dateModified":"2023-06-09T14:09:21+00:00","mainEntityOfPage":{"@id":"https:\/\/wp.kristdemokraterna.se\/savsjo\/3932-2\/"},"wordCount":1649,"image":{"@id":"https:\/\/wp.kristdemokraterna.se\/savsjo\/3932-2\/#primaryimage"},"thumbnailUrl":"https:\/\/wp.kristdemokraterna.se\/savsjo\/files\/2023\/06\/budgetoverenskommelse-2024.png","inLanguage":"sv-SE"},{"@type":"WebPage","@id":"https:\/\/wp.kristdemokraterna.se\/savsjo\/3932-2\/","url":"https:\/\/wp.kristdemokraterna.se\/savsjo\/3932-2\/","name":"Starkt med enighet om budget - S\u00e4vsj\u00f6","isPartOf":{"@id":"https:\/\/wp.kristdemokraterna.se\/savsjo\/#website"},"primaryImageOfPage":{"@id":"https:\/\/wp.kristdemokraterna.se\/savsjo\/3932-2\/#primaryimage"},"image":{"@id":"https:\/\/wp.kristdemokraterna.se\/savsjo\/3932-2\/#primaryimage"},"thumbnailUrl":"https:\/\/wp.kristdemokraterna.se\/savsjo\/files\/2023\/06\/budgetoverenskommelse-2024.png","datePublished":"2023-06-07T18:57:06+00:00","dateModified":"2023-06-09T14:09:21+00:00","author":{"@id":"https:\/\/wp.kristdemokraterna.se\/savsjo\/#\/schema\/person\/66a08fa678592f794fe60a50b249978a"},"breadcrumb":{"@id":"https:\/\/wp.kristdemokraterna.se\/savsjo\/3932-2\/#breadcrumb"},"inLanguage":"sv-SE","potentialAction":[{"@type":"ReadAction","target":["https:\/\/wp.kristdemokraterna.se\/savsjo\/3932-2\/"]}]},{"@type":"ImageObject","inLanguage":"sv-SE","@id":"https:\/\/wp.kristdemokraterna.se\/savsjo\/3932-2\/#primaryimage","url":"https:\/\/wp.kristdemokraterna.se\/savsjo\/files\/2023\/06\/budgetoverenskommelse-2024.png","contentUrl":"https:\/\/wp.kristdemokraterna.se\/savsjo\/files\/2023\/06\/budgetoverenskommelse-2024.png","width":500,"height":300},{"@type":"BreadcrumbList","@id":"https:\/\/wp.kristdemokraterna.se\/savsjo\/3932-2\/#breadcrumb","itemListElement":[{"@type":"ListItem","position":1,"name":"Hem","item":"https:\/\/wp.kristdemokraterna.se\/savsjo\/"},{"@type":"ListItem","position":2,"name":"Starkt med enighet om budget"}]},{"@type":"WebSite","@id":"https:\/\/wp.kristdemokraterna.se\/savsjo\/#website","url":"https:\/\/wp.kristdemokraterna.se\/savsjo\/","name":"S\u00e4vsj\u00f6","description":"","inLanguage":"sv-SE"},{"@type":"Person","@id":"https:\/\/wp.kristdemokraterna.se\/savsjo\/#\/schema\/person\/66a08fa678592f794fe60a50b249978a","name":"Stefan Gustafsson","image":{"@type":"ImageObject","inLanguage":"sv-SE","@id":"https:\/\/secure.gravatar.com\/avatar\/d183d0fd8830afddde9ab5386edf3b3480a63f1fb3291da52adec75b3b7b6f60?s=96&r=g","url":"https:\/\/secure.gravatar.com\/avatar\/d183d0fd8830afddde9ab5386edf3b3480a63f1fb3291da52adec75b3b7b6f60?s=96&r=g","contentUrl":"https:\/\/secure.gravatar.com\/avatar\/d183d0fd8830afddde9ab5386edf3b3480a63f1fb3291da52adec75b3b7b6f60?s=96&r=g","caption":"Stefan Gustafsson"},"url":"https:\/\/wp.kristdemokraterna.se\/savsjo\/author\/stgu\/"}]}},"_links":{"self":[{"href":"https:\/\/wp.kristdemokraterna.se\/savsjo\/wp-json\/wp\/v2\/posts\/3932","targetHints":{"allow":["GET"]}}],"collection":[{"href":"https:\/\/wp.kristdemokraterna.se\/savsjo\/wp-json\/wp\/v2\/posts"}],"about":[{"href":"https:\/\/wp.kristdemokraterna.se\/savsjo\/wp-json\/wp\/v2\/types\/post"}],"author":[{"embeddable":true,"href":"https:\/\/wp.kristdemokraterna.se\/savsjo\/wp-json\/wp\/v2\/users\/430"}],"replies":[{"embeddable":true,"href":"https:\/\/wp.kristdemokraterna.se\/savsjo\/wp-json\/wp\/v2\/comments?post=3932"}],"version-history":[{"count":35,"href":"https:\/\/wp.kristdemokraterna.se\/savsjo\/wp-json\/wp\/v2\/posts\/3932\/revisions"}],"predecessor-version":[{"id":3971,"href":"https:\/\/wp.kristdemokraterna.se\/savsjo\/wp-json\/wp\/v2\/posts\/3932\/revisions\/3971"}],"wp:featuredmedia":[{"embeddable":true,"href":"https:\/\/wp.kristdemokraterna.se\/savsjo\/wp-json\/wp\/v2\/media\/3952"}],"wp:attachment":[{"href":"https:\/\/wp.kristdemokraterna.se\/savsjo\/wp-json\/wp\/v2\/media?parent=3932"}],"wp:term":[{"taxonomy":"category","embeddable":true,"href":"https:\/\/wp.kristdemokraterna.se\/savsjo\/wp-json\/wp\/v2\/categories?post=3932"},{"taxonomy":"post_tag","embeddable":true,"href":"https:\/\/wp.kristdemokraterna.se\/savsjo\/wp-json\/wp\/v2\/tags?post=3932"}],"curies":[{"name":"wp","href":"https:\/\/api.w.org\/{rel}","templated":true}]}}