{"id":3988,"date":"2023-09-26T14:53:34","date_gmt":"2023-09-26T12:53:34","guid":{"rendered":"https:\/\/wp.kristdemokraterna.se\/savsjo\/?p=3988"},"modified":"2023-09-26T14:53:34","modified_gmt":"2023-09-26T12:53:34","slug":"gladje-over-rorviks-nya-skola","status":"publish","type":"post","link":"https:\/\/wp.kristdemokraterna.se\/savsjo\/gladje-over-rorviks-nya-skola\/","title":{"rendered":"Gl\u00e4dje \u00f6ver R\u00f6rviks nya skola"},"content":{"rendered":"<p>Vi Kristdemokrater \u00e4r glada \u00f6ver att f\u00e5 vara med och skriva historia i s\u00f6dra kommundelen med invigning av R\u00f6rviks nya F-9skola. V\u00e5r st\u00f6rsta landsbygdssatsning \u00f6ver l\u00e5ng tid och n\u00e5got som ligger helt i linje med v\u00e5r barnv\u00e4nliga kommun. Rektor Ingela Aden v\u00e4lkomnade alla och efter det h\u00f6ll b\u00e5de kommunstyrelsens ordf\u00f6rande Therese Petersson, barn- och utbildningsn\u00e4mndens ordf\u00f6rande Fredrik H\u00e5kansson, samt skolchefen Martina Arvidsson tal. Bandet klipptes av en elev och underh\u00e5llning i form av n\u00e5gra s\u00e5nger stod skolans elever f\u00f6r. En kv\u00e4ll att minnas.<\/p>\n","protected":false},"excerpt":{"rendered":"<p>Vi Kristdemokrater \u00e4r glada \u00f6ver att f\u00e5 vara med och skriva historia i s\u00f6dra kommundelen med invigning av R\u00f6rviks nya F-9skola. V\u00e5r st\u00f6rsta landsbygdssatsning \u00f6ver l\u00e5ng tid och n\u00e5got som ligger helt i linje med v\u00e5r barnv\u00e4nliga kommun. Rektor Ingela Aden v\u00e4lkomnade alla och efter det h\u00f6ll b\u00e5de kommunstyrelsens ordf\u00f6rande Therese Petersson, barn- och utbildningsn\u00e4mndens <a class=\"read-more-link\" href=\"https:\/\/wp.kristdemokraterna.se\/savsjo\/gladje-over-rorviks-nya-skola\/\">Read More<\/a><\/p>\n","protected":false},"author":430,"featured_media":3989,"comment_status":"closed","ping_status":"closed","sticky":false,"template":"","format":"standard","meta":{"_acf_changed":false,"footnotes":""},"categories":[1],"tags":[],"class_list":["post-3988","post","type-post","status-publish","format-standard","has-post-thumbnail","hentry","category-okategoriserade"],"acf":[],"yoast_head":"<!-- This site is optimized with the Yoast SEO plugin v27.5 - https:\/\/yoast.com\/product\/yoast-seo-wordpress\/ -->\n<title>Gl\u00e4dje \u00f6ver R\u00f6rviks nya skola - S\u00e4vsj\u00f6<\/title>\n<meta name=\"robots\" content=\"index, follow, max-snippet:-1, max-image-preview:large, max-video-preview:-1\" \/>\n<link rel=\"canonical\" href=\"https:\/\/wp.kristdemokraterna.se\/savsjo\/gladje-over-rorviks-nya-skola\/\" \/>\n<meta property=\"og:locale\" content=\"sv_SE\" \/>\n<meta property=\"og:type\" content=\"article\" \/>\n<meta property=\"og:title\" content=\"Gl\u00e4dje \u00f6ver R\u00f6rviks nya skola - S\u00e4vsj\u00f6\" \/>\n<meta property=\"og:description\" content=\"Vi Kristdemokrater \u00e4r glada \u00f6ver att f\u00e5 vara med och skriva historia i s\u00f6dra kommundelen med invigning av R\u00f6rviks nya F-9skola. V\u00e5r st\u00f6rsta landsbygdssatsning \u00f6ver l\u00e5ng tid och n\u00e5got som ligger helt i linje med v\u00e5r barnv\u00e4nliga kommun. Rektor Ingela Aden v\u00e4lkomnade alla och efter det h\u00f6ll b\u00e5de kommunstyrelsens ordf\u00f6rande Therese Petersson, barn- och utbildningsn\u00e4mndens Read More\" \/>\n<meta property=\"og:url\" content=\"https:\/\/wp.kristdemokraterna.se\/savsjo\/gladje-over-rorviks-nya-skola\/\" \/>\n<meta property=\"og:site_name\" content=\"S\u00e4vsj\u00f6\" \/>\n<meta property=\"article:published_time\" content=\"2023-09-26T12:53:34+00:00\" \/>\n<meta property=\"og:image\" content=\"http:\/\/wp.kristdemokraterna.se\/savsjo\/files\/2023\/09\/rorvik-skola4.jpg\" \/>\n\t<meta property=\"og:image:width\" content=\"500\" \/>\n\t<meta property=\"og:image:height\" content=\"299\" \/>\n\t<meta property=\"og:image:type\" content=\"image\/jpeg\" \/>\n<meta name=\"author\" content=\"Stefan Gustafsson\" \/>\n<meta name=\"twitter:card\" content=\"summary_large_image\" \/>\n<meta name=\"twitter:label1\" content=\"Skriven av\" \/>\n\t<meta name=\"twitter:data1\" content=\"Stefan Gustafsson\" \/>\n<script type=\"application\/ld+json\" class=\"yoast-schema-graph\">{\"@context\":\"https:\\\/\\\/schema.org\",\"@graph\":[{\"@type\":\"Article\",\"@id\":\"https:\\\/\\\/wp.kristdemokraterna.se\\\/savsjo\\\/gladje-over-rorviks-nya-skola\\\/#article\",\"isPartOf\":{\"@id\":\"https:\\\/\\\/wp.kristdemokraterna.se\\\/savsjo\\\/gladje-over-rorviks-nya-skola\\\/\"},\"author\":{\"name\":\"Stefan Gustafsson\",\"@id\":\"https:\\\/\\\/wp.kristdemokraterna.se\\\/savsjo\\\/#\\\/schema\\\/person\\\/66a08fa678592f794fe60a50b249978a\"},\"headline\":\"Gl\u00e4dje \u00f6ver R\u00f6rviks nya skola\",\"datePublished\":\"2023-09-26T12:53:34+00:00\",\"mainEntityOfPage\":{\"@id\":\"https:\\\/\\\/wp.kristdemokraterna.se\\\/savsjo\\\/gladje-over-rorviks-nya-skola\\\/\"},\"wordCount\":111,\"image\":{\"@id\":\"https:\\\/\\\/wp.kristdemokraterna.se\\\/savsjo\\\/gladje-over-rorviks-nya-skola\\\/#primaryimage\"},\"thumbnailUrl\":\"https:\\\/\\\/wp.kristdemokraterna.se\\\/savsjo\\\/files\\\/2023\\\/09\\\/rorvik-skola4.jpg\",\"inLanguage\":\"sv-SE\"},{\"@type\":\"WebPage\",\"@id\":\"https:\\\/\\\/wp.kristdemokraterna.se\\\/savsjo\\\/gladje-over-rorviks-nya-skola\\\/\",\"url\":\"https:\\\/\\\/wp.kristdemokraterna.se\\\/savsjo\\\/gladje-over-rorviks-nya-skola\\\/\",\"name\":\"Gl\u00e4dje \u00f6ver R\u00f6rviks nya skola - S\u00e4vsj\u00f6\",\"isPartOf\":{\"@id\":\"https:\\\/\\\/wp.kristdemokraterna.se\\\/savsjo\\\/#website\"},\"primaryImageOfPage\":{\"@id\":\"https:\\\/\\\/wp.kristdemokraterna.se\\\/savsjo\\\/gladje-over-rorviks-nya-skola\\\/#primaryimage\"},\"image\":{\"@id\":\"https:\\\/\\\/wp.kristdemokraterna.se\\\/savsjo\\\/gladje-over-rorviks-nya-skola\\\/#primaryimage\"},\"thumbnailUrl\":\"https:\\\/\\\/wp.kristdemokraterna.se\\\/savsjo\\\/files\\\/2023\\\/09\\\/rorvik-skola4.jpg\",\"datePublished\":\"2023-09-26T12:53:34+00:00\",\"author\":{\"@id\":\"https:\\\/\\\/wp.kristdemokraterna.se\\\/savsjo\\\/#\\\/schema\\\/person\\\/66a08fa678592f794fe60a50b249978a\"},\"breadcrumb\":{\"@id\":\"https:\\\/\\\/wp.kristdemokraterna.se\\\/savsjo\\\/gladje-over-rorviks-nya-skola\\\/#breadcrumb\"},\"inLanguage\":\"sv-SE\",\"potentialAction\":[{\"@type\":\"ReadAction\",\"target\":[\"https:\\\/\\\/wp.kristdemokraterna.se\\\/savsjo\\\/gladje-over-rorviks-nya-skola\\\/\"]}]},{\"@type\":\"ImageObject\",\"inLanguage\":\"sv-SE\",\"@id\":\"https:\\\/\\\/wp.kristdemokraterna.se\\\/savsjo\\\/gladje-over-rorviks-nya-skola\\\/#primaryimage\",\"url\":\"https:\\\/\\\/wp.kristdemokraterna.se\\\/savsjo\\\/files\\\/2023\\\/09\\\/rorvik-skola4.jpg\",\"contentUrl\":\"https:\\\/\\\/wp.kristdemokraterna.se\\\/savsjo\\\/files\\\/2023\\\/09\\\/rorvik-skola4.jpg\",\"width\":500,\"height\":299},{\"@type\":\"BreadcrumbList\",\"@id\":\"https:\\\/\\\/wp.kristdemokraterna.se\\\/savsjo\\\/gladje-over-rorviks-nya-skola\\\/#breadcrumb\",\"itemListElement\":[{\"@type\":\"ListItem\",\"position\":1,\"name\":\"Hem\",\"item\":\"https:\\\/\\\/wp.kristdemokraterna.se\\\/savsjo\\\/\"},{\"@type\":\"ListItem\",\"position\":2,\"name\":\"Gl\u00e4dje \u00f6ver R\u00f6rviks nya skola\"}]},{\"@type\":\"WebSite\",\"@id\":\"https:\\\/\\\/wp.kristdemokraterna.se\\\/savsjo\\\/#website\",\"url\":\"https:\\\/\\\/wp.kristdemokraterna.se\\\/savsjo\\\/\",\"name\":\"S\u00e4vsj\u00f6\",\"description\":\"\",\"inLanguage\":\"sv-SE\"},{\"@type\":\"Person\",\"@id\":\"https:\\\/\\\/wp.kristdemokraterna.se\\\/savsjo\\\/#\\\/schema\\\/person\\\/66a08fa678592f794fe60a50b249978a\",\"name\":\"Stefan Gustafsson\",\"image\":{\"@type\":\"ImageObject\",\"inLanguage\":\"sv-SE\",\"@id\":\"https:\\\/\\\/secure.gravatar.com\\\/avatar\\\/d183d0fd8830afddde9ab5386edf3b3480a63f1fb3291da52adec75b3b7b6f60?s=96&r=g\",\"url\":\"https:\\\/\\\/secure.gravatar.com\\\/avatar\\\/d183d0fd8830afddde9ab5386edf3b3480a63f1fb3291da52adec75b3b7b6f60?s=96&r=g\",\"contentUrl\":\"https:\\\/\\\/secure.gravatar.com\\\/avatar\\\/d183d0fd8830afddde9ab5386edf3b3480a63f1fb3291da52adec75b3b7b6f60?s=96&r=g\",\"caption\":\"Stefan Gustafsson\"},\"url\":\"https:\\\/\\\/wp.kristdemokraterna.se\\\/savsjo\\\/author\\\/stgu\\\/\"}]}<\/script>\n<!-- \/ Yoast SEO plugin. -->","yoast_head_json":{"title":"Gl\u00e4dje \u00f6ver R\u00f6rviks nya skola - S\u00e4vsj\u00f6","robots":{"index":"index","follow":"follow","max-snippet":"max-snippet:-1","max-image-preview":"max-image-preview:large","max-video-preview":"max-video-preview:-1"},"canonical":"https:\/\/wp.kristdemokraterna.se\/savsjo\/gladje-over-rorviks-nya-skola\/","og_locale":"sv_SE","og_type":"article","og_title":"Gl\u00e4dje \u00f6ver R\u00f6rviks nya skola - S\u00e4vsj\u00f6","og_description":"Vi Kristdemokrater \u00e4r glada \u00f6ver att f\u00e5 vara med och skriva historia i s\u00f6dra kommundelen med invigning av R\u00f6rviks nya F-9skola. V\u00e5r st\u00f6rsta landsbygdssatsning \u00f6ver l\u00e5ng tid och n\u00e5got som ligger helt i linje med v\u00e5r barnv\u00e4nliga kommun. Rektor Ingela Aden v\u00e4lkomnade alla och efter det h\u00f6ll b\u00e5de kommunstyrelsens ordf\u00f6rande Therese Petersson, barn- och utbildningsn\u00e4mndens Read More","og_url":"https:\/\/wp.kristdemokraterna.se\/savsjo\/gladje-over-rorviks-nya-skola\/","og_site_name":"S\u00e4vsj\u00f6","article_published_time":"2023-09-26T12:53:34+00:00","og_image":[{"width":500,"height":299,"url":"http:\/\/wp.kristdemokraterna.se\/savsjo\/files\/2023\/09\/rorvik-skola4.jpg","type":"image\/jpeg"}],"author":"Stefan Gustafsson","twitter_card":"summary_large_image","twitter_misc":{"Skriven av":"Stefan Gustafsson"},"schema":{"@context":"https:\/\/schema.org","@graph":[{"@type":"Article","@id":"https:\/\/wp.kristdemokraterna.se\/savsjo\/gladje-over-rorviks-nya-skola\/#article","isPartOf":{"@id":"https:\/\/wp.kristdemokraterna.se\/savsjo\/gladje-over-rorviks-nya-skola\/"},"author":{"name":"Stefan Gustafsson","@id":"https:\/\/wp.kristdemokraterna.se\/savsjo\/#\/schema\/person\/66a08fa678592f794fe60a50b249978a"},"headline":"Gl\u00e4dje \u00f6ver R\u00f6rviks nya skola","datePublished":"2023-09-26T12:53:34+00:00","mainEntityOfPage":{"@id":"https:\/\/wp.kristdemokraterna.se\/savsjo\/gladje-over-rorviks-nya-skola\/"},"wordCount":111,"image":{"@id":"https:\/\/wp.kristdemokraterna.se\/savsjo\/gladje-over-rorviks-nya-skola\/#primaryimage"},"thumbnailUrl":"https:\/\/wp.kristdemokraterna.se\/savsjo\/files\/2023\/09\/rorvik-skola4.jpg","inLanguage":"sv-SE"},{"@type":"WebPage","@id":"https:\/\/wp.kristdemokraterna.se\/savsjo\/gladje-over-rorviks-nya-skola\/","url":"https:\/\/wp.kristdemokraterna.se\/savsjo\/gladje-over-rorviks-nya-skola\/","name":"Gl\u00e4dje \u00f6ver R\u00f6rviks nya skola - S\u00e4vsj\u00f6","isPartOf":{"@id":"https:\/\/wp.kristdemokraterna.se\/savsjo\/#website"},"primaryImageOfPage":{"@id":"https:\/\/wp.kristdemokraterna.se\/savsjo\/gladje-over-rorviks-nya-skola\/#primaryimage"},"image":{"@id":"https:\/\/wp.kristdemokraterna.se\/savsjo\/gladje-over-rorviks-nya-skola\/#primaryimage"},"thumbnailUrl":"https:\/\/wp.kristdemokraterna.se\/savsjo\/files\/2023\/09\/rorvik-skola4.jpg","datePublished":"2023-09-26T12:53:34+00:00","author":{"@id":"https:\/\/wp.kristdemokraterna.se\/savsjo\/#\/schema\/person\/66a08fa678592f794fe60a50b249978a"},"breadcrumb":{"@id":"https:\/\/wp.kristdemokraterna.se\/savsjo\/gladje-over-rorviks-nya-skola\/#breadcrumb"},"inLanguage":"sv-SE","potentialAction":[{"@type":"ReadAction","target":["https:\/\/wp.kristdemokraterna.se\/savsjo\/gladje-over-rorviks-nya-skola\/"]}]},{"@type":"ImageObject","inLanguage":"sv-SE","@id":"https:\/\/wp.kristdemokraterna.se\/savsjo\/gladje-over-rorviks-nya-skola\/#primaryimage","url":"https:\/\/wp.kristdemokraterna.se\/savsjo\/files\/2023\/09\/rorvik-skola4.jpg","contentUrl":"https:\/\/wp.kristdemokraterna.se\/savsjo\/files\/2023\/09\/rorvik-skola4.jpg","width":500,"height":299},{"@type":"BreadcrumbList","@id":"https:\/\/wp.kristdemokraterna.se\/savsjo\/gladje-over-rorviks-nya-skola\/#breadcrumb","itemListElement":[{"@type":"ListItem","position":1,"name":"Hem","item":"https:\/\/wp.kristdemokraterna.se\/savsjo\/"},{"@type":"ListItem","position":2,"name":"Gl\u00e4dje \u00f6ver R\u00f6rviks nya skola"}]},{"@type":"WebSite","@id":"https:\/\/wp.kristdemokraterna.se\/savsjo\/#website","url":"https:\/\/wp.kristdemokraterna.se\/savsjo\/","name":"S\u00e4vsj\u00f6","description":"","inLanguage":"sv-SE"},{"@type":"Person","@id":"https:\/\/wp.kristdemokraterna.se\/savsjo\/#\/schema\/person\/66a08fa678592f794fe60a50b249978a","name":"Stefan Gustafsson","image":{"@type":"ImageObject","inLanguage":"sv-SE","@id":"https:\/\/secure.gravatar.com\/avatar\/d183d0fd8830afddde9ab5386edf3b3480a63f1fb3291da52adec75b3b7b6f60?s=96&r=g","url":"https:\/\/secure.gravatar.com\/avatar\/d183d0fd8830afddde9ab5386edf3b3480a63f1fb3291da52adec75b3b7b6f60?s=96&r=g","contentUrl":"https:\/\/secure.gravatar.com\/avatar\/d183d0fd8830afddde9ab5386edf3b3480a63f1fb3291da52adec75b3b7b6f60?s=96&r=g","caption":"Stefan Gustafsson"},"url":"https:\/\/wp.kristdemokraterna.se\/savsjo\/author\/stgu\/"}]}},"_links":{"self":[{"href":"https:\/\/wp.kristdemokraterna.se\/savsjo\/wp-json\/wp\/v2\/posts\/3988","targetHints":{"allow":["GET"]}}],"collection":[{"href":"https:\/\/wp.kristdemokraterna.se\/savsjo\/wp-json\/wp\/v2\/posts"}],"about":[{"href":"https:\/\/wp.kristdemokraterna.se\/savsjo\/wp-json\/wp\/v2\/types\/post"}],"author":[{"embeddable":true,"href":"https:\/\/wp.kristdemokraterna.se\/savsjo\/wp-json\/wp\/v2\/users\/430"}],"replies":[{"embeddable":true,"href":"https:\/\/wp.kristdemokraterna.se\/savsjo\/wp-json\/wp\/v2\/comments?post=3988"}],"version-history":[{"count":1,"href":"https:\/\/wp.kristdemokraterna.se\/savsjo\/wp-json\/wp\/v2\/posts\/3988\/revisions"}],"predecessor-version":[{"id":3990,"href":"https:\/\/wp.kristdemokraterna.se\/savsjo\/wp-json\/wp\/v2\/posts\/3988\/revisions\/3990"}],"wp:featuredmedia":[{"embeddable":true,"href":"https:\/\/wp.kristdemokraterna.se\/savsjo\/wp-json\/wp\/v2\/media\/3989"}],"wp:attachment":[{"href":"https:\/\/wp.kristdemokraterna.se\/savsjo\/wp-json\/wp\/v2\/media?parent=3988"}],"wp:term":[{"taxonomy":"category","embeddable":true,"href":"https:\/\/wp.kristdemokraterna.se\/savsjo\/wp-json\/wp\/v2\/categories?post=3988"},{"taxonomy":"post_tag","embeddable":true,"href":"https:\/\/wp.kristdemokraterna.se\/savsjo\/wp-json\/wp\/v2\/tags?post=3988"}],"curies":[{"name":"wp","href":"https:\/\/api.w.org\/{rel}","templated":true}]}}