{"id":4013,"date":"2023-12-21T20:19:03","date_gmt":"2023-12-21T19:19:03","guid":{"rendered":"https:\/\/wp.kristdemokraterna.se\/savsjo\/?p=4013"},"modified":"2023-12-21T20:37:28","modified_gmt":"2023-12-21T19:37:28","slug":"med-en-vitsippa-onskar-vi-en-god-jul","status":"publish","type":"post","link":"https:\/\/wp.kristdemokraterna.se\/savsjo\/med-en-vitsippa-onskar-vi-en-god-jul\/","title":{"rendered":"Med en vitsippa \u00f6nskar vi en God Jul!"},"content":{"rendered":"<p>Nyhetsbladet \u201dVitsippan\u201d har skickats ut till medlemmar och sympatis\u00f6rer. I detta julnummer kan vi l\u00e4sa om att Margareta Svensson fick \u00e5rets vitsippspris. Det finns information om kristdemokraternas politiska arbete och deltagande i riksting s\u00e5 v\u00e4l som distriktsst\u00e4mma. I Vitsippan skrivs om satsningar inom skolans omr\u00e5de och om det bes\u00f6k som varit av v\u00e5r bostads- och infrastrukturminister Andreas Carlson. Vi \u00f6nskar dig en riktigt God Jul och ett Gott Nytt \u00c5R!<\/p>\n<p>Du kan l\u00e4sa detta och mer d\u00e4rtill i hela Vitsippan p\u00e5 f\u00f6ljande l\u00e4nk :\u00a0<a href=\"http:\/\/wp.kristdemokraterna.se\/savsjo\/files\/2023\/12\/kd-nyhetsblad-nr32-julen-2023.pdf\">kd nyhetsblad nr32 julen 2023<\/a><\/p>\n","protected":false},"excerpt":{"rendered":"<p>Nyhetsbladet \u201dVitsippan\u201d har skickats ut till medlemmar och sympatis\u00f6rer. I detta julnummer kan vi l\u00e4sa om att Margareta Svensson fick \u00e5rets vitsippspris. Det finns information om kristdemokraternas politiska arbete och deltagande i riksting s\u00e5 v\u00e4l som distriktsst\u00e4mma. I Vitsippan skrivs om satsningar inom skolans omr\u00e5de och om det bes\u00f6k som varit av v\u00e5r bostads- och <a class=\"read-more-link\" href=\"https:\/\/wp.kristdemokraterna.se\/savsjo\/med-en-vitsippa-onskar-vi-en-god-jul\/\">Read More<\/a><\/p>\n","protected":false},"author":430,"featured_media":4018,"comment_status":"closed","ping_status":"closed","sticky":false,"template":"","format":"standard","meta":{"_acf_changed":false,"footnotes":""},"categories":[1],"tags":[],"class_list":["post-4013","post","type-post","status-publish","format-standard","has-post-thumbnail","hentry","category-okategoriserade"],"acf":[],"yoast_head":"<!-- This site is optimized with the Yoast SEO plugin v27.4 - https:\/\/yoast.com\/product\/yoast-seo-wordpress\/ -->\n<title>Med en vitsippa \u00f6nskar vi en God Jul! - S\u00e4vsj\u00f6<\/title>\n<meta name=\"robots\" content=\"index, follow, max-snippet:-1, max-image-preview:large, max-video-preview:-1\" \/>\n<link rel=\"canonical\" href=\"https:\/\/wp.kristdemokraterna.se\/savsjo\/med-en-vitsippa-onskar-vi-en-god-jul\/\" \/>\n<meta property=\"og:locale\" content=\"sv_SE\" \/>\n<meta property=\"og:type\" content=\"article\" \/>\n<meta property=\"og:title\" content=\"Med en vitsippa \u00f6nskar vi en God Jul! - S\u00e4vsj\u00f6\" \/>\n<meta property=\"og:description\" content=\"Nyhetsbladet \u201dVitsippan\u201d har skickats ut till medlemmar och sympatis\u00f6rer. I detta julnummer kan vi l\u00e4sa om att Margareta Svensson fick \u00e5rets vitsippspris. Det finns information om kristdemokraternas politiska arbete och deltagande i riksting s\u00e5 v\u00e4l som distriktsst\u00e4mma. I Vitsippan skrivs om satsningar inom skolans omr\u00e5de och om det bes\u00f6k som varit av v\u00e5r bostads- och Read More\" \/>\n<meta property=\"og:url\" content=\"https:\/\/wp.kristdemokraterna.se\/savsjo\/med-en-vitsippa-onskar-vi-en-god-jul\/\" \/>\n<meta property=\"og:site_name\" content=\"S\u00e4vsj\u00f6\" \/>\n<meta property=\"article:published_time\" content=\"2023-12-21T19:19:03+00:00\" \/>\n<meta property=\"article:modified_time\" content=\"2023-12-21T19:37:28+00:00\" \/>\n<meta property=\"og:image\" content=\"http:\/\/wp.kristdemokraterna.se\/savsjo\/files\/2023\/12\/kd-nyhetsblad-nr32-julen-2023hemsida.jpg\" \/>\n\t<meta property=\"og:image:width\" content=\"500\" \/>\n\t<meta property=\"og:image:height\" content=\"300\" \/>\n\t<meta property=\"og:image:type\" content=\"image\/jpeg\" \/>\n<meta name=\"author\" content=\"Stefan Gustafsson\" \/>\n<meta name=\"twitter:card\" content=\"summary_large_image\" \/>\n<meta name=\"twitter:label1\" content=\"Skriven av\" \/>\n\t<meta name=\"twitter:data1\" content=\"Stefan Gustafsson\" \/>\n\t<meta name=\"twitter:label2\" content=\"Ber\u00e4knad l\u00e4stid\" \/>\n\t<meta name=\"twitter:data2\" content=\"1 minut\" \/>\n<script type=\"application\/ld+json\" class=\"yoast-schema-graph\">{\"@context\":\"https:\\\/\\\/schema.org\",\"@graph\":[{\"@type\":\"Article\",\"@id\":\"https:\\\/\\\/wp.kristdemokraterna.se\\\/savsjo\\\/med-en-vitsippa-onskar-vi-en-god-jul\\\/#article\",\"isPartOf\":{\"@id\":\"https:\\\/\\\/wp.kristdemokraterna.se\\\/savsjo\\\/med-en-vitsippa-onskar-vi-en-god-jul\\\/\"},\"author\":{\"name\":\"Stefan Gustafsson\",\"@id\":\"https:\\\/\\\/wp.kristdemokraterna.se\\\/savsjo\\\/#\\\/schema\\\/person\\\/66a08fa678592f794fe60a50b249978a\"},\"headline\":\"Med en vitsippa \u00f6nskar vi en God Jul!\",\"datePublished\":\"2023-12-21T19:19:03+00:00\",\"dateModified\":\"2023-12-21T19:37:28+00:00\",\"mainEntityOfPage\":{\"@id\":\"https:\\\/\\\/wp.kristdemokraterna.se\\\/savsjo\\\/med-en-vitsippa-onskar-vi-en-god-jul\\\/\"},\"wordCount\":106,\"image\":{\"@id\":\"https:\\\/\\\/wp.kristdemokraterna.se\\\/savsjo\\\/med-en-vitsippa-onskar-vi-en-god-jul\\\/#primaryimage\"},\"thumbnailUrl\":\"https:\\\/\\\/wp.kristdemokraterna.se\\\/savsjo\\\/files\\\/2023\\\/12\\\/kd-nyhetsblad-nr32-julen-2023hemsida.jpg\",\"inLanguage\":\"sv-SE\"},{\"@type\":\"WebPage\",\"@id\":\"https:\\\/\\\/wp.kristdemokraterna.se\\\/savsjo\\\/med-en-vitsippa-onskar-vi-en-god-jul\\\/\",\"url\":\"https:\\\/\\\/wp.kristdemokraterna.se\\\/savsjo\\\/med-en-vitsippa-onskar-vi-en-god-jul\\\/\",\"name\":\"Med en vitsippa \u00f6nskar vi en God Jul! - S\u00e4vsj\u00f6\",\"isPartOf\":{\"@id\":\"https:\\\/\\\/wp.kristdemokraterna.se\\\/savsjo\\\/#website\"},\"primaryImageOfPage\":{\"@id\":\"https:\\\/\\\/wp.kristdemokraterna.se\\\/savsjo\\\/med-en-vitsippa-onskar-vi-en-god-jul\\\/#primaryimage\"},\"image\":{\"@id\":\"https:\\\/\\\/wp.kristdemokraterna.se\\\/savsjo\\\/med-en-vitsippa-onskar-vi-en-god-jul\\\/#primaryimage\"},\"thumbnailUrl\":\"https:\\\/\\\/wp.kristdemokraterna.se\\\/savsjo\\\/files\\\/2023\\\/12\\\/kd-nyhetsblad-nr32-julen-2023hemsida.jpg\",\"datePublished\":\"2023-12-21T19:19:03+00:00\",\"dateModified\":\"2023-12-21T19:37:28+00:00\",\"author\":{\"@id\":\"https:\\\/\\\/wp.kristdemokraterna.se\\\/savsjo\\\/#\\\/schema\\\/person\\\/66a08fa678592f794fe60a50b249978a\"},\"breadcrumb\":{\"@id\":\"https:\\\/\\\/wp.kristdemokraterna.se\\\/savsjo\\\/med-en-vitsippa-onskar-vi-en-god-jul\\\/#breadcrumb\"},\"inLanguage\":\"sv-SE\",\"potentialAction\":[{\"@type\":\"ReadAction\",\"target\":[\"https:\\\/\\\/wp.kristdemokraterna.se\\\/savsjo\\\/med-en-vitsippa-onskar-vi-en-god-jul\\\/\"]}]},{\"@type\":\"ImageObject\",\"inLanguage\":\"sv-SE\",\"@id\":\"https:\\\/\\\/wp.kristdemokraterna.se\\\/savsjo\\\/med-en-vitsippa-onskar-vi-en-god-jul\\\/#primaryimage\",\"url\":\"https:\\\/\\\/wp.kristdemokraterna.se\\\/savsjo\\\/files\\\/2023\\\/12\\\/kd-nyhetsblad-nr32-julen-2023hemsida.jpg\",\"contentUrl\":\"https:\\\/\\\/wp.kristdemokraterna.se\\\/savsjo\\\/files\\\/2023\\\/12\\\/kd-nyhetsblad-nr32-julen-2023hemsida.jpg\",\"width\":500,\"height\":300},{\"@type\":\"BreadcrumbList\",\"@id\":\"https:\\\/\\\/wp.kristdemokraterna.se\\\/savsjo\\\/med-en-vitsippa-onskar-vi-en-god-jul\\\/#breadcrumb\",\"itemListElement\":[{\"@type\":\"ListItem\",\"position\":1,\"name\":\"Hem\",\"item\":\"https:\\\/\\\/wp.kristdemokraterna.se\\\/savsjo\\\/\"},{\"@type\":\"ListItem\",\"position\":2,\"name\":\"Med en vitsippa \u00f6nskar vi en God Jul!\"}]},{\"@type\":\"WebSite\",\"@id\":\"https:\\\/\\\/wp.kristdemokraterna.se\\\/savsjo\\\/#website\",\"url\":\"https:\\\/\\\/wp.kristdemokraterna.se\\\/savsjo\\\/\",\"name\":\"S\u00e4vsj\u00f6\",\"description\":\"\",\"inLanguage\":\"sv-SE\"},{\"@type\":\"Person\",\"@id\":\"https:\\\/\\\/wp.kristdemokraterna.se\\\/savsjo\\\/#\\\/schema\\\/person\\\/66a08fa678592f794fe60a50b249978a\",\"name\":\"Stefan Gustafsson\",\"image\":{\"@type\":\"ImageObject\",\"inLanguage\":\"sv-SE\",\"@id\":\"https:\\\/\\\/secure.gravatar.com\\\/avatar\\\/d183d0fd8830afddde9ab5386edf3b3480a63f1fb3291da52adec75b3b7b6f60?s=96&r=g\",\"url\":\"https:\\\/\\\/secure.gravatar.com\\\/avatar\\\/d183d0fd8830afddde9ab5386edf3b3480a63f1fb3291da52adec75b3b7b6f60?s=96&r=g\",\"contentUrl\":\"https:\\\/\\\/secure.gravatar.com\\\/avatar\\\/d183d0fd8830afddde9ab5386edf3b3480a63f1fb3291da52adec75b3b7b6f60?s=96&r=g\",\"caption\":\"Stefan Gustafsson\"},\"url\":\"https:\\\/\\\/wp.kristdemokraterna.se\\\/savsjo\\\/author\\\/stgu\\\/\"}]}<\/script>\n<!-- \/ Yoast SEO plugin. -->","yoast_head_json":{"title":"Med en vitsippa \u00f6nskar vi en God Jul! - S\u00e4vsj\u00f6","robots":{"index":"index","follow":"follow","max-snippet":"max-snippet:-1","max-image-preview":"max-image-preview:large","max-video-preview":"max-video-preview:-1"},"canonical":"https:\/\/wp.kristdemokraterna.se\/savsjo\/med-en-vitsippa-onskar-vi-en-god-jul\/","og_locale":"sv_SE","og_type":"article","og_title":"Med en vitsippa \u00f6nskar vi en God Jul! - S\u00e4vsj\u00f6","og_description":"Nyhetsbladet \u201dVitsippan\u201d har skickats ut till medlemmar och sympatis\u00f6rer. I detta julnummer kan vi l\u00e4sa om att Margareta Svensson fick \u00e5rets vitsippspris. Det finns information om kristdemokraternas politiska arbete och deltagande i riksting s\u00e5 v\u00e4l som distriktsst\u00e4mma. I Vitsippan skrivs om satsningar inom skolans omr\u00e5de och om det bes\u00f6k som varit av v\u00e5r bostads- och Read More","og_url":"https:\/\/wp.kristdemokraterna.se\/savsjo\/med-en-vitsippa-onskar-vi-en-god-jul\/","og_site_name":"S\u00e4vsj\u00f6","article_published_time":"2023-12-21T19:19:03+00:00","article_modified_time":"2023-12-21T19:37:28+00:00","og_image":[{"width":500,"height":300,"url":"http:\/\/wp.kristdemokraterna.se\/savsjo\/files\/2023\/12\/kd-nyhetsblad-nr32-julen-2023hemsida.jpg","type":"image\/jpeg"}],"author":"Stefan Gustafsson","twitter_card":"summary_large_image","twitter_misc":{"Skriven av":"Stefan Gustafsson","Ber\u00e4knad l\u00e4stid":"1 minut"},"schema":{"@context":"https:\/\/schema.org","@graph":[{"@type":"Article","@id":"https:\/\/wp.kristdemokraterna.se\/savsjo\/med-en-vitsippa-onskar-vi-en-god-jul\/#article","isPartOf":{"@id":"https:\/\/wp.kristdemokraterna.se\/savsjo\/med-en-vitsippa-onskar-vi-en-god-jul\/"},"author":{"name":"Stefan Gustafsson","@id":"https:\/\/wp.kristdemokraterna.se\/savsjo\/#\/schema\/person\/66a08fa678592f794fe60a50b249978a"},"headline":"Med en vitsippa \u00f6nskar vi en God Jul!","datePublished":"2023-12-21T19:19:03+00:00","dateModified":"2023-12-21T19:37:28+00:00","mainEntityOfPage":{"@id":"https:\/\/wp.kristdemokraterna.se\/savsjo\/med-en-vitsippa-onskar-vi-en-god-jul\/"},"wordCount":106,"image":{"@id":"https:\/\/wp.kristdemokraterna.se\/savsjo\/med-en-vitsippa-onskar-vi-en-god-jul\/#primaryimage"},"thumbnailUrl":"https:\/\/wp.kristdemokraterna.se\/savsjo\/files\/2023\/12\/kd-nyhetsblad-nr32-julen-2023hemsida.jpg","inLanguage":"sv-SE"},{"@type":"WebPage","@id":"https:\/\/wp.kristdemokraterna.se\/savsjo\/med-en-vitsippa-onskar-vi-en-god-jul\/","url":"https:\/\/wp.kristdemokraterna.se\/savsjo\/med-en-vitsippa-onskar-vi-en-god-jul\/","name":"Med en vitsippa \u00f6nskar vi en God Jul! - S\u00e4vsj\u00f6","isPartOf":{"@id":"https:\/\/wp.kristdemokraterna.se\/savsjo\/#website"},"primaryImageOfPage":{"@id":"https:\/\/wp.kristdemokraterna.se\/savsjo\/med-en-vitsippa-onskar-vi-en-god-jul\/#primaryimage"},"image":{"@id":"https:\/\/wp.kristdemokraterna.se\/savsjo\/med-en-vitsippa-onskar-vi-en-god-jul\/#primaryimage"},"thumbnailUrl":"https:\/\/wp.kristdemokraterna.se\/savsjo\/files\/2023\/12\/kd-nyhetsblad-nr32-julen-2023hemsida.jpg","datePublished":"2023-12-21T19:19:03+00:00","dateModified":"2023-12-21T19:37:28+00:00","author":{"@id":"https:\/\/wp.kristdemokraterna.se\/savsjo\/#\/schema\/person\/66a08fa678592f794fe60a50b249978a"},"breadcrumb":{"@id":"https:\/\/wp.kristdemokraterna.se\/savsjo\/med-en-vitsippa-onskar-vi-en-god-jul\/#breadcrumb"},"inLanguage":"sv-SE","potentialAction":[{"@type":"ReadAction","target":["https:\/\/wp.kristdemokraterna.se\/savsjo\/med-en-vitsippa-onskar-vi-en-god-jul\/"]}]},{"@type":"ImageObject","inLanguage":"sv-SE","@id":"https:\/\/wp.kristdemokraterna.se\/savsjo\/med-en-vitsippa-onskar-vi-en-god-jul\/#primaryimage","url":"https:\/\/wp.kristdemokraterna.se\/savsjo\/files\/2023\/12\/kd-nyhetsblad-nr32-julen-2023hemsida.jpg","contentUrl":"https:\/\/wp.kristdemokraterna.se\/savsjo\/files\/2023\/12\/kd-nyhetsblad-nr32-julen-2023hemsida.jpg","width":500,"height":300},{"@type":"BreadcrumbList","@id":"https:\/\/wp.kristdemokraterna.se\/savsjo\/med-en-vitsippa-onskar-vi-en-god-jul\/#breadcrumb","itemListElement":[{"@type":"ListItem","position":1,"name":"Hem","item":"https:\/\/wp.kristdemokraterna.se\/savsjo\/"},{"@type":"ListItem","position":2,"name":"Med en vitsippa \u00f6nskar vi en God Jul!"}]},{"@type":"WebSite","@id":"https:\/\/wp.kristdemokraterna.se\/savsjo\/#website","url":"https:\/\/wp.kristdemokraterna.se\/savsjo\/","name":"S\u00e4vsj\u00f6","description":"","inLanguage":"sv-SE"},{"@type":"Person","@id":"https:\/\/wp.kristdemokraterna.se\/savsjo\/#\/schema\/person\/66a08fa678592f794fe60a50b249978a","name":"Stefan Gustafsson","image":{"@type":"ImageObject","inLanguage":"sv-SE","@id":"https:\/\/secure.gravatar.com\/avatar\/d183d0fd8830afddde9ab5386edf3b3480a63f1fb3291da52adec75b3b7b6f60?s=96&r=g","url":"https:\/\/secure.gravatar.com\/avatar\/d183d0fd8830afddde9ab5386edf3b3480a63f1fb3291da52adec75b3b7b6f60?s=96&r=g","contentUrl":"https:\/\/secure.gravatar.com\/avatar\/d183d0fd8830afddde9ab5386edf3b3480a63f1fb3291da52adec75b3b7b6f60?s=96&r=g","caption":"Stefan Gustafsson"},"url":"https:\/\/wp.kristdemokraterna.se\/savsjo\/author\/stgu\/"}]}},"_links":{"self":[{"href":"https:\/\/wp.kristdemokraterna.se\/savsjo\/wp-json\/wp\/v2\/posts\/4013","targetHints":{"allow":["GET"]}}],"collection":[{"href":"https:\/\/wp.kristdemokraterna.se\/savsjo\/wp-json\/wp\/v2\/posts"}],"about":[{"href":"https:\/\/wp.kristdemokraterna.se\/savsjo\/wp-json\/wp\/v2\/types\/post"}],"author":[{"embeddable":true,"href":"https:\/\/wp.kristdemokraterna.se\/savsjo\/wp-json\/wp\/v2\/users\/430"}],"replies":[{"embeddable":true,"href":"https:\/\/wp.kristdemokraterna.se\/savsjo\/wp-json\/wp\/v2\/comments?post=4013"}],"version-history":[{"count":5,"href":"https:\/\/wp.kristdemokraterna.se\/savsjo\/wp-json\/wp\/v2\/posts\/4013\/revisions"}],"predecessor-version":[{"id":4023,"href":"https:\/\/wp.kristdemokraterna.se\/savsjo\/wp-json\/wp\/v2\/posts\/4013\/revisions\/4023"}],"wp:featuredmedia":[{"embeddable":true,"href":"https:\/\/wp.kristdemokraterna.se\/savsjo\/wp-json\/wp\/v2\/media\/4018"}],"wp:attachment":[{"href":"https:\/\/wp.kristdemokraterna.se\/savsjo\/wp-json\/wp\/v2\/media?parent=4013"}],"wp:term":[{"taxonomy":"category","embeddable":true,"href":"https:\/\/wp.kristdemokraterna.se\/savsjo\/wp-json\/wp\/v2\/categories?post=4013"},{"taxonomy":"post_tag","embeddable":true,"href":"https:\/\/wp.kristdemokraterna.se\/savsjo\/wp-json\/wp\/v2\/tags?post=4013"}],"curies":[{"name":"wp","href":"https:\/\/api.w.org\/{rel}","templated":true}]}}