{"id":4062,"date":"2024-02-13T19:12:46","date_gmt":"2024-02-13T18:12:46","guid":{"rendered":"https:\/\/wp.kristdemokraterna.se\/savsjo\/?p=4062"},"modified":"2024-02-14T20:54:30","modified_gmt":"2024-02-14T19:54:30","slug":"maria-larsson-gav-uppmuntran-pa-arsmote","status":"publish","type":"post","link":"https:\/\/wp.kristdemokraterna.se\/savsjo\/maria-larsson-gav-uppmuntran-pa-arsmote\/","title":{"rendered":"Maria Larsson uppmuntrade p\u00e5 \u00e5rsm\u00f6te"},"content":{"rendered":"<p>Maria Larsson \u00e4r en v\u00e4lk\u00e4nd kristdemokratisk profil som varit minister, landsh\u00f6vding och aktiv p\u00e5 alla niv\u00e5er inom politiken. Under m\u00e5ndagskv\u00e4llen g\u00e4stade hon partiavdelningens \u00e5rsm\u00f6te f\u00f6r Kristdemokraterna i S\u00e4vsj\u00f6 kommun som denna g\u00e5ng var i IOGT-lokalen i Stockaryd. Hon lyfte fram S\u00e4vsj\u00f6 som ett f\u00f6red\u00f6me och uttryckte uppskattning och beundran f\u00f6r det arbete som g\u00f6rs inom partiavdelningen.\u00a0 Hon ber\u00f6mde den anda av samarbete som finns i partiet, kommunen och p\u00e5 H\u00f6glandet och s\u00e5g den som positiv.<br \/>\n<!--more--><br \/>\nMaria Larsson lyfte fram flera stora utmaningar som vi har framf\u00f6r oss och d\u00e4r samarbete inom EU blir viktigt. Hon betonade att det \u00e4r viktigt att EU inte blir f\u00f6r omfattande. Sloganen om ett lagom Eu visar p\u00e5 r\u00e4tt inst\u00e4llning. N\u00e5gra omr\u00e5den d\u00e4r EU inte ska l\u00e4gga sig i \u00e4r social- och arbetsmarknadspolitik.<br \/>\nOmr\u00e5den d\u00e4r samarbete p\u00e5 EU-niv\u00e5 \u00e4r n\u00f6dv\u00e4ndigt \u00e4r bland annat milj\u00f6, migration och handel. Det kommande EU-valet blir mycket viktigt och hon manade alla till engagemang i valr\u00f6relsen.<\/p>\n<p>Under \u00e5rsm\u00f6tet omvaldes Benjamin Petersson som partiavdelningens ordf\u00f6rande. Johanna Danielsson blir fortsatt vice ordf\u00f6rande och Gunnel Lundgren sekreterare.<\/p>\n<p>\u00c5rsm\u00f6tet blev trivsamt med trevlig gemenskap och en god sm\u00f6rg\u00e5st\u00e5rta fr\u00e5n den lokala livsmedelsbutiken Tempo.<\/p>\n<p>Medverkade gjorde elever och l\u00e4rare fr\u00e5n kommunala musikskolan. De bj\u00f6d p\u00e5 brass- och violinmusik. Musikskolans ledare, Erika Ingwall, ber\u00e4ttade om musikskolan och hur viktigt det varit att Kristdemokraterna, med Fredrik H\u00e5kansson i spetsen, lyckosamt drivit fr\u00e5gan om att f\u00e5 bedriva musikskola p\u00e5 skoltid.<\/p>\n<p>Som partiavdelningens ordf\u00f6rande avslutade Benjamin Petersson kv\u00e4llen med att rikta stort tack till alla f\u00f6r ett bra \u00e5rsm\u00f6te!<\/p>\n<p>Du kan se foton fr\u00e5n \u00e5rsm\u00f6tet p\u00e5 v\u00e5r Facebooksida \u201dKristdemokraterna i S\u00e4vsj\u00f6\u201d<\/p>\n","protected":false},"excerpt":{"rendered":"<p>Maria Larsson \u00e4r en v\u00e4lk\u00e4nd kristdemokratisk profil som varit minister, landsh\u00f6vding och aktiv p\u00e5 alla niv\u00e5er inom politiken. Under m\u00e5ndagskv\u00e4llen g\u00e4stade hon partiavdelningens \u00e5rsm\u00f6te f\u00f6r Kristdemokraterna i S\u00e4vsj\u00f6 kommun som denna g\u00e5ng var i IOGT-lokalen i Stockaryd. Hon lyfte fram S\u00e4vsj\u00f6 som ett f\u00f6red\u00f6me och uttryckte uppskattning och beundran f\u00f6r det arbete som g\u00f6rs inom <a class=\"read-more-link\" href=\"https:\/\/wp.kristdemokraterna.se\/savsjo\/maria-larsson-gav-uppmuntran-pa-arsmote\/\">Read More<\/a><\/p>\n","protected":false},"author":430,"featured_media":4063,"comment_status":"closed","ping_status":"closed","sticky":false,"template":"","format":"standard","meta":{"_acf_changed":false,"footnotes":""},"categories":[1],"tags":[],"class_list":["post-4062","post","type-post","status-publish","format-standard","has-post-thumbnail","hentry","category-okategoriserade"],"acf":[],"yoast_head":"<!-- This site is optimized with the Yoast SEO plugin v27.5 - https:\/\/yoast.com\/product\/yoast-seo-wordpress\/ -->\n<title>Maria Larsson uppmuntrade p\u00e5 \u00e5rsm\u00f6te - S\u00e4vsj\u00f6<\/title>\n<meta name=\"robots\" content=\"index, follow, max-snippet:-1, max-image-preview:large, max-video-preview:-1\" \/>\n<link rel=\"canonical\" href=\"https:\/\/wp.kristdemokraterna.se\/savsjo\/maria-larsson-gav-uppmuntran-pa-arsmote\/\" \/>\n<meta property=\"og:locale\" content=\"sv_SE\" \/>\n<meta property=\"og:type\" content=\"article\" \/>\n<meta property=\"og:title\" content=\"Maria Larsson uppmuntrade p\u00e5 \u00e5rsm\u00f6te - S\u00e4vsj\u00f6\" \/>\n<meta property=\"og:description\" content=\"Maria Larsson \u00e4r en v\u00e4lk\u00e4nd kristdemokratisk profil som varit minister, landsh\u00f6vding och aktiv p\u00e5 alla niv\u00e5er inom politiken. Under m\u00e5ndagskv\u00e4llen g\u00e4stade hon partiavdelningens \u00e5rsm\u00f6te f\u00f6r Kristdemokraterna i S\u00e4vsj\u00f6 kommun som denna g\u00e5ng var i IOGT-lokalen i Stockaryd. Hon lyfte fram S\u00e4vsj\u00f6 som ett f\u00f6red\u00f6me och uttryckte uppskattning och beundran f\u00f6r det arbete som g\u00f6rs inom Read More\" \/>\n<meta property=\"og:url\" content=\"https:\/\/wp.kristdemokraterna.se\/savsjo\/maria-larsson-gav-uppmuntran-pa-arsmote\/\" \/>\n<meta property=\"og:site_name\" content=\"S\u00e4vsj\u00f6\" \/>\n<meta property=\"article:published_time\" content=\"2024-02-13T18:12:46+00:00\" \/>\n<meta property=\"article:modified_time\" content=\"2024-02-14T19:54:30+00:00\" \/>\n<meta property=\"og:image\" content=\"http:\/\/wp.kristdemokraterna.se\/savsjo\/files\/2024\/02\/2024-02-12-19.15.426sg09720-1.jpg\" \/>\n\t<meta property=\"og:image:width\" content=\"500\" \/>\n\t<meta property=\"og:image:height\" content=\"300\" \/>\n\t<meta property=\"og:image:type\" content=\"image\/jpeg\" \/>\n<meta name=\"author\" content=\"Stefan Gustafsson\" \/>\n<meta name=\"twitter:card\" content=\"summary_large_image\" \/>\n<meta name=\"twitter:label1\" content=\"Skriven av\" \/>\n\t<meta name=\"twitter:data1\" content=\"Stefan Gustafsson\" \/>\n\t<meta name=\"twitter:label2\" content=\"Ber\u00e4knad l\u00e4stid\" \/>\n\t<meta name=\"twitter:data2\" content=\"2 minuter\" \/>\n<script type=\"application\/ld+json\" class=\"yoast-schema-graph\">{\"@context\":\"https:\\\/\\\/schema.org\",\"@graph\":[{\"@type\":\"Article\",\"@id\":\"https:\\\/\\\/wp.kristdemokraterna.se\\\/savsjo\\\/maria-larsson-gav-uppmuntran-pa-arsmote\\\/#article\",\"isPartOf\":{\"@id\":\"https:\\\/\\\/wp.kristdemokraterna.se\\\/savsjo\\\/maria-larsson-gav-uppmuntran-pa-arsmote\\\/\"},\"author\":{\"name\":\"Stefan Gustafsson\",\"@id\":\"https:\\\/\\\/wp.kristdemokraterna.se\\\/savsjo\\\/#\\\/schema\\\/person\\\/66a08fa678592f794fe60a50b249978a\"},\"headline\":\"Maria Larsson uppmuntrade p\u00e5 \u00e5rsm\u00f6te\",\"datePublished\":\"2024-02-13T18:12:46+00:00\",\"dateModified\":\"2024-02-14T19:54:30+00:00\",\"mainEntityOfPage\":{\"@id\":\"https:\\\/\\\/wp.kristdemokraterna.se\\\/savsjo\\\/maria-larsson-gav-uppmuntran-pa-arsmote\\\/\"},\"wordCount\":323,\"image\":{\"@id\":\"https:\\\/\\\/wp.kristdemokraterna.se\\\/savsjo\\\/maria-larsson-gav-uppmuntran-pa-arsmote\\\/#primaryimage\"},\"thumbnailUrl\":\"https:\\\/\\\/wp.kristdemokraterna.se\\\/savsjo\\\/files\\\/2024\\\/02\\\/2024-02-12-19.15.426sg09720-1.jpg\",\"inLanguage\":\"sv-SE\"},{\"@type\":\"WebPage\",\"@id\":\"https:\\\/\\\/wp.kristdemokraterna.se\\\/savsjo\\\/maria-larsson-gav-uppmuntran-pa-arsmote\\\/\",\"url\":\"https:\\\/\\\/wp.kristdemokraterna.se\\\/savsjo\\\/maria-larsson-gav-uppmuntran-pa-arsmote\\\/\",\"name\":\"Maria Larsson uppmuntrade p\u00e5 \u00e5rsm\u00f6te - S\u00e4vsj\u00f6\",\"isPartOf\":{\"@id\":\"https:\\\/\\\/wp.kristdemokraterna.se\\\/savsjo\\\/#website\"},\"primaryImageOfPage\":{\"@id\":\"https:\\\/\\\/wp.kristdemokraterna.se\\\/savsjo\\\/maria-larsson-gav-uppmuntran-pa-arsmote\\\/#primaryimage\"},\"image\":{\"@id\":\"https:\\\/\\\/wp.kristdemokraterna.se\\\/savsjo\\\/maria-larsson-gav-uppmuntran-pa-arsmote\\\/#primaryimage\"},\"thumbnailUrl\":\"https:\\\/\\\/wp.kristdemokraterna.se\\\/savsjo\\\/files\\\/2024\\\/02\\\/2024-02-12-19.15.426sg09720-1.jpg\",\"datePublished\":\"2024-02-13T18:12:46+00:00\",\"dateModified\":\"2024-02-14T19:54:30+00:00\",\"author\":{\"@id\":\"https:\\\/\\\/wp.kristdemokraterna.se\\\/savsjo\\\/#\\\/schema\\\/person\\\/66a08fa678592f794fe60a50b249978a\"},\"breadcrumb\":{\"@id\":\"https:\\\/\\\/wp.kristdemokraterna.se\\\/savsjo\\\/maria-larsson-gav-uppmuntran-pa-arsmote\\\/#breadcrumb\"},\"inLanguage\":\"sv-SE\",\"potentialAction\":[{\"@type\":\"ReadAction\",\"target\":[\"https:\\\/\\\/wp.kristdemokraterna.se\\\/savsjo\\\/maria-larsson-gav-uppmuntran-pa-arsmote\\\/\"]}]},{\"@type\":\"ImageObject\",\"inLanguage\":\"sv-SE\",\"@id\":\"https:\\\/\\\/wp.kristdemokraterna.se\\\/savsjo\\\/maria-larsson-gav-uppmuntran-pa-arsmote\\\/#primaryimage\",\"url\":\"https:\\\/\\\/wp.kristdemokraterna.se\\\/savsjo\\\/files\\\/2024\\\/02\\\/2024-02-12-19.15.426sg09720-1.jpg\",\"contentUrl\":\"https:\\\/\\\/wp.kristdemokraterna.se\\\/savsjo\\\/files\\\/2024\\\/02\\\/2024-02-12-19.15.426sg09720-1.jpg\",\"width\":500,\"height\":300},{\"@type\":\"BreadcrumbList\",\"@id\":\"https:\\\/\\\/wp.kristdemokraterna.se\\\/savsjo\\\/maria-larsson-gav-uppmuntran-pa-arsmote\\\/#breadcrumb\",\"itemListElement\":[{\"@type\":\"ListItem\",\"position\":1,\"name\":\"Hem\",\"item\":\"https:\\\/\\\/wp.kristdemokraterna.se\\\/savsjo\\\/\"},{\"@type\":\"ListItem\",\"position\":2,\"name\":\"Maria Larsson uppmuntrade p\u00e5 \u00e5rsm\u00f6te\"}]},{\"@type\":\"WebSite\",\"@id\":\"https:\\\/\\\/wp.kristdemokraterna.se\\\/savsjo\\\/#website\",\"url\":\"https:\\\/\\\/wp.kristdemokraterna.se\\\/savsjo\\\/\",\"name\":\"S\u00e4vsj\u00f6\",\"description\":\"\",\"inLanguage\":\"sv-SE\"},{\"@type\":\"Person\",\"@id\":\"https:\\\/\\\/wp.kristdemokraterna.se\\\/savsjo\\\/#\\\/schema\\\/person\\\/66a08fa678592f794fe60a50b249978a\",\"name\":\"Stefan Gustafsson\",\"image\":{\"@type\":\"ImageObject\",\"inLanguage\":\"sv-SE\",\"@id\":\"https:\\\/\\\/secure.gravatar.com\\\/avatar\\\/d183d0fd8830afddde9ab5386edf3b3480a63f1fb3291da52adec75b3b7b6f60?s=96&r=g\",\"url\":\"https:\\\/\\\/secure.gravatar.com\\\/avatar\\\/d183d0fd8830afddde9ab5386edf3b3480a63f1fb3291da52adec75b3b7b6f60?s=96&r=g\",\"contentUrl\":\"https:\\\/\\\/secure.gravatar.com\\\/avatar\\\/d183d0fd8830afddde9ab5386edf3b3480a63f1fb3291da52adec75b3b7b6f60?s=96&r=g\",\"caption\":\"Stefan Gustafsson\"},\"url\":\"https:\\\/\\\/wp.kristdemokraterna.se\\\/savsjo\\\/author\\\/stgu\\\/\"}]}<\/script>\n<!-- \/ Yoast SEO plugin. -->","yoast_head_json":{"title":"Maria Larsson uppmuntrade p\u00e5 \u00e5rsm\u00f6te - S\u00e4vsj\u00f6","robots":{"index":"index","follow":"follow","max-snippet":"max-snippet:-1","max-image-preview":"max-image-preview:large","max-video-preview":"max-video-preview:-1"},"canonical":"https:\/\/wp.kristdemokraterna.se\/savsjo\/maria-larsson-gav-uppmuntran-pa-arsmote\/","og_locale":"sv_SE","og_type":"article","og_title":"Maria Larsson uppmuntrade p\u00e5 \u00e5rsm\u00f6te - S\u00e4vsj\u00f6","og_description":"Maria Larsson \u00e4r en v\u00e4lk\u00e4nd kristdemokratisk profil som varit minister, landsh\u00f6vding och aktiv p\u00e5 alla niv\u00e5er inom politiken. Under m\u00e5ndagskv\u00e4llen g\u00e4stade hon partiavdelningens \u00e5rsm\u00f6te f\u00f6r Kristdemokraterna i S\u00e4vsj\u00f6 kommun som denna g\u00e5ng var i IOGT-lokalen i Stockaryd. Hon lyfte fram S\u00e4vsj\u00f6 som ett f\u00f6red\u00f6me och uttryckte uppskattning och beundran f\u00f6r det arbete som g\u00f6rs inom Read More","og_url":"https:\/\/wp.kristdemokraterna.se\/savsjo\/maria-larsson-gav-uppmuntran-pa-arsmote\/","og_site_name":"S\u00e4vsj\u00f6","article_published_time":"2024-02-13T18:12:46+00:00","article_modified_time":"2024-02-14T19:54:30+00:00","og_image":[{"width":500,"height":300,"url":"http:\/\/wp.kristdemokraterna.se\/savsjo\/files\/2024\/02\/2024-02-12-19.15.426sg09720-1.jpg","type":"image\/jpeg"}],"author":"Stefan Gustafsson","twitter_card":"summary_large_image","twitter_misc":{"Skriven av":"Stefan Gustafsson","Ber\u00e4knad l\u00e4stid":"2 minuter"},"schema":{"@context":"https:\/\/schema.org","@graph":[{"@type":"Article","@id":"https:\/\/wp.kristdemokraterna.se\/savsjo\/maria-larsson-gav-uppmuntran-pa-arsmote\/#article","isPartOf":{"@id":"https:\/\/wp.kristdemokraterna.se\/savsjo\/maria-larsson-gav-uppmuntran-pa-arsmote\/"},"author":{"name":"Stefan Gustafsson","@id":"https:\/\/wp.kristdemokraterna.se\/savsjo\/#\/schema\/person\/66a08fa678592f794fe60a50b249978a"},"headline":"Maria Larsson uppmuntrade p\u00e5 \u00e5rsm\u00f6te","datePublished":"2024-02-13T18:12:46+00:00","dateModified":"2024-02-14T19:54:30+00:00","mainEntityOfPage":{"@id":"https:\/\/wp.kristdemokraterna.se\/savsjo\/maria-larsson-gav-uppmuntran-pa-arsmote\/"},"wordCount":323,"image":{"@id":"https:\/\/wp.kristdemokraterna.se\/savsjo\/maria-larsson-gav-uppmuntran-pa-arsmote\/#primaryimage"},"thumbnailUrl":"https:\/\/wp.kristdemokraterna.se\/savsjo\/files\/2024\/02\/2024-02-12-19.15.426sg09720-1.jpg","inLanguage":"sv-SE"},{"@type":"WebPage","@id":"https:\/\/wp.kristdemokraterna.se\/savsjo\/maria-larsson-gav-uppmuntran-pa-arsmote\/","url":"https:\/\/wp.kristdemokraterna.se\/savsjo\/maria-larsson-gav-uppmuntran-pa-arsmote\/","name":"Maria Larsson uppmuntrade p\u00e5 \u00e5rsm\u00f6te - S\u00e4vsj\u00f6","isPartOf":{"@id":"https:\/\/wp.kristdemokraterna.se\/savsjo\/#website"},"primaryImageOfPage":{"@id":"https:\/\/wp.kristdemokraterna.se\/savsjo\/maria-larsson-gav-uppmuntran-pa-arsmote\/#primaryimage"},"image":{"@id":"https:\/\/wp.kristdemokraterna.se\/savsjo\/maria-larsson-gav-uppmuntran-pa-arsmote\/#primaryimage"},"thumbnailUrl":"https:\/\/wp.kristdemokraterna.se\/savsjo\/files\/2024\/02\/2024-02-12-19.15.426sg09720-1.jpg","datePublished":"2024-02-13T18:12:46+00:00","dateModified":"2024-02-14T19:54:30+00:00","author":{"@id":"https:\/\/wp.kristdemokraterna.se\/savsjo\/#\/schema\/person\/66a08fa678592f794fe60a50b249978a"},"breadcrumb":{"@id":"https:\/\/wp.kristdemokraterna.se\/savsjo\/maria-larsson-gav-uppmuntran-pa-arsmote\/#breadcrumb"},"inLanguage":"sv-SE","potentialAction":[{"@type":"ReadAction","target":["https:\/\/wp.kristdemokraterna.se\/savsjo\/maria-larsson-gav-uppmuntran-pa-arsmote\/"]}]},{"@type":"ImageObject","inLanguage":"sv-SE","@id":"https:\/\/wp.kristdemokraterna.se\/savsjo\/maria-larsson-gav-uppmuntran-pa-arsmote\/#primaryimage","url":"https:\/\/wp.kristdemokraterna.se\/savsjo\/files\/2024\/02\/2024-02-12-19.15.426sg09720-1.jpg","contentUrl":"https:\/\/wp.kristdemokraterna.se\/savsjo\/files\/2024\/02\/2024-02-12-19.15.426sg09720-1.jpg","width":500,"height":300},{"@type":"BreadcrumbList","@id":"https:\/\/wp.kristdemokraterna.se\/savsjo\/maria-larsson-gav-uppmuntran-pa-arsmote\/#breadcrumb","itemListElement":[{"@type":"ListItem","position":1,"name":"Hem","item":"https:\/\/wp.kristdemokraterna.se\/savsjo\/"},{"@type":"ListItem","position":2,"name":"Maria Larsson uppmuntrade p\u00e5 \u00e5rsm\u00f6te"}]},{"@type":"WebSite","@id":"https:\/\/wp.kristdemokraterna.se\/savsjo\/#website","url":"https:\/\/wp.kristdemokraterna.se\/savsjo\/","name":"S\u00e4vsj\u00f6","description":"","inLanguage":"sv-SE"},{"@type":"Person","@id":"https:\/\/wp.kristdemokraterna.se\/savsjo\/#\/schema\/person\/66a08fa678592f794fe60a50b249978a","name":"Stefan Gustafsson","image":{"@type":"ImageObject","inLanguage":"sv-SE","@id":"https:\/\/secure.gravatar.com\/avatar\/d183d0fd8830afddde9ab5386edf3b3480a63f1fb3291da52adec75b3b7b6f60?s=96&r=g","url":"https:\/\/secure.gravatar.com\/avatar\/d183d0fd8830afddde9ab5386edf3b3480a63f1fb3291da52adec75b3b7b6f60?s=96&r=g","contentUrl":"https:\/\/secure.gravatar.com\/avatar\/d183d0fd8830afddde9ab5386edf3b3480a63f1fb3291da52adec75b3b7b6f60?s=96&r=g","caption":"Stefan Gustafsson"},"url":"https:\/\/wp.kristdemokraterna.se\/savsjo\/author\/stgu\/"}]}},"_links":{"self":[{"href":"https:\/\/wp.kristdemokraterna.se\/savsjo\/wp-json\/wp\/v2\/posts\/4062","targetHints":{"allow":["GET"]}}],"collection":[{"href":"https:\/\/wp.kristdemokraterna.se\/savsjo\/wp-json\/wp\/v2\/posts"}],"about":[{"href":"https:\/\/wp.kristdemokraterna.se\/savsjo\/wp-json\/wp\/v2\/types\/post"}],"author":[{"embeddable":true,"href":"https:\/\/wp.kristdemokraterna.se\/savsjo\/wp-json\/wp\/v2\/users\/430"}],"replies":[{"embeddable":true,"href":"https:\/\/wp.kristdemokraterna.se\/savsjo\/wp-json\/wp\/v2\/comments?post=4062"}],"version-history":[{"count":7,"href":"https:\/\/wp.kristdemokraterna.se\/savsjo\/wp-json\/wp\/v2\/posts\/4062\/revisions"}],"predecessor-version":[{"id":4070,"href":"https:\/\/wp.kristdemokraterna.se\/savsjo\/wp-json\/wp\/v2\/posts\/4062\/revisions\/4070"}],"wp:featuredmedia":[{"embeddable":true,"href":"https:\/\/wp.kristdemokraterna.se\/savsjo\/wp-json\/wp\/v2\/media\/4063"}],"wp:attachment":[{"href":"https:\/\/wp.kristdemokraterna.se\/savsjo\/wp-json\/wp\/v2\/media?parent=4062"}],"wp:term":[{"taxonomy":"category","embeddable":true,"href":"https:\/\/wp.kristdemokraterna.se\/savsjo\/wp-json\/wp\/v2\/categories?post=4062"},{"taxonomy":"post_tag","embeddable":true,"href":"https:\/\/wp.kristdemokraterna.se\/savsjo\/wp-json\/wp\/v2\/tags?post=4062"}],"curies":[{"name":"wp","href":"https:\/\/api.w.org\/{rel}","templated":true}]}}