{"id":4097,"date":"2024-05-29T20:50:02","date_gmt":"2024-05-29T18:50:02","guid":{"rendered":"https:\/\/wp.kristdemokraterna.se\/savsjo\/?p=4097"},"modified":"2024-05-29T20:50:24","modified_gmt":"2024-05-29T18:50:24","slug":"4097-2","status":"publish","type":"post","link":"https:\/\/wp.kristdemokraterna.se\/savsjo\/4097-2\/","title":{"rendered":"Civilminstern p\u00e5 trevligt bes\u00f6k"},"content":{"rendered":"<p>Vi har haft bes\u00f6k av civil- och digitaliseringsminister, Erik Slottner. Han kom till oss med kr\u00f6sat\u00e5get och vi b\u00f6rjade bes\u00f6ket med en god lunch p\u00e5 Lilla Caf\u00e9et. Det blev samtal med f\u00f6retr\u00e4dare f\u00f6r PRO och SPF och med kommunledningen. I samtalen var digitalisering ett stort \u00e4mne men det lyftes ocks\u00e5 fr\u00e5gor som arbete mot bedr\u00e4gerier mot \u00e4ldre och behovet av ett l\u00e5ngtg\u00e5ende kommunal utj\u00e4mningssystem f\u00f6r fortsatt lika v\u00e4lf\u00e4rd i hela Sverige.<\/p>\n","protected":false},"excerpt":{"rendered":"<p>Vi har haft bes\u00f6k av civil- och digitaliseringsminister, Erik Slottner. Han kom till oss med kr\u00f6sat\u00e5get och vi b\u00f6rjade bes\u00f6ket med en god lunch p\u00e5 Lilla Caf\u00e9et. Det blev samtal med f\u00f6retr\u00e4dare f\u00f6r PRO och SPF och med kommunledningen. I samtalen var digitalisering ett stort \u00e4mne men det lyftes ocks\u00e5 fr\u00e5gor som arbete mot bedr\u00e4gerier <a class=\"read-more-link\" href=\"https:\/\/wp.kristdemokraterna.se\/savsjo\/4097-2\/\">Read More<\/a><\/p>\n","protected":false},"author":430,"featured_media":4098,"comment_status":"closed","ping_status":"closed","sticky":false,"template":"","format":"standard","meta":{"_acf_changed":false,"footnotes":""},"categories":[1],"tags":[],"class_list":["post-4097","post","type-post","status-publish","format-standard","has-post-thumbnail","hentry","category-okategoriserade"],"acf":[],"yoast_head":"<!-- This site is optimized with the Yoast SEO plugin v27.4 - https:\/\/yoast.com\/product\/yoast-seo-wordpress\/ -->\n<title>Civilminstern p\u00e5 trevligt bes\u00f6k - S\u00e4vsj\u00f6<\/title>\n<meta name=\"robots\" content=\"index, follow, max-snippet:-1, max-image-preview:large, max-video-preview:-1\" \/>\n<link rel=\"canonical\" href=\"https:\/\/wp.kristdemokraterna.se\/savsjo\/4097-2\/\" \/>\n<meta property=\"og:locale\" content=\"sv_SE\" \/>\n<meta property=\"og:type\" content=\"article\" \/>\n<meta property=\"og:title\" content=\"Civilminstern p\u00e5 trevligt bes\u00f6k - S\u00e4vsj\u00f6\" \/>\n<meta property=\"og:description\" content=\"Vi har haft bes\u00f6k av civil- och digitaliseringsminister, Erik Slottner. Han kom till oss med kr\u00f6sat\u00e5get och vi b\u00f6rjade bes\u00f6ket med en god lunch p\u00e5 Lilla Caf\u00e9et. Det blev samtal med f\u00f6retr\u00e4dare f\u00f6r PRO och SPF och med kommunledningen. I samtalen var digitalisering ett stort \u00e4mne men det lyftes ocks\u00e5 fr\u00e5gor som arbete mot bedr\u00e4gerier Read More\" \/>\n<meta property=\"og:url\" content=\"https:\/\/wp.kristdemokraterna.se\/savsjo\/4097-2\/\" \/>\n<meta property=\"og:site_name\" content=\"S\u00e4vsj\u00f6\" \/>\n<meta property=\"article:published_time\" content=\"2024-05-29T18:50:02+00:00\" \/>\n<meta property=\"article:modified_time\" content=\"2024-05-29T18:50:24+00:00\" \/>\n<meta property=\"og:image\" content=\"http:\/\/wp.kristdemokraterna.se\/savsjo\/files\/2024\/05\/2024-05-29-12.26.016sg01769-1.jpg\" \/>\n\t<meta property=\"og:image:width\" content=\"500\" \/>\n\t<meta property=\"og:image:height\" content=\"300\" \/>\n\t<meta property=\"og:image:type\" content=\"image\/jpeg\" \/>\n<meta name=\"author\" content=\"Stefan Gustafsson\" \/>\n<meta name=\"twitter:card\" content=\"summary_large_image\" \/>\n<meta name=\"twitter:label1\" content=\"Skriven av\" \/>\n\t<meta name=\"twitter:data1\" content=\"Stefan Gustafsson\" \/>\n\t<meta name=\"twitter:label2\" content=\"Ber\u00e4knad l\u00e4stid\" \/>\n\t<meta name=\"twitter:data2\" content=\"1 minut\" \/>\n<script type=\"application\/ld+json\" class=\"yoast-schema-graph\">{\"@context\":\"https:\\\/\\\/schema.org\",\"@graph\":[{\"@type\":\"Article\",\"@id\":\"https:\\\/\\\/wp.kristdemokraterna.se\\\/savsjo\\\/4097-2\\\/#article\",\"isPartOf\":{\"@id\":\"https:\\\/\\\/wp.kristdemokraterna.se\\\/savsjo\\\/4097-2\\\/\"},\"author\":{\"name\":\"Stefan Gustafsson\",\"@id\":\"https:\\\/\\\/wp.kristdemokraterna.se\\\/savsjo\\\/#\\\/schema\\\/person\\\/66a08fa678592f794fe60a50b249978a\"},\"headline\":\"Civilminstern p\u00e5 trevligt bes\u00f6k\",\"datePublished\":\"2024-05-29T18:50:02+00:00\",\"dateModified\":\"2024-05-29T18:50:24+00:00\",\"mainEntityOfPage\":{\"@id\":\"https:\\\/\\\/wp.kristdemokraterna.se\\\/savsjo\\\/4097-2\\\/\"},\"wordCount\":93,\"image\":{\"@id\":\"https:\\\/\\\/wp.kristdemokraterna.se\\\/savsjo\\\/4097-2\\\/#primaryimage\"},\"thumbnailUrl\":\"https:\\\/\\\/wp.kristdemokraterna.se\\\/savsjo\\\/files\\\/2024\\\/05\\\/2024-05-29-12.26.016sg01769-1.jpg\",\"inLanguage\":\"sv-SE\"},{\"@type\":\"WebPage\",\"@id\":\"https:\\\/\\\/wp.kristdemokraterna.se\\\/savsjo\\\/4097-2\\\/\",\"url\":\"https:\\\/\\\/wp.kristdemokraterna.se\\\/savsjo\\\/4097-2\\\/\",\"name\":\"Civilminstern p\u00e5 trevligt bes\u00f6k - S\u00e4vsj\u00f6\",\"isPartOf\":{\"@id\":\"https:\\\/\\\/wp.kristdemokraterna.se\\\/savsjo\\\/#website\"},\"primaryImageOfPage\":{\"@id\":\"https:\\\/\\\/wp.kristdemokraterna.se\\\/savsjo\\\/4097-2\\\/#primaryimage\"},\"image\":{\"@id\":\"https:\\\/\\\/wp.kristdemokraterna.se\\\/savsjo\\\/4097-2\\\/#primaryimage\"},\"thumbnailUrl\":\"https:\\\/\\\/wp.kristdemokraterna.se\\\/savsjo\\\/files\\\/2024\\\/05\\\/2024-05-29-12.26.016sg01769-1.jpg\",\"datePublished\":\"2024-05-29T18:50:02+00:00\",\"dateModified\":\"2024-05-29T18:50:24+00:00\",\"author\":{\"@id\":\"https:\\\/\\\/wp.kristdemokraterna.se\\\/savsjo\\\/#\\\/schema\\\/person\\\/66a08fa678592f794fe60a50b249978a\"},\"breadcrumb\":{\"@id\":\"https:\\\/\\\/wp.kristdemokraterna.se\\\/savsjo\\\/4097-2\\\/#breadcrumb\"},\"inLanguage\":\"sv-SE\",\"potentialAction\":[{\"@type\":\"ReadAction\",\"target\":[\"https:\\\/\\\/wp.kristdemokraterna.se\\\/savsjo\\\/4097-2\\\/\"]}]},{\"@type\":\"ImageObject\",\"inLanguage\":\"sv-SE\",\"@id\":\"https:\\\/\\\/wp.kristdemokraterna.se\\\/savsjo\\\/4097-2\\\/#primaryimage\",\"url\":\"https:\\\/\\\/wp.kristdemokraterna.se\\\/savsjo\\\/files\\\/2024\\\/05\\\/2024-05-29-12.26.016sg01769-1.jpg\",\"contentUrl\":\"https:\\\/\\\/wp.kristdemokraterna.se\\\/savsjo\\\/files\\\/2024\\\/05\\\/2024-05-29-12.26.016sg01769-1.jpg\",\"width\":500,\"height\":300},{\"@type\":\"BreadcrumbList\",\"@id\":\"https:\\\/\\\/wp.kristdemokraterna.se\\\/savsjo\\\/4097-2\\\/#breadcrumb\",\"itemListElement\":[{\"@type\":\"ListItem\",\"position\":1,\"name\":\"Hem\",\"item\":\"https:\\\/\\\/wp.kristdemokraterna.se\\\/savsjo\\\/\"},{\"@type\":\"ListItem\",\"position\":2,\"name\":\"Civilminstern p\u00e5 trevligt bes\u00f6k\"}]},{\"@type\":\"WebSite\",\"@id\":\"https:\\\/\\\/wp.kristdemokraterna.se\\\/savsjo\\\/#website\",\"url\":\"https:\\\/\\\/wp.kristdemokraterna.se\\\/savsjo\\\/\",\"name\":\"S\u00e4vsj\u00f6\",\"description\":\"\",\"inLanguage\":\"sv-SE\"},{\"@type\":\"Person\",\"@id\":\"https:\\\/\\\/wp.kristdemokraterna.se\\\/savsjo\\\/#\\\/schema\\\/person\\\/66a08fa678592f794fe60a50b249978a\",\"name\":\"Stefan Gustafsson\",\"image\":{\"@type\":\"ImageObject\",\"inLanguage\":\"sv-SE\",\"@id\":\"https:\\\/\\\/secure.gravatar.com\\\/avatar\\\/d183d0fd8830afddde9ab5386edf3b3480a63f1fb3291da52adec75b3b7b6f60?s=96&r=g\",\"url\":\"https:\\\/\\\/secure.gravatar.com\\\/avatar\\\/d183d0fd8830afddde9ab5386edf3b3480a63f1fb3291da52adec75b3b7b6f60?s=96&r=g\",\"contentUrl\":\"https:\\\/\\\/secure.gravatar.com\\\/avatar\\\/d183d0fd8830afddde9ab5386edf3b3480a63f1fb3291da52adec75b3b7b6f60?s=96&r=g\",\"caption\":\"Stefan Gustafsson\"},\"url\":\"https:\\\/\\\/wp.kristdemokraterna.se\\\/savsjo\\\/author\\\/stgu\\\/\"}]}<\/script>\n<!-- \/ Yoast SEO plugin. -->","yoast_head_json":{"title":"Civilminstern p\u00e5 trevligt bes\u00f6k - S\u00e4vsj\u00f6","robots":{"index":"index","follow":"follow","max-snippet":"max-snippet:-1","max-image-preview":"max-image-preview:large","max-video-preview":"max-video-preview:-1"},"canonical":"https:\/\/wp.kristdemokraterna.se\/savsjo\/4097-2\/","og_locale":"sv_SE","og_type":"article","og_title":"Civilminstern p\u00e5 trevligt bes\u00f6k - S\u00e4vsj\u00f6","og_description":"Vi har haft bes\u00f6k av civil- och digitaliseringsminister, Erik Slottner. Han kom till oss med kr\u00f6sat\u00e5get och vi b\u00f6rjade bes\u00f6ket med en god lunch p\u00e5 Lilla Caf\u00e9et. Det blev samtal med f\u00f6retr\u00e4dare f\u00f6r PRO och SPF och med kommunledningen. I samtalen var digitalisering ett stort \u00e4mne men det lyftes ocks\u00e5 fr\u00e5gor som arbete mot bedr\u00e4gerier Read More","og_url":"https:\/\/wp.kristdemokraterna.se\/savsjo\/4097-2\/","og_site_name":"S\u00e4vsj\u00f6","article_published_time":"2024-05-29T18:50:02+00:00","article_modified_time":"2024-05-29T18:50:24+00:00","og_image":[{"width":500,"height":300,"url":"http:\/\/wp.kristdemokraterna.se\/savsjo\/files\/2024\/05\/2024-05-29-12.26.016sg01769-1.jpg","type":"image\/jpeg"}],"author":"Stefan Gustafsson","twitter_card":"summary_large_image","twitter_misc":{"Skriven av":"Stefan Gustafsson","Ber\u00e4knad l\u00e4stid":"1 minut"},"schema":{"@context":"https:\/\/schema.org","@graph":[{"@type":"Article","@id":"https:\/\/wp.kristdemokraterna.se\/savsjo\/4097-2\/#article","isPartOf":{"@id":"https:\/\/wp.kristdemokraterna.se\/savsjo\/4097-2\/"},"author":{"name":"Stefan Gustafsson","@id":"https:\/\/wp.kristdemokraterna.se\/savsjo\/#\/schema\/person\/66a08fa678592f794fe60a50b249978a"},"headline":"Civilminstern p\u00e5 trevligt bes\u00f6k","datePublished":"2024-05-29T18:50:02+00:00","dateModified":"2024-05-29T18:50:24+00:00","mainEntityOfPage":{"@id":"https:\/\/wp.kristdemokraterna.se\/savsjo\/4097-2\/"},"wordCount":93,"image":{"@id":"https:\/\/wp.kristdemokraterna.se\/savsjo\/4097-2\/#primaryimage"},"thumbnailUrl":"https:\/\/wp.kristdemokraterna.se\/savsjo\/files\/2024\/05\/2024-05-29-12.26.016sg01769-1.jpg","inLanguage":"sv-SE"},{"@type":"WebPage","@id":"https:\/\/wp.kristdemokraterna.se\/savsjo\/4097-2\/","url":"https:\/\/wp.kristdemokraterna.se\/savsjo\/4097-2\/","name":"Civilminstern p\u00e5 trevligt bes\u00f6k - S\u00e4vsj\u00f6","isPartOf":{"@id":"https:\/\/wp.kristdemokraterna.se\/savsjo\/#website"},"primaryImageOfPage":{"@id":"https:\/\/wp.kristdemokraterna.se\/savsjo\/4097-2\/#primaryimage"},"image":{"@id":"https:\/\/wp.kristdemokraterna.se\/savsjo\/4097-2\/#primaryimage"},"thumbnailUrl":"https:\/\/wp.kristdemokraterna.se\/savsjo\/files\/2024\/05\/2024-05-29-12.26.016sg01769-1.jpg","datePublished":"2024-05-29T18:50:02+00:00","dateModified":"2024-05-29T18:50:24+00:00","author":{"@id":"https:\/\/wp.kristdemokraterna.se\/savsjo\/#\/schema\/person\/66a08fa678592f794fe60a50b249978a"},"breadcrumb":{"@id":"https:\/\/wp.kristdemokraterna.se\/savsjo\/4097-2\/#breadcrumb"},"inLanguage":"sv-SE","potentialAction":[{"@type":"ReadAction","target":["https:\/\/wp.kristdemokraterna.se\/savsjo\/4097-2\/"]}]},{"@type":"ImageObject","inLanguage":"sv-SE","@id":"https:\/\/wp.kristdemokraterna.se\/savsjo\/4097-2\/#primaryimage","url":"https:\/\/wp.kristdemokraterna.se\/savsjo\/files\/2024\/05\/2024-05-29-12.26.016sg01769-1.jpg","contentUrl":"https:\/\/wp.kristdemokraterna.se\/savsjo\/files\/2024\/05\/2024-05-29-12.26.016sg01769-1.jpg","width":500,"height":300},{"@type":"BreadcrumbList","@id":"https:\/\/wp.kristdemokraterna.se\/savsjo\/4097-2\/#breadcrumb","itemListElement":[{"@type":"ListItem","position":1,"name":"Hem","item":"https:\/\/wp.kristdemokraterna.se\/savsjo\/"},{"@type":"ListItem","position":2,"name":"Civilminstern p\u00e5 trevligt bes\u00f6k"}]},{"@type":"WebSite","@id":"https:\/\/wp.kristdemokraterna.se\/savsjo\/#website","url":"https:\/\/wp.kristdemokraterna.se\/savsjo\/","name":"S\u00e4vsj\u00f6","description":"","inLanguage":"sv-SE"},{"@type":"Person","@id":"https:\/\/wp.kristdemokraterna.se\/savsjo\/#\/schema\/person\/66a08fa678592f794fe60a50b249978a","name":"Stefan Gustafsson","image":{"@type":"ImageObject","inLanguage":"sv-SE","@id":"https:\/\/secure.gravatar.com\/avatar\/d183d0fd8830afddde9ab5386edf3b3480a63f1fb3291da52adec75b3b7b6f60?s=96&r=g","url":"https:\/\/secure.gravatar.com\/avatar\/d183d0fd8830afddde9ab5386edf3b3480a63f1fb3291da52adec75b3b7b6f60?s=96&r=g","contentUrl":"https:\/\/secure.gravatar.com\/avatar\/d183d0fd8830afddde9ab5386edf3b3480a63f1fb3291da52adec75b3b7b6f60?s=96&r=g","caption":"Stefan Gustafsson"},"url":"https:\/\/wp.kristdemokraterna.se\/savsjo\/author\/stgu\/"}]}},"_links":{"self":[{"href":"https:\/\/wp.kristdemokraterna.se\/savsjo\/wp-json\/wp\/v2\/posts\/4097","targetHints":{"allow":["GET"]}}],"collection":[{"href":"https:\/\/wp.kristdemokraterna.se\/savsjo\/wp-json\/wp\/v2\/posts"}],"about":[{"href":"https:\/\/wp.kristdemokraterna.se\/savsjo\/wp-json\/wp\/v2\/types\/post"}],"author":[{"embeddable":true,"href":"https:\/\/wp.kristdemokraterna.se\/savsjo\/wp-json\/wp\/v2\/users\/430"}],"replies":[{"embeddable":true,"href":"https:\/\/wp.kristdemokraterna.se\/savsjo\/wp-json\/wp\/v2\/comments?post=4097"}],"version-history":[{"count":2,"href":"https:\/\/wp.kristdemokraterna.se\/savsjo\/wp-json\/wp\/v2\/posts\/4097\/revisions"}],"predecessor-version":[{"id":4100,"href":"https:\/\/wp.kristdemokraterna.se\/savsjo\/wp-json\/wp\/v2\/posts\/4097\/revisions\/4100"}],"wp:featuredmedia":[{"embeddable":true,"href":"https:\/\/wp.kristdemokraterna.se\/savsjo\/wp-json\/wp\/v2\/media\/4098"}],"wp:attachment":[{"href":"https:\/\/wp.kristdemokraterna.se\/savsjo\/wp-json\/wp\/v2\/media?parent=4097"}],"wp:term":[{"taxonomy":"category","embeddable":true,"href":"https:\/\/wp.kristdemokraterna.se\/savsjo\/wp-json\/wp\/v2\/categories?post=4097"},{"taxonomy":"post_tag","embeddable":true,"href":"https:\/\/wp.kristdemokraterna.se\/savsjo\/wp-json\/wp\/v2\/tags?post=4097"}],"curies":[{"name":"wp","href":"https:\/\/api.w.org\/{rel}","templated":true}]}}