{"id":4207,"date":"2025-02-10T15:28:53","date_gmt":"2025-02-10T14:28:53","guid":{"rendered":"https:\/\/wp.kristdemokraterna.se\/savsjo\/?p=4207"},"modified":"2025-02-21T18:31:33","modified_gmt":"2025-02-21T17:31:33","slug":"arsmote-visar-fin-verksamhet","status":"publish","type":"post","link":"https:\/\/wp.kristdemokraterna.se\/savsjo\/arsmote-visar-fin-verksamhet\/","title":{"rendered":"Fin verksamhet \u00e5r 2024"},"content":{"rendered":"<p data-start=\"80\" data-end=\"423\">N\u00e4r man l\u00e4ser verksamhetsber\u00e4ttelsen blir det tydligt hur mycket som har h\u00e4nt inom Kristdemokraterna i S\u00e4vsj\u00f6 kommun under \u00e5ret. Partiet har varit engagerat i olika regionala fr\u00e5gor, publicerat debattartiklar och ins\u00e4ndare samt deltagit i en m\u00e4ngd m\u00f6ten. Dessutom har flera intressanta bes\u00f6k genomf\u00f6rts, bland annat p\u00e5 bankmuseet i Vrigstad.Du kan se n\u00e5gra bilder fr\u00e5n v\u00e5r verksamhet under 2024 p\u00e5 f\u00f6ljande l\u00e4nk:<br \/>\n<!--more--><\/p>\n<p data-start=\"80\" data-end=\"423\"><a href=\"http:\/\/wp.kristdemokraterna.se\/savsjo\/files\/2025\/02\/verksamhetsberattelse-foto.jpg\"><img loading=\"lazy\" decoding=\"async\" class=\"size-full wp-image-4209 alignleft\" src=\"http:\/\/wp.kristdemokraterna.se\/savsjo\/files\/2025\/02\/verksamhetsberattelse-foto.jpg\" alt=\"\" width=\"625\" height=\"780\" srcset=\"https:\/\/wp.kristdemokraterna.se\/savsjo\/files\/2025\/02\/verksamhetsberattelse-foto.jpg 625w, https:\/\/wp.kristdemokraterna.se\/savsjo\/files\/2025\/02\/verksamhetsberattelse-foto-240x300.jpg 240w, https:\/\/wp.kristdemokraterna.se\/savsjo\/files\/2025\/02\/verksamhetsberattelse-foto-433x540.jpg 433w\" sizes=\"auto, (max-width: 625px) 100vw, 625px\" \/><\/a><\/p>\n","protected":false},"excerpt":{"rendered":"<p>N\u00e4r man l\u00e4ser verksamhetsber\u00e4ttelsen blir det tydligt hur mycket som har h\u00e4nt inom Kristdemokraterna i S\u00e4vsj\u00f6 kommun under \u00e5ret. Partiet har varit engagerat i olika regionala fr\u00e5gor, publicerat debattartiklar och ins\u00e4ndare samt deltagit i en m\u00e4ngd m\u00f6ten. Dessutom har flera intressanta bes\u00f6k genomf\u00f6rts, bland annat p\u00e5 bankmuseet i Vrigstad.Du kan se n\u00e5gra bilder fr\u00e5n v\u00e5r <a class=\"read-more-link\" href=\"https:\/\/wp.kristdemokraterna.se\/savsjo\/arsmote-visar-fin-verksamhet\/\">Read More<\/a><\/p>\n","protected":false},"author":430,"featured_media":4208,"comment_status":"closed","ping_status":"closed","sticky":false,"template":"","format":"standard","meta":{"_acf_changed":false,"footnotes":""},"categories":[1],"tags":[],"class_list":["post-4207","post","type-post","status-publish","format-standard","has-post-thumbnail","hentry","category-okategoriserade"],"acf":[],"yoast_head":"<!-- This site is optimized with the Yoast SEO plugin v27.5 - https:\/\/yoast.com\/product\/yoast-seo-wordpress\/ -->\n<title>Fin verksamhet \u00e5r 2024 - S\u00e4vsj\u00f6<\/title>\n<meta name=\"robots\" content=\"index, follow, max-snippet:-1, max-image-preview:large, max-video-preview:-1\" \/>\n<link rel=\"canonical\" href=\"https:\/\/wp.kristdemokraterna.se\/savsjo\/arsmote-visar-fin-verksamhet\/\" \/>\n<meta property=\"og:locale\" content=\"sv_SE\" \/>\n<meta property=\"og:type\" content=\"article\" \/>\n<meta property=\"og:title\" content=\"Fin verksamhet \u00e5r 2024 - S\u00e4vsj\u00f6\" \/>\n<meta property=\"og:description\" content=\"N\u00e4r man l\u00e4ser verksamhetsber\u00e4ttelsen blir det tydligt hur mycket som har h\u00e4nt inom Kristdemokraterna i S\u00e4vsj\u00f6 kommun under \u00e5ret. Partiet har varit engagerat i olika regionala fr\u00e5gor, publicerat debattartiklar och ins\u00e4ndare samt deltagit i en m\u00e4ngd m\u00f6ten. Dessutom har flera intressanta bes\u00f6k genomf\u00f6rts, bland annat p\u00e5 bankmuseet i Vrigstad.Du kan se n\u00e5gra bilder fr\u00e5n v\u00e5r Read More\" \/>\n<meta property=\"og:url\" content=\"https:\/\/wp.kristdemokraterna.se\/savsjo\/arsmote-visar-fin-verksamhet\/\" \/>\n<meta property=\"og:site_name\" content=\"S\u00e4vsj\u00f6\" \/>\n<meta property=\"article:published_time\" content=\"2025-02-10T14:28:53+00:00\" \/>\n<meta property=\"article:modified_time\" content=\"2025-02-21T17:31:33+00:00\" \/>\n<meta property=\"og:image\" content=\"http:\/\/wp.kristdemokraterna.se\/savsjo\/files\/2025\/02\/verksamhetsberattelse-foto1.jpg\" \/>\n\t<meta property=\"og:image:width\" content=\"500\" \/>\n\t<meta property=\"og:image:height\" content=\"299\" \/>\n\t<meta property=\"og:image:type\" content=\"image\/jpeg\" \/>\n<meta name=\"author\" content=\"Stefan Gustafsson\" \/>\n<meta name=\"twitter:card\" content=\"summary_large_image\" \/>\n<meta name=\"twitter:label1\" content=\"Skriven av\" \/>\n\t<meta name=\"twitter:data1\" content=\"Stefan Gustafsson\" \/>\n\t<meta name=\"twitter:label2\" content=\"Ber\u00e4knad l\u00e4stid\" \/>\n\t<meta name=\"twitter:data2\" content=\"1 minut\" \/>\n<script type=\"application\/ld+json\" class=\"yoast-schema-graph\">{\"@context\":\"https:\\\/\\\/schema.org\",\"@graph\":[{\"@type\":\"Article\",\"@id\":\"https:\\\/\\\/wp.kristdemokraterna.se\\\/savsjo\\\/arsmote-visar-fin-verksamhet\\\/#article\",\"isPartOf\":{\"@id\":\"https:\\\/\\\/wp.kristdemokraterna.se\\\/savsjo\\\/arsmote-visar-fin-verksamhet\\\/\"},\"author\":{\"name\":\"Stefan Gustafsson\",\"@id\":\"https:\\\/\\\/wp.kristdemokraterna.se\\\/savsjo\\\/#\\\/schema\\\/person\\\/66a08fa678592f794fe60a50b249978a\"},\"headline\":\"Fin verksamhet \u00e5r 2024\",\"datePublished\":\"2025-02-10T14:28:53+00:00\",\"dateModified\":\"2025-02-21T17:31:33+00:00\",\"mainEntityOfPage\":{\"@id\":\"https:\\\/\\\/wp.kristdemokraterna.se\\\/savsjo\\\/arsmote-visar-fin-verksamhet\\\/\"},\"wordCount\":80,\"image\":{\"@id\":\"https:\\\/\\\/wp.kristdemokraterna.se\\\/savsjo\\\/arsmote-visar-fin-verksamhet\\\/#primaryimage\"},\"thumbnailUrl\":\"https:\\\/\\\/wp.kristdemokraterna.se\\\/savsjo\\\/files\\\/2025\\\/02\\\/verksamhetsberattelse-foto1.jpg\",\"inLanguage\":\"sv-SE\"},{\"@type\":\"WebPage\",\"@id\":\"https:\\\/\\\/wp.kristdemokraterna.se\\\/savsjo\\\/arsmote-visar-fin-verksamhet\\\/\",\"url\":\"https:\\\/\\\/wp.kristdemokraterna.se\\\/savsjo\\\/arsmote-visar-fin-verksamhet\\\/\",\"name\":\"Fin verksamhet \u00e5r 2024 - S\u00e4vsj\u00f6\",\"isPartOf\":{\"@id\":\"https:\\\/\\\/wp.kristdemokraterna.se\\\/savsjo\\\/#website\"},\"primaryImageOfPage\":{\"@id\":\"https:\\\/\\\/wp.kristdemokraterna.se\\\/savsjo\\\/arsmote-visar-fin-verksamhet\\\/#primaryimage\"},\"image\":{\"@id\":\"https:\\\/\\\/wp.kristdemokraterna.se\\\/savsjo\\\/arsmote-visar-fin-verksamhet\\\/#primaryimage\"},\"thumbnailUrl\":\"https:\\\/\\\/wp.kristdemokraterna.se\\\/savsjo\\\/files\\\/2025\\\/02\\\/verksamhetsberattelse-foto1.jpg\",\"datePublished\":\"2025-02-10T14:28:53+00:00\",\"dateModified\":\"2025-02-21T17:31:33+00:00\",\"author\":{\"@id\":\"https:\\\/\\\/wp.kristdemokraterna.se\\\/savsjo\\\/#\\\/schema\\\/person\\\/66a08fa678592f794fe60a50b249978a\"},\"breadcrumb\":{\"@id\":\"https:\\\/\\\/wp.kristdemokraterna.se\\\/savsjo\\\/arsmote-visar-fin-verksamhet\\\/#breadcrumb\"},\"inLanguage\":\"sv-SE\",\"potentialAction\":[{\"@type\":\"ReadAction\",\"target\":[\"https:\\\/\\\/wp.kristdemokraterna.se\\\/savsjo\\\/arsmote-visar-fin-verksamhet\\\/\"]}]},{\"@type\":\"ImageObject\",\"inLanguage\":\"sv-SE\",\"@id\":\"https:\\\/\\\/wp.kristdemokraterna.se\\\/savsjo\\\/arsmote-visar-fin-verksamhet\\\/#primaryimage\",\"url\":\"https:\\\/\\\/wp.kristdemokraterna.se\\\/savsjo\\\/files\\\/2025\\\/02\\\/verksamhetsberattelse-foto1.jpg\",\"contentUrl\":\"https:\\\/\\\/wp.kristdemokraterna.se\\\/savsjo\\\/files\\\/2025\\\/02\\\/verksamhetsberattelse-foto1.jpg\",\"width\":500,\"height\":299},{\"@type\":\"BreadcrumbList\",\"@id\":\"https:\\\/\\\/wp.kristdemokraterna.se\\\/savsjo\\\/arsmote-visar-fin-verksamhet\\\/#breadcrumb\",\"itemListElement\":[{\"@type\":\"ListItem\",\"position\":1,\"name\":\"Hem\",\"item\":\"https:\\\/\\\/wp.kristdemokraterna.se\\\/savsjo\\\/\"},{\"@type\":\"ListItem\",\"position\":2,\"name\":\"Fin verksamhet \u00e5r 2024\"}]},{\"@type\":\"WebSite\",\"@id\":\"https:\\\/\\\/wp.kristdemokraterna.se\\\/savsjo\\\/#website\",\"url\":\"https:\\\/\\\/wp.kristdemokraterna.se\\\/savsjo\\\/\",\"name\":\"S\u00e4vsj\u00f6\",\"description\":\"\",\"inLanguage\":\"sv-SE\"},{\"@type\":\"Person\",\"@id\":\"https:\\\/\\\/wp.kristdemokraterna.se\\\/savsjo\\\/#\\\/schema\\\/person\\\/66a08fa678592f794fe60a50b249978a\",\"name\":\"Stefan Gustafsson\",\"image\":{\"@type\":\"ImageObject\",\"inLanguage\":\"sv-SE\",\"@id\":\"https:\\\/\\\/secure.gravatar.com\\\/avatar\\\/d183d0fd8830afddde9ab5386edf3b3480a63f1fb3291da52adec75b3b7b6f60?s=96&r=g\",\"url\":\"https:\\\/\\\/secure.gravatar.com\\\/avatar\\\/d183d0fd8830afddde9ab5386edf3b3480a63f1fb3291da52adec75b3b7b6f60?s=96&r=g\",\"contentUrl\":\"https:\\\/\\\/secure.gravatar.com\\\/avatar\\\/d183d0fd8830afddde9ab5386edf3b3480a63f1fb3291da52adec75b3b7b6f60?s=96&r=g\",\"caption\":\"Stefan Gustafsson\"},\"url\":\"https:\\\/\\\/wp.kristdemokraterna.se\\\/savsjo\\\/author\\\/stgu\\\/\"}]}<\/script>\n<!-- \/ Yoast SEO plugin. -->","yoast_head_json":{"title":"Fin verksamhet \u00e5r 2024 - S\u00e4vsj\u00f6","robots":{"index":"index","follow":"follow","max-snippet":"max-snippet:-1","max-image-preview":"max-image-preview:large","max-video-preview":"max-video-preview:-1"},"canonical":"https:\/\/wp.kristdemokraterna.se\/savsjo\/arsmote-visar-fin-verksamhet\/","og_locale":"sv_SE","og_type":"article","og_title":"Fin verksamhet \u00e5r 2024 - S\u00e4vsj\u00f6","og_description":"N\u00e4r man l\u00e4ser verksamhetsber\u00e4ttelsen blir det tydligt hur mycket som har h\u00e4nt inom Kristdemokraterna i S\u00e4vsj\u00f6 kommun under \u00e5ret. Partiet har varit engagerat i olika regionala fr\u00e5gor, publicerat debattartiklar och ins\u00e4ndare samt deltagit i en m\u00e4ngd m\u00f6ten. Dessutom har flera intressanta bes\u00f6k genomf\u00f6rts, bland annat p\u00e5 bankmuseet i Vrigstad.Du kan se n\u00e5gra bilder fr\u00e5n v\u00e5r Read More","og_url":"https:\/\/wp.kristdemokraterna.se\/savsjo\/arsmote-visar-fin-verksamhet\/","og_site_name":"S\u00e4vsj\u00f6","article_published_time":"2025-02-10T14:28:53+00:00","article_modified_time":"2025-02-21T17:31:33+00:00","og_image":[{"width":500,"height":299,"url":"http:\/\/wp.kristdemokraterna.se\/savsjo\/files\/2025\/02\/verksamhetsberattelse-foto1.jpg","type":"image\/jpeg"}],"author":"Stefan Gustafsson","twitter_card":"summary_large_image","twitter_misc":{"Skriven av":"Stefan Gustafsson","Ber\u00e4knad l\u00e4stid":"1 minut"},"schema":{"@context":"https:\/\/schema.org","@graph":[{"@type":"Article","@id":"https:\/\/wp.kristdemokraterna.se\/savsjo\/arsmote-visar-fin-verksamhet\/#article","isPartOf":{"@id":"https:\/\/wp.kristdemokraterna.se\/savsjo\/arsmote-visar-fin-verksamhet\/"},"author":{"name":"Stefan Gustafsson","@id":"https:\/\/wp.kristdemokraterna.se\/savsjo\/#\/schema\/person\/66a08fa678592f794fe60a50b249978a"},"headline":"Fin verksamhet \u00e5r 2024","datePublished":"2025-02-10T14:28:53+00:00","dateModified":"2025-02-21T17:31:33+00:00","mainEntityOfPage":{"@id":"https:\/\/wp.kristdemokraterna.se\/savsjo\/arsmote-visar-fin-verksamhet\/"},"wordCount":80,"image":{"@id":"https:\/\/wp.kristdemokraterna.se\/savsjo\/arsmote-visar-fin-verksamhet\/#primaryimage"},"thumbnailUrl":"https:\/\/wp.kristdemokraterna.se\/savsjo\/files\/2025\/02\/verksamhetsberattelse-foto1.jpg","inLanguage":"sv-SE"},{"@type":"WebPage","@id":"https:\/\/wp.kristdemokraterna.se\/savsjo\/arsmote-visar-fin-verksamhet\/","url":"https:\/\/wp.kristdemokraterna.se\/savsjo\/arsmote-visar-fin-verksamhet\/","name":"Fin verksamhet \u00e5r 2024 - S\u00e4vsj\u00f6","isPartOf":{"@id":"https:\/\/wp.kristdemokraterna.se\/savsjo\/#website"},"primaryImageOfPage":{"@id":"https:\/\/wp.kristdemokraterna.se\/savsjo\/arsmote-visar-fin-verksamhet\/#primaryimage"},"image":{"@id":"https:\/\/wp.kristdemokraterna.se\/savsjo\/arsmote-visar-fin-verksamhet\/#primaryimage"},"thumbnailUrl":"https:\/\/wp.kristdemokraterna.se\/savsjo\/files\/2025\/02\/verksamhetsberattelse-foto1.jpg","datePublished":"2025-02-10T14:28:53+00:00","dateModified":"2025-02-21T17:31:33+00:00","author":{"@id":"https:\/\/wp.kristdemokraterna.se\/savsjo\/#\/schema\/person\/66a08fa678592f794fe60a50b249978a"},"breadcrumb":{"@id":"https:\/\/wp.kristdemokraterna.se\/savsjo\/arsmote-visar-fin-verksamhet\/#breadcrumb"},"inLanguage":"sv-SE","potentialAction":[{"@type":"ReadAction","target":["https:\/\/wp.kristdemokraterna.se\/savsjo\/arsmote-visar-fin-verksamhet\/"]}]},{"@type":"ImageObject","inLanguage":"sv-SE","@id":"https:\/\/wp.kristdemokraterna.se\/savsjo\/arsmote-visar-fin-verksamhet\/#primaryimage","url":"https:\/\/wp.kristdemokraterna.se\/savsjo\/files\/2025\/02\/verksamhetsberattelse-foto1.jpg","contentUrl":"https:\/\/wp.kristdemokraterna.se\/savsjo\/files\/2025\/02\/verksamhetsberattelse-foto1.jpg","width":500,"height":299},{"@type":"BreadcrumbList","@id":"https:\/\/wp.kristdemokraterna.se\/savsjo\/arsmote-visar-fin-verksamhet\/#breadcrumb","itemListElement":[{"@type":"ListItem","position":1,"name":"Hem","item":"https:\/\/wp.kristdemokraterna.se\/savsjo\/"},{"@type":"ListItem","position":2,"name":"Fin verksamhet \u00e5r 2024"}]},{"@type":"WebSite","@id":"https:\/\/wp.kristdemokraterna.se\/savsjo\/#website","url":"https:\/\/wp.kristdemokraterna.se\/savsjo\/","name":"S\u00e4vsj\u00f6","description":"","inLanguage":"sv-SE"},{"@type":"Person","@id":"https:\/\/wp.kristdemokraterna.se\/savsjo\/#\/schema\/person\/66a08fa678592f794fe60a50b249978a","name":"Stefan Gustafsson","image":{"@type":"ImageObject","inLanguage":"sv-SE","@id":"https:\/\/secure.gravatar.com\/avatar\/d183d0fd8830afddde9ab5386edf3b3480a63f1fb3291da52adec75b3b7b6f60?s=96&r=g","url":"https:\/\/secure.gravatar.com\/avatar\/d183d0fd8830afddde9ab5386edf3b3480a63f1fb3291da52adec75b3b7b6f60?s=96&r=g","contentUrl":"https:\/\/secure.gravatar.com\/avatar\/d183d0fd8830afddde9ab5386edf3b3480a63f1fb3291da52adec75b3b7b6f60?s=96&r=g","caption":"Stefan Gustafsson"},"url":"https:\/\/wp.kristdemokraterna.se\/savsjo\/author\/stgu\/"}]}},"_links":{"self":[{"href":"https:\/\/wp.kristdemokraterna.se\/savsjo\/wp-json\/wp\/v2\/posts\/4207","targetHints":{"allow":["GET"]}}],"collection":[{"href":"https:\/\/wp.kristdemokraterna.se\/savsjo\/wp-json\/wp\/v2\/posts"}],"about":[{"href":"https:\/\/wp.kristdemokraterna.se\/savsjo\/wp-json\/wp\/v2\/types\/post"}],"author":[{"embeddable":true,"href":"https:\/\/wp.kristdemokraterna.se\/savsjo\/wp-json\/wp\/v2\/users\/430"}],"replies":[{"embeddable":true,"href":"https:\/\/wp.kristdemokraterna.se\/savsjo\/wp-json\/wp\/v2\/comments?post=4207"}],"version-history":[{"count":5,"href":"https:\/\/wp.kristdemokraterna.se\/savsjo\/wp-json\/wp\/v2\/posts\/4207\/revisions"}],"predecessor-version":[{"id":4214,"href":"https:\/\/wp.kristdemokraterna.se\/savsjo\/wp-json\/wp\/v2\/posts\/4207\/revisions\/4214"}],"wp:featuredmedia":[{"embeddable":true,"href":"https:\/\/wp.kristdemokraterna.se\/savsjo\/wp-json\/wp\/v2\/media\/4208"}],"wp:attachment":[{"href":"https:\/\/wp.kristdemokraterna.se\/savsjo\/wp-json\/wp\/v2\/media?parent=4207"}],"wp:term":[{"taxonomy":"category","embeddable":true,"href":"https:\/\/wp.kristdemokraterna.se\/savsjo\/wp-json\/wp\/v2\/categories?post=4207"},{"taxonomy":"post_tag","embeddable":true,"href":"https:\/\/wp.kristdemokraterna.se\/savsjo\/wp-json\/wp\/v2\/tags?post=4207"}],"curies":[{"name":"wp","href":"https:\/\/api.w.org\/{rel}","templated":true}]}}