{"id":451,"date":"2014-05-08T10:59:45","date_gmt":"2014-05-08T08:59:45","guid":{"rendered":"http:\/\/wp.kristdemokraterna.se\/savsjo\/?p=451"},"modified":"2014-08-30T21:05:46","modified_gmt":"2014-08-30T19:05:46","slug":"linus-anderas-ny-ordforande-for-absi","status":"publish","type":"post","link":"https:\/\/wp.kristdemokraterna.se\/savsjo\/linus-anderas-ny-ordforande-for-absi\/","title":{"rendered":"Linus Ander\u00e5s ny ordf\u00f6rande f\u00f6r ABSI"},"content":{"rendered":"<p>Linus Ander\u00e5s har fr\u00e5n 6 maj klivit in i rollen som ny ordf\u00f6rande f\u00f6r S\u00e4vsj\u00f6 kommuns bolag f\u00f6r Industrilokaler \u201dABSI\u201d. Bolaget har under m\u00e5nga \u00e5r haft en\u00a0viktig roll f\u00f6r att f\u00f6retagen ska kunna v\u00e4xa och f\u00f6r det ska skapas en expanderande arbetsmarknad. \u00a0Linus kommer med sin erfarenheter och kompetens bli en stor tillg\u00e5ng. Linus \u00e4r en av Sveriges fr\u00e4msta webbutvecklare och programmerare och arbetar b\u00e5de internationellt och nationellt med organisationer som exempelvis Ibra och tidningen Dagen. Linus driver tillsammans med sin fru Magdalena f\u00f6retaget \u201dWeb result AB\u201d och \u00e4r lokalt en del i ledningen av H\u00f6glandskyrkan i S\u00e4vsj\u00f6. Med Linus engagemang i politiken f\u00e5r kristdemokraterna, S\u00e4vsj\u00f6 kommun och ABSI del av ny kompetens och erfarenheter.<!--more--><br \/>\nFakta om ABSI:<br \/>\nAB S\u00e4vsj\u00f6 Industribyggnader \u00e4r ett av S\u00e4vsj\u00f6 kommun hel\u00e4gt bolag med uppgift att bygga och hyra ut lokaler f\u00f6r industri, hantverk och f\u00f6rs\u00e4ljning. AB S\u00e4vsj\u00f6 Industribyggnader har ocks\u00e5 till uppgift att tillhandah\u00e5lla lokaler f\u00f6r tj\u00e4nstef\u00f6retag. AB S\u00e4vsj\u00f6 Industribyggnader skall vara aktiv n\u00e4r det g\u00e4ller att finna l\u00f6sningar b\u00e5de n\u00e4r det g\u00e4ller nyetableringar av industri- och tj\u00e4nstef\u00f6retag och utveckling av befintliga f\u00f6retag.<\/p>\n","protected":false},"excerpt":{"rendered":"<p>Linus Ander\u00e5s har fr\u00e5n 6 maj klivit in i rollen som ny ordf\u00f6rande f\u00f6r S\u00e4vsj\u00f6 kommuns bolag f\u00f6r Industrilokaler \u201dABSI\u201d. Bolaget har under m\u00e5nga \u00e5r haft en\u00a0viktig roll f\u00f6r att f\u00f6retagen ska kunna v\u00e4xa och f\u00f6r det ska skapas en expanderande arbetsmarknad. \u00a0Linus kommer med sin erfarenheter och kompetens bli en stor tillg\u00e5ng. Linus \u00e4r <a class=\"read-more-link\" href=\"https:\/\/wp.kristdemokraterna.se\/savsjo\/linus-anderas-ny-ordforande-for-absi\/\">Read More<\/a><\/p>\n","protected":false},"author":430,"featured_media":457,"comment_status":"closed","ping_status":"closed","sticky":false,"template":"","format":"standard","meta":{"_acf_changed":false,"footnotes":""},"categories":[1],"tags":[48,23,26],"class_list":["post-451","post","type-post","status-publish","format-standard","has-post-thumbnail","hentry","category-okategoriserade","tag-absi","tag-arbetsmarknad","tag-kompetens"],"acf":[],"yoast_head":"<!-- This site is optimized with the Yoast SEO plugin v27.5 - https:\/\/yoast.com\/product\/yoast-seo-wordpress\/ -->\n<title>Linus Ander\u00e5s ny ordf\u00f6rande f\u00f6r ABSI - S\u00e4vsj\u00f6<\/title>\n<meta name=\"robots\" content=\"index, follow, max-snippet:-1, max-image-preview:large, max-video-preview:-1\" \/>\n<link rel=\"canonical\" href=\"https:\/\/wp.kristdemokraterna.se\/savsjo\/linus-anderas-ny-ordforande-for-absi\/\" \/>\n<meta property=\"og:locale\" content=\"sv_SE\" \/>\n<meta property=\"og:type\" content=\"article\" \/>\n<meta property=\"og:title\" content=\"Linus Ander\u00e5s ny ordf\u00f6rande f\u00f6r ABSI - S\u00e4vsj\u00f6\" \/>\n<meta property=\"og:description\" content=\"Linus Ander\u00e5s har fr\u00e5n 6 maj klivit in i rollen som ny ordf\u00f6rande f\u00f6r S\u00e4vsj\u00f6 kommuns bolag f\u00f6r Industrilokaler \u201dABSI\u201d. Bolaget har under m\u00e5nga \u00e5r haft en\u00a0viktig roll f\u00f6r att f\u00f6retagen ska kunna v\u00e4xa och f\u00f6r det ska skapas en expanderande arbetsmarknad. \u00a0Linus kommer med sin erfarenheter och kompetens bli en stor tillg\u00e5ng. Linus \u00e4r Read More\" \/>\n<meta property=\"og:url\" content=\"https:\/\/wp.kristdemokraterna.se\/savsjo\/linus-anderas-ny-ordforande-for-absi\/\" \/>\n<meta property=\"og:site_name\" content=\"S\u00e4vsj\u00f6\" \/>\n<meta property=\"article:published_time\" content=\"2014-05-08T08:59:45+00:00\" \/>\n<meta property=\"article:modified_time\" content=\"2014-08-30T19:05:46+00:00\" \/>\n<meta property=\"og:image\" content=\"https:\/\/wp.kristdemokraterna.se\/savsjo\/files\/2014\/05\/linus-anderas-maj-2014-mini.jpg\" \/>\n\t<meta property=\"og:image:width\" content=\"153\" \/>\n\t<meta property=\"og:image:height\" content=\"223\" \/>\n\t<meta property=\"og:image:type\" content=\"image\/jpeg\" \/>\n<meta name=\"author\" content=\"Stefan Gustafsson\" \/>\n<meta name=\"twitter:card\" content=\"summary_large_image\" \/>\n<meta name=\"twitter:label1\" content=\"Skriven av\" \/>\n\t<meta name=\"twitter:data1\" content=\"Stefan Gustafsson\" \/>\n\t<meta name=\"twitter:label2\" content=\"Ber\u00e4knad l\u00e4stid\" \/>\n\t<meta name=\"twitter:data2\" content=\"1 minut\" \/>\n<script type=\"application\/ld+json\" class=\"yoast-schema-graph\">{\"@context\":\"https:\\\/\\\/schema.org\",\"@graph\":[{\"@type\":\"Article\",\"@id\":\"https:\\\/\\\/wp.kristdemokraterna.se\\\/savsjo\\\/linus-anderas-ny-ordforande-for-absi\\\/#article\",\"isPartOf\":{\"@id\":\"https:\\\/\\\/wp.kristdemokraterna.se\\\/savsjo\\\/linus-anderas-ny-ordforande-for-absi\\\/\"},\"author\":{\"name\":\"Stefan Gustafsson\",\"@id\":\"https:\\\/\\\/wp.kristdemokraterna.se\\\/savsjo\\\/#\\\/schema\\\/person\\\/66a08fa678592f794fe60a50b249978a\"},\"headline\":\"Linus Ander\u00e5s ny ordf\u00f6rande f\u00f6r ABSI\",\"datePublished\":\"2014-05-08T08:59:45+00:00\",\"dateModified\":\"2014-08-30T19:05:46+00:00\",\"mainEntityOfPage\":{\"@id\":\"https:\\\/\\\/wp.kristdemokraterna.se\\\/savsjo\\\/linus-anderas-ny-ordforande-for-absi\\\/\"},\"wordCount\":228,\"image\":{\"@id\":\"https:\\\/\\\/wp.kristdemokraterna.se\\\/savsjo\\\/linus-anderas-ny-ordforande-for-absi\\\/#primaryimage\"},\"thumbnailUrl\":\"https:\\\/\\\/wp.kristdemokraterna.se\\\/savsjo\\\/files\\\/2014\\\/05\\\/linus-anderas-maj-2014-mini.jpg\",\"keywords\":[\"ABSI\",\"Arbetsmarknad\",\"Kompetens\"],\"inLanguage\":\"sv-SE\"},{\"@type\":\"WebPage\",\"@id\":\"https:\\\/\\\/wp.kristdemokraterna.se\\\/savsjo\\\/linus-anderas-ny-ordforande-for-absi\\\/\",\"url\":\"https:\\\/\\\/wp.kristdemokraterna.se\\\/savsjo\\\/linus-anderas-ny-ordforande-for-absi\\\/\",\"name\":\"Linus Ander\u00e5s ny ordf\u00f6rande f\u00f6r ABSI - S\u00e4vsj\u00f6\",\"isPartOf\":{\"@id\":\"https:\\\/\\\/wp.kristdemokraterna.se\\\/savsjo\\\/#website\"},\"primaryImageOfPage\":{\"@id\":\"https:\\\/\\\/wp.kristdemokraterna.se\\\/savsjo\\\/linus-anderas-ny-ordforande-for-absi\\\/#primaryimage\"},\"image\":{\"@id\":\"https:\\\/\\\/wp.kristdemokraterna.se\\\/savsjo\\\/linus-anderas-ny-ordforande-for-absi\\\/#primaryimage\"},\"thumbnailUrl\":\"https:\\\/\\\/wp.kristdemokraterna.se\\\/savsjo\\\/files\\\/2014\\\/05\\\/linus-anderas-maj-2014-mini.jpg\",\"datePublished\":\"2014-05-08T08:59:45+00:00\",\"dateModified\":\"2014-08-30T19:05:46+00:00\",\"author\":{\"@id\":\"https:\\\/\\\/wp.kristdemokraterna.se\\\/savsjo\\\/#\\\/schema\\\/person\\\/66a08fa678592f794fe60a50b249978a\"},\"breadcrumb\":{\"@id\":\"https:\\\/\\\/wp.kristdemokraterna.se\\\/savsjo\\\/linus-anderas-ny-ordforande-for-absi\\\/#breadcrumb\"},\"inLanguage\":\"sv-SE\",\"potentialAction\":[{\"@type\":\"ReadAction\",\"target\":[\"https:\\\/\\\/wp.kristdemokraterna.se\\\/savsjo\\\/linus-anderas-ny-ordforande-for-absi\\\/\"]}]},{\"@type\":\"ImageObject\",\"inLanguage\":\"sv-SE\",\"@id\":\"https:\\\/\\\/wp.kristdemokraterna.se\\\/savsjo\\\/linus-anderas-ny-ordforande-for-absi\\\/#primaryimage\",\"url\":\"https:\\\/\\\/wp.kristdemokraterna.se\\\/savsjo\\\/files\\\/2014\\\/05\\\/linus-anderas-maj-2014-mini.jpg\",\"contentUrl\":\"https:\\\/\\\/wp.kristdemokraterna.se\\\/savsjo\\\/files\\\/2014\\\/05\\\/linus-anderas-maj-2014-mini.jpg\",\"width\":153,\"height\":223},{\"@type\":\"BreadcrumbList\",\"@id\":\"https:\\\/\\\/wp.kristdemokraterna.se\\\/savsjo\\\/linus-anderas-ny-ordforande-for-absi\\\/#breadcrumb\",\"itemListElement\":[{\"@type\":\"ListItem\",\"position\":1,\"name\":\"Hem\",\"item\":\"https:\\\/\\\/wp.kristdemokraterna.se\\\/savsjo\\\/\"},{\"@type\":\"ListItem\",\"position\":2,\"name\":\"Linus Ander\u00e5s ny ordf\u00f6rande f\u00f6r ABSI\"}]},{\"@type\":\"WebSite\",\"@id\":\"https:\\\/\\\/wp.kristdemokraterna.se\\\/savsjo\\\/#website\",\"url\":\"https:\\\/\\\/wp.kristdemokraterna.se\\\/savsjo\\\/\",\"name\":\"S\u00e4vsj\u00f6\",\"description\":\"\",\"inLanguage\":\"sv-SE\"},{\"@type\":\"Person\",\"@id\":\"https:\\\/\\\/wp.kristdemokraterna.se\\\/savsjo\\\/#\\\/schema\\\/person\\\/66a08fa678592f794fe60a50b249978a\",\"name\":\"Stefan Gustafsson\",\"image\":{\"@type\":\"ImageObject\",\"inLanguage\":\"sv-SE\",\"@id\":\"https:\\\/\\\/secure.gravatar.com\\\/avatar\\\/d183d0fd8830afddde9ab5386edf3b3480a63f1fb3291da52adec75b3b7b6f60?s=96&r=g\",\"url\":\"https:\\\/\\\/secure.gravatar.com\\\/avatar\\\/d183d0fd8830afddde9ab5386edf3b3480a63f1fb3291da52adec75b3b7b6f60?s=96&r=g\",\"contentUrl\":\"https:\\\/\\\/secure.gravatar.com\\\/avatar\\\/d183d0fd8830afddde9ab5386edf3b3480a63f1fb3291da52adec75b3b7b6f60?s=96&r=g\",\"caption\":\"Stefan Gustafsson\"},\"url\":\"https:\\\/\\\/wp.kristdemokraterna.se\\\/savsjo\\\/author\\\/stgu\\\/\"}]}<\/script>\n<!-- \/ Yoast SEO plugin. -->","yoast_head_json":{"title":"Linus Ander\u00e5s ny ordf\u00f6rande f\u00f6r ABSI - S\u00e4vsj\u00f6","robots":{"index":"index","follow":"follow","max-snippet":"max-snippet:-1","max-image-preview":"max-image-preview:large","max-video-preview":"max-video-preview:-1"},"canonical":"https:\/\/wp.kristdemokraterna.se\/savsjo\/linus-anderas-ny-ordforande-for-absi\/","og_locale":"sv_SE","og_type":"article","og_title":"Linus Ander\u00e5s ny ordf\u00f6rande f\u00f6r ABSI - S\u00e4vsj\u00f6","og_description":"Linus Ander\u00e5s har fr\u00e5n 6 maj klivit in i rollen som ny ordf\u00f6rande f\u00f6r S\u00e4vsj\u00f6 kommuns bolag f\u00f6r Industrilokaler \u201dABSI\u201d. Bolaget har under m\u00e5nga \u00e5r haft en\u00a0viktig roll f\u00f6r att f\u00f6retagen ska kunna v\u00e4xa och f\u00f6r det ska skapas en expanderande arbetsmarknad. \u00a0Linus kommer med sin erfarenheter och kompetens bli en stor tillg\u00e5ng. Linus \u00e4r Read More","og_url":"https:\/\/wp.kristdemokraterna.se\/savsjo\/linus-anderas-ny-ordforande-for-absi\/","og_site_name":"S\u00e4vsj\u00f6","article_published_time":"2014-05-08T08:59:45+00:00","article_modified_time":"2014-08-30T19:05:46+00:00","og_image":[{"width":153,"height":223,"url":"https:\/\/wp.kristdemokraterna.se\/savsjo\/files\/2014\/05\/linus-anderas-maj-2014-mini.jpg","type":"image\/jpeg"}],"author":"Stefan Gustafsson","twitter_card":"summary_large_image","twitter_misc":{"Skriven av":"Stefan Gustafsson","Ber\u00e4knad l\u00e4stid":"1 minut"},"schema":{"@context":"https:\/\/schema.org","@graph":[{"@type":"Article","@id":"https:\/\/wp.kristdemokraterna.se\/savsjo\/linus-anderas-ny-ordforande-for-absi\/#article","isPartOf":{"@id":"https:\/\/wp.kristdemokraterna.se\/savsjo\/linus-anderas-ny-ordforande-for-absi\/"},"author":{"name":"Stefan Gustafsson","@id":"https:\/\/wp.kristdemokraterna.se\/savsjo\/#\/schema\/person\/66a08fa678592f794fe60a50b249978a"},"headline":"Linus Ander\u00e5s ny ordf\u00f6rande f\u00f6r ABSI","datePublished":"2014-05-08T08:59:45+00:00","dateModified":"2014-08-30T19:05:46+00:00","mainEntityOfPage":{"@id":"https:\/\/wp.kristdemokraterna.se\/savsjo\/linus-anderas-ny-ordforande-for-absi\/"},"wordCount":228,"image":{"@id":"https:\/\/wp.kristdemokraterna.se\/savsjo\/linus-anderas-ny-ordforande-for-absi\/#primaryimage"},"thumbnailUrl":"https:\/\/wp.kristdemokraterna.se\/savsjo\/files\/2014\/05\/linus-anderas-maj-2014-mini.jpg","keywords":["ABSI","Arbetsmarknad","Kompetens"],"inLanguage":"sv-SE"},{"@type":"WebPage","@id":"https:\/\/wp.kristdemokraterna.se\/savsjo\/linus-anderas-ny-ordforande-for-absi\/","url":"https:\/\/wp.kristdemokraterna.se\/savsjo\/linus-anderas-ny-ordforande-for-absi\/","name":"Linus Ander\u00e5s ny ordf\u00f6rande f\u00f6r ABSI - S\u00e4vsj\u00f6","isPartOf":{"@id":"https:\/\/wp.kristdemokraterna.se\/savsjo\/#website"},"primaryImageOfPage":{"@id":"https:\/\/wp.kristdemokraterna.se\/savsjo\/linus-anderas-ny-ordforande-for-absi\/#primaryimage"},"image":{"@id":"https:\/\/wp.kristdemokraterna.se\/savsjo\/linus-anderas-ny-ordforande-for-absi\/#primaryimage"},"thumbnailUrl":"https:\/\/wp.kristdemokraterna.se\/savsjo\/files\/2014\/05\/linus-anderas-maj-2014-mini.jpg","datePublished":"2014-05-08T08:59:45+00:00","dateModified":"2014-08-30T19:05:46+00:00","author":{"@id":"https:\/\/wp.kristdemokraterna.se\/savsjo\/#\/schema\/person\/66a08fa678592f794fe60a50b249978a"},"breadcrumb":{"@id":"https:\/\/wp.kristdemokraterna.se\/savsjo\/linus-anderas-ny-ordforande-for-absi\/#breadcrumb"},"inLanguage":"sv-SE","potentialAction":[{"@type":"ReadAction","target":["https:\/\/wp.kristdemokraterna.se\/savsjo\/linus-anderas-ny-ordforande-for-absi\/"]}]},{"@type":"ImageObject","inLanguage":"sv-SE","@id":"https:\/\/wp.kristdemokraterna.se\/savsjo\/linus-anderas-ny-ordforande-for-absi\/#primaryimage","url":"https:\/\/wp.kristdemokraterna.se\/savsjo\/files\/2014\/05\/linus-anderas-maj-2014-mini.jpg","contentUrl":"https:\/\/wp.kristdemokraterna.se\/savsjo\/files\/2014\/05\/linus-anderas-maj-2014-mini.jpg","width":153,"height":223},{"@type":"BreadcrumbList","@id":"https:\/\/wp.kristdemokraterna.se\/savsjo\/linus-anderas-ny-ordforande-for-absi\/#breadcrumb","itemListElement":[{"@type":"ListItem","position":1,"name":"Hem","item":"https:\/\/wp.kristdemokraterna.se\/savsjo\/"},{"@type":"ListItem","position":2,"name":"Linus Ander\u00e5s ny ordf\u00f6rande f\u00f6r ABSI"}]},{"@type":"WebSite","@id":"https:\/\/wp.kristdemokraterna.se\/savsjo\/#website","url":"https:\/\/wp.kristdemokraterna.se\/savsjo\/","name":"S\u00e4vsj\u00f6","description":"","inLanguage":"sv-SE"},{"@type":"Person","@id":"https:\/\/wp.kristdemokraterna.se\/savsjo\/#\/schema\/person\/66a08fa678592f794fe60a50b249978a","name":"Stefan Gustafsson","image":{"@type":"ImageObject","inLanguage":"sv-SE","@id":"https:\/\/secure.gravatar.com\/avatar\/d183d0fd8830afddde9ab5386edf3b3480a63f1fb3291da52adec75b3b7b6f60?s=96&r=g","url":"https:\/\/secure.gravatar.com\/avatar\/d183d0fd8830afddde9ab5386edf3b3480a63f1fb3291da52adec75b3b7b6f60?s=96&r=g","contentUrl":"https:\/\/secure.gravatar.com\/avatar\/d183d0fd8830afddde9ab5386edf3b3480a63f1fb3291da52adec75b3b7b6f60?s=96&r=g","caption":"Stefan Gustafsson"},"url":"https:\/\/wp.kristdemokraterna.se\/savsjo\/author\/stgu\/"}]}},"_links":{"self":[{"href":"https:\/\/wp.kristdemokraterna.se\/savsjo\/wp-json\/wp\/v2\/posts\/451","targetHints":{"allow":["GET"]}}],"collection":[{"href":"https:\/\/wp.kristdemokraterna.se\/savsjo\/wp-json\/wp\/v2\/posts"}],"about":[{"href":"https:\/\/wp.kristdemokraterna.se\/savsjo\/wp-json\/wp\/v2\/types\/post"}],"author":[{"embeddable":true,"href":"https:\/\/wp.kristdemokraterna.se\/savsjo\/wp-json\/wp\/v2\/users\/430"}],"replies":[{"embeddable":true,"href":"https:\/\/wp.kristdemokraterna.se\/savsjo\/wp-json\/wp\/v2\/comments?post=451"}],"version-history":[{"count":11,"href":"https:\/\/wp.kristdemokraterna.se\/savsjo\/wp-json\/wp\/v2\/posts\/451\/revisions"}],"predecessor-version":[{"id":685,"href":"https:\/\/wp.kristdemokraterna.se\/savsjo\/wp-json\/wp\/v2\/posts\/451\/revisions\/685"}],"wp:featuredmedia":[{"embeddable":true,"href":"https:\/\/wp.kristdemokraterna.se\/savsjo\/wp-json\/wp\/v2\/media\/457"}],"wp:attachment":[{"href":"https:\/\/wp.kristdemokraterna.se\/savsjo\/wp-json\/wp\/v2\/media?parent=451"}],"wp:term":[{"taxonomy":"category","embeddable":true,"href":"https:\/\/wp.kristdemokraterna.se\/savsjo\/wp-json\/wp\/v2\/categories?post=451"},{"taxonomy":"post_tag","embeddable":true,"href":"https:\/\/wp.kristdemokraterna.se\/savsjo\/wp-json\/wp\/v2\/tags?post=451"}],"curies":[{"name":"wp","href":"https:\/\/api.w.org\/{rel}","templated":true}]}}