{"id":4548,"date":"2026-08-27T16:16:15","date_gmt":"2026-08-27T14:16:15","guid":{"rendered":"https:\/\/wp.kristdemokraterna.se\/savsjo\/?p=4548"},"modified":"2026-08-31T12:23:23","modified_gmt":"2026-08-31T10:23:23","slug":"vart-lokala-valprogram-i-kommunvalet-2026","status":"publish","type":"post","link":"https:\/\/wp.kristdemokraterna.se\/savsjo\/vart-lokala-valprogram-i-kommunvalet-2026\/","title":{"rendered":"V\u00e5rt lokala valprogram i kommunvalet 2026"},"content":{"rendered":"<p>Nu kan du l\u00e4sa v\u00e5rt lokala valprogram i kommunvalet 2026. V\u00e5ra viktigaste fr\u00e5gor i kommunvalet \u00e4r att S\u00e4vsj\u00f6 kommun ska vara en barn- och familjev\u00e4nlig kommun med en v\u00e4rdig \u00e4ldreomsorg och ett gott f\u00f6retagsklimat. <!--more-->F\u00f6r att lyckas i dessa fr\u00e5gor och f\u00f6r att utveckla kommunen som helhet kr\u00e4vs samtidigt en bredd av f\u00f6rslag. I valprogrammet presenteras d\u00e4rf\u00f6r f\u00f6rslag och fr\u00e5gor att prioritera inom tolv olika omr\u00e5den. Valprogrammet \u00e4r antaget av partiavdelningsstyrelsen efter ett arbete tillsammans med valledningsgruppen och olika forum med partigruppen i kommunen.<\/p>\n<p>Du kommer till sidan med valprogrammet genom att <a href=\"https:\/\/wp.kristdemokraterna.se\/savsjo\/val\/kommunval\/\">klicka h\u00e4r<\/a>.<\/p>\n","protected":false},"excerpt":{"rendered":"<p>Nu kan du l\u00e4sa v\u00e5rt lokala valprogram i kommunvalet 2026. V\u00e5ra viktigaste fr\u00e5gor i kommunvalet \u00e4r att S\u00e4vsj\u00f6 kommun ska vara en barn- och familjev\u00e4nlig kommun med en v\u00e4rdig \u00e4ldreomsorg och ett gott f\u00f6retagsklimat.<\/p>\n","protected":false},"author":430,"featured_media":0,"comment_status":"closed","ping_status":"closed","sticky":false,"template":"","format":"standard","meta":{"_acf_changed":false,"footnotes":""},"categories":[1],"tags":[],"class_list":["post-4548","post","type-post","status-publish","format-standard","hentry","category-nyheter"],"acf":[],"_links":{"self":[{"href":"https:\/\/wp.kristdemokraterna.se\/savsjo\/wp-json\/wp\/v2\/posts\/4548","targetHints":{"allow":["GET"]}}],"collection":[{"href":"https:\/\/wp.kristdemokraterna.se\/savsjo\/wp-json\/wp\/v2\/posts"}],"about":[{"href":"https:\/\/wp.kristdemokraterna.se\/savsjo\/wp-json\/wp\/v2\/types\/post"}],"author":[{"embeddable":true,"href":"https:\/\/wp.kristdemokraterna.se\/savsjo\/wp-json\/wp\/v2\/users\/430"}],"replies":[{"embeddable":true,"href":"https:\/\/wp.kristdemokraterna.se\/savsjo\/wp-json\/wp\/v2\/comments?post=4548"}],"version-history":[{"count":1,"href":"https:\/\/wp.kristdemokraterna.se\/savsjo\/wp-json\/wp\/v2\/posts\/4548\/revisions"}],"predecessor-version":[{"id":4550,"href":"https:\/\/wp.kristdemokraterna.se\/savsjo\/wp-json\/wp\/v2\/posts\/4548\/revisions\/4550"}],"wp:attachment":[{"href":"https:\/\/wp.kristdemokraterna.se\/savsjo\/wp-json\/wp\/v2\/media?parent=4548"}],"wp:term":[{"taxonomy":"category","embeddable":true,"href":"https:\/\/wp.kristdemokraterna.se\/savsjo\/wp-json\/wp\/v2\/categories?post=4548"},{"taxonomy":"post_tag","embeddable":true,"href":"https:\/\/wp.kristdemokraterna.se\/savsjo\/wp-json\/wp\/v2\/tags?post=4548"}],"curies":[{"name":"wp","href":"https:\/\/api.w.org\/{rel}","templated":true}]}}