{"id":498,"date":"2014-05-29T23:07:30","date_gmt":"2014-05-29T21:07:30","guid":{"rendered":"http:\/\/wp.kristdemokraterna.se\/savsjo\/?p=498"},"modified":"2014-08-28T12:54:15","modified_gmt":"2014-08-28T10:54:15","slug":"mot-oss-pa-varglada-savsjo-30-maj","status":"publish","type":"post","link":"https:\/\/wp.kristdemokraterna.se\/savsjo\/mot-oss-pa-varglada-savsjo-30-maj\/","title":{"rendered":"V\u00e5rglada S\u00e4vsj\u00f6 med politik"},"content":{"rendered":"<p>Kristdemokraterna var p\u00e5 torget i S\u00e4vsj\u00f6 fredag 30 maj mellan 09 \u00a0och 13. Det var ett fint v\u00e5rv\u00e4der med sol och helt molnfri himmel. M\u00e5nga bes\u00f6kte f\u00f6r en stunds samtal om politik \u00f6ver en kopp kaffe!<\/p>\n","protected":false},"excerpt":{"rendered":"<p>Kristdemokraterna var p\u00e5 torget i S\u00e4vsj\u00f6 fredag 30 maj mellan 09 \u00a0och 13. Det var ett fint v\u00e5rv\u00e4der med sol och helt molnfri himmel. M\u00e5nga bes\u00f6kte f\u00f6r en stunds samtal om politik \u00f6ver en kopp kaffe!<\/p>\n","protected":false},"author":430,"featured_media":503,"comment_status":"closed","ping_status":"closed","sticky":false,"template":"","format":"standard","meta":{"_acf_changed":false,"footnotes":""},"categories":[1],"tags":[],"class_list":["post-498","post","type-post","status-publish","format-standard","has-post-thumbnail","hentry","category-okategoriserade"],"acf":[],"yoast_head":"<!-- This site is optimized with the Yoast SEO plugin v27.5 - https:\/\/yoast.com\/product\/yoast-seo-wordpress\/ -->\n<title>V\u00e5rglada S\u00e4vsj\u00f6 med politik - S\u00e4vsj\u00f6<\/title>\n<meta name=\"robots\" content=\"index, follow, max-snippet:-1, max-image-preview:large, max-video-preview:-1\" \/>\n<link rel=\"canonical\" href=\"https:\/\/wp.kristdemokraterna.se\/savsjo\/mot-oss-pa-varglada-savsjo-30-maj\/\" \/>\n<meta property=\"og:locale\" content=\"sv_SE\" \/>\n<meta property=\"og:type\" content=\"article\" \/>\n<meta property=\"og:title\" content=\"V\u00e5rglada S\u00e4vsj\u00f6 med politik - S\u00e4vsj\u00f6\" \/>\n<meta property=\"og:description\" content=\"Kristdemokraterna var p\u00e5 torget i S\u00e4vsj\u00f6 fredag 30 maj mellan 09 \u00a0och 13. Det var ett fint v\u00e5rv\u00e4der med sol och helt molnfri himmel. M\u00e5nga bes\u00f6kte f\u00f6r en stunds samtal om politik \u00f6ver en kopp kaffe!\" \/>\n<meta property=\"og:url\" content=\"https:\/\/wp.kristdemokraterna.se\/savsjo\/mot-oss-pa-varglada-savsjo-30-maj\/\" \/>\n<meta property=\"og:site_name\" content=\"S\u00e4vsj\u00f6\" \/>\n<meta property=\"article:published_time\" content=\"2014-05-29T21:07:30+00:00\" \/>\n<meta property=\"article:modified_time\" content=\"2014-08-28T10:54:15+00:00\" \/>\n<meta property=\"og:image\" content=\"https:\/\/wp.kristdemokraterna.se\/savsjo\/files\/2014\/05\/varglada-kd-540x409.jpg\" \/>\n\t<meta property=\"og:image:width\" content=\"540\" \/>\n\t<meta property=\"og:image:height\" content=\"409\" \/>\n\t<meta property=\"og:image:type\" content=\"image\/jpeg\" \/>\n<meta name=\"author\" content=\"Stefan Gustafsson\" \/>\n<meta name=\"twitter:card\" content=\"summary_large_image\" \/>\n<meta name=\"twitter:label1\" content=\"Skriven av\" \/>\n\t<meta name=\"twitter:data1\" content=\"Stefan Gustafsson\" \/>\n<script type=\"application\/ld+json\" class=\"yoast-schema-graph\">{\"@context\":\"https:\\\/\\\/schema.org\",\"@graph\":[{\"@type\":\"Article\",\"@id\":\"https:\\\/\\\/wp.kristdemokraterna.se\\\/savsjo\\\/mot-oss-pa-varglada-savsjo-30-maj\\\/#article\",\"isPartOf\":{\"@id\":\"https:\\\/\\\/wp.kristdemokraterna.se\\\/savsjo\\\/mot-oss-pa-varglada-savsjo-30-maj\\\/\"},\"author\":{\"name\":\"Stefan Gustafsson\",\"@id\":\"https:\\\/\\\/wp.kristdemokraterna.se\\\/savsjo\\\/#\\\/schema\\\/person\\\/66a08fa678592f794fe60a50b249978a\"},\"headline\":\"V\u00e5rglada S\u00e4vsj\u00f6 med politik\",\"datePublished\":\"2014-05-29T21:07:30+00:00\",\"dateModified\":\"2014-08-28T10:54:15+00:00\",\"mainEntityOfPage\":{\"@id\":\"https:\\\/\\\/wp.kristdemokraterna.se\\\/savsjo\\\/mot-oss-pa-varglada-savsjo-30-maj\\\/\"},\"wordCount\":45,\"image\":{\"@id\":\"https:\\\/\\\/wp.kristdemokraterna.se\\\/savsjo\\\/mot-oss-pa-varglada-savsjo-30-maj\\\/#primaryimage\"},\"thumbnailUrl\":\"https:\\\/\\\/wp.kristdemokraterna.se\\\/savsjo\\\/files\\\/2014\\\/05\\\/varglada-kd.jpg\",\"inLanguage\":\"sv-SE\"},{\"@type\":\"WebPage\",\"@id\":\"https:\\\/\\\/wp.kristdemokraterna.se\\\/savsjo\\\/mot-oss-pa-varglada-savsjo-30-maj\\\/\",\"url\":\"https:\\\/\\\/wp.kristdemokraterna.se\\\/savsjo\\\/mot-oss-pa-varglada-savsjo-30-maj\\\/\",\"name\":\"V\u00e5rglada S\u00e4vsj\u00f6 med politik - S\u00e4vsj\u00f6\",\"isPartOf\":{\"@id\":\"https:\\\/\\\/wp.kristdemokraterna.se\\\/savsjo\\\/#website\"},\"primaryImageOfPage\":{\"@id\":\"https:\\\/\\\/wp.kristdemokraterna.se\\\/savsjo\\\/mot-oss-pa-varglada-savsjo-30-maj\\\/#primaryimage\"},\"image\":{\"@id\":\"https:\\\/\\\/wp.kristdemokraterna.se\\\/savsjo\\\/mot-oss-pa-varglada-savsjo-30-maj\\\/#primaryimage\"},\"thumbnailUrl\":\"https:\\\/\\\/wp.kristdemokraterna.se\\\/savsjo\\\/files\\\/2014\\\/05\\\/varglada-kd.jpg\",\"datePublished\":\"2014-05-29T21:07:30+00:00\",\"dateModified\":\"2014-08-28T10:54:15+00:00\",\"author\":{\"@id\":\"https:\\\/\\\/wp.kristdemokraterna.se\\\/savsjo\\\/#\\\/schema\\\/person\\\/66a08fa678592f794fe60a50b249978a\"},\"breadcrumb\":{\"@id\":\"https:\\\/\\\/wp.kristdemokraterna.se\\\/savsjo\\\/mot-oss-pa-varglada-savsjo-30-maj\\\/#breadcrumb\"},\"inLanguage\":\"sv-SE\",\"potentialAction\":[{\"@type\":\"ReadAction\",\"target\":[\"https:\\\/\\\/wp.kristdemokraterna.se\\\/savsjo\\\/mot-oss-pa-varglada-savsjo-30-maj\\\/\"]}]},{\"@type\":\"ImageObject\",\"inLanguage\":\"sv-SE\",\"@id\":\"https:\\\/\\\/wp.kristdemokraterna.se\\\/savsjo\\\/mot-oss-pa-varglada-savsjo-30-maj\\\/#primaryimage\",\"url\":\"https:\\\/\\\/wp.kristdemokraterna.se\\\/savsjo\\\/files\\\/2014\\\/05\\\/varglada-kd.jpg\",\"contentUrl\":\"https:\\\/\\\/wp.kristdemokraterna.se\\\/savsjo\\\/files\\\/2014\\\/05\\\/varglada-kd.jpg\",\"width\":2481,\"height\":1882},{\"@type\":\"BreadcrumbList\",\"@id\":\"https:\\\/\\\/wp.kristdemokraterna.se\\\/savsjo\\\/mot-oss-pa-varglada-savsjo-30-maj\\\/#breadcrumb\",\"itemListElement\":[{\"@type\":\"ListItem\",\"position\":1,\"name\":\"Hem\",\"item\":\"https:\\\/\\\/wp.kristdemokraterna.se\\\/savsjo\\\/\"},{\"@type\":\"ListItem\",\"position\":2,\"name\":\"V\u00e5rglada S\u00e4vsj\u00f6 med politik\"}]},{\"@type\":\"WebSite\",\"@id\":\"https:\\\/\\\/wp.kristdemokraterna.se\\\/savsjo\\\/#website\",\"url\":\"https:\\\/\\\/wp.kristdemokraterna.se\\\/savsjo\\\/\",\"name\":\"S\u00e4vsj\u00f6\",\"description\":\"\",\"inLanguage\":\"sv-SE\"},{\"@type\":\"Person\",\"@id\":\"https:\\\/\\\/wp.kristdemokraterna.se\\\/savsjo\\\/#\\\/schema\\\/person\\\/66a08fa678592f794fe60a50b249978a\",\"name\":\"Stefan Gustafsson\",\"image\":{\"@type\":\"ImageObject\",\"inLanguage\":\"sv-SE\",\"@id\":\"https:\\\/\\\/secure.gravatar.com\\\/avatar\\\/d183d0fd8830afddde9ab5386edf3b3480a63f1fb3291da52adec75b3b7b6f60?s=96&r=g\",\"url\":\"https:\\\/\\\/secure.gravatar.com\\\/avatar\\\/d183d0fd8830afddde9ab5386edf3b3480a63f1fb3291da52adec75b3b7b6f60?s=96&r=g\",\"contentUrl\":\"https:\\\/\\\/secure.gravatar.com\\\/avatar\\\/d183d0fd8830afddde9ab5386edf3b3480a63f1fb3291da52adec75b3b7b6f60?s=96&r=g\",\"caption\":\"Stefan Gustafsson\"},\"url\":\"https:\\\/\\\/wp.kristdemokraterna.se\\\/savsjo\\\/author\\\/stgu\\\/\"}]}<\/script>\n<!-- \/ Yoast SEO plugin. -->","yoast_head_json":{"title":"V\u00e5rglada S\u00e4vsj\u00f6 med politik - S\u00e4vsj\u00f6","robots":{"index":"index","follow":"follow","max-snippet":"max-snippet:-1","max-image-preview":"max-image-preview:large","max-video-preview":"max-video-preview:-1"},"canonical":"https:\/\/wp.kristdemokraterna.se\/savsjo\/mot-oss-pa-varglada-savsjo-30-maj\/","og_locale":"sv_SE","og_type":"article","og_title":"V\u00e5rglada S\u00e4vsj\u00f6 med politik - S\u00e4vsj\u00f6","og_description":"Kristdemokraterna var p\u00e5 torget i S\u00e4vsj\u00f6 fredag 30 maj mellan 09 \u00a0och 13. Det var ett fint v\u00e5rv\u00e4der med sol och helt molnfri himmel. M\u00e5nga bes\u00f6kte f\u00f6r en stunds samtal om politik \u00f6ver en kopp kaffe!","og_url":"https:\/\/wp.kristdemokraterna.se\/savsjo\/mot-oss-pa-varglada-savsjo-30-maj\/","og_site_name":"S\u00e4vsj\u00f6","article_published_time":"2014-05-29T21:07:30+00:00","article_modified_time":"2014-08-28T10:54:15+00:00","og_image":[{"width":540,"height":409,"url":"https:\/\/wp.kristdemokraterna.se\/savsjo\/files\/2014\/05\/varglada-kd-540x409.jpg","type":"image\/jpeg"}],"author":"Stefan Gustafsson","twitter_card":"summary_large_image","twitter_misc":{"Skriven av":"Stefan Gustafsson"},"schema":{"@context":"https:\/\/schema.org","@graph":[{"@type":"Article","@id":"https:\/\/wp.kristdemokraterna.se\/savsjo\/mot-oss-pa-varglada-savsjo-30-maj\/#article","isPartOf":{"@id":"https:\/\/wp.kristdemokraterna.se\/savsjo\/mot-oss-pa-varglada-savsjo-30-maj\/"},"author":{"name":"Stefan Gustafsson","@id":"https:\/\/wp.kristdemokraterna.se\/savsjo\/#\/schema\/person\/66a08fa678592f794fe60a50b249978a"},"headline":"V\u00e5rglada S\u00e4vsj\u00f6 med politik","datePublished":"2014-05-29T21:07:30+00:00","dateModified":"2014-08-28T10:54:15+00:00","mainEntityOfPage":{"@id":"https:\/\/wp.kristdemokraterna.se\/savsjo\/mot-oss-pa-varglada-savsjo-30-maj\/"},"wordCount":45,"image":{"@id":"https:\/\/wp.kristdemokraterna.se\/savsjo\/mot-oss-pa-varglada-savsjo-30-maj\/#primaryimage"},"thumbnailUrl":"https:\/\/wp.kristdemokraterna.se\/savsjo\/files\/2014\/05\/varglada-kd.jpg","inLanguage":"sv-SE"},{"@type":"WebPage","@id":"https:\/\/wp.kristdemokraterna.se\/savsjo\/mot-oss-pa-varglada-savsjo-30-maj\/","url":"https:\/\/wp.kristdemokraterna.se\/savsjo\/mot-oss-pa-varglada-savsjo-30-maj\/","name":"V\u00e5rglada S\u00e4vsj\u00f6 med politik - S\u00e4vsj\u00f6","isPartOf":{"@id":"https:\/\/wp.kristdemokraterna.se\/savsjo\/#website"},"primaryImageOfPage":{"@id":"https:\/\/wp.kristdemokraterna.se\/savsjo\/mot-oss-pa-varglada-savsjo-30-maj\/#primaryimage"},"image":{"@id":"https:\/\/wp.kristdemokraterna.se\/savsjo\/mot-oss-pa-varglada-savsjo-30-maj\/#primaryimage"},"thumbnailUrl":"https:\/\/wp.kristdemokraterna.se\/savsjo\/files\/2014\/05\/varglada-kd.jpg","datePublished":"2014-05-29T21:07:30+00:00","dateModified":"2014-08-28T10:54:15+00:00","author":{"@id":"https:\/\/wp.kristdemokraterna.se\/savsjo\/#\/schema\/person\/66a08fa678592f794fe60a50b249978a"},"breadcrumb":{"@id":"https:\/\/wp.kristdemokraterna.se\/savsjo\/mot-oss-pa-varglada-savsjo-30-maj\/#breadcrumb"},"inLanguage":"sv-SE","potentialAction":[{"@type":"ReadAction","target":["https:\/\/wp.kristdemokraterna.se\/savsjo\/mot-oss-pa-varglada-savsjo-30-maj\/"]}]},{"@type":"ImageObject","inLanguage":"sv-SE","@id":"https:\/\/wp.kristdemokraterna.se\/savsjo\/mot-oss-pa-varglada-savsjo-30-maj\/#primaryimage","url":"https:\/\/wp.kristdemokraterna.se\/savsjo\/files\/2014\/05\/varglada-kd.jpg","contentUrl":"https:\/\/wp.kristdemokraterna.se\/savsjo\/files\/2014\/05\/varglada-kd.jpg","width":2481,"height":1882},{"@type":"BreadcrumbList","@id":"https:\/\/wp.kristdemokraterna.se\/savsjo\/mot-oss-pa-varglada-savsjo-30-maj\/#breadcrumb","itemListElement":[{"@type":"ListItem","position":1,"name":"Hem","item":"https:\/\/wp.kristdemokraterna.se\/savsjo\/"},{"@type":"ListItem","position":2,"name":"V\u00e5rglada S\u00e4vsj\u00f6 med politik"}]},{"@type":"WebSite","@id":"https:\/\/wp.kristdemokraterna.se\/savsjo\/#website","url":"https:\/\/wp.kristdemokraterna.se\/savsjo\/","name":"S\u00e4vsj\u00f6","description":"","inLanguage":"sv-SE"},{"@type":"Person","@id":"https:\/\/wp.kristdemokraterna.se\/savsjo\/#\/schema\/person\/66a08fa678592f794fe60a50b249978a","name":"Stefan Gustafsson","image":{"@type":"ImageObject","inLanguage":"sv-SE","@id":"https:\/\/secure.gravatar.com\/avatar\/d183d0fd8830afddde9ab5386edf3b3480a63f1fb3291da52adec75b3b7b6f60?s=96&r=g","url":"https:\/\/secure.gravatar.com\/avatar\/d183d0fd8830afddde9ab5386edf3b3480a63f1fb3291da52adec75b3b7b6f60?s=96&r=g","contentUrl":"https:\/\/secure.gravatar.com\/avatar\/d183d0fd8830afddde9ab5386edf3b3480a63f1fb3291da52adec75b3b7b6f60?s=96&r=g","caption":"Stefan Gustafsson"},"url":"https:\/\/wp.kristdemokraterna.se\/savsjo\/author\/stgu\/"}]}},"_links":{"self":[{"href":"https:\/\/wp.kristdemokraterna.se\/savsjo\/wp-json\/wp\/v2\/posts\/498","targetHints":{"allow":["GET"]}}],"collection":[{"href":"https:\/\/wp.kristdemokraterna.se\/savsjo\/wp-json\/wp\/v2\/posts"}],"about":[{"href":"https:\/\/wp.kristdemokraterna.se\/savsjo\/wp-json\/wp\/v2\/types\/post"}],"author":[{"embeddable":true,"href":"https:\/\/wp.kristdemokraterna.se\/savsjo\/wp-json\/wp\/v2\/users\/430"}],"replies":[{"embeddable":true,"href":"https:\/\/wp.kristdemokraterna.se\/savsjo\/wp-json\/wp\/v2\/comments?post=498"}],"version-history":[{"count":5,"href":"https:\/\/wp.kristdemokraterna.se\/savsjo\/wp-json\/wp\/v2\/posts\/498\/revisions"}],"predecessor-version":[{"id":601,"href":"https:\/\/wp.kristdemokraterna.se\/savsjo\/wp-json\/wp\/v2\/posts\/498\/revisions\/601"}],"wp:featuredmedia":[{"embeddable":true,"href":"https:\/\/wp.kristdemokraterna.se\/savsjo\/wp-json\/wp\/v2\/media\/503"}],"wp:attachment":[{"href":"https:\/\/wp.kristdemokraterna.se\/savsjo\/wp-json\/wp\/v2\/media?parent=498"}],"wp:term":[{"taxonomy":"category","embeddable":true,"href":"https:\/\/wp.kristdemokraterna.se\/savsjo\/wp-json\/wp\/v2\/categories?post=498"},{"taxonomy":"post_tag","embeddable":true,"href":"https:\/\/wp.kristdemokraterna.se\/savsjo\/wp-json\/wp\/v2\/tags?post=498"}],"curies":[{"name":"wp","href":"https:\/\/api.w.org\/{rel}","templated":true}]}}