{"id":544,"date":"2021-04-12T20:26:48","date_gmt":"2021-04-12T18:26:48","guid":{"rendered":"https:\/\/wp.kristdemokraterna.se\/sigtuna\/?p=544"},"modified":"2021-04-14T00:19:54","modified_gmt":"2021-04-13T22:19:54","slug":"kraftsamling-mot-vald-mot-kvinnor-jamstalldhet-pa-riktigt","status":"publish","type":"post","link":"https:\/\/wp.kristdemokraterna.se\/sigtuna\/kraftsamling-mot-vald-mot-kvinnor-jamstalldhet-pa-riktigt\/","title":{"rendered":"KRAFTSAMLING MOT V\u00c5LD MOT KVINNOR &#8211; J\u00c4MST\u00c4LLDHET P\u00c5 RIKTIGT"},"content":{"rendered":"<div class=\"kvgmc6g5 cxmmr5t8 oygrvhab hcukyx3x c1et5uql ii04i59q\">\n<div dir=\"auto\"><\/div>\n<\/div>\n<div class=\"o9v6fnle cxmmr5t8 oygrvhab hcukyx3x c1et5uql ii04i59q\">\n<div dir=\"auto\">V\u00e5ld mot kvinnor \u00e4r det yttersta beviset p\u00e5 ett oj\u00e4mst\u00e4llt samh\u00e4lle. N\u00e4r vi nyligen presenterade v\u00e5r stora rapport om j\u00e4mst\u00e4lldhet f\u00f6rminskades den av vissa genom att man p\u00e5stod att Kristdemokraternas nya feminism handlar om gratis pepparsprej och kurser i sj\u00e4lvf\u00f6rsvar. Visst, men vi har presenterat \u00f6ver hundra f\u00f6rslag.<\/div>\n<\/div>\n<div class=\"o9v6fnle cxmmr5t8 oygrvhab hcukyx3x c1et5uql ii04i59q\">\n<div dir=\"auto\">Bland annat:<\/div>\n<div dir=\"auto\">-Att hotade kvinnor ska erbjudas trygghetspaket med larm, pepparsprej och kurser i sj\u00e4lvf\u00f6rsvar<\/div>\n<div dir=\"auto\">-En nollvision inf\u00f6rs mot v\u00e5ld i n\u00e4ra relationer<\/div>\n<div dir=\"auto\">-Skadest\u00e5nd till brottsoffer ska f\u00f6rskotteras fr\u00e5n staten som sedan kr\u00e4ver den d\u00f6mde p\u00e5 skadest\u00e5ndet<\/div>\n<div dir=\"auto\">-Utvidgat kontaktf\u00f6rbud ska anv\u00e4ndas oftare och kontaktf\u00f6rbudszonen ska kunna ut\u00f6kas till ett stort omr\u00e5de \u2013 en kommun eller flera kommuner i s\u00e4rskilda fall<\/div>\n<div dir=\"auto\">-Fotboja b\u00f6r alltid \u00f6verv\u00e4gas vid kontaktf\u00f6rbud \u00e4ven vid ordin\u00e4rt kontaktf\u00f6rbud<\/div>\n<div dir=\"auto\">-Straffen vid \u00f6vertr\u00e4delse av kontaktf\u00f6rbud ska sk\u00e4rpas. Fysiska \u00f6vertr\u00e4delser ska alltid inneb\u00e4ra f\u00e4ngelse och annan \u00f6vertr\u00e4delse ska leda till f\u00e4ngelse i st\u00f6rre utstr\u00e4ckning \u00e4n idag<\/div>\n<div dir=\"auto\">-H\u00f6j minimistraffet f\u00f6r grov kvinnofridskr\u00e4nkning och fridskr\u00e4nkning fr\u00e5n nio till tolv m\u00e5nader<\/div>\n<div dir=\"auto\">-Sekretessen h\u00e4vs s\u00e5 att socialtj\u00e4nst och h\u00e4lso- och sjukv\u00e5rd ska informera polis vid misstanke om att brott i n\u00e4ra relation kan komma att ske och n\u00e4r det g\u00e4ller brott som redan \u00e4r beg\u00e5ngna om det handlar om grov kvinnofridskr\u00e4nkning<\/div>\n<div dir=\"auto\">-Gemensam v\u00e5rdnad eller umg\u00e4ngesr\u00e4tt ska, som huvudregel, ej utd\u00f6mas d\u00e5 det finns en dom om v\u00e5ld eller andra \u00f6vergrepp inom familjen eller vid kontaktf\u00f6rbud<\/div>\n<div dir=\"auto\">-\u00d6kade medel till kvinnojourer<\/div>\n<div dir=\"auto\">-Avskaffa straffrabatten f\u00f6r n\u00e4r brottsoffer har v\u00e4ntat l\u00e4nge med att g\u00f6ra en polisanm\u00e4lan.<\/div>\n<\/div>\n<div class=\"o9v6fnle cxmmr5t8 oygrvhab hcukyx3x c1et5uql ii04i59q\">\n<div dir=\"auto\">S\u00e5, f\u00f6rs\u00f6k inte f\u00f6rminska v\u00e5rt viktiga arbete. De perspektiv vi lyfter handlar om vardagsmakt och delaktighet. V\u00e5rt fokus \u00e4r att l\u00f6sa de problem som verklighetens kvinnor brottas med dagligen. J\u00e4mst\u00e4lldhet p\u00e5 riktigt \u2013 som feminism borde vara.<\/div>\n<\/div>\n","protected":false},"excerpt":{"rendered":"<p>V\u00e5ld mot kvinnor \u00e4r det yttersta beviset p\u00e5 ett oj\u00e4mst\u00e4llt samh\u00e4lle. N\u00e4r vi nyligen presenterade v\u00e5r stora rapport om j\u00e4mst\u00e4lldhet f\u00f6rminskades den av vissa genom att man p\u00e5stod att Kristdemokraternas nya feminism handlar om gratis pepparsprej och kurser i sj\u00e4lvf\u00f6rsvar. Visst, men vi har presenterat \u00f6ver hundra f\u00f6rslag. Bland annat: -Att hotade kvinnor ska erbjudas <a class=\"read-more-link\" href=\"https:\/\/wp.kristdemokraterna.se\/sigtuna\/kraftsamling-mot-vald-mot-kvinnor-jamstalldhet-pa-riktigt\/\">L\u00e4s mer<\/a><\/p>\n","protected":false},"author":907,"featured_media":0,"comment_status":"closed","ping_status":"closed","sticky":false,"template":"","format":"standard","meta":{"_acf_changed":false,"footnotes":""},"categories":[10,1],"tags":[],"class_list":["post-544","post","type-post","status-publish","format-standard","hentry","category-nyheter","category-okategoriserade"],"acf":[],"yoast_head":"<!-- This site is optimized with the Yoast SEO plugin v27.4 - https:\/\/yoast.com\/product\/yoast-seo-wordpress\/ -->\n<title>KRAFTSAMLING MOT V\u00c5LD MOT KVINNOR - J\u00c4MST\u00c4LLDHET P\u00c5 RIKTIGT - Kristdemokraterna i Sigtuna<\/title>\n<meta name=\"robots\" content=\"index, follow, max-snippet:-1, max-image-preview:large, max-video-preview:-1\" \/>\n<link rel=\"canonical\" href=\"https:\/\/wp.kristdemokraterna.se\/sigtuna\/kraftsamling-mot-vald-mot-kvinnor-jamstalldhet-pa-riktigt\/\" \/>\n<meta property=\"og:locale\" content=\"sv_SE\" \/>\n<meta property=\"og:type\" content=\"article\" \/>\n<meta property=\"og:title\" content=\"KRAFTSAMLING MOT V\u00c5LD MOT KVINNOR - J\u00c4MST\u00c4LLDHET P\u00c5 RIKTIGT - Kristdemokraterna i Sigtuna\" \/>\n<meta property=\"og:description\" content=\"V\u00e5ld mot kvinnor \u00e4r det yttersta beviset p\u00e5 ett oj\u00e4mst\u00e4llt samh\u00e4lle. N\u00e4r vi nyligen presenterade v\u00e5r stora rapport om j\u00e4mst\u00e4lldhet f\u00f6rminskades den av vissa genom att man p\u00e5stod att Kristdemokraternas nya feminism handlar om gratis pepparsprej och kurser i sj\u00e4lvf\u00f6rsvar. Visst, men vi har presenterat \u00f6ver hundra f\u00f6rslag. Bland annat: -Att hotade kvinnor ska erbjudas L\u00e4s mer\" \/>\n<meta property=\"og:url\" content=\"https:\/\/wp.kristdemokraterna.se\/sigtuna\/kraftsamling-mot-vald-mot-kvinnor-jamstalldhet-pa-riktigt\/\" \/>\n<meta property=\"og:site_name\" content=\"Kristdemokraterna i Sigtuna\" \/>\n<meta property=\"article:published_time\" content=\"2021-04-12T18:26:48+00:00\" \/>\n<meta property=\"article:modified_time\" content=\"2021-04-13T22:19:54+00:00\" \/>\n<meta name=\"author\" content=\"jompa\" \/>\n<meta name=\"twitter:card\" content=\"summary_large_image\" \/>\n<meta name=\"twitter:label1\" content=\"Skriven av\" \/>\n\t<meta name=\"twitter:data1\" content=\"jompa\" \/>\n\t<meta name=\"twitter:label2\" content=\"Ber\u00e4knad l\u00e4stid\" \/>\n\t<meta name=\"twitter:data2\" content=\"2 minuter\" \/>\n<script type=\"application\/ld+json\" class=\"yoast-schema-graph\">{\"@context\":\"https:\\\/\\\/schema.org\",\"@graph\":[{\"@type\":\"Article\",\"@id\":\"https:\\\/\\\/wp.kristdemokraterna.se\\\/sigtuna\\\/kraftsamling-mot-vald-mot-kvinnor-jamstalldhet-pa-riktigt\\\/#article\",\"isPartOf\":{\"@id\":\"https:\\\/\\\/wp.kristdemokraterna.se\\\/sigtuna\\\/kraftsamling-mot-vald-mot-kvinnor-jamstalldhet-pa-riktigt\\\/\"},\"author\":{\"name\":\"jompa\",\"@id\":\"https:\\\/\\\/wp.kristdemokraterna.se\\\/sigtuna\\\/#\\\/schema\\\/person\\\/f5ac8ddd54321ec9003a0a013365d101\"},\"headline\":\"KRAFTSAMLING MOT V\u00c5LD MOT KVINNOR &#8211; J\u00c4MST\u00c4LLDHET P\u00c5 RIKTIGT\",\"datePublished\":\"2021-04-12T18:26:48+00:00\",\"dateModified\":\"2021-04-13T22:19:54+00:00\",\"mainEntityOfPage\":{\"@id\":\"https:\\\/\\\/wp.kristdemokraterna.se\\\/sigtuna\\\/kraftsamling-mot-vald-mot-kvinnor-jamstalldhet-pa-riktigt\\\/\"},\"wordCount\":363,\"articleSection\":[\"Nyheter\"],\"inLanguage\":\"sv-SE\"},{\"@type\":\"WebPage\",\"@id\":\"https:\\\/\\\/wp.kristdemokraterna.se\\\/sigtuna\\\/kraftsamling-mot-vald-mot-kvinnor-jamstalldhet-pa-riktigt\\\/\",\"url\":\"https:\\\/\\\/wp.kristdemokraterna.se\\\/sigtuna\\\/kraftsamling-mot-vald-mot-kvinnor-jamstalldhet-pa-riktigt\\\/\",\"name\":\"KRAFTSAMLING MOT V\u00c5LD MOT KVINNOR - J\u00c4MST\u00c4LLDHET P\u00c5 RIKTIGT - Kristdemokraterna i Sigtuna\",\"isPartOf\":{\"@id\":\"https:\\\/\\\/wp.kristdemokraterna.se\\\/sigtuna\\\/#website\"},\"datePublished\":\"2021-04-12T18:26:48+00:00\",\"dateModified\":\"2021-04-13T22:19:54+00:00\",\"author\":{\"@id\":\"https:\\\/\\\/wp.kristdemokraterna.se\\\/sigtuna\\\/#\\\/schema\\\/person\\\/f5ac8ddd54321ec9003a0a013365d101\"},\"breadcrumb\":{\"@id\":\"https:\\\/\\\/wp.kristdemokraterna.se\\\/sigtuna\\\/kraftsamling-mot-vald-mot-kvinnor-jamstalldhet-pa-riktigt\\\/#breadcrumb\"},\"inLanguage\":\"sv-SE\",\"potentialAction\":[{\"@type\":\"ReadAction\",\"target\":[\"https:\\\/\\\/wp.kristdemokraterna.se\\\/sigtuna\\\/kraftsamling-mot-vald-mot-kvinnor-jamstalldhet-pa-riktigt\\\/\"]}]},{\"@type\":\"BreadcrumbList\",\"@id\":\"https:\\\/\\\/wp.kristdemokraterna.se\\\/sigtuna\\\/kraftsamling-mot-vald-mot-kvinnor-jamstalldhet-pa-riktigt\\\/#breadcrumb\",\"itemListElement\":[{\"@type\":\"ListItem\",\"position\":1,\"name\":\"Hem\",\"item\":\"https:\\\/\\\/wp.kristdemokraterna.se\\\/sigtuna\\\/\"},{\"@type\":\"ListItem\",\"position\":2,\"name\":\"KRAFTSAMLING MOT V\u00c5LD MOT KVINNOR &#8211; J\u00c4MST\u00c4LLDHET P\u00c5 RIKTIGT\"}]},{\"@type\":\"WebSite\",\"@id\":\"https:\\\/\\\/wp.kristdemokraterna.se\\\/sigtuna\\\/#website\",\"url\":\"https:\\\/\\\/wp.kristdemokraterna.se\\\/sigtuna\\\/\",\"name\":\"Kristdemokraterna i Sigtuna\",\"description\":\"En till Kristdemokraterna webbplats\",\"inLanguage\":\"sv-SE\"},{\"@type\":\"Person\",\"@id\":\"https:\\\/\\\/wp.kristdemokraterna.se\\\/sigtuna\\\/#\\\/schema\\\/person\\\/f5ac8ddd54321ec9003a0a013365d101\",\"name\":\"jompa\",\"image\":{\"@type\":\"ImageObject\",\"inLanguage\":\"sv-SE\",\"@id\":\"https:\\\/\\\/secure.gravatar.com\\\/avatar\\\/57c3fb5f5a1aa2de24f0648faca620a3de88b5d832696aa4ac74403fb8962f43?s=96&d=mm&r=g\",\"url\":\"https:\\\/\\\/secure.gravatar.com\\\/avatar\\\/57c3fb5f5a1aa2de24f0648faca620a3de88b5d832696aa4ac74403fb8962f43?s=96&d=mm&r=g\",\"contentUrl\":\"https:\\\/\\\/secure.gravatar.com\\\/avatar\\\/57c3fb5f5a1aa2de24f0648faca620a3de88b5d832696aa4ac74403fb8962f43?s=96&d=mm&r=g\",\"caption\":\"jompa\"},\"url\":\"https:\\\/\\\/wp.kristdemokraterna.se\\\/sigtuna\\\/author\\\/jompa\\\/\"}]}<\/script>\n<!-- \/ Yoast SEO plugin. -->","yoast_head_json":{"title":"KRAFTSAMLING MOT V\u00c5LD MOT KVINNOR - J\u00c4MST\u00c4LLDHET P\u00c5 RIKTIGT - Kristdemokraterna i Sigtuna","robots":{"index":"index","follow":"follow","max-snippet":"max-snippet:-1","max-image-preview":"max-image-preview:large","max-video-preview":"max-video-preview:-1"},"canonical":"https:\/\/wp.kristdemokraterna.se\/sigtuna\/kraftsamling-mot-vald-mot-kvinnor-jamstalldhet-pa-riktigt\/","og_locale":"sv_SE","og_type":"article","og_title":"KRAFTSAMLING MOT V\u00c5LD MOT KVINNOR - J\u00c4MST\u00c4LLDHET P\u00c5 RIKTIGT - Kristdemokraterna i Sigtuna","og_description":"V\u00e5ld mot kvinnor \u00e4r det yttersta beviset p\u00e5 ett oj\u00e4mst\u00e4llt samh\u00e4lle. N\u00e4r vi nyligen presenterade v\u00e5r stora rapport om j\u00e4mst\u00e4lldhet f\u00f6rminskades den av vissa genom att man p\u00e5stod att Kristdemokraternas nya feminism handlar om gratis pepparsprej och kurser i sj\u00e4lvf\u00f6rsvar. Visst, men vi har presenterat \u00f6ver hundra f\u00f6rslag. Bland annat: -Att hotade kvinnor ska erbjudas L\u00e4s mer","og_url":"https:\/\/wp.kristdemokraterna.se\/sigtuna\/kraftsamling-mot-vald-mot-kvinnor-jamstalldhet-pa-riktigt\/","og_site_name":"Kristdemokraterna i Sigtuna","article_published_time":"2021-04-12T18:26:48+00:00","article_modified_time":"2021-04-13T22:19:54+00:00","author":"jompa","twitter_card":"summary_large_image","twitter_misc":{"Skriven av":"jompa","Ber\u00e4knad l\u00e4stid":"2 minuter"},"schema":{"@context":"https:\/\/schema.org","@graph":[{"@type":"Article","@id":"https:\/\/wp.kristdemokraterna.se\/sigtuna\/kraftsamling-mot-vald-mot-kvinnor-jamstalldhet-pa-riktigt\/#article","isPartOf":{"@id":"https:\/\/wp.kristdemokraterna.se\/sigtuna\/kraftsamling-mot-vald-mot-kvinnor-jamstalldhet-pa-riktigt\/"},"author":{"name":"jompa","@id":"https:\/\/wp.kristdemokraterna.se\/sigtuna\/#\/schema\/person\/f5ac8ddd54321ec9003a0a013365d101"},"headline":"KRAFTSAMLING MOT V\u00c5LD MOT KVINNOR &#8211; J\u00c4MST\u00c4LLDHET P\u00c5 RIKTIGT","datePublished":"2021-04-12T18:26:48+00:00","dateModified":"2021-04-13T22:19:54+00:00","mainEntityOfPage":{"@id":"https:\/\/wp.kristdemokraterna.se\/sigtuna\/kraftsamling-mot-vald-mot-kvinnor-jamstalldhet-pa-riktigt\/"},"wordCount":363,"articleSection":["Nyheter"],"inLanguage":"sv-SE"},{"@type":"WebPage","@id":"https:\/\/wp.kristdemokraterna.se\/sigtuna\/kraftsamling-mot-vald-mot-kvinnor-jamstalldhet-pa-riktigt\/","url":"https:\/\/wp.kristdemokraterna.se\/sigtuna\/kraftsamling-mot-vald-mot-kvinnor-jamstalldhet-pa-riktigt\/","name":"KRAFTSAMLING MOT V\u00c5LD MOT KVINNOR - J\u00c4MST\u00c4LLDHET P\u00c5 RIKTIGT - Kristdemokraterna i Sigtuna","isPartOf":{"@id":"https:\/\/wp.kristdemokraterna.se\/sigtuna\/#website"},"datePublished":"2021-04-12T18:26:48+00:00","dateModified":"2021-04-13T22:19:54+00:00","author":{"@id":"https:\/\/wp.kristdemokraterna.se\/sigtuna\/#\/schema\/person\/f5ac8ddd54321ec9003a0a013365d101"},"breadcrumb":{"@id":"https:\/\/wp.kristdemokraterna.se\/sigtuna\/kraftsamling-mot-vald-mot-kvinnor-jamstalldhet-pa-riktigt\/#breadcrumb"},"inLanguage":"sv-SE","potentialAction":[{"@type":"ReadAction","target":["https:\/\/wp.kristdemokraterna.se\/sigtuna\/kraftsamling-mot-vald-mot-kvinnor-jamstalldhet-pa-riktigt\/"]}]},{"@type":"BreadcrumbList","@id":"https:\/\/wp.kristdemokraterna.se\/sigtuna\/kraftsamling-mot-vald-mot-kvinnor-jamstalldhet-pa-riktigt\/#breadcrumb","itemListElement":[{"@type":"ListItem","position":1,"name":"Hem","item":"https:\/\/wp.kristdemokraterna.se\/sigtuna\/"},{"@type":"ListItem","position":2,"name":"KRAFTSAMLING MOT V\u00c5LD MOT KVINNOR &#8211; J\u00c4MST\u00c4LLDHET P\u00c5 RIKTIGT"}]},{"@type":"WebSite","@id":"https:\/\/wp.kristdemokraterna.se\/sigtuna\/#website","url":"https:\/\/wp.kristdemokraterna.se\/sigtuna\/","name":"Kristdemokraterna i Sigtuna","description":"En till Kristdemokraterna webbplats","inLanguage":"sv-SE"},{"@type":"Person","@id":"https:\/\/wp.kristdemokraterna.se\/sigtuna\/#\/schema\/person\/f5ac8ddd54321ec9003a0a013365d101","name":"jompa","image":{"@type":"ImageObject","inLanguage":"sv-SE","@id":"https:\/\/secure.gravatar.com\/avatar\/57c3fb5f5a1aa2de24f0648faca620a3de88b5d832696aa4ac74403fb8962f43?s=96&d=mm&r=g","url":"https:\/\/secure.gravatar.com\/avatar\/57c3fb5f5a1aa2de24f0648faca620a3de88b5d832696aa4ac74403fb8962f43?s=96&d=mm&r=g","contentUrl":"https:\/\/secure.gravatar.com\/avatar\/57c3fb5f5a1aa2de24f0648faca620a3de88b5d832696aa4ac74403fb8962f43?s=96&d=mm&r=g","caption":"jompa"},"url":"https:\/\/wp.kristdemokraterna.se\/sigtuna\/author\/jompa\/"}]}},"_links":{"self":[{"href":"https:\/\/wp.kristdemokraterna.se\/sigtuna\/wp-json\/wp\/v2\/posts\/544","targetHints":{"allow":["GET"]}}],"collection":[{"href":"https:\/\/wp.kristdemokraterna.se\/sigtuna\/wp-json\/wp\/v2\/posts"}],"about":[{"href":"https:\/\/wp.kristdemokraterna.se\/sigtuna\/wp-json\/wp\/v2\/types\/post"}],"author":[{"embeddable":true,"href":"https:\/\/wp.kristdemokraterna.se\/sigtuna\/wp-json\/wp\/v2\/users\/907"}],"replies":[{"embeddable":true,"href":"https:\/\/wp.kristdemokraterna.se\/sigtuna\/wp-json\/wp\/v2\/comments?post=544"}],"version-history":[{"count":2,"href":"https:\/\/wp.kristdemokraterna.se\/sigtuna\/wp-json\/wp\/v2\/posts\/544\/revisions"}],"predecessor-version":[{"id":582,"href":"https:\/\/wp.kristdemokraterna.se\/sigtuna\/wp-json\/wp\/v2\/posts\/544\/revisions\/582"}],"wp:attachment":[{"href":"https:\/\/wp.kristdemokraterna.se\/sigtuna\/wp-json\/wp\/v2\/media?parent=544"}],"wp:term":[{"taxonomy":"category","embeddable":true,"href":"https:\/\/wp.kristdemokraterna.se\/sigtuna\/wp-json\/wp\/v2\/categories?post=544"},{"taxonomy":"post_tag","embeddable":true,"href":"https:\/\/wp.kristdemokraterna.se\/sigtuna\/wp-json\/wp\/v2\/tags?post=544"}],"curies":[{"name":"wp","href":"https:\/\/api.w.org\/{rel}","templated":true}]}}