{"id":11,"date":"2017-04-04T13:57:13","date_gmt":"2017-04-04T11:57:13","guid":{"rendered":"http:\/\/wp.kristdemokraterna.se\/lokalavdelningsmall20140404\/?p=11"},"modified":"2022-07-23T13:52:22","modified_gmt":"2022-07-23T11:52:22","slug":"brinner-du-for-samma-fragor-som-jag","status":"publish","type":"post","link":"https:\/\/wp.kristdemokraterna.se\/simrishamn\/brinner-du-for-samma-fragor-som-jag\/","title":{"rendered":"Brinner du f\u00f6r att vara med och bygga upp ett b\u00e4ttre samh\u00e4lle?"},"content":{"rendered":"<p>Jag valde att g\u00e5 med i Kristdemokraterna f\u00f6r att jag vill kunna vara med och p\u00e5verka samh\u00e4llet till det b\u00e4ttre. Samh\u00e4llet beh\u00f6ver kristdemokrater som ser till att alla m\u00e4nniskor, b\u00e5de unga och gamla, har det bra. Jag vill ocks\u00e5 arbeta f\u00f6r mer medm\u00e4nsklighet och f\u00f6r ett r\u00e4ttvisare samh\u00e4llet d\u00e4r inte den lilla m\u00e4nniskan kommer i kl\u00e4m bland cyniska och giriga akt\u00f6rer och d\u00e4r brott inte l\u00f6nar sig. Jag vill \u00e4ven vara med och bidra till ett samh\u00e4lle d\u00e4r v\u00e5ra barn kan v\u00e4xa upp och k\u00e4nna sig trygga. Jag brinner sj\u00e4lv f\u00f6r mitt milj\u00f6arbete som g\u00e5r ut p\u00e5 att kunna ta fram metoder f\u00f6r att uppt\u00e4cka gamla milj\u00f6synder och att kunna finna metoder f\u00f6r att \u00e5tg\u00e4rda dessa f\u00f6roreningar i naturen. Kristdemokraterna har varit med och gjort v\u00e4ldigt mycket f\u00f6r att komma till r\u00e4tta med de missf\u00f6rh\u00e5llanden som vi har idag men vi beh\u00f6ver f\u00e5 ett st\u00f6rre st\u00f6d f\u00f6r att kunna g\u00f6ra mer. Kristdemokraterna beh\u00f6ver allts\u00e5 din r\u00f6st!<\/p>\n<p>Jag hoppas \u00e4ven att du ocks\u00e5 vill g\u00e5 med och bli medlem i Kristdemokraterna. Hos oss f\u00e5r du en m\u00f6jlighet att arbeta f\u00f6r det du tror p\u00e5, och bidra med dina tankar och erfarenheter. Du har chansen att bli en av dem som formar framtiden. Ta den!<\/p>\n<p><strong><a href=\"http:\/\/www.kristdemokraterna.se\/Engagera-Dig\/blimedlem\/\">&gt;&gt;&gt; BLI MEDLEM I KRISTDEMOKRATERNA<\/a><\/strong><\/p>\n<h4>Paul Frogner Kockum<br \/>\nOrdf\u00f6rande f\u00f6r KD i Simrishamn<\/h4>\n","protected":false},"excerpt":{"rendered":"<p>Jag valde att g\u00e5 med i Kristdemokraterna f\u00f6r att jag vill kunna vara med och p\u00e5verka samh\u00e4llet till det b\u00e4ttre. Samh\u00e4llet beh\u00f6ver kristdemokrater som ser till att alla m\u00e4nniskor, b\u00e5de unga och gamla, har det bra. Jag vill ocks\u00e5 arbeta f\u00f6r mer medm\u00e4nsklighet och f\u00f6r ett r\u00e4ttvisare samh\u00e4llet d\u00e4r inte den lilla m\u00e4nniskan kommer i <a class=\"read-more-link\" href=\"https:\/\/wp.kristdemokraterna.se\/simrishamn\/brinner-du-for-samma-fragor-som-jag\/\">L\u00e4s mer<\/a><\/p>\n","protected":false},"author":942,"featured_media":184,"comment_status":"closed","ping_status":"closed","sticky":false,"template":"","format":"standard","meta":{"_acf_changed":false,"footnotes":""},"categories":[11],"tags":[],"class_list":["post-11","post","type-post","status-publish","format-standard","hentry","category-inlagg"],"acf":[],"yoast_head":"<!-- This site is optimized with the Yoast SEO plugin v27.5 - https:\/\/yoast.com\/product\/yoast-seo-wordpress\/ -->\n<title>Brinner du f\u00f6r att vara med och bygga upp ett b\u00e4ttre samh\u00e4lle? - Kristdemokraterna | Simrishamn<\/title>\n<meta name=\"robots\" content=\"index, follow, max-snippet:-1, max-image-preview:large, max-video-preview:-1\" \/>\n<link rel=\"canonical\" href=\"https:\/\/wp.kristdemokraterna.se\/simrishamn\/brinner-du-for-samma-fragor-som-jag\/\" \/>\n<meta property=\"og:locale\" content=\"sv_SE\" \/>\n<meta property=\"og:type\" content=\"article\" \/>\n<meta property=\"og:title\" content=\"Brinner du f\u00f6r att vara med och bygga upp ett b\u00e4ttre samh\u00e4lle? - Kristdemokraterna | Simrishamn\" \/>\n<meta property=\"og:description\" content=\"Jag valde att g\u00e5 med i Kristdemokraterna f\u00f6r att jag vill kunna vara med och p\u00e5verka samh\u00e4llet till det b\u00e4ttre. Samh\u00e4llet beh\u00f6ver kristdemokrater som ser till att alla m\u00e4nniskor, b\u00e5de unga och gamla, har det bra. Jag vill ocks\u00e5 arbeta f\u00f6r mer medm\u00e4nsklighet och f\u00f6r ett r\u00e4ttvisare samh\u00e4llet d\u00e4r inte den lilla m\u00e4nniskan kommer i L\u00e4s mer\" \/>\n<meta property=\"og:url\" content=\"https:\/\/wp.kristdemokraterna.se\/simrishamn\/brinner-du-for-samma-fragor-som-jag\/\" \/>\n<meta property=\"og:site_name\" content=\"Kristdemokraterna | Simrishamn\" \/>\n<meta property=\"article:published_time\" content=\"2017-04-04T11:57:13+00:00\" \/>\n<meta property=\"article:modified_time\" content=\"2022-07-23T11:52:22+00:00\" \/>\n<meta property=\"og:image\" content=\"http:\/\/wp.kristdemokraterna.se\/simrishamn\/files\/2014\/04\/ebba-478x262-1.jpg\" \/>\n\t<meta property=\"og:image:width\" content=\"478\" \/>\n\t<meta property=\"og:image:height\" content=\"262\" \/>\n\t<meta property=\"og:image:type\" content=\"image\/jpeg\" \/>\n<meta name=\"author\" content=\"simrishamn\" \/>\n<meta name=\"twitter:card\" content=\"summary_large_image\" \/>\n<meta name=\"twitter:label1\" content=\"Skriven av\" \/>\n\t<meta name=\"twitter:data1\" content=\"simrishamn\" \/>\n\t<meta name=\"twitter:label2\" content=\"Ber\u00e4knad l\u00e4stid\" \/>\n\t<meta name=\"twitter:data2\" content=\"2 minuter\" \/>\n<script type=\"application\/ld+json\" class=\"yoast-schema-graph\">{\"@context\":\"https:\\\/\\\/schema.org\",\"@graph\":[{\"@type\":\"Article\",\"@id\":\"https:\\\/\\\/wp.kristdemokraterna.se\\\/simrishamn\\\/brinner-du-for-samma-fragor-som-jag\\\/#article\",\"isPartOf\":{\"@id\":\"https:\\\/\\\/wp.kristdemokraterna.se\\\/simrishamn\\\/brinner-du-for-samma-fragor-som-jag\\\/\"},\"author\":{\"name\":\"simrishamn\",\"@id\":\"https:\\\/\\\/wp.kristdemokraterna.se\\\/simrishamn\\\/#\\\/schema\\\/person\\\/6131ffec1f770eaebe5006ae11cc77ad\"},\"headline\":\"Brinner du f\u00f6r att vara med och bygga upp ett b\u00e4ttre samh\u00e4lle?\",\"datePublished\":\"2017-04-04T11:57:13+00:00\",\"dateModified\":\"2022-07-23T11:52:22+00:00\",\"mainEntityOfPage\":{\"@id\":\"https:\\\/\\\/wp.kristdemokraterna.se\\\/simrishamn\\\/brinner-du-for-samma-fragor-som-jag\\\/\"},\"wordCount\":284,\"image\":{\"@id\":\"https:\\\/\\\/wp.kristdemokraterna.se\\\/simrishamn\\\/brinner-du-for-samma-fragor-som-jag\\\/#primaryimage\"},\"thumbnailUrl\":\"https:\\\/\\\/wp.kristdemokraterna.se\\\/simrishamn\\\/files\\\/2014\\\/04\\\/ebba-478x262-1.jpg\",\"articleSection\":[\"inl\u00e4gg\"],\"inLanguage\":\"sv-SE\"},{\"@type\":\"WebPage\",\"@id\":\"https:\\\/\\\/wp.kristdemokraterna.se\\\/simrishamn\\\/brinner-du-for-samma-fragor-som-jag\\\/\",\"url\":\"https:\\\/\\\/wp.kristdemokraterna.se\\\/simrishamn\\\/brinner-du-for-samma-fragor-som-jag\\\/\",\"name\":\"Brinner du f\u00f6r att vara med och bygga upp ett b\u00e4ttre samh\u00e4lle? - Kristdemokraterna | Simrishamn\",\"isPartOf\":{\"@id\":\"https:\\\/\\\/wp.kristdemokraterna.se\\\/simrishamn\\\/#website\"},\"primaryImageOfPage\":{\"@id\":\"https:\\\/\\\/wp.kristdemokraterna.se\\\/simrishamn\\\/brinner-du-for-samma-fragor-som-jag\\\/#primaryimage\"},\"image\":{\"@id\":\"https:\\\/\\\/wp.kristdemokraterna.se\\\/simrishamn\\\/brinner-du-for-samma-fragor-som-jag\\\/#primaryimage\"},\"thumbnailUrl\":\"https:\\\/\\\/wp.kristdemokraterna.se\\\/simrishamn\\\/files\\\/2014\\\/04\\\/ebba-478x262-1.jpg\",\"datePublished\":\"2017-04-04T11:57:13+00:00\",\"dateModified\":\"2022-07-23T11:52:22+00:00\",\"author\":{\"@id\":\"https:\\\/\\\/wp.kristdemokraterna.se\\\/simrishamn\\\/#\\\/schema\\\/person\\\/6131ffec1f770eaebe5006ae11cc77ad\"},\"breadcrumb\":{\"@id\":\"https:\\\/\\\/wp.kristdemokraterna.se\\\/simrishamn\\\/brinner-du-for-samma-fragor-som-jag\\\/#breadcrumb\"},\"inLanguage\":\"sv-SE\",\"potentialAction\":[{\"@type\":\"ReadAction\",\"target\":[\"https:\\\/\\\/wp.kristdemokraterna.se\\\/simrishamn\\\/brinner-du-for-samma-fragor-som-jag\\\/\"]}]},{\"@type\":\"ImageObject\",\"inLanguage\":\"sv-SE\",\"@id\":\"https:\\\/\\\/wp.kristdemokraterna.se\\\/simrishamn\\\/brinner-du-for-samma-fragor-som-jag\\\/#primaryimage\",\"url\":\"https:\\\/\\\/wp.kristdemokraterna.se\\\/simrishamn\\\/files\\\/2014\\\/04\\\/ebba-478x262-1.jpg\",\"contentUrl\":\"https:\\\/\\\/wp.kristdemokraterna.se\\\/simrishamn\\\/files\\\/2014\\\/04\\\/ebba-478x262-1.jpg\",\"width\":478,\"height\":262},{\"@type\":\"BreadcrumbList\",\"@id\":\"https:\\\/\\\/wp.kristdemokraterna.se\\\/simrishamn\\\/brinner-du-for-samma-fragor-som-jag\\\/#breadcrumb\",\"itemListElement\":[{\"@type\":\"ListItem\",\"position\":1,\"name\":\"Hem\",\"item\":\"https:\\\/\\\/wp.kristdemokraterna.se\\\/simrishamn\\\/\"},{\"@type\":\"ListItem\",\"position\":2,\"name\":\"Brinner du f\u00f6r att vara med och bygga upp ett b\u00e4ttre samh\u00e4lle?\"}]},{\"@type\":\"WebSite\",\"@id\":\"https:\\\/\\\/wp.kristdemokraterna.se\\\/simrishamn\\\/#website\",\"url\":\"https:\\\/\\\/wp.kristdemokraterna.se\\\/simrishamn\\\/\",\"name\":\"Kristdemokraterna | Simrishamn\",\"description\":\"\u00c4nnu en webbplats hos Kristdemokraterna\",\"inLanguage\":\"sv-SE\"},{\"@type\":\"Person\",\"@id\":\"https:\\\/\\\/wp.kristdemokraterna.se\\\/simrishamn\\\/#\\\/schema\\\/person\\\/6131ffec1f770eaebe5006ae11cc77ad\",\"name\":\"simrishamn\",\"image\":{\"@type\":\"ImageObject\",\"inLanguage\":\"sv-SE\",\"@id\":\"https:\\\/\\\/secure.gravatar.com\\\/avatar\\\/fd679ab5402316c13917973bd7b1231a01fa33414ec038b12411f0bceb2a516f?s=96&d=mm&r=g\",\"url\":\"https:\\\/\\\/secure.gravatar.com\\\/avatar\\\/fd679ab5402316c13917973bd7b1231a01fa33414ec038b12411f0bceb2a516f?s=96&d=mm&r=g\",\"contentUrl\":\"https:\\\/\\\/secure.gravatar.com\\\/avatar\\\/fd679ab5402316c13917973bd7b1231a01fa33414ec038b12411f0bceb2a516f?s=96&d=mm&r=g\",\"caption\":\"simrishamn\"},\"url\":\"https:\\\/\\\/wp.kristdemokraterna.se\\\/simrishamn\\\/author\\\/simrishamn\\\/\"}]}<\/script>\n<!-- \/ Yoast SEO plugin. -->","yoast_head_json":{"title":"Brinner du f\u00f6r att vara med och bygga upp ett b\u00e4ttre samh\u00e4lle? - Kristdemokraterna | Simrishamn","robots":{"index":"index","follow":"follow","max-snippet":"max-snippet:-1","max-image-preview":"max-image-preview:large","max-video-preview":"max-video-preview:-1"},"canonical":"https:\/\/wp.kristdemokraterna.se\/simrishamn\/brinner-du-for-samma-fragor-som-jag\/","og_locale":"sv_SE","og_type":"article","og_title":"Brinner du f\u00f6r att vara med och bygga upp ett b\u00e4ttre samh\u00e4lle? - Kristdemokraterna | Simrishamn","og_description":"Jag valde att g\u00e5 med i Kristdemokraterna f\u00f6r att jag vill kunna vara med och p\u00e5verka samh\u00e4llet till det b\u00e4ttre. Samh\u00e4llet beh\u00f6ver kristdemokrater som ser till att alla m\u00e4nniskor, b\u00e5de unga och gamla, har det bra. Jag vill ocks\u00e5 arbeta f\u00f6r mer medm\u00e4nsklighet och f\u00f6r ett r\u00e4ttvisare samh\u00e4llet d\u00e4r inte den lilla m\u00e4nniskan kommer i L\u00e4s mer","og_url":"https:\/\/wp.kristdemokraterna.se\/simrishamn\/brinner-du-for-samma-fragor-som-jag\/","og_site_name":"Kristdemokraterna | Simrishamn","article_published_time":"2017-04-04T11:57:13+00:00","article_modified_time":"2022-07-23T11:52:22+00:00","og_image":[{"width":478,"height":262,"url":"http:\/\/wp.kristdemokraterna.se\/simrishamn\/files\/2014\/04\/ebba-478x262-1.jpg","type":"image\/jpeg"}],"author":"simrishamn","twitter_card":"summary_large_image","twitter_misc":{"Skriven av":"simrishamn","Ber\u00e4knad l\u00e4stid":"2 minuter"},"schema":{"@context":"https:\/\/schema.org","@graph":[{"@type":"Article","@id":"https:\/\/wp.kristdemokraterna.se\/simrishamn\/brinner-du-for-samma-fragor-som-jag\/#article","isPartOf":{"@id":"https:\/\/wp.kristdemokraterna.se\/simrishamn\/brinner-du-for-samma-fragor-som-jag\/"},"author":{"name":"simrishamn","@id":"https:\/\/wp.kristdemokraterna.se\/simrishamn\/#\/schema\/person\/6131ffec1f770eaebe5006ae11cc77ad"},"headline":"Brinner du f\u00f6r att vara med och bygga upp ett b\u00e4ttre samh\u00e4lle?","datePublished":"2017-04-04T11:57:13+00:00","dateModified":"2022-07-23T11:52:22+00:00","mainEntityOfPage":{"@id":"https:\/\/wp.kristdemokraterna.se\/simrishamn\/brinner-du-for-samma-fragor-som-jag\/"},"wordCount":284,"image":{"@id":"https:\/\/wp.kristdemokraterna.se\/simrishamn\/brinner-du-for-samma-fragor-som-jag\/#primaryimage"},"thumbnailUrl":"https:\/\/wp.kristdemokraterna.se\/simrishamn\/files\/2014\/04\/ebba-478x262-1.jpg","articleSection":["inl\u00e4gg"],"inLanguage":"sv-SE"},{"@type":"WebPage","@id":"https:\/\/wp.kristdemokraterna.se\/simrishamn\/brinner-du-for-samma-fragor-som-jag\/","url":"https:\/\/wp.kristdemokraterna.se\/simrishamn\/brinner-du-for-samma-fragor-som-jag\/","name":"Brinner du f\u00f6r att vara med och bygga upp ett b\u00e4ttre samh\u00e4lle? - Kristdemokraterna | Simrishamn","isPartOf":{"@id":"https:\/\/wp.kristdemokraterna.se\/simrishamn\/#website"},"primaryImageOfPage":{"@id":"https:\/\/wp.kristdemokraterna.se\/simrishamn\/brinner-du-for-samma-fragor-som-jag\/#primaryimage"},"image":{"@id":"https:\/\/wp.kristdemokraterna.se\/simrishamn\/brinner-du-for-samma-fragor-som-jag\/#primaryimage"},"thumbnailUrl":"https:\/\/wp.kristdemokraterna.se\/simrishamn\/files\/2014\/04\/ebba-478x262-1.jpg","datePublished":"2017-04-04T11:57:13+00:00","dateModified":"2022-07-23T11:52:22+00:00","author":{"@id":"https:\/\/wp.kristdemokraterna.se\/simrishamn\/#\/schema\/person\/6131ffec1f770eaebe5006ae11cc77ad"},"breadcrumb":{"@id":"https:\/\/wp.kristdemokraterna.se\/simrishamn\/brinner-du-for-samma-fragor-som-jag\/#breadcrumb"},"inLanguage":"sv-SE","potentialAction":[{"@type":"ReadAction","target":["https:\/\/wp.kristdemokraterna.se\/simrishamn\/brinner-du-for-samma-fragor-som-jag\/"]}]},{"@type":"ImageObject","inLanguage":"sv-SE","@id":"https:\/\/wp.kristdemokraterna.se\/simrishamn\/brinner-du-for-samma-fragor-som-jag\/#primaryimage","url":"https:\/\/wp.kristdemokraterna.se\/simrishamn\/files\/2014\/04\/ebba-478x262-1.jpg","contentUrl":"https:\/\/wp.kristdemokraterna.se\/simrishamn\/files\/2014\/04\/ebba-478x262-1.jpg","width":478,"height":262},{"@type":"BreadcrumbList","@id":"https:\/\/wp.kristdemokraterna.se\/simrishamn\/brinner-du-for-samma-fragor-som-jag\/#breadcrumb","itemListElement":[{"@type":"ListItem","position":1,"name":"Hem","item":"https:\/\/wp.kristdemokraterna.se\/simrishamn\/"},{"@type":"ListItem","position":2,"name":"Brinner du f\u00f6r att vara med och bygga upp ett b\u00e4ttre samh\u00e4lle?"}]},{"@type":"WebSite","@id":"https:\/\/wp.kristdemokraterna.se\/simrishamn\/#website","url":"https:\/\/wp.kristdemokraterna.se\/simrishamn\/","name":"Kristdemokraterna | Simrishamn","description":"\u00c4nnu en webbplats hos Kristdemokraterna","inLanguage":"sv-SE"},{"@type":"Person","@id":"https:\/\/wp.kristdemokraterna.se\/simrishamn\/#\/schema\/person\/6131ffec1f770eaebe5006ae11cc77ad","name":"simrishamn","image":{"@type":"ImageObject","inLanguage":"sv-SE","@id":"https:\/\/secure.gravatar.com\/avatar\/fd679ab5402316c13917973bd7b1231a01fa33414ec038b12411f0bceb2a516f?s=96&d=mm&r=g","url":"https:\/\/secure.gravatar.com\/avatar\/fd679ab5402316c13917973bd7b1231a01fa33414ec038b12411f0bceb2a516f?s=96&d=mm&r=g","contentUrl":"https:\/\/secure.gravatar.com\/avatar\/fd679ab5402316c13917973bd7b1231a01fa33414ec038b12411f0bceb2a516f?s=96&d=mm&r=g","caption":"simrishamn"},"url":"https:\/\/wp.kristdemokraterna.se\/simrishamn\/author\/simrishamn\/"}]}},"_links":{"self":[{"href":"https:\/\/wp.kristdemokraterna.se\/simrishamn\/wp-json\/wp\/v2\/posts\/11","targetHints":{"allow":["GET"]}}],"collection":[{"href":"https:\/\/wp.kristdemokraterna.se\/simrishamn\/wp-json\/wp\/v2\/posts"}],"about":[{"href":"https:\/\/wp.kristdemokraterna.se\/simrishamn\/wp-json\/wp\/v2\/types\/post"}],"author":[{"embeddable":true,"href":"https:\/\/wp.kristdemokraterna.se\/simrishamn\/wp-json\/wp\/v2\/users\/942"}],"replies":[{"embeddable":true,"href":"https:\/\/wp.kristdemokraterna.se\/simrishamn\/wp-json\/wp\/v2\/comments?post=11"}],"version-history":[{"count":9,"href":"https:\/\/wp.kristdemokraterna.se\/simrishamn\/wp-json\/wp\/v2\/posts\/11\/revisions"}],"predecessor-version":[{"id":713,"href":"https:\/\/wp.kristdemokraterna.se\/simrishamn\/wp-json\/wp\/v2\/posts\/11\/revisions\/713"}],"wp:featuredmedia":[{"embeddable":true,"href":"https:\/\/wp.kristdemokraterna.se\/simrishamn\/wp-json\/wp\/v2\/media\/184"}],"wp:attachment":[{"href":"https:\/\/wp.kristdemokraterna.se\/simrishamn\/wp-json\/wp\/v2\/media?parent=11"}],"wp:term":[{"taxonomy":"category","embeddable":true,"href":"https:\/\/wp.kristdemokraterna.se\/simrishamn\/wp-json\/wp\/v2\/categories?post=11"},{"taxonomy":"post_tag","embeddable":true,"href":"https:\/\/wp.kristdemokraterna.se\/simrishamn\/wp-json\/wp\/v2\/tags?post=11"}],"curies":[{"name":"wp","href":"https:\/\/api.w.org\/{rel}","templated":true}]}}