{"id":785,"date":"2020-10-17T12:21:47","date_gmt":"2020-10-17T10:21:47","guid":{"rendered":"http:\/\/wp.kristdemokraterna.se\/skane\/?p=785"},"modified":"2020-10-17T12:24:44","modified_gmt":"2020-10-17T10:24:44","slug":"vi-behover-fler-familjecentraler-i-skane","status":"publish","type":"post","link":"https:\/\/wp.kristdemokraterna.se\/skane\/vi-behover-fler-familjecentraler-i-skane\/","title":{"rendered":"Vi beh\u00f6ver fler familjecentraler i Sk\u00e5ne"},"content":{"rendered":"<div>\n<p class=\"perex\">DEBATTARTIKEL: Kristina Hessing Nilsson, du har alldeles r\u00e4tt. \u201dEn familjecentral \u00e4r ett helt klart underv\u00e4rderat redskap\u201d och vi kan inte mer \u00e4n h\u00e5lla med dig. Fler sk\u00e5nska kommuner beh\u00f6ver familjecentraler f\u00f6r att st\u00e4rka och utveckla f\u00f6r\u00e4ldraf\u00f6rm\u00e5gan. Kan vi st\u00f6tta f\u00f6r\u00e4ldrarna genom h\u00e4lsofr\u00e4mjande arbete och minska riskfaktorer genom f\u00f6rebyggande har vi vunnit mycket. D\u00e4rf\u00f6r blir vi glada att du lyfter detta viktiga arbete och visar p\u00e5 de m\u00e5nga f\u00f6rdelar som finns med familjecentraler.<\/p>\n<\/div>\n<div class=\"article-body\">\n<div id=\"article-undefined-body\">\n<p>Region Sk\u00e5ne har som m\u00e5l att minst en familjecentral ska finnas i varje kommun, n\u00e4r ett s\u00e5dant intresse finns fr\u00e5n kommunens sida. Allians f\u00f6r Sk\u00e5ne har under mandatperioden lagt fram en ambiti\u00f6s plan och p\u00e5 den borde H\u00f6gan\u00e4s passa in i. I budgeten och inriktningen f\u00f6r 2021 som Allians f\u00f6r Sk\u00e5ne presenterade i f\u00f6rra veckan st\u00e5r det specifikt: \u201dRegion Sk\u00e5ne ska st\u00f6dja utvecklingen av familjecentraler, med s\u00e4rskild kompetens att fr\u00e4mja barns h\u00e4lsa, i samverkan med intresserade sk\u00e5nska kommuner.\u201d H\u00f6gan\u00e4s kvalificerar sig och naturligtvis f\u00e5r vi titta n\u00e4rmare vilka f\u00f6ruts\u00e4ttningar som finns. Men ambitionen \u00e4r tydlig. Det blir fler familjecentraler i Sk\u00e5ne n\u00e4r Allians f\u00f6r Sk\u00e5ne och Kristdemokraterna \u00e4r med och styr.<\/p>\n<p>Familjecentralen \u00e4r en viktig och unik verksamhet som ger goda f\u00f6ruts\u00e4ttningar f\u00f6r olika professioner att samarbeta f\u00f6r barnets b\u00e4sta. En plats f\u00f6r alla, som blir en m\u00f6tesplats som erbjuder st\u00f6d och ger goda m\u00f6jligheter till social gemenskap f\u00f6r f\u00f6r\u00e4ldrar och deras barn. Vi beh\u00f6ver fler familjecentraler i Sk\u00e5ne.<\/p>\n<\/div>\n<p>Anders Lundstr\u00f6m (KD) regionr\u00e5d.<br \/>\nPia Lidwall (KD) 1:e vice ordf\u00f6rande, H\u00f6gan\u00e4s Kommun.<\/p>\n<\/div>\n","protected":false},"excerpt":{"rendered":"<p>DEBATTARTIKEL: Kristina Hessing Nilsson, du har alldeles r\u00e4tt. \u201dEn familjecentral \u00e4r ett helt klart underv\u00e4rderat redskap\u201d och vi kan inte mer \u00e4n h\u00e5lla med dig. Fler sk\u00e5nska kommuner beh\u00f6ver familjecentraler f\u00f6r att st\u00e4rka och utveckla f\u00f6r\u00e4ldraf\u00f6rm\u00e5gan. Kan vi st\u00f6tta f\u00f6r\u00e4ldrarna genom h\u00e4lsofr\u00e4mjande arbete och minska riskfaktorer genom f\u00f6rebyggande har vi vunnit mycket. D\u00e4rf\u00f6r blir vi <a class=\"read-more-link\" href=\"https:\/\/wp.kristdemokraterna.se\/skane\/vi-behover-fler-familjecentraler-i-skane\/\">L\u00e4s mer<\/a><\/p>\n","protected":false},"author":874,"featured_media":0,"comment_status":"closed","ping_status":"closed","sticky":false,"template":"","format":"standard","meta":{"_acf_changed":false,"footnotes":""},"categories":[14,5],"tags":[18,41],"class_list":["post-785","post","type-post","status-publish","format-standard","hentry","category-i-distriktet","category-i-regionen","tag-debattartikel","tag-hoganas"],"acf":[],"yoast_head":"<!-- This site is optimized with the Yoast SEO plugin v27.5 - https:\/\/yoast.com\/product\/yoast-seo-wordpress\/ -->\n<title>Vi beh\u00f6ver fler familjecentraler i Sk\u00e5ne - Kristdemokraterna | Sk\u00e5ne<\/title>\n<meta name=\"robots\" content=\"index, follow, max-snippet:-1, max-image-preview:large, max-video-preview:-1\" \/>\n<link rel=\"canonical\" href=\"https:\/\/wp.kristdemokraterna.se\/skane\/vi-behover-fler-familjecentraler-i-skane\/\" \/>\n<meta property=\"og:locale\" content=\"sv_SE\" \/>\n<meta property=\"og:type\" content=\"article\" \/>\n<meta property=\"og:title\" content=\"Vi beh\u00f6ver fler familjecentraler i Sk\u00e5ne - Kristdemokraterna | Sk\u00e5ne\" \/>\n<meta property=\"og:description\" content=\"DEBATTARTIKEL: Kristina Hessing Nilsson, du har alldeles r\u00e4tt. \u201dEn familjecentral \u00e4r ett helt klart underv\u00e4rderat redskap\u201d och vi kan inte mer \u00e4n h\u00e5lla med dig. Fler sk\u00e5nska kommuner beh\u00f6ver familjecentraler f\u00f6r att st\u00e4rka och utveckla f\u00f6r\u00e4ldraf\u00f6rm\u00e5gan. Kan vi st\u00f6tta f\u00f6r\u00e4ldrarna genom h\u00e4lsofr\u00e4mjande arbete och minska riskfaktorer genom f\u00f6rebyggande har vi vunnit mycket. D\u00e4rf\u00f6r blir vi L\u00e4s mer\" \/>\n<meta property=\"og:url\" content=\"https:\/\/wp.kristdemokraterna.se\/skane\/vi-behover-fler-familjecentraler-i-skane\/\" \/>\n<meta property=\"og:site_name\" content=\"Kristdemokraterna | Sk\u00e5ne\" \/>\n<meta property=\"article:publisher\" content=\"https:\/\/www.facebook.com\/kristdemokraternaiskane\/\" \/>\n<meta property=\"article:published_time\" content=\"2020-10-17T10:21:47+00:00\" \/>\n<meta property=\"article:modified_time\" content=\"2020-10-17T10:24:44+00:00\" \/>\n<meta name=\"author\" content=\"Simon Berneblad\" \/>\n<meta name=\"twitter:card\" content=\"summary_large_image\" \/>\n<meta name=\"twitter:label1\" content=\"Skriven av\" \/>\n\t<meta name=\"twitter:data1\" content=\"Simon Berneblad\" \/>\n\t<meta name=\"twitter:label2\" content=\"Ber\u00e4knad l\u00e4stid\" \/>\n\t<meta name=\"twitter:data2\" content=\"2 minuter\" \/>\n<script type=\"application\/ld+json\" class=\"yoast-schema-graph\">{\"@context\":\"https:\\\/\\\/schema.org\",\"@graph\":[{\"@type\":\"Article\",\"@id\":\"https:\\\/\\\/wp.kristdemokraterna.se\\\/skane\\\/vi-behover-fler-familjecentraler-i-skane\\\/#article\",\"isPartOf\":{\"@id\":\"https:\\\/\\\/wp.kristdemokraterna.se\\\/skane\\\/vi-behover-fler-familjecentraler-i-skane\\\/\"},\"author\":{\"name\":\"Simon Berneblad\",\"@id\":\"https:\\\/\\\/wp.kristdemokraterna.se\\\/skane\\\/#\\\/schema\\\/person\\\/b684b3b78c0af159382758027b70c4e7\"},\"headline\":\"Vi beh\u00f6ver fler familjecentraler i Sk\u00e5ne\",\"datePublished\":\"2020-10-17T10:21:47+00:00\",\"dateModified\":\"2020-10-17T10:24:44+00:00\",\"mainEntityOfPage\":{\"@id\":\"https:\\\/\\\/wp.kristdemokraterna.se\\\/skane\\\/vi-behover-fler-familjecentraler-i-skane\\\/\"},\"wordCount\":321,\"keywords\":[\"Debattartikel\",\"H\u00f6gan\u00e4s\"],\"articleSection\":[\"I Distriktet\",\"I Regionen\"],\"inLanguage\":\"sv-SE\"},{\"@type\":\"WebPage\",\"@id\":\"https:\\\/\\\/wp.kristdemokraterna.se\\\/skane\\\/vi-behover-fler-familjecentraler-i-skane\\\/\",\"url\":\"https:\\\/\\\/wp.kristdemokraterna.se\\\/skane\\\/vi-behover-fler-familjecentraler-i-skane\\\/\",\"name\":\"Vi beh\u00f6ver fler familjecentraler i Sk\u00e5ne - Kristdemokraterna | Sk\u00e5ne\",\"isPartOf\":{\"@id\":\"https:\\\/\\\/wp.kristdemokraterna.se\\\/skane\\\/#website\"},\"datePublished\":\"2020-10-17T10:21:47+00:00\",\"dateModified\":\"2020-10-17T10:24:44+00:00\",\"author\":{\"@id\":\"https:\\\/\\\/wp.kristdemokraterna.se\\\/skane\\\/#\\\/schema\\\/person\\\/b684b3b78c0af159382758027b70c4e7\"},\"breadcrumb\":{\"@id\":\"https:\\\/\\\/wp.kristdemokraterna.se\\\/skane\\\/vi-behover-fler-familjecentraler-i-skane\\\/#breadcrumb\"},\"inLanguage\":\"sv-SE\",\"potentialAction\":[{\"@type\":\"ReadAction\",\"target\":[\"https:\\\/\\\/wp.kristdemokraterna.se\\\/skane\\\/vi-behover-fler-familjecentraler-i-skane\\\/\"]}]},{\"@type\":\"BreadcrumbList\",\"@id\":\"https:\\\/\\\/wp.kristdemokraterna.se\\\/skane\\\/vi-behover-fler-familjecentraler-i-skane\\\/#breadcrumb\",\"itemListElement\":[{\"@type\":\"ListItem\",\"position\":1,\"name\":\"Hem\",\"item\":\"https:\\\/\\\/wp.kristdemokraterna.se\\\/skane\\\/\"},{\"@type\":\"ListItem\",\"position\":2,\"name\":\"Vi beh\u00f6ver fler familjecentraler i Sk\u00e5ne\"}]},{\"@type\":\"WebSite\",\"@id\":\"https:\\\/\\\/wp.kristdemokraterna.se\\\/skane\\\/#website\",\"url\":\"https:\\\/\\\/wp.kristdemokraterna.se\\\/skane\\\/\",\"name\":\"Kristdemokraterna | Sk\u00e5ne\",\"description\":\"KD Sk\u00e5ne - f\u00f6r ett friare Sk\u00e5ne.\",\"inLanguage\":\"sv-SE\"},{\"@type\":\"Person\",\"@id\":\"https:\\\/\\\/wp.kristdemokraterna.se\\\/skane\\\/#\\\/schema\\\/person\\\/b684b3b78c0af159382758027b70c4e7\",\"name\":\"Simon Berneblad\",\"image\":{\"@type\":\"ImageObject\",\"inLanguage\":\"sv-SE\",\"@id\":\"https:\\\/\\\/secure.gravatar.com\\\/avatar\\\/9258771e5d1d637f8501ed75672e23913a067e2603291093501dce7a17464f5c?s=96&d=mm&r=g\",\"url\":\"https:\\\/\\\/secure.gravatar.com\\\/avatar\\\/9258771e5d1d637f8501ed75672e23913a067e2603291093501dce7a17464f5c?s=96&d=mm&r=g\",\"contentUrl\":\"https:\\\/\\\/secure.gravatar.com\\\/avatar\\\/9258771e5d1d637f8501ed75672e23913a067e2603291093501dce7a17464f5c?s=96&d=mm&r=g\",\"caption\":\"Simon Berneblad\"},\"url\":\"https:\\\/\\\/wp.kristdemokraterna.se\\\/skane\\\/author\\\/sberneblad\\\/\"}]}<\/script>\n<!-- \/ Yoast SEO plugin. -->","yoast_head_json":{"title":"Vi beh\u00f6ver fler familjecentraler i Sk\u00e5ne - Kristdemokraterna | Sk\u00e5ne","robots":{"index":"index","follow":"follow","max-snippet":"max-snippet:-1","max-image-preview":"max-image-preview:large","max-video-preview":"max-video-preview:-1"},"canonical":"https:\/\/wp.kristdemokraterna.se\/skane\/vi-behover-fler-familjecentraler-i-skane\/","og_locale":"sv_SE","og_type":"article","og_title":"Vi beh\u00f6ver fler familjecentraler i Sk\u00e5ne - Kristdemokraterna | Sk\u00e5ne","og_description":"DEBATTARTIKEL: Kristina Hessing Nilsson, du har alldeles r\u00e4tt. \u201dEn familjecentral \u00e4r ett helt klart underv\u00e4rderat redskap\u201d och vi kan inte mer \u00e4n h\u00e5lla med dig. Fler sk\u00e5nska kommuner beh\u00f6ver familjecentraler f\u00f6r att st\u00e4rka och utveckla f\u00f6r\u00e4ldraf\u00f6rm\u00e5gan. Kan vi st\u00f6tta f\u00f6r\u00e4ldrarna genom h\u00e4lsofr\u00e4mjande arbete och minska riskfaktorer genom f\u00f6rebyggande har vi vunnit mycket. D\u00e4rf\u00f6r blir vi L\u00e4s mer","og_url":"https:\/\/wp.kristdemokraterna.se\/skane\/vi-behover-fler-familjecentraler-i-skane\/","og_site_name":"Kristdemokraterna | Sk\u00e5ne","article_publisher":"https:\/\/www.facebook.com\/kristdemokraternaiskane\/","article_published_time":"2020-10-17T10:21:47+00:00","article_modified_time":"2020-10-17T10:24:44+00:00","author":"Simon Berneblad","twitter_card":"summary_large_image","twitter_misc":{"Skriven av":"Simon Berneblad","Ber\u00e4knad l\u00e4stid":"2 minuter"},"schema":{"@context":"https:\/\/schema.org","@graph":[{"@type":"Article","@id":"https:\/\/wp.kristdemokraterna.se\/skane\/vi-behover-fler-familjecentraler-i-skane\/#article","isPartOf":{"@id":"https:\/\/wp.kristdemokraterna.se\/skane\/vi-behover-fler-familjecentraler-i-skane\/"},"author":{"name":"Simon Berneblad","@id":"https:\/\/wp.kristdemokraterna.se\/skane\/#\/schema\/person\/b684b3b78c0af159382758027b70c4e7"},"headline":"Vi beh\u00f6ver fler familjecentraler i Sk\u00e5ne","datePublished":"2020-10-17T10:21:47+00:00","dateModified":"2020-10-17T10:24:44+00:00","mainEntityOfPage":{"@id":"https:\/\/wp.kristdemokraterna.se\/skane\/vi-behover-fler-familjecentraler-i-skane\/"},"wordCount":321,"keywords":["Debattartikel","H\u00f6gan\u00e4s"],"articleSection":["I Distriktet","I Regionen"],"inLanguage":"sv-SE"},{"@type":"WebPage","@id":"https:\/\/wp.kristdemokraterna.se\/skane\/vi-behover-fler-familjecentraler-i-skane\/","url":"https:\/\/wp.kristdemokraterna.se\/skane\/vi-behover-fler-familjecentraler-i-skane\/","name":"Vi beh\u00f6ver fler familjecentraler i Sk\u00e5ne - Kristdemokraterna | Sk\u00e5ne","isPartOf":{"@id":"https:\/\/wp.kristdemokraterna.se\/skane\/#website"},"datePublished":"2020-10-17T10:21:47+00:00","dateModified":"2020-10-17T10:24:44+00:00","author":{"@id":"https:\/\/wp.kristdemokraterna.se\/skane\/#\/schema\/person\/b684b3b78c0af159382758027b70c4e7"},"breadcrumb":{"@id":"https:\/\/wp.kristdemokraterna.se\/skane\/vi-behover-fler-familjecentraler-i-skane\/#breadcrumb"},"inLanguage":"sv-SE","potentialAction":[{"@type":"ReadAction","target":["https:\/\/wp.kristdemokraterna.se\/skane\/vi-behover-fler-familjecentraler-i-skane\/"]}]},{"@type":"BreadcrumbList","@id":"https:\/\/wp.kristdemokraterna.se\/skane\/vi-behover-fler-familjecentraler-i-skane\/#breadcrumb","itemListElement":[{"@type":"ListItem","position":1,"name":"Hem","item":"https:\/\/wp.kristdemokraterna.se\/skane\/"},{"@type":"ListItem","position":2,"name":"Vi beh\u00f6ver fler familjecentraler i Sk\u00e5ne"}]},{"@type":"WebSite","@id":"https:\/\/wp.kristdemokraterna.se\/skane\/#website","url":"https:\/\/wp.kristdemokraterna.se\/skane\/","name":"Kristdemokraterna | Sk\u00e5ne","description":"KD Sk\u00e5ne - f\u00f6r ett friare Sk\u00e5ne.","inLanguage":"sv-SE"},{"@type":"Person","@id":"https:\/\/wp.kristdemokraterna.se\/skane\/#\/schema\/person\/b684b3b78c0af159382758027b70c4e7","name":"Simon Berneblad","image":{"@type":"ImageObject","inLanguage":"sv-SE","@id":"https:\/\/secure.gravatar.com\/avatar\/9258771e5d1d637f8501ed75672e23913a067e2603291093501dce7a17464f5c?s=96&d=mm&r=g","url":"https:\/\/secure.gravatar.com\/avatar\/9258771e5d1d637f8501ed75672e23913a067e2603291093501dce7a17464f5c?s=96&d=mm&r=g","contentUrl":"https:\/\/secure.gravatar.com\/avatar\/9258771e5d1d637f8501ed75672e23913a067e2603291093501dce7a17464f5c?s=96&d=mm&r=g","caption":"Simon Berneblad"},"url":"https:\/\/wp.kristdemokraterna.se\/skane\/author\/sberneblad\/"}]}},"_links":{"self":[{"href":"https:\/\/wp.kristdemokraterna.se\/skane\/wp-json\/wp\/v2\/posts\/785","targetHints":{"allow":["GET"]}}],"collection":[{"href":"https:\/\/wp.kristdemokraterna.se\/skane\/wp-json\/wp\/v2\/posts"}],"about":[{"href":"https:\/\/wp.kristdemokraterna.se\/skane\/wp-json\/wp\/v2\/types\/post"}],"author":[{"embeddable":true,"href":"https:\/\/wp.kristdemokraterna.se\/skane\/wp-json\/wp\/v2\/users\/874"}],"replies":[{"embeddable":true,"href":"https:\/\/wp.kristdemokraterna.se\/skane\/wp-json\/wp\/v2\/comments?post=785"}],"version-history":[{"count":1,"href":"https:\/\/wp.kristdemokraterna.se\/skane\/wp-json\/wp\/v2\/posts\/785\/revisions"}],"predecessor-version":[{"id":787,"href":"https:\/\/wp.kristdemokraterna.se\/skane\/wp-json\/wp\/v2\/posts\/785\/revisions\/787"}],"wp:attachment":[{"href":"https:\/\/wp.kristdemokraterna.se\/skane\/wp-json\/wp\/v2\/media?parent=785"}],"wp:term":[{"taxonomy":"category","embeddable":true,"href":"https:\/\/wp.kristdemokraterna.se\/skane\/wp-json\/wp\/v2\/categories?post=785"},{"taxonomy":"post_tag","embeddable":true,"href":"https:\/\/wp.kristdemokraterna.se\/skane\/wp-json\/wp\/v2\/tags?post=785"}],"curies":[{"name":"wp","href":"https:\/\/api.w.org\/{rel}","templated":true}]}}