{"id":597,"date":"2018-10-16T18:20:51","date_gmt":"2018-10-16T16:20:51","guid":{"rendered":"http:\/\/wp.kristdemokraterna.se\/skovde\/?p=597"},"modified":"2018-10-16T18:20:51","modified_gmt":"2018-10-16T16:20:51","slug":"brannberg-omvald","status":"publish","type":"post","link":"https:\/\/wp.kristdemokraterna.se\/skovde\/brannberg-omvald\/","title":{"rendered":"Br\u00e4nnberg omvald"},"content":{"rendered":"<p>Efter ett val sker ett antal f\u00f6rhandlingar om vem som ska ha olika uppdrag. Det \u00e4r m\u00e5nga f\u00f6rtroendevalda som ska v\u00e4ljas till uppdrag i n\u00e4mnder, styrelser, bolag, kommunalf\u00f6rbund, stiftelser och olika samverkansorgan.<\/p>\n<p>Det f\u00f6rsta valet den nya mandatperioden var Kommunfullm\u00e4ktiges presidium. Conny Br\u00e4nnberg blev \u00e5ter vald att vara Sk\u00f6vde kommunfullm\u00e4ktiges ordf\u00f6rande. F\u00f6rsta g\u00e5ngen han valdes var 1998 och har d\u00e4rmed en l\u00e5ng erfarenhet som ordf\u00f6rande f\u00f6r Sk\u00f6vdes h\u00f6gsta beslutande organ.<\/p>\n<p>&nbsp;<\/p>\n","protected":false},"excerpt":{"rendered":"<p>Efter ett val sker ett antal f\u00f6rhandlingar om vem som ska ha olika uppdrag. Det \u00e4r m\u00e5nga f\u00f6rtroendevalda som ska v\u00e4ljas till uppdrag i n\u00e4mnder, styrelser, bolag, kommunalf\u00f6rbund, stiftelser och olika samverkansorgan. Det f\u00f6rsta valet den nya mandatperioden var Kommunfullm\u00e4ktiges presidium. Conny Br\u00e4nnberg blev \u00e5ter vald att vara Sk\u00f6vde kommunfullm\u00e4ktiges ordf\u00f6rande. F\u00f6rsta g\u00e5ngen han valdes <a class=\"read-more-link\" href=\"https:\/\/wp.kristdemokraterna.se\/skovde\/brannberg-omvald\/\">Read More<\/a><\/p>\n","protected":false},"author":744,"featured_media":0,"comment_status":"closed","ping_status":"closed","sticky":false,"template":"","format":"standard","meta":{"_acf_changed":false,"footnotes":""},"categories":[8],"tags":[],"class_list":["post-597","post","type-post","status-publish","format-standard","hentry","category-nyheter"],"acf":[],"yoast_head":"<!-- This site is optimized with the Yoast SEO plugin v27.4 - https:\/\/yoast.com\/product\/yoast-seo-wordpress\/ -->\n<title>Br\u00e4nnberg omvald - i Sk\u00f6vde<\/title>\n<meta name=\"robots\" content=\"index, follow, max-snippet:-1, max-image-preview:large, max-video-preview:-1\" \/>\n<link rel=\"canonical\" href=\"https:\/\/wp.kristdemokraterna.se\/skovde\/brannberg-omvald\/\" \/>\n<meta property=\"og:locale\" content=\"sv_SE\" \/>\n<meta property=\"og:type\" content=\"article\" \/>\n<meta property=\"og:title\" content=\"Br\u00e4nnberg omvald - i Sk\u00f6vde\" \/>\n<meta property=\"og:description\" content=\"Efter ett val sker ett antal f\u00f6rhandlingar om vem som ska ha olika uppdrag. Det \u00e4r m\u00e5nga f\u00f6rtroendevalda som ska v\u00e4ljas till uppdrag i n\u00e4mnder, styrelser, bolag, kommunalf\u00f6rbund, stiftelser och olika samverkansorgan. Det f\u00f6rsta valet den nya mandatperioden var Kommunfullm\u00e4ktiges presidium. Conny Br\u00e4nnberg blev \u00e5ter vald att vara Sk\u00f6vde kommunfullm\u00e4ktiges ordf\u00f6rande. F\u00f6rsta g\u00e5ngen han valdes Read More\" \/>\n<meta property=\"og:url\" content=\"https:\/\/wp.kristdemokraterna.se\/skovde\/brannberg-omvald\/\" \/>\n<meta property=\"og:site_name\" content=\"i Sk\u00f6vde\" \/>\n<meta property=\"article:published_time\" content=\"2018-10-16T16:20:51+00:00\" \/>\n<meta name=\"author\" content=\"brannberg\" \/>\n<meta name=\"twitter:card\" content=\"summary_large_image\" \/>\n<meta name=\"twitter:label1\" content=\"Skriven av\" \/>\n\t<meta name=\"twitter:data1\" content=\"brannberg\" \/>\n<script type=\"application\/ld+json\" class=\"yoast-schema-graph\">{\"@context\":\"https:\\\/\\\/schema.org\",\"@graph\":[{\"@type\":\"Article\",\"@id\":\"https:\\\/\\\/wp.kristdemokraterna.se\\\/skovde\\\/brannberg-omvald\\\/#article\",\"isPartOf\":{\"@id\":\"https:\\\/\\\/wp.kristdemokraterna.se\\\/skovde\\\/brannberg-omvald\\\/\"},\"author\":{\"name\":\"brannberg\",\"@id\":\"https:\\\/\\\/wp.kristdemokraterna.se\\\/skovde\\\/#\\\/schema\\\/person\\\/16c27da76d91de55cd55bdfac6e90bd2\"},\"headline\":\"Br\u00e4nnberg omvald\",\"datePublished\":\"2018-10-16T16:20:51+00:00\",\"mainEntityOfPage\":{\"@id\":\"https:\\\/\\\/wp.kristdemokraterna.se\\\/skovde\\\/brannberg-omvald\\\/\"},\"wordCount\":93,\"articleSection\":[\"Nyheter\"],\"inLanguage\":\"sv-SE\"},{\"@type\":\"WebPage\",\"@id\":\"https:\\\/\\\/wp.kristdemokraterna.se\\\/skovde\\\/brannberg-omvald\\\/\",\"url\":\"https:\\\/\\\/wp.kristdemokraterna.se\\\/skovde\\\/brannberg-omvald\\\/\",\"name\":\"Br\u00e4nnberg omvald - i Sk\u00f6vde\",\"isPartOf\":{\"@id\":\"https:\\\/\\\/wp.kristdemokraterna.se\\\/skovde\\\/#website\"},\"datePublished\":\"2018-10-16T16:20:51+00:00\",\"author\":{\"@id\":\"https:\\\/\\\/wp.kristdemokraterna.se\\\/skovde\\\/#\\\/schema\\\/person\\\/16c27da76d91de55cd55bdfac6e90bd2\"},\"breadcrumb\":{\"@id\":\"https:\\\/\\\/wp.kristdemokraterna.se\\\/skovde\\\/brannberg-omvald\\\/#breadcrumb\"},\"inLanguage\":\"sv-SE\",\"potentialAction\":[{\"@type\":\"ReadAction\",\"target\":[\"https:\\\/\\\/wp.kristdemokraterna.se\\\/skovde\\\/brannberg-omvald\\\/\"]}]},{\"@type\":\"BreadcrumbList\",\"@id\":\"https:\\\/\\\/wp.kristdemokraterna.se\\\/skovde\\\/brannberg-omvald\\\/#breadcrumb\",\"itemListElement\":[{\"@type\":\"ListItem\",\"position\":1,\"name\":\"Hem\",\"item\":\"https:\\\/\\\/wp.kristdemokraterna.se\\\/skovde\\\/\"},{\"@type\":\"ListItem\",\"position\":2,\"name\":\"Br\u00e4nnberg omvald\"}]},{\"@type\":\"WebSite\",\"@id\":\"https:\\\/\\\/wp.kristdemokraterna.se\\\/skovde\\\/#website\",\"url\":\"https:\\\/\\\/wp.kristdemokraterna.se\\\/skovde\\\/\",\"name\":\"i Sk\u00f6vde\",\"description\":\"\",\"inLanguage\":\"sv-SE\"},{\"@type\":\"Person\",\"@id\":\"https:\\\/\\\/wp.kristdemokraterna.se\\\/skovde\\\/#\\\/schema\\\/person\\\/16c27da76d91de55cd55bdfac6e90bd2\",\"name\":\"brannberg\",\"image\":{\"@type\":\"ImageObject\",\"inLanguage\":\"sv-SE\",\"@id\":\"https:\\\/\\\/secure.gravatar.com\\\/avatar\\\/3065f237d64bcc60246edd2804abb1788848e0a9f187add49e65be41fbadadec?s=96&d=mm&r=g\",\"url\":\"https:\\\/\\\/secure.gravatar.com\\\/avatar\\\/3065f237d64bcc60246edd2804abb1788848e0a9f187add49e65be41fbadadec?s=96&d=mm&r=g\",\"contentUrl\":\"https:\\\/\\\/secure.gravatar.com\\\/avatar\\\/3065f237d64bcc60246edd2804abb1788848e0a9f187add49e65be41fbadadec?s=96&d=mm&r=g\",\"caption\":\"brannberg\"},\"url\":\"https:\\\/\\\/wp.kristdemokraterna.se\\\/skovde\\\/author\\\/brannberg\\\/\"}]}<\/script>\n<!-- \/ Yoast SEO plugin. -->","yoast_head_json":{"title":"Br\u00e4nnberg omvald - i Sk\u00f6vde","robots":{"index":"index","follow":"follow","max-snippet":"max-snippet:-1","max-image-preview":"max-image-preview:large","max-video-preview":"max-video-preview:-1"},"canonical":"https:\/\/wp.kristdemokraterna.se\/skovde\/brannberg-omvald\/","og_locale":"sv_SE","og_type":"article","og_title":"Br\u00e4nnberg omvald - i Sk\u00f6vde","og_description":"Efter ett val sker ett antal f\u00f6rhandlingar om vem som ska ha olika uppdrag. Det \u00e4r m\u00e5nga f\u00f6rtroendevalda som ska v\u00e4ljas till uppdrag i n\u00e4mnder, styrelser, bolag, kommunalf\u00f6rbund, stiftelser och olika samverkansorgan. Det f\u00f6rsta valet den nya mandatperioden var Kommunfullm\u00e4ktiges presidium. Conny Br\u00e4nnberg blev \u00e5ter vald att vara Sk\u00f6vde kommunfullm\u00e4ktiges ordf\u00f6rande. F\u00f6rsta g\u00e5ngen han valdes Read More","og_url":"https:\/\/wp.kristdemokraterna.se\/skovde\/brannberg-omvald\/","og_site_name":"i Sk\u00f6vde","article_published_time":"2018-10-16T16:20:51+00:00","author":"brannberg","twitter_card":"summary_large_image","twitter_misc":{"Skriven av":"brannberg"},"schema":{"@context":"https:\/\/schema.org","@graph":[{"@type":"Article","@id":"https:\/\/wp.kristdemokraterna.se\/skovde\/brannberg-omvald\/#article","isPartOf":{"@id":"https:\/\/wp.kristdemokraterna.se\/skovde\/brannberg-omvald\/"},"author":{"name":"brannberg","@id":"https:\/\/wp.kristdemokraterna.se\/skovde\/#\/schema\/person\/16c27da76d91de55cd55bdfac6e90bd2"},"headline":"Br\u00e4nnberg omvald","datePublished":"2018-10-16T16:20:51+00:00","mainEntityOfPage":{"@id":"https:\/\/wp.kristdemokraterna.se\/skovde\/brannberg-omvald\/"},"wordCount":93,"articleSection":["Nyheter"],"inLanguage":"sv-SE"},{"@type":"WebPage","@id":"https:\/\/wp.kristdemokraterna.se\/skovde\/brannberg-omvald\/","url":"https:\/\/wp.kristdemokraterna.se\/skovde\/brannberg-omvald\/","name":"Br\u00e4nnberg omvald - i Sk\u00f6vde","isPartOf":{"@id":"https:\/\/wp.kristdemokraterna.se\/skovde\/#website"},"datePublished":"2018-10-16T16:20:51+00:00","author":{"@id":"https:\/\/wp.kristdemokraterna.se\/skovde\/#\/schema\/person\/16c27da76d91de55cd55bdfac6e90bd2"},"breadcrumb":{"@id":"https:\/\/wp.kristdemokraterna.se\/skovde\/brannberg-omvald\/#breadcrumb"},"inLanguage":"sv-SE","potentialAction":[{"@type":"ReadAction","target":["https:\/\/wp.kristdemokraterna.se\/skovde\/brannberg-omvald\/"]}]},{"@type":"BreadcrumbList","@id":"https:\/\/wp.kristdemokraterna.se\/skovde\/brannberg-omvald\/#breadcrumb","itemListElement":[{"@type":"ListItem","position":1,"name":"Hem","item":"https:\/\/wp.kristdemokraterna.se\/skovde\/"},{"@type":"ListItem","position":2,"name":"Br\u00e4nnberg omvald"}]},{"@type":"WebSite","@id":"https:\/\/wp.kristdemokraterna.se\/skovde\/#website","url":"https:\/\/wp.kristdemokraterna.se\/skovde\/","name":"i Sk\u00f6vde","description":"","inLanguage":"sv-SE"},{"@type":"Person","@id":"https:\/\/wp.kristdemokraterna.se\/skovde\/#\/schema\/person\/16c27da76d91de55cd55bdfac6e90bd2","name":"brannberg","image":{"@type":"ImageObject","inLanguage":"sv-SE","@id":"https:\/\/secure.gravatar.com\/avatar\/3065f237d64bcc60246edd2804abb1788848e0a9f187add49e65be41fbadadec?s=96&d=mm&r=g","url":"https:\/\/secure.gravatar.com\/avatar\/3065f237d64bcc60246edd2804abb1788848e0a9f187add49e65be41fbadadec?s=96&d=mm&r=g","contentUrl":"https:\/\/secure.gravatar.com\/avatar\/3065f237d64bcc60246edd2804abb1788848e0a9f187add49e65be41fbadadec?s=96&d=mm&r=g","caption":"brannberg"},"url":"https:\/\/wp.kristdemokraterna.se\/skovde\/author\/brannberg\/"}]}},"_links":{"self":[{"href":"https:\/\/wp.kristdemokraterna.se\/skovde\/wp-json\/wp\/v2\/posts\/597","targetHints":{"allow":["GET"]}}],"collection":[{"href":"https:\/\/wp.kristdemokraterna.se\/skovde\/wp-json\/wp\/v2\/posts"}],"about":[{"href":"https:\/\/wp.kristdemokraterna.se\/skovde\/wp-json\/wp\/v2\/types\/post"}],"author":[{"embeddable":true,"href":"https:\/\/wp.kristdemokraterna.se\/skovde\/wp-json\/wp\/v2\/users\/744"}],"replies":[{"embeddable":true,"href":"https:\/\/wp.kristdemokraterna.se\/skovde\/wp-json\/wp\/v2\/comments?post=597"}],"version-history":[{"count":1,"href":"https:\/\/wp.kristdemokraterna.se\/skovde\/wp-json\/wp\/v2\/posts\/597\/revisions"}],"predecessor-version":[{"id":599,"href":"https:\/\/wp.kristdemokraterna.se\/skovde\/wp-json\/wp\/v2\/posts\/597\/revisions\/599"}],"wp:attachment":[{"href":"https:\/\/wp.kristdemokraterna.se\/skovde\/wp-json\/wp\/v2\/media?parent=597"}],"wp:term":[{"taxonomy":"category","embeddable":true,"href":"https:\/\/wp.kristdemokraterna.se\/skovde\/wp-json\/wp\/v2\/categories?post=597"},{"taxonomy":"post_tag","embeddable":true,"href":"https:\/\/wp.kristdemokraterna.se\/skovde\/wp-json\/wp\/v2\/tags?post=597"}],"curies":[{"name":"wp","href":"https:\/\/api.w.org\/{rel}","templated":true}]}}