{"id":709,"date":"2021-09-01T07:17:19","date_gmt":"2021-09-01T05:17:19","guid":{"rendered":"https:\/\/wp.kristdemokraterna.se\/skovde\/?p=709"},"modified":"2021-09-01T07:17:19","modified_gmt":"2021-09-01T05:17:19","slug":"vill-du-vara-med-i-vart-lag","status":"publish","type":"post","link":"https:\/\/wp.kristdemokraterna.se\/skovde\/vill-du-vara-med-i-vart-lag\/","title":{"rendered":"Vill du vara med i v\u00e5rt lag?"},"content":{"rendered":"<p>Vi h\u00e5ller p\u00e5 att f\u00f6rbereda inf\u00f6r valet 2022 och v\u00e4lkomnar nya att vara med p\u00e5 v\u00e5r valsedel. Du \u00e4r v\u00e4lkommen att kontakta oss. Den 11 sep 2022 \u00e4r det allm\u00e4nna val och i v\u00e5r partiavdelning har vi ett s\u00e4rskilt ansvar f\u00f6r kommunvalet. Vi \u00e4r ett h\u00e4rligt g\u00e4ng som trivs tillsammans men ser g\u00e4rna att fler kommer med. Under h\u00f6sten ordnar vi m\u00f6ten d\u00e4r vi v\u00e4nder oss till dig som funderar p\u00e5 politik. \u00d6ver en bit mat samtalar vi. Kanske n\u00e5got f\u00f6r dig att haka p\u00e5?<\/p>\n","protected":false},"excerpt":{"rendered":"<p>Vi h\u00e5ller p\u00e5 att f\u00f6rbereda inf\u00f6r valet 2022 och v\u00e4lkomnar nya att vara med p\u00e5 v\u00e5r valsedel. Du \u00e4r v\u00e4lkommen att kontakta oss. Den 11 sep 2022 \u00e4r det allm\u00e4nna val och i v\u00e5r partiavdelning har vi ett s\u00e4rskilt ansvar f\u00f6r kommunvalet. Vi \u00e4r ett h\u00e4rligt g\u00e4ng som trivs tillsammans men ser g\u00e4rna att fler <a class=\"read-more-link\" href=\"https:\/\/wp.kristdemokraterna.se\/skovde\/vill-du-vara-med-i-vart-lag\/\">Read More<\/a><\/p>\n","protected":false},"author":744,"featured_media":0,"comment_status":"closed","ping_status":"closed","sticky":false,"template":"","format":"standard","meta":{"_acf_changed":false,"footnotes":""},"categories":[8],"tags":[],"class_list":["post-709","post","type-post","status-publish","format-standard","hentry","category-nyheter"],"acf":[],"yoast_head":"<!-- This site is optimized with the Yoast SEO plugin v27.5 - https:\/\/yoast.com\/product\/yoast-seo-wordpress\/ -->\n<title>Vill du vara med i v\u00e5rt lag? - i Sk\u00f6vde<\/title>\n<meta name=\"robots\" content=\"index, follow, max-snippet:-1, max-image-preview:large, max-video-preview:-1\" \/>\n<link rel=\"canonical\" href=\"https:\/\/wp.kristdemokraterna.se\/skovde\/vill-du-vara-med-i-vart-lag\/\" \/>\n<meta property=\"og:locale\" content=\"sv_SE\" \/>\n<meta property=\"og:type\" content=\"article\" \/>\n<meta property=\"og:title\" content=\"Vill du vara med i v\u00e5rt lag? - i Sk\u00f6vde\" \/>\n<meta property=\"og:description\" content=\"Vi h\u00e5ller p\u00e5 att f\u00f6rbereda inf\u00f6r valet 2022 och v\u00e4lkomnar nya att vara med p\u00e5 v\u00e5r valsedel. Du \u00e4r v\u00e4lkommen att kontakta oss. Den 11 sep 2022 \u00e4r det allm\u00e4nna val och i v\u00e5r partiavdelning har vi ett s\u00e4rskilt ansvar f\u00f6r kommunvalet. Vi \u00e4r ett h\u00e4rligt g\u00e4ng som trivs tillsammans men ser g\u00e4rna att fler Read More\" \/>\n<meta property=\"og:url\" content=\"https:\/\/wp.kristdemokraterna.se\/skovde\/vill-du-vara-med-i-vart-lag\/\" \/>\n<meta property=\"og:site_name\" content=\"i Sk\u00f6vde\" \/>\n<meta property=\"article:published_time\" content=\"2021-09-01T05:17:19+00:00\" \/>\n<meta name=\"author\" content=\"brannberg\" \/>\n<meta name=\"twitter:card\" content=\"summary_large_image\" \/>\n<meta name=\"twitter:label1\" content=\"Skriven av\" \/>\n\t<meta name=\"twitter:data1\" content=\"brannberg\" \/>\n\t<meta name=\"twitter:label2\" content=\"Ber\u00e4knad l\u00e4stid\" \/>\n\t<meta name=\"twitter:data2\" content=\"1 minut\" \/>\n<script type=\"application\/ld+json\" class=\"yoast-schema-graph\">{\"@context\":\"https:\\\/\\\/schema.org\",\"@graph\":[{\"@type\":\"Article\",\"@id\":\"https:\\\/\\\/wp.kristdemokraterna.se\\\/skovde\\\/vill-du-vara-med-i-vart-lag\\\/#article\",\"isPartOf\":{\"@id\":\"https:\\\/\\\/wp.kristdemokraterna.se\\\/skovde\\\/vill-du-vara-med-i-vart-lag\\\/\"},\"author\":{\"name\":\"brannberg\",\"@id\":\"https:\\\/\\\/wp.kristdemokraterna.se\\\/skovde\\\/#\\\/schema\\\/person\\\/16c27da76d91de55cd55bdfac6e90bd2\"},\"headline\":\"Vill du vara med i v\u00e5rt lag?\",\"datePublished\":\"2021-09-01T05:17:19+00:00\",\"mainEntityOfPage\":{\"@id\":\"https:\\\/\\\/wp.kristdemokraterna.se\\\/skovde\\\/vill-du-vara-med-i-vart-lag\\\/\"},\"wordCount\":109,\"articleSection\":[\"Nyheter\"],\"inLanguage\":\"sv-SE\"},{\"@type\":\"WebPage\",\"@id\":\"https:\\\/\\\/wp.kristdemokraterna.se\\\/skovde\\\/vill-du-vara-med-i-vart-lag\\\/\",\"url\":\"https:\\\/\\\/wp.kristdemokraterna.se\\\/skovde\\\/vill-du-vara-med-i-vart-lag\\\/\",\"name\":\"Vill du vara med i v\u00e5rt lag? - i Sk\u00f6vde\",\"isPartOf\":{\"@id\":\"https:\\\/\\\/wp.kristdemokraterna.se\\\/skovde\\\/#website\"},\"datePublished\":\"2021-09-01T05:17:19+00:00\",\"author\":{\"@id\":\"https:\\\/\\\/wp.kristdemokraterna.se\\\/skovde\\\/#\\\/schema\\\/person\\\/16c27da76d91de55cd55bdfac6e90bd2\"},\"breadcrumb\":{\"@id\":\"https:\\\/\\\/wp.kristdemokraterna.se\\\/skovde\\\/vill-du-vara-med-i-vart-lag\\\/#breadcrumb\"},\"inLanguage\":\"sv-SE\",\"potentialAction\":[{\"@type\":\"ReadAction\",\"target\":[\"https:\\\/\\\/wp.kristdemokraterna.se\\\/skovde\\\/vill-du-vara-med-i-vart-lag\\\/\"]}]},{\"@type\":\"BreadcrumbList\",\"@id\":\"https:\\\/\\\/wp.kristdemokraterna.se\\\/skovde\\\/vill-du-vara-med-i-vart-lag\\\/#breadcrumb\",\"itemListElement\":[{\"@type\":\"ListItem\",\"position\":1,\"name\":\"Hem\",\"item\":\"https:\\\/\\\/wp.kristdemokraterna.se\\\/skovde\\\/\"},{\"@type\":\"ListItem\",\"position\":2,\"name\":\"Vill du vara med i v\u00e5rt lag?\"}]},{\"@type\":\"WebSite\",\"@id\":\"https:\\\/\\\/wp.kristdemokraterna.se\\\/skovde\\\/#website\",\"url\":\"https:\\\/\\\/wp.kristdemokraterna.se\\\/skovde\\\/\",\"name\":\"i Sk\u00f6vde\",\"description\":\"\",\"inLanguage\":\"sv-SE\"},{\"@type\":\"Person\",\"@id\":\"https:\\\/\\\/wp.kristdemokraterna.se\\\/skovde\\\/#\\\/schema\\\/person\\\/16c27da76d91de55cd55bdfac6e90bd2\",\"name\":\"brannberg\",\"image\":{\"@type\":\"ImageObject\",\"inLanguage\":\"sv-SE\",\"@id\":\"https:\\\/\\\/secure.gravatar.com\\\/avatar\\\/3065f237d64bcc60246edd2804abb1788848e0a9f187add49e65be41fbadadec?s=96&d=mm&r=g\",\"url\":\"https:\\\/\\\/secure.gravatar.com\\\/avatar\\\/3065f237d64bcc60246edd2804abb1788848e0a9f187add49e65be41fbadadec?s=96&d=mm&r=g\",\"contentUrl\":\"https:\\\/\\\/secure.gravatar.com\\\/avatar\\\/3065f237d64bcc60246edd2804abb1788848e0a9f187add49e65be41fbadadec?s=96&d=mm&r=g\",\"caption\":\"brannberg\"},\"url\":\"https:\\\/\\\/wp.kristdemokraterna.se\\\/skovde\\\/author\\\/brannberg\\\/\"}]}<\/script>\n<!-- \/ Yoast SEO plugin. -->","yoast_head_json":{"title":"Vill du vara med i v\u00e5rt lag? - i Sk\u00f6vde","robots":{"index":"index","follow":"follow","max-snippet":"max-snippet:-1","max-image-preview":"max-image-preview:large","max-video-preview":"max-video-preview:-1"},"canonical":"https:\/\/wp.kristdemokraterna.se\/skovde\/vill-du-vara-med-i-vart-lag\/","og_locale":"sv_SE","og_type":"article","og_title":"Vill du vara med i v\u00e5rt lag? - i Sk\u00f6vde","og_description":"Vi h\u00e5ller p\u00e5 att f\u00f6rbereda inf\u00f6r valet 2022 och v\u00e4lkomnar nya att vara med p\u00e5 v\u00e5r valsedel. Du \u00e4r v\u00e4lkommen att kontakta oss. Den 11 sep 2022 \u00e4r det allm\u00e4nna val och i v\u00e5r partiavdelning har vi ett s\u00e4rskilt ansvar f\u00f6r kommunvalet. Vi \u00e4r ett h\u00e4rligt g\u00e4ng som trivs tillsammans men ser g\u00e4rna att fler Read More","og_url":"https:\/\/wp.kristdemokraterna.se\/skovde\/vill-du-vara-med-i-vart-lag\/","og_site_name":"i Sk\u00f6vde","article_published_time":"2021-09-01T05:17:19+00:00","author":"brannberg","twitter_card":"summary_large_image","twitter_misc":{"Skriven av":"brannberg","Ber\u00e4knad l\u00e4stid":"1 minut"},"schema":{"@context":"https:\/\/schema.org","@graph":[{"@type":"Article","@id":"https:\/\/wp.kristdemokraterna.se\/skovde\/vill-du-vara-med-i-vart-lag\/#article","isPartOf":{"@id":"https:\/\/wp.kristdemokraterna.se\/skovde\/vill-du-vara-med-i-vart-lag\/"},"author":{"name":"brannberg","@id":"https:\/\/wp.kristdemokraterna.se\/skovde\/#\/schema\/person\/16c27da76d91de55cd55bdfac6e90bd2"},"headline":"Vill du vara med i v\u00e5rt lag?","datePublished":"2021-09-01T05:17:19+00:00","mainEntityOfPage":{"@id":"https:\/\/wp.kristdemokraterna.se\/skovde\/vill-du-vara-med-i-vart-lag\/"},"wordCount":109,"articleSection":["Nyheter"],"inLanguage":"sv-SE"},{"@type":"WebPage","@id":"https:\/\/wp.kristdemokraterna.se\/skovde\/vill-du-vara-med-i-vart-lag\/","url":"https:\/\/wp.kristdemokraterna.se\/skovde\/vill-du-vara-med-i-vart-lag\/","name":"Vill du vara med i v\u00e5rt lag? - i Sk\u00f6vde","isPartOf":{"@id":"https:\/\/wp.kristdemokraterna.se\/skovde\/#website"},"datePublished":"2021-09-01T05:17:19+00:00","author":{"@id":"https:\/\/wp.kristdemokraterna.se\/skovde\/#\/schema\/person\/16c27da76d91de55cd55bdfac6e90bd2"},"breadcrumb":{"@id":"https:\/\/wp.kristdemokraterna.se\/skovde\/vill-du-vara-med-i-vart-lag\/#breadcrumb"},"inLanguage":"sv-SE","potentialAction":[{"@type":"ReadAction","target":["https:\/\/wp.kristdemokraterna.se\/skovde\/vill-du-vara-med-i-vart-lag\/"]}]},{"@type":"BreadcrumbList","@id":"https:\/\/wp.kristdemokraterna.se\/skovde\/vill-du-vara-med-i-vart-lag\/#breadcrumb","itemListElement":[{"@type":"ListItem","position":1,"name":"Hem","item":"https:\/\/wp.kristdemokraterna.se\/skovde\/"},{"@type":"ListItem","position":2,"name":"Vill du vara med i v\u00e5rt lag?"}]},{"@type":"WebSite","@id":"https:\/\/wp.kristdemokraterna.se\/skovde\/#website","url":"https:\/\/wp.kristdemokraterna.se\/skovde\/","name":"i Sk\u00f6vde","description":"","inLanguage":"sv-SE"},{"@type":"Person","@id":"https:\/\/wp.kristdemokraterna.se\/skovde\/#\/schema\/person\/16c27da76d91de55cd55bdfac6e90bd2","name":"brannberg","image":{"@type":"ImageObject","inLanguage":"sv-SE","@id":"https:\/\/secure.gravatar.com\/avatar\/3065f237d64bcc60246edd2804abb1788848e0a9f187add49e65be41fbadadec?s=96&d=mm&r=g","url":"https:\/\/secure.gravatar.com\/avatar\/3065f237d64bcc60246edd2804abb1788848e0a9f187add49e65be41fbadadec?s=96&d=mm&r=g","contentUrl":"https:\/\/secure.gravatar.com\/avatar\/3065f237d64bcc60246edd2804abb1788848e0a9f187add49e65be41fbadadec?s=96&d=mm&r=g","caption":"brannberg"},"url":"https:\/\/wp.kristdemokraterna.se\/skovde\/author\/brannberg\/"}]}},"_links":{"self":[{"href":"https:\/\/wp.kristdemokraterna.se\/skovde\/wp-json\/wp\/v2\/posts\/709","targetHints":{"allow":["GET"]}}],"collection":[{"href":"https:\/\/wp.kristdemokraterna.se\/skovde\/wp-json\/wp\/v2\/posts"}],"about":[{"href":"https:\/\/wp.kristdemokraterna.se\/skovde\/wp-json\/wp\/v2\/types\/post"}],"author":[{"embeddable":true,"href":"https:\/\/wp.kristdemokraterna.se\/skovde\/wp-json\/wp\/v2\/users\/744"}],"replies":[{"embeddable":true,"href":"https:\/\/wp.kristdemokraterna.se\/skovde\/wp-json\/wp\/v2\/comments?post=709"}],"version-history":[{"count":1,"href":"https:\/\/wp.kristdemokraterna.se\/skovde\/wp-json\/wp\/v2\/posts\/709\/revisions"}],"predecessor-version":[{"id":711,"href":"https:\/\/wp.kristdemokraterna.se\/skovde\/wp-json\/wp\/v2\/posts\/709\/revisions\/711"}],"wp:attachment":[{"href":"https:\/\/wp.kristdemokraterna.se\/skovde\/wp-json\/wp\/v2\/media?parent=709"}],"wp:term":[{"taxonomy":"category","embeddable":true,"href":"https:\/\/wp.kristdemokraterna.se\/skovde\/wp-json\/wp\/v2\/categories?post=709"},{"taxonomy":"post_tag","embeddable":true,"href":"https:\/\/wp.kristdemokraterna.se\/skovde\/wp-json\/wp\/v2\/tags?post=709"}],"curies":[{"name":"wp","href":"https:\/\/api.w.org\/{rel}","templated":true}]}}