{"id":718,"date":"2021-11-23T09:09:12","date_gmt":"2021-11-23T08:09:12","guid":{"rendered":"https:\/\/wp.kristdemokraterna.se\/skovde\/?p=718"},"modified":"2021-11-23T09:09:12","modified_gmt":"2021-11-23T08:09:12","slug":"kom-med-i-team-ebba","status":"publish","type":"post","link":"https:\/\/wp.kristdemokraterna.se\/skovde\/kom-med-i-team-ebba\/","title":{"rendered":"Kom med i Team Ebba"},"content":{"rendered":"<p>Ebba Busch kommer att toppa valsedeln f\u00f6r Kristdemokraterna i riksdagsvalet 2022. Vi arbetar f\u00f6r att hon ska bli en del av en ny regering. Kristdemokraterna och Moderaterna g\u00f6r gemensam sak och dessa tv\u00e5 partier kommer att be om v\u00e4ljarnas mandat f\u00f6r att g\u00f6ra en nystart f\u00f6r Sverige. I Sk\u00f6vde, i V\u00e4stra G\u00f6taland och hela landet f\u00f6rbereder sig nu kristdemokraterna f\u00f6r att g\u00f6ra ett bra val. Vi kommer att tala om oss som Familjepartiet men ocks\u00e5 som Sveriges Sjukv\u00e5rdsparti. Ett bra s\u00e4tt att engagera sig politiskt \u00e4r att bli medlem. Du g\u00e5r in p\u00e5 www.kd.nu\/blimedlem och anm\u00e4ler dig. Vi h\u00e5ller p\u00e5 att bygga Team Ebba &#8211; V\u00e4lkommen att haka p\u00e5!<\/p>\n","protected":false},"excerpt":{"rendered":"<p>Ebba Busch kommer att toppa valsedeln f\u00f6r Kristdemokraterna i riksdagsvalet 2022. Vi arbetar f\u00f6r att hon ska bli en del av en ny regering. Kristdemokraterna och Moderaterna g\u00f6r gemensam sak och dessa tv\u00e5 partier kommer att be om v\u00e4ljarnas mandat f\u00f6r att g\u00f6ra en nystart f\u00f6r Sverige. I Sk\u00f6vde, i V\u00e4stra G\u00f6taland och hela landet <a class=\"read-more-link\" href=\"https:\/\/wp.kristdemokraterna.se\/skovde\/kom-med-i-team-ebba\/\">Read More<\/a><\/p>\n","protected":false},"author":744,"featured_media":0,"comment_status":"closed","ping_status":"closed","sticky":false,"template":"","format":"standard","meta":{"_acf_changed":false,"footnotes":""},"categories":[8],"tags":[],"class_list":["post-718","post","type-post","status-publish","format-standard","hentry","category-nyheter"],"acf":[],"yoast_head":"<!-- This site is optimized with the Yoast SEO plugin v27.5 - https:\/\/yoast.com\/product\/yoast-seo-wordpress\/ -->\n<title>Kom med i Team Ebba - i Sk\u00f6vde<\/title>\n<meta name=\"robots\" content=\"index, follow, max-snippet:-1, max-image-preview:large, max-video-preview:-1\" \/>\n<link rel=\"canonical\" href=\"https:\/\/wp.kristdemokraterna.se\/skovde\/kom-med-i-team-ebba\/\" \/>\n<meta property=\"og:locale\" content=\"sv_SE\" \/>\n<meta property=\"og:type\" content=\"article\" \/>\n<meta property=\"og:title\" content=\"Kom med i Team Ebba - i Sk\u00f6vde\" \/>\n<meta property=\"og:description\" content=\"Ebba Busch kommer att toppa valsedeln f\u00f6r Kristdemokraterna i riksdagsvalet 2022. Vi arbetar f\u00f6r att hon ska bli en del av en ny regering. Kristdemokraterna och Moderaterna g\u00f6r gemensam sak och dessa tv\u00e5 partier kommer att be om v\u00e4ljarnas mandat f\u00f6r att g\u00f6ra en nystart f\u00f6r Sverige. I Sk\u00f6vde, i V\u00e4stra G\u00f6taland och hela landet Read More\" \/>\n<meta property=\"og:url\" content=\"https:\/\/wp.kristdemokraterna.se\/skovde\/kom-med-i-team-ebba\/\" \/>\n<meta property=\"og:site_name\" content=\"i Sk\u00f6vde\" \/>\n<meta property=\"article:published_time\" content=\"2021-11-23T08:09:12+00:00\" \/>\n<meta name=\"author\" content=\"brannberg\" \/>\n<meta name=\"twitter:card\" content=\"summary_large_image\" \/>\n<meta name=\"twitter:label1\" content=\"Skriven av\" \/>\n\t<meta name=\"twitter:data1\" content=\"brannberg\" \/>\n\t<meta name=\"twitter:label2\" content=\"Ber\u00e4knad l\u00e4stid\" \/>\n\t<meta name=\"twitter:data2\" content=\"1 minut\" \/>\n<script type=\"application\/ld+json\" class=\"yoast-schema-graph\">{\"@context\":\"https:\\\/\\\/schema.org\",\"@graph\":[{\"@type\":\"Article\",\"@id\":\"https:\\\/\\\/wp.kristdemokraterna.se\\\/skovde\\\/kom-med-i-team-ebba\\\/#article\",\"isPartOf\":{\"@id\":\"https:\\\/\\\/wp.kristdemokraterna.se\\\/skovde\\\/kom-med-i-team-ebba\\\/\"},\"author\":{\"name\":\"brannberg\",\"@id\":\"https:\\\/\\\/wp.kristdemokraterna.se\\\/skovde\\\/#\\\/schema\\\/person\\\/16c27da76d91de55cd55bdfac6e90bd2\"},\"headline\":\"Kom med i Team Ebba\",\"datePublished\":\"2021-11-23T08:09:12+00:00\",\"mainEntityOfPage\":{\"@id\":\"https:\\\/\\\/wp.kristdemokraterna.se\\\/skovde\\\/kom-med-i-team-ebba\\\/\"},\"wordCount\":135,\"articleSection\":[\"Nyheter\"],\"inLanguage\":\"sv-SE\"},{\"@type\":\"WebPage\",\"@id\":\"https:\\\/\\\/wp.kristdemokraterna.se\\\/skovde\\\/kom-med-i-team-ebba\\\/\",\"url\":\"https:\\\/\\\/wp.kristdemokraterna.se\\\/skovde\\\/kom-med-i-team-ebba\\\/\",\"name\":\"Kom med i Team Ebba - i Sk\u00f6vde\",\"isPartOf\":{\"@id\":\"https:\\\/\\\/wp.kristdemokraterna.se\\\/skovde\\\/#website\"},\"datePublished\":\"2021-11-23T08:09:12+00:00\",\"author\":{\"@id\":\"https:\\\/\\\/wp.kristdemokraterna.se\\\/skovde\\\/#\\\/schema\\\/person\\\/16c27da76d91de55cd55bdfac6e90bd2\"},\"breadcrumb\":{\"@id\":\"https:\\\/\\\/wp.kristdemokraterna.se\\\/skovde\\\/kom-med-i-team-ebba\\\/#breadcrumb\"},\"inLanguage\":\"sv-SE\",\"potentialAction\":[{\"@type\":\"ReadAction\",\"target\":[\"https:\\\/\\\/wp.kristdemokraterna.se\\\/skovde\\\/kom-med-i-team-ebba\\\/\"]}]},{\"@type\":\"BreadcrumbList\",\"@id\":\"https:\\\/\\\/wp.kristdemokraterna.se\\\/skovde\\\/kom-med-i-team-ebba\\\/#breadcrumb\",\"itemListElement\":[{\"@type\":\"ListItem\",\"position\":1,\"name\":\"Hem\",\"item\":\"https:\\\/\\\/wp.kristdemokraterna.se\\\/skovde\\\/\"},{\"@type\":\"ListItem\",\"position\":2,\"name\":\"Kom med i Team Ebba\"}]},{\"@type\":\"WebSite\",\"@id\":\"https:\\\/\\\/wp.kristdemokraterna.se\\\/skovde\\\/#website\",\"url\":\"https:\\\/\\\/wp.kristdemokraterna.se\\\/skovde\\\/\",\"name\":\"i Sk\u00f6vde\",\"description\":\"\",\"inLanguage\":\"sv-SE\"},{\"@type\":\"Person\",\"@id\":\"https:\\\/\\\/wp.kristdemokraterna.se\\\/skovde\\\/#\\\/schema\\\/person\\\/16c27da76d91de55cd55bdfac6e90bd2\",\"name\":\"brannberg\",\"image\":{\"@type\":\"ImageObject\",\"inLanguage\":\"sv-SE\",\"@id\":\"https:\\\/\\\/secure.gravatar.com\\\/avatar\\\/3065f237d64bcc60246edd2804abb1788848e0a9f187add49e65be41fbadadec?s=96&d=mm&r=g\",\"url\":\"https:\\\/\\\/secure.gravatar.com\\\/avatar\\\/3065f237d64bcc60246edd2804abb1788848e0a9f187add49e65be41fbadadec?s=96&d=mm&r=g\",\"contentUrl\":\"https:\\\/\\\/secure.gravatar.com\\\/avatar\\\/3065f237d64bcc60246edd2804abb1788848e0a9f187add49e65be41fbadadec?s=96&d=mm&r=g\",\"caption\":\"brannberg\"},\"url\":\"https:\\\/\\\/wp.kristdemokraterna.se\\\/skovde\\\/author\\\/brannberg\\\/\"}]}<\/script>\n<!-- \/ Yoast SEO plugin. -->","yoast_head_json":{"title":"Kom med i Team Ebba - i Sk\u00f6vde","robots":{"index":"index","follow":"follow","max-snippet":"max-snippet:-1","max-image-preview":"max-image-preview:large","max-video-preview":"max-video-preview:-1"},"canonical":"https:\/\/wp.kristdemokraterna.se\/skovde\/kom-med-i-team-ebba\/","og_locale":"sv_SE","og_type":"article","og_title":"Kom med i Team Ebba - i Sk\u00f6vde","og_description":"Ebba Busch kommer att toppa valsedeln f\u00f6r Kristdemokraterna i riksdagsvalet 2022. Vi arbetar f\u00f6r att hon ska bli en del av en ny regering. Kristdemokraterna och Moderaterna g\u00f6r gemensam sak och dessa tv\u00e5 partier kommer att be om v\u00e4ljarnas mandat f\u00f6r att g\u00f6ra en nystart f\u00f6r Sverige. I Sk\u00f6vde, i V\u00e4stra G\u00f6taland och hela landet Read More","og_url":"https:\/\/wp.kristdemokraterna.se\/skovde\/kom-med-i-team-ebba\/","og_site_name":"i Sk\u00f6vde","article_published_time":"2021-11-23T08:09:12+00:00","author":"brannberg","twitter_card":"summary_large_image","twitter_misc":{"Skriven av":"brannberg","Ber\u00e4knad l\u00e4stid":"1 minut"},"schema":{"@context":"https:\/\/schema.org","@graph":[{"@type":"Article","@id":"https:\/\/wp.kristdemokraterna.se\/skovde\/kom-med-i-team-ebba\/#article","isPartOf":{"@id":"https:\/\/wp.kristdemokraterna.se\/skovde\/kom-med-i-team-ebba\/"},"author":{"name":"brannberg","@id":"https:\/\/wp.kristdemokraterna.se\/skovde\/#\/schema\/person\/16c27da76d91de55cd55bdfac6e90bd2"},"headline":"Kom med i Team Ebba","datePublished":"2021-11-23T08:09:12+00:00","mainEntityOfPage":{"@id":"https:\/\/wp.kristdemokraterna.se\/skovde\/kom-med-i-team-ebba\/"},"wordCount":135,"articleSection":["Nyheter"],"inLanguage":"sv-SE"},{"@type":"WebPage","@id":"https:\/\/wp.kristdemokraterna.se\/skovde\/kom-med-i-team-ebba\/","url":"https:\/\/wp.kristdemokraterna.se\/skovde\/kom-med-i-team-ebba\/","name":"Kom med i Team Ebba - i Sk\u00f6vde","isPartOf":{"@id":"https:\/\/wp.kristdemokraterna.se\/skovde\/#website"},"datePublished":"2021-11-23T08:09:12+00:00","author":{"@id":"https:\/\/wp.kristdemokraterna.se\/skovde\/#\/schema\/person\/16c27da76d91de55cd55bdfac6e90bd2"},"breadcrumb":{"@id":"https:\/\/wp.kristdemokraterna.se\/skovde\/kom-med-i-team-ebba\/#breadcrumb"},"inLanguage":"sv-SE","potentialAction":[{"@type":"ReadAction","target":["https:\/\/wp.kristdemokraterna.se\/skovde\/kom-med-i-team-ebba\/"]}]},{"@type":"BreadcrumbList","@id":"https:\/\/wp.kristdemokraterna.se\/skovde\/kom-med-i-team-ebba\/#breadcrumb","itemListElement":[{"@type":"ListItem","position":1,"name":"Hem","item":"https:\/\/wp.kristdemokraterna.se\/skovde\/"},{"@type":"ListItem","position":2,"name":"Kom med i Team Ebba"}]},{"@type":"WebSite","@id":"https:\/\/wp.kristdemokraterna.se\/skovde\/#website","url":"https:\/\/wp.kristdemokraterna.se\/skovde\/","name":"i Sk\u00f6vde","description":"","inLanguage":"sv-SE"},{"@type":"Person","@id":"https:\/\/wp.kristdemokraterna.se\/skovde\/#\/schema\/person\/16c27da76d91de55cd55bdfac6e90bd2","name":"brannberg","image":{"@type":"ImageObject","inLanguage":"sv-SE","@id":"https:\/\/secure.gravatar.com\/avatar\/3065f237d64bcc60246edd2804abb1788848e0a9f187add49e65be41fbadadec?s=96&d=mm&r=g","url":"https:\/\/secure.gravatar.com\/avatar\/3065f237d64bcc60246edd2804abb1788848e0a9f187add49e65be41fbadadec?s=96&d=mm&r=g","contentUrl":"https:\/\/secure.gravatar.com\/avatar\/3065f237d64bcc60246edd2804abb1788848e0a9f187add49e65be41fbadadec?s=96&d=mm&r=g","caption":"brannberg"},"url":"https:\/\/wp.kristdemokraterna.se\/skovde\/author\/brannberg\/"}]}},"_links":{"self":[{"href":"https:\/\/wp.kristdemokraterna.se\/skovde\/wp-json\/wp\/v2\/posts\/718","targetHints":{"allow":["GET"]}}],"collection":[{"href":"https:\/\/wp.kristdemokraterna.se\/skovde\/wp-json\/wp\/v2\/posts"}],"about":[{"href":"https:\/\/wp.kristdemokraterna.se\/skovde\/wp-json\/wp\/v2\/types\/post"}],"author":[{"embeddable":true,"href":"https:\/\/wp.kristdemokraterna.se\/skovde\/wp-json\/wp\/v2\/users\/744"}],"replies":[{"embeddable":true,"href":"https:\/\/wp.kristdemokraterna.se\/skovde\/wp-json\/wp\/v2\/comments?post=718"}],"version-history":[{"count":1,"href":"https:\/\/wp.kristdemokraterna.se\/skovde\/wp-json\/wp\/v2\/posts\/718\/revisions"}],"predecessor-version":[{"id":720,"href":"https:\/\/wp.kristdemokraterna.se\/skovde\/wp-json\/wp\/v2\/posts\/718\/revisions\/720"}],"wp:attachment":[{"href":"https:\/\/wp.kristdemokraterna.se\/skovde\/wp-json\/wp\/v2\/media?parent=718"}],"wp:term":[{"taxonomy":"category","embeddable":true,"href":"https:\/\/wp.kristdemokraterna.se\/skovde\/wp-json\/wp\/v2\/categories?post=718"},{"taxonomy":"post_tag","embeddable":true,"href":"https:\/\/wp.kristdemokraterna.se\/skovde\/wp-json\/wp\/v2\/tags?post=718"}],"curies":[{"name":"wp","href":"https:\/\/api.w.org\/{rel}","templated":true}]}}