{"id":724,"date":"2021-12-08T08:20:02","date_gmt":"2021-12-08T07:20:02","guid":{"rendered":"https:\/\/wp.kristdemokraterna.se\/skovde\/?p=724"},"modified":"2021-12-08T08:20:02","modified_gmt":"2021-12-08T07:20:02","slug":"vill-du-vara-med","status":"publish","type":"post","link":"https:\/\/wp.kristdemokraterna.se\/skovde\/vill-du-vara-med\/","title":{"rendered":"Vill du vara med?"},"content":{"rendered":"<p>Vi drar nu ig\u00e5ng valarbetet. Det finns en rad uppgifter d\u00e4r du kan engagera dig.<\/p>\n<p>Vi vill dra ig\u00e5ng en arbetsgrupp som arbetar med Valprogram 2022. Vi kommer att kalla det \u201dHj\u00e4rta f\u00f6r Sk\u00f6vde\u201d. Det kommer att inneh\u00e5lla de l\u00f6ften som vi g\u00e5r till val p\u00e5 och kommer att arbeta med under n\u00e4sta mandatperiod.<\/p>\n<p>Vi arbetar ocks\u00e5 med att f\u00f6rbereda f\u00f6r valsedeln till kommunfullm\u00e4ktige. Vill du vara med p\u00e5 den?<\/p>\n<p>Vi s\u00f6ker ocks\u00e5 valarbetare. Under v\u00e5ren 2022 kommer vi att dela ut flygblad i olika omr\u00e5den. Vill du ta ansvar f\u00f6r att de sprids i ditt omr\u00e5de?<\/p>\n<p>Kolla g\u00e4rna p\u00e5 sidan \u2013 M\u00f6tesagenda \u2013 s\u00e5 ser du n\u00e4r vi tr\u00e4ffas.<\/p>\n<p>V\u00e4lkommen att engagera dig<\/p>\n<p>En bra start \u00e4r att bli medlem i partiet. G\u00e5 in p\u00e5 https:\/\/kristdemokraterna.se\/engagera-dig\/bli-medlem\/<\/p>\n","protected":false},"excerpt":{"rendered":"<p>Vi drar nu ig\u00e5ng valarbetet. Det finns en rad uppgifter d\u00e4r du kan engagera dig. Vi vill dra ig\u00e5ng en arbetsgrupp som arbetar med Valprogram 2022. Vi kommer att kalla det \u201dHj\u00e4rta f\u00f6r Sk\u00f6vde\u201d. Det kommer att inneh\u00e5lla de l\u00f6ften som vi g\u00e5r till val p\u00e5 och kommer att arbeta med under n\u00e4sta mandatperiod. Vi <a class=\"read-more-link\" href=\"https:\/\/wp.kristdemokraterna.se\/skovde\/vill-du-vara-med\/\">Read More<\/a><\/p>\n","protected":false},"author":744,"featured_media":0,"comment_status":"closed","ping_status":"closed","sticky":false,"template":"","format":"standard","meta":{"_acf_changed":false,"footnotes":""},"categories":[8],"tags":[],"class_list":["post-724","post","type-post","status-publish","format-standard","hentry","category-nyheter"],"acf":[],"yoast_head":"<!-- This site is optimized with the Yoast SEO plugin v27.5 - https:\/\/yoast.com\/product\/yoast-seo-wordpress\/ -->\n<title>Vill du vara med? - i Sk\u00f6vde<\/title>\n<meta name=\"robots\" content=\"index, follow, max-snippet:-1, max-image-preview:large, max-video-preview:-1\" \/>\n<link rel=\"canonical\" href=\"https:\/\/wp.kristdemokraterna.se\/skovde\/vill-du-vara-med\/\" \/>\n<meta property=\"og:locale\" content=\"sv_SE\" \/>\n<meta property=\"og:type\" content=\"article\" \/>\n<meta property=\"og:title\" content=\"Vill du vara med? - i Sk\u00f6vde\" \/>\n<meta property=\"og:description\" content=\"Vi drar nu ig\u00e5ng valarbetet. Det finns en rad uppgifter d\u00e4r du kan engagera dig. Vi vill dra ig\u00e5ng en arbetsgrupp som arbetar med Valprogram 2022. Vi kommer att kalla det \u201dHj\u00e4rta f\u00f6r Sk\u00f6vde\u201d. Det kommer att inneh\u00e5lla de l\u00f6ften som vi g\u00e5r till val p\u00e5 och kommer att arbeta med under n\u00e4sta mandatperiod. Vi Read More\" \/>\n<meta property=\"og:url\" content=\"https:\/\/wp.kristdemokraterna.se\/skovde\/vill-du-vara-med\/\" \/>\n<meta property=\"og:site_name\" content=\"i Sk\u00f6vde\" \/>\n<meta property=\"article:published_time\" content=\"2021-12-08T07:20:02+00:00\" \/>\n<meta name=\"author\" content=\"brannberg\" \/>\n<meta name=\"twitter:card\" content=\"summary_large_image\" \/>\n<meta name=\"twitter:label1\" content=\"Skriven av\" \/>\n\t<meta name=\"twitter:data1\" content=\"brannberg\" \/>\n\t<meta name=\"twitter:label2\" content=\"Ber\u00e4knad l\u00e4stid\" \/>\n\t<meta name=\"twitter:data2\" content=\"1 minut\" \/>\n<script type=\"application\/ld+json\" class=\"yoast-schema-graph\">{\"@context\":\"https:\\\/\\\/schema.org\",\"@graph\":[{\"@type\":\"Article\",\"@id\":\"https:\\\/\\\/wp.kristdemokraterna.se\\\/skovde\\\/vill-du-vara-med\\\/#article\",\"isPartOf\":{\"@id\":\"https:\\\/\\\/wp.kristdemokraterna.se\\\/skovde\\\/vill-du-vara-med\\\/\"},\"author\":{\"name\":\"brannberg\",\"@id\":\"https:\\\/\\\/wp.kristdemokraterna.se\\\/skovde\\\/#\\\/schema\\\/person\\\/16c27da76d91de55cd55bdfac6e90bd2\"},\"headline\":\"Vill du vara med?\",\"datePublished\":\"2021-12-08T07:20:02+00:00\",\"mainEntityOfPage\":{\"@id\":\"https:\\\/\\\/wp.kristdemokraterna.se\\\/skovde\\\/vill-du-vara-med\\\/\"},\"wordCount\":154,\"articleSection\":[\"Nyheter\"],\"inLanguage\":\"sv-SE\"},{\"@type\":\"WebPage\",\"@id\":\"https:\\\/\\\/wp.kristdemokraterna.se\\\/skovde\\\/vill-du-vara-med\\\/\",\"url\":\"https:\\\/\\\/wp.kristdemokraterna.se\\\/skovde\\\/vill-du-vara-med\\\/\",\"name\":\"Vill du vara med? - i Sk\u00f6vde\",\"isPartOf\":{\"@id\":\"https:\\\/\\\/wp.kristdemokraterna.se\\\/skovde\\\/#website\"},\"datePublished\":\"2021-12-08T07:20:02+00:00\",\"author\":{\"@id\":\"https:\\\/\\\/wp.kristdemokraterna.se\\\/skovde\\\/#\\\/schema\\\/person\\\/16c27da76d91de55cd55bdfac6e90bd2\"},\"breadcrumb\":{\"@id\":\"https:\\\/\\\/wp.kristdemokraterna.se\\\/skovde\\\/vill-du-vara-med\\\/#breadcrumb\"},\"inLanguage\":\"sv-SE\",\"potentialAction\":[{\"@type\":\"ReadAction\",\"target\":[\"https:\\\/\\\/wp.kristdemokraterna.se\\\/skovde\\\/vill-du-vara-med\\\/\"]}]},{\"@type\":\"BreadcrumbList\",\"@id\":\"https:\\\/\\\/wp.kristdemokraterna.se\\\/skovde\\\/vill-du-vara-med\\\/#breadcrumb\",\"itemListElement\":[{\"@type\":\"ListItem\",\"position\":1,\"name\":\"Hem\",\"item\":\"https:\\\/\\\/wp.kristdemokraterna.se\\\/skovde\\\/\"},{\"@type\":\"ListItem\",\"position\":2,\"name\":\"Vill du vara med?\"}]},{\"@type\":\"WebSite\",\"@id\":\"https:\\\/\\\/wp.kristdemokraterna.se\\\/skovde\\\/#website\",\"url\":\"https:\\\/\\\/wp.kristdemokraterna.se\\\/skovde\\\/\",\"name\":\"i Sk\u00f6vde\",\"description\":\"\",\"inLanguage\":\"sv-SE\"},{\"@type\":\"Person\",\"@id\":\"https:\\\/\\\/wp.kristdemokraterna.se\\\/skovde\\\/#\\\/schema\\\/person\\\/16c27da76d91de55cd55bdfac6e90bd2\",\"name\":\"brannberg\",\"image\":{\"@type\":\"ImageObject\",\"inLanguage\":\"sv-SE\",\"@id\":\"https:\\\/\\\/secure.gravatar.com\\\/avatar\\\/3065f237d64bcc60246edd2804abb1788848e0a9f187add49e65be41fbadadec?s=96&d=mm&r=g\",\"url\":\"https:\\\/\\\/secure.gravatar.com\\\/avatar\\\/3065f237d64bcc60246edd2804abb1788848e0a9f187add49e65be41fbadadec?s=96&d=mm&r=g\",\"contentUrl\":\"https:\\\/\\\/secure.gravatar.com\\\/avatar\\\/3065f237d64bcc60246edd2804abb1788848e0a9f187add49e65be41fbadadec?s=96&d=mm&r=g\",\"caption\":\"brannberg\"},\"url\":\"https:\\\/\\\/wp.kristdemokraterna.se\\\/skovde\\\/author\\\/brannberg\\\/\"}]}<\/script>\n<!-- \/ Yoast SEO plugin. -->","yoast_head_json":{"title":"Vill du vara med? - i Sk\u00f6vde","robots":{"index":"index","follow":"follow","max-snippet":"max-snippet:-1","max-image-preview":"max-image-preview:large","max-video-preview":"max-video-preview:-1"},"canonical":"https:\/\/wp.kristdemokraterna.se\/skovde\/vill-du-vara-med\/","og_locale":"sv_SE","og_type":"article","og_title":"Vill du vara med? - i Sk\u00f6vde","og_description":"Vi drar nu ig\u00e5ng valarbetet. Det finns en rad uppgifter d\u00e4r du kan engagera dig. Vi vill dra ig\u00e5ng en arbetsgrupp som arbetar med Valprogram 2022. Vi kommer att kalla det \u201dHj\u00e4rta f\u00f6r Sk\u00f6vde\u201d. Det kommer att inneh\u00e5lla de l\u00f6ften som vi g\u00e5r till val p\u00e5 och kommer att arbeta med under n\u00e4sta mandatperiod. Vi Read More","og_url":"https:\/\/wp.kristdemokraterna.se\/skovde\/vill-du-vara-med\/","og_site_name":"i Sk\u00f6vde","article_published_time":"2021-12-08T07:20:02+00:00","author":"brannberg","twitter_card":"summary_large_image","twitter_misc":{"Skriven av":"brannberg","Ber\u00e4knad l\u00e4stid":"1 minut"},"schema":{"@context":"https:\/\/schema.org","@graph":[{"@type":"Article","@id":"https:\/\/wp.kristdemokraterna.se\/skovde\/vill-du-vara-med\/#article","isPartOf":{"@id":"https:\/\/wp.kristdemokraterna.se\/skovde\/vill-du-vara-med\/"},"author":{"name":"brannberg","@id":"https:\/\/wp.kristdemokraterna.se\/skovde\/#\/schema\/person\/16c27da76d91de55cd55bdfac6e90bd2"},"headline":"Vill du vara med?","datePublished":"2021-12-08T07:20:02+00:00","mainEntityOfPage":{"@id":"https:\/\/wp.kristdemokraterna.se\/skovde\/vill-du-vara-med\/"},"wordCount":154,"articleSection":["Nyheter"],"inLanguage":"sv-SE"},{"@type":"WebPage","@id":"https:\/\/wp.kristdemokraterna.se\/skovde\/vill-du-vara-med\/","url":"https:\/\/wp.kristdemokraterna.se\/skovde\/vill-du-vara-med\/","name":"Vill du vara med? - i Sk\u00f6vde","isPartOf":{"@id":"https:\/\/wp.kristdemokraterna.se\/skovde\/#website"},"datePublished":"2021-12-08T07:20:02+00:00","author":{"@id":"https:\/\/wp.kristdemokraterna.se\/skovde\/#\/schema\/person\/16c27da76d91de55cd55bdfac6e90bd2"},"breadcrumb":{"@id":"https:\/\/wp.kristdemokraterna.se\/skovde\/vill-du-vara-med\/#breadcrumb"},"inLanguage":"sv-SE","potentialAction":[{"@type":"ReadAction","target":["https:\/\/wp.kristdemokraterna.se\/skovde\/vill-du-vara-med\/"]}]},{"@type":"BreadcrumbList","@id":"https:\/\/wp.kristdemokraterna.se\/skovde\/vill-du-vara-med\/#breadcrumb","itemListElement":[{"@type":"ListItem","position":1,"name":"Hem","item":"https:\/\/wp.kristdemokraterna.se\/skovde\/"},{"@type":"ListItem","position":2,"name":"Vill du vara med?"}]},{"@type":"WebSite","@id":"https:\/\/wp.kristdemokraterna.se\/skovde\/#website","url":"https:\/\/wp.kristdemokraterna.se\/skovde\/","name":"i Sk\u00f6vde","description":"","inLanguage":"sv-SE"},{"@type":"Person","@id":"https:\/\/wp.kristdemokraterna.se\/skovde\/#\/schema\/person\/16c27da76d91de55cd55bdfac6e90bd2","name":"brannberg","image":{"@type":"ImageObject","inLanguage":"sv-SE","@id":"https:\/\/secure.gravatar.com\/avatar\/3065f237d64bcc60246edd2804abb1788848e0a9f187add49e65be41fbadadec?s=96&d=mm&r=g","url":"https:\/\/secure.gravatar.com\/avatar\/3065f237d64bcc60246edd2804abb1788848e0a9f187add49e65be41fbadadec?s=96&d=mm&r=g","contentUrl":"https:\/\/secure.gravatar.com\/avatar\/3065f237d64bcc60246edd2804abb1788848e0a9f187add49e65be41fbadadec?s=96&d=mm&r=g","caption":"brannberg"},"url":"https:\/\/wp.kristdemokraterna.se\/skovde\/author\/brannberg\/"}]}},"_links":{"self":[{"href":"https:\/\/wp.kristdemokraterna.se\/skovde\/wp-json\/wp\/v2\/posts\/724","targetHints":{"allow":["GET"]}}],"collection":[{"href":"https:\/\/wp.kristdemokraterna.se\/skovde\/wp-json\/wp\/v2\/posts"}],"about":[{"href":"https:\/\/wp.kristdemokraterna.se\/skovde\/wp-json\/wp\/v2\/types\/post"}],"author":[{"embeddable":true,"href":"https:\/\/wp.kristdemokraterna.se\/skovde\/wp-json\/wp\/v2\/users\/744"}],"replies":[{"embeddable":true,"href":"https:\/\/wp.kristdemokraterna.se\/skovde\/wp-json\/wp\/v2\/comments?post=724"}],"version-history":[{"count":1,"href":"https:\/\/wp.kristdemokraterna.se\/skovde\/wp-json\/wp\/v2\/posts\/724\/revisions"}],"predecessor-version":[{"id":726,"href":"https:\/\/wp.kristdemokraterna.se\/skovde\/wp-json\/wp\/v2\/posts\/724\/revisions\/726"}],"wp:attachment":[{"href":"https:\/\/wp.kristdemokraterna.se\/skovde\/wp-json\/wp\/v2\/media?parent=724"}],"wp:term":[{"taxonomy":"category","embeddable":true,"href":"https:\/\/wp.kristdemokraterna.se\/skovde\/wp-json\/wp\/v2\/categories?post=724"},{"taxonomy":"post_tag","embeddable":true,"href":"https:\/\/wp.kristdemokraterna.se\/skovde\/wp-json\/wp\/v2\/tags?post=724"}],"curies":[{"name":"wp","href":"https:\/\/api.w.org\/{rel}","templated":true}]}}