{"id":732,"date":"2021-12-16T09:45:32","date_gmt":"2021-12-16T08:45:32","guid":{"rendered":"https:\/\/wp.kristdemokraterna.se\/skovde\/?p=732"},"modified":"2021-12-16T09:45:32","modified_gmt":"2021-12-16T08:45:32","slug":"fortsatt-satsning-pa-billingen","status":"publish","type":"post","link":"https:\/\/wp.kristdemokraterna.se\/skovde\/fortsatt-satsning-pa-billingen\/","title":{"rendered":"Fortsatt satsning p\u00e5 Billingen"},"content":{"rendered":"<p>Vid det senaste kommunfullm\u00e4ktigem\u00f6tet s\u00e5 var fr\u00e5gan uppe om avtal med en ny \u00e4gare f\u00f6r Billingehus. Vi gl\u00e4ds \u00f6ver att det nu finns en \u00e4gare som vill satsa stort p\u00e5 hotellet. Det blir en omfattande renovering och en ny kongresshall. Sk\u00f6vde kommun har under flera \u00e5r gjort stora investeringar i omr\u00e5det, med bl a konstsn\u00f6sp\u00e5r, tak \u00f6ver innebandybanan, omfattande ombyggnad av &#8221;Bl\u00e5 Hallen&#8221; och en satsning p\u00e5 utebadet. Satsningarna kommer att forts\u00e4tta och vi konstaterar att omr\u00e5det lockar m\u00e5nga bes\u00f6kare. Vi ser fram emot den fortsatta utvecklingen av omr\u00e5det.<\/p>\n","protected":false},"excerpt":{"rendered":"<p>Vid det senaste kommunfullm\u00e4ktigem\u00f6tet s\u00e5 var fr\u00e5gan uppe om avtal med en ny \u00e4gare f\u00f6r Billingehus. Vi gl\u00e4ds \u00f6ver att det nu finns en \u00e4gare som vill satsa stort p\u00e5 hotellet. Det blir en omfattande renovering och en ny kongresshall. Sk\u00f6vde kommun har under flera \u00e5r gjort stora investeringar i omr\u00e5det, med bl a konstsn\u00f6sp\u00e5r, <a class=\"read-more-link\" href=\"https:\/\/wp.kristdemokraterna.se\/skovde\/fortsatt-satsning-pa-billingen\/\">Read More<\/a><\/p>\n","protected":false},"author":744,"featured_media":0,"comment_status":"closed","ping_status":"closed","sticky":false,"template":"","format":"standard","meta":{"_acf_changed":false,"footnotes":""},"categories":[8],"tags":[],"class_list":["post-732","post","type-post","status-publish","format-standard","hentry","category-nyheter"],"acf":[],"yoast_head":"<!-- This site is optimized with the Yoast SEO plugin v27.5 - https:\/\/yoast.com\/product\/yoast-seo-wordpress\/ -->\n<title>Fortsatt satsning p\u00e5 Billingen - i Sk\u00f6vde<\/title>\n<meta name=\"robots\" content=\"index, follow, max-snippet:-1, max-image-preview:large, max-video-preview:-1\" \/>\n<link rel=\"canonical\" href=\"https:\/\/wp.kristdemokraterna.se\/skovde\/fortsatt-satsning-pa-billingen\/\" \/>\n<meta property=\"og:locale\" content=\"sv_SE\" \/>\n<meta property=\"og:type\" content=\"article\" \/>\n<meta property=\"og:title\" content=\"Fortsatt satsning p\u00e5 Billingen - i Sk\u00f6vde\" \/>\n<meta property=\"og:description\" content=\"Vid det senaste kommunfullm\u00e4ktigem\u00f6tet s\u00e5 var fr\u00e5gan uppe om avtal med en ny \u00e4gare f\u00f6r Billingehus. Vi gl\u00e4ds \u00f6ver att det nu finns en \u00e4gare som vill satsa stort p\u00e5 hotellet. Det blir en omfattande renovering och en ny kongresshall. Sk\u00f6vde kommun har under flera \u00e5r gjort stora investeringar i omr\u00e5det, med bl a konstsn\u00f6sp\u00e5r, Read More\" \/>\n<meta property=\"og:url\" content=\"https:\/\/wp.kristdemokraterna.se\/skovde\/fortsatt-satsning-pa-billingen\/\" \/>\n<meta property=\"og:site_name\" content=\"i Sk\u00f6vde\" \/>\n<meta property=\"article:published_time\" content=\"2021-12-16T08:45:32+00:00\" \/>\n<meta name=\"author\" content=\"brannberg\" \/>\n<meta name=\"twitter:card\" content=\"summary_large_image\" \/>\n<meta name=\"twitter:label1\" content=\"Skriven av\" \/>\n\t<meta name=\"twitter:data1\" content=\"brannberg\" \/>\n\t<meta name=\"twitter:label2\" content=\"Ber\u00e4knad l\u00e4stid\" \/>\n\t<meta name=\"twitter:data2\" content=\"1 minut\" \/>\n<script type=\"application\/ld+json\" class=\"yoast-schema-graph\">{\"@context\":\"https:\\\/\\\/schema.org\",\"@graph\":[{\"@type\":\"Article\",\"@id\":\"https:\\\/\\\/wp.kristdemokraterna.se\\\/skovde\\\/fortsatt-satsning-pa-billingen\\\/#article\",\"isPartOf\":{\"@id\":\"https:\\\/\\\/wp.kristdemokraterna.se\\\/skovde\\\/fortsatt-satsning-pa-billingen\\\/\"},\"author\":{\"name\":\"brannberg\",\"@id\":\"https:\\\/\\\/wp.kristdemokraterna.se\\\/skovde\\\/#\\\/schema\\\/person\\\/16c27da76d91de55cd55bdfac6e90bd2\"},\"headline\":\"Fortsatt satsning p\u00e5 Billingen\",\"datePublished\":\"2021-12-16T08:45:32+00:00\",\"mainEntityOfPage\":{\"@id\":\"https:\\\/\\\/wp.kristdemokraterna.se\\\/skovde\\\/fortsatt-satsning-pa-billingen\\\/\"},\"wordCount\":107,\"articleSection\":[\"Nyheter\"],\"inLanguage\":\"sv-SE\"},{\"@type\":\"WebPage\",\"@id\":\"https:\\\/\\\/wp.kristdemokraterna.se\\\/skovde\\\/fortsatt-satsning-pa-billingen\\\/\",\"url\":\"https:\\\/\\\/wp.kristdemokraterna.se\\\/skovde\\\/fortsatt-satsning-pa-billingen\\\/\",\"name\":\"Fortsatt satsning p\u00e5 Billingen - i Sk\u00f6vde\",\"isPartOf\":{\"@id\":\"https:\\\/\\\/wp.kristdemokraterna.se\\\/skovde\\\/#website\"},\"datePublished\":\"2021-12-16T08:45:32+00:00\",\"author\":{\"@id\":\"https:\\\/\\\/wp.kristdemokraterna.se\\\/skovde\\\/#\\\/schema\\\/person\\\/16c27da76d91de55cd55bdfac6e90bd2\"},\"breadcrumb\":{\"@id\":\"https:\\\/\\\/wp.kristdemokraterna.se\\\/skovde\\\/fortsatt-satsning-pa-billingen\\\/#breadcrumb\"},\"inLanguage\":\"sv-SE\",\"potentialAction\":[{\"@type\":\"ReadAction\",\"target\":[\"https:\\\/\\\/wp.kristdemokraterna.se\\\/skovde\\\/fortsatt-satsning-pa-billingen\\\/\"]}]},{\"@type\":\"BreadcrumbList\",\"@id\":\"https:\\\/\\\/wp.kristdemokraterna.se\\\/skovde\\\/fortsatt-satsning-pa-billingen\\\/#breadcrumb\",\"itemListElement\":[{\"@type\":\"ListItem\",\"position\":1,\"name\":\"Hem\",\"item\":\"https:\\\/\\\/wp.kristdemokraterna.se\\\/skovde\\\/\"},{\"@type\":\"ListItem\",\"position\":2,\"name\":\"Fortsatt satsning p\u00e5 Billingen\"}]},{\"@type\":\"WebSite\",\"@id\":\"https:\\\/\\\/wp.kristdemokraterna.se\\\/skovde\\\/#website\",\"url\":\"https:\\\/\\\/wp.kristdemokraterna.se\\\/skovde\\\/\",\"name\":\"i Sk\u00f6vde\",\"description\":\"\",\"inLanguage\":\"sv-SE\"},{\"@type\":\"Person\",\"@id\":\"https:\\\/\\\/wp.kristdemokraterna.se\\\/skovde\\\/#\\\/schema\\\/person\\\/16c27da76d91de55cd55bdfac6e90bd2\",\"name\":\"brannberg\",\"image\":{\"@type\":\"ImageObject\",\"inLanguage\":\"sv-SE\",\"@id\":\"https:\\\/\\\/secure.gravatar.com\\\/avatar\\\/3065f237d64bcc60246edd2804abb1788848e0a9f187add49e65be41fbadadec?s=96&d=mm&r=g\",\"url\":\"https:\\\/\\\/secure.gravatar.com\\\/avatar\\\/3065f237d64bcc60246edd2804abb1788848e0a9f187add49e65be41fbadadec?s=96&d=mm&r=g\",\"contentUrl\":\"https:\\\/\\\/secure.gravatar.com\\\/avatar\\\/3065f237d64bcc60246edd2804abb1788848e0a9f187add49e65be41fbadadec?s=96&d=mm&r=g\",\"caption\":\"brannberg\"},\"url\":\"https:\\\/\\\/wp.kristdemokraterna.se\\\/skovde\\\/author\\\/brannberg\\\/\"}]}<\/script>\n<!-- \/ Yoast SEO plugin. -->","yoast_head_json":{"title":"Fortsatt satsning p\u00e5 Billingen - i Sk\u00f6vde","robots":{"index":"index","follow":"follow","max-snippet":"max-snippet:-1","max-image-preview":"max-image-preview:large","max-video-preview":"max-video-preview:-1"},"canonical":"https:\/\/wp.kristdemokraterna.se\/skovde\/fortsatt-satsning-pa-billingen\/","og_locale":"sv_SE","og_type":"article","og_title":"Fortsatt satsning p\u00e5 Billingen - i Sk\u00f6vde","og_description":"Vid det senaste kommunfullm\u00e4ktigem\u00f6tet s\u00e5 var fr\u00e5gan uppe om avtal med en ny \u00e4gare f\u00f6r Billingehus. Vi gl\u00e4ds \u00f6ver att det nu finns en \u00e4gare som vill satsa stort p\u00e5 hotellet. Det blir en omfattande renovering och en ny kongresshall. Sk\u00f6vde kommun har under flera \u00e5r gjort stora investeringar i omr\u00e5det, med bl a konstsn\u00f6sp\u00e5r, Read More","og_url":"https:\/\/wp.kristdemokraterna.se\/skovde\/fortsatt-satsning-pa-billingen\/","og_site_name":"i Sk\u00f6vde","article_published_time":"2021-12-16T08:45:32+00:00","author":"brannberg","twitter_card":"summary_large_image","twitter_misc":{"Skriven av":"brannberg","Ber\u00e4knad l\u00e4stid":"1 minut"},"schema":{"@context":"https:\/\/schema.org","@graph":[{"@type":"Article","@id":"https:\/\/wp.kristdemokraterna.se\/skovde\/fortsatt-satsning-pa-billingen\/#article","isPartOf":{"@id":"https:\/\/wp.kristdemokraterna.se\/skovde\/fortsatt-satsning-pa-billingen\/"},"author":{"name":"brannberg","@id":"https:\/\/wp.kristdemokraterna.se\/skovde\/#\/schema\/person\/16c27da76d91de55cd55bdfac6e90bd2"},"headline":"Fortsatt satsning p\u00e5 Billingen","datePublished":"2021-12-16T08:45:32+00:00","mainEntityOfPage":{"@id":"https:\/\/wp.kristdemokraterna.se\/skovde\/fortsatt-satsning-pa-billingen\/"},"wordCount":107,"articleSection":["Nyheter"],"inLanguage":"sv-SE"},{"@type":"WebPage","@id":"https:\/\/wp.kristdemokraterna.se\/skovde\/fortsatt-satsning-pa-billingen\/","url":"https:\/\/wp.kristdemokraterna.se\/skovde\/fortsatt-satsning-pa-billingen\/","name":"Fortsatt satsning p\u00e5 Billingen - i Sk\u00f6vde","isPartOf":{"@id":"https:\/\/wp.kristdemokraterna.se\/skovde\/#website"},"datePublished":"2021-12-16T08:45:32+00:00","author":{"@id":"https:\/\/wp.kristdemokraterna.se\/skovde\/#\/schema\/person\/16c27da76d91de55cd55bdfac6e90bd2"},"breadcrumb":{"@id":"https:\/\/wp.kristdemokraterna.se\/skovde\/fortsatt-satsning-pa-billingen\/#breadcrumb"},"inLanguage":"sv-SE","potentialAction":[{"@type":"ReadAction","target":["https:\/\/wp.kristdemokraterna.se\/skovde\/fortsatt-satsning-pa-billingen\/"]}]},{"@type":"BreadcrumbList","@id":"https:\/\/wp.kristdemokraterna.se\/skovde\/fortsatt-satsning-pa-billingen\/#breadcrumb","itemListElement":[{"@type":"ListItem","position":1,"name":"Hem","item":"https:\/\/wp.kristdemokraterna.se\/skovde\/"},{"@type":"ListItem","position":2,"name":"Fortsatt satsning p\u00e5 Billingen"}]},{"@type":"WebSite","@id":"https:\/\/wp.kristdemokraterna.se\/skovde\/#website","url":"https:\/\/wp.kristdemokraterna.se\/skovde\/","name":"i Sk\u00f6vde","description":"","inLanguage":"sv-SE"},{"@type":"Person","@id":"https:\/\/wp.kristdemokraterna.se\/skovde\/#\/schema\/person\/16c27da76d91de55cd55bdfac6e90bd2","name":"brannberg","image":{"@type":"ImageObject","inLanguage":"sv-SE","@id":"https:\/\/secure.gravatar.com\/avatar\/3065f237d64bcc60246edd2804abb1788848e0a9f187add49e65be41fbadadec?s=96&d=mm&r=g","url":"https:\/\/secure.gravatar.com\/avatar\/3065f237d64bcc60246edd2804abb1788848e0a9f187add49e65be41fbadadec?s=96&d=mm&r=g","contentUrl":"https:\/\/secure.gravatar.com\/avatar\/3065f237d64bcc60246edd2804abb1788848e0a9f187add49e65be41fbadadec?s=96&d=mm&r=g","caption":"brannberg"},"url":"https:\/\/wp.kristdemokraterna.se\/skovde\/author\/brannberg\/"}]}},"_links":{"self":[{"href":"https:\/\/wp.kristdemokraterna.se\/skovde\/wp-json\/wp\/v2\/posts\/732","targetHints":{"allow":["GET"]}}],"collection":[{"href":"https:\/\/wp.kristdemokraterna.se\/skovde\/wp-json\/wp\/v2\/posts"}],"about":[{"href":"https:\/\/wp.kristdemokraterna.se\/skovde\/wp-json\/wp\/v2\/types\/post"}],"author":[{"embeddable":true,"href":"https:\/\/wp.kristdemokraterna.se\/skovde\/wp-json\/wp\/v2\/users\/744"}],"replies":[{"embeddable":true,"href":"https:\/\/wp.kristdemokraterna.se\/skovde\/wp-json\/wp\/v2\/comments?post=732"}],"version-history":[{"count":1,"href":"https:\/\/wp.kristdemokraterna.se\/skovde\/wp-json\/wp\/v2\/posts\/732\/revisions"}],"predecessor-version":[{"id":734,"href":"https:\/\/wp.kristdemokraterna.se\/skovde\/wp-json\/wp\/v2\/posts\/732\/revisions\/734"}],"wp:attachment":[{"href":"https:\/\/wp.kristdemokraterna.se\/skovde\/wp-json\/wp\/v2\/media?parent=732"}],"wp:term":[{"taxonomy":"category","embeddable":true,"href":"https:\/\/wp.kristdemokraterna.se\/skovde\/wp-json\/wp\/v2\/categories?post=732"},{"taxonomy":"post_tag","embeddable":true,"href":"https:\/\/wp.kristdemokraterna.se\/skovde\/wp-json\/wp\/v2\/tags?post=732"}],"curies":[{"name":"wp","href":"https:\/\/api.w.org\/{rel}","templated":true}]}}