{"id":756,"date":"2022-02-11T17:10:52","date_gmt":"2022-02-11T16:10:52","guid":{"rendered":"https:\/\/wp.kristdemokraterna.se\/skovde\/?p=756"},"modified":"2022-02-11T17:10:52","modified_gmt":"2022-02-11T16:10:52","slug":"valkommen-pa-arsmote","status":"publish","type":"post","link":"https:\/\/wp.kristdemokraterna.se\/skovde\/valkommen-pa-arsmote\/","title":{"rendered":"V\u00e4lkommen p\u00e5 \u00e5rsm\u00f6te"},"content":{"rendered":"<p>Kristdemokraternas \u00e5rsm\u00f6te och nomineringsst\u00e4mma blir 24 feb kl 18. Vi har d\u00e5 gl\u00e4djen att f\u00e5 ha distriktsordf\u00f6rande Magnus Jacobsson som talare. Han \u00e4r riksdagsledamot och \u00e4r verksam inom trafiksutskottet. Ut\u00f6ver de sedvanliga \u00e5rsm\u00f6tes\u00e4rendena s\u00e5 ska ocks\u00e5 valsedeln till kommunfullm\u00e4ktige fastst\u00e4llas. De som \u00e4r f\u00f6reslagna kommer att vara med och ge en presentation av vilka de \u00e4r.<\/p>\n<p>Platsen blir p\u00e5 R\u00e5dhusgatan 24 p\u00e5 Norrmalm i Studief\u00f6rbundet Vuxenskolans lokaler.<\/p>\n","protected":false},"excerpt":{"rendered":"<p>Kristdemokraternas \u00e5rsm\u00f6te och nomineringsst\u00e4mma blir 24 feb kl 18. Vi har d\u00e5 gl\u00e4djen att f\u00e5 ha distriktsordf\u00f6rande Magnus Jacobsson som talare. Han \u00e4r riksdagsledamot och \u00e4r verksam inom trafiksutskottet. Ut\u00f6ver de sedvanliga \u00e5rsm\u00f6tes\u00e4rendena s\u00e5 ska ocks\u00e5 valsedeln till kommunfullm\u00e4ktige fastst\u00e4llas. De som \u00e4r f\u00f6reslagna kommer att vara med och ge en presentation av vilka de <a class=\"read-more-link\" href=\"https:\/\/wp.kristdemokraterna.se\/skovde\/valkommen-pa-arsmote\/\">Read More<\/a><\/p>\n","protected":false},"author":744,"featured_media":0,"comment_status":"closed","ping_status":"closed","sticky":false,"template":"","format":"standard","meta":{"_acf_changed":false,"footnotes":""},"categories":[8],"tags":[],"class_list":["post-756","post","type-post","status-publish","format-standard","hentry","category-nyheter"],"acf":[],"yoast_head":"<!-- This site is optimized with the Yoast SEO plugin v27.5 - https:\/\/yoast.com\/product\/yoast-seo-wordpress\/ -->\n<title>V\u00e4lkommen p\u00e5 \u00e5rsm\u00f6te - i Sk\u00f6vde<\/title>\n<meta name=\"robots\" content=\"index, follow, max-snippet:-1, max-image-preview:large, max-video-preview:-1\" \/>\n<link rel=\"canonical\" href=\"https:\/\/wp.kristdemokraterna.se\/skovde\/valkommen-pa-arsmote\/\" \/>\n<meta property=\"og:locale\" content=\"sv_SE\" \/>\n<meta property=\"og:type\" content=\"article\" \/>\n<meta property=\"og:title\" content=\"V\u00e4lkommen p\u00e5 \u00e5rsm\u00f6te - i Sk\u00f6vde\" \/>\n<meta property=\"og:description\" content=\"Kristdemokraternas \u00e5rsm\u00f6te och nomineringsst\u00e4mma blir 24 feb kl 18. Vi har d\u00e5 gl\u00e4djen att f\u00e5 ha distriktsordf\u00f6rande Magnus Jacobsson som talare. Han \u00e4r riksdagsledamot och \u00e4r verksam inom trafiksutskottet. Ut\u00f6ver de sedvanliga \u00e5rsm\u00f6tes\u00e4rendena s\u00e5 ska ocks\u00e5 valsedeln till kommunfullm\u00e4ktige fastst\u00e4llas. De som \u00e4r f\u00f6reslagna kommer att vara med och ge en presentation av vilka de Read More\" \/>\n<meta property=\"og:url\" content=\"https:\/\/wp.kristdemokraterna.se\/skovde\/valkommen-pa-arsmote\/\" \/>\n<meta property=\"og:site_name\" content=\"i Sk\u00f6vde\" \/>\n<meta property=\"article:published_time\" content=\"2022-02-11T16:10:52+00:00\" \/>\n<meta name=\"author\" content=\"brannberg\" \/>\n<meta name=\"twitter:card\" content=\"summary_large_image\" \/>\n<meta name=\"twitter:label1\" content=\"Skriven av\" \/>\n\t<meta name=\"twitter:data1\" content=\"brannberg\" \/>\n\t<meta name=\"twitter:label2\" content=\"Ber\u00e4knad l\u00e4stid\" \/>\n\t<meta name=\"twitter:data2\" content=\"1 minut\" \/>\n<script type=\"application\/ld+json\" class=\"yoast-schema-graph\">{\"@context\":\"https:\\\/\\\/schema.org\",\"@graph\":[{\"@type\":\"Article\",\"@id\":\"https:\\\/\\\/wp.kristdemokraterna.se\\\/skovde\\\/valkommen-pa-arsmote\\\/#article\",\"isPartOf\":{\"@id\":\"https:\\\/\\\/wp.kristdemokraterna.se\\\/skovde\\\/valkommen-pa-arsmote\\\/\"},\"author\":{\"name\":\"brannberg\",\"@id\":\"https:\\\/\\\/wp.kristdemokraterna.se\\\/skovde\\\/#\\\/schema\\\/person\\\/16c27da76d91de55cd55bdfac6e90bd2\"},\"headline\":\"V\u00e4lkommen p\u00e5 \u00e5rsm\u00f6te\",\"datePublished\":\"2022-02-11T16:10:52+00:00\",\"mainEntityOfPage\":{\"@id\":\"https:\\\/\\\/wp.kristdemokraterna.se\\\/skovde\\\/valkommen-pa-arsmote\\\/\"},\"wordCount\":81,\"articleSection\":[\"Nyheter\"],\"inLanguage\":\"sv-SE\"},{\"@type\":\"WebPage\",\"@id\":\"https:\\\/\\\/wp.kristdemokraterna.se\\\/skovde\\\/valkommen-pa-arsmote\\\/\",\"url\":\"https:\\\/\\\/wp.kristdemokraterna.se\\\/skovde\\\/valkommen-pa-arsmote\\\/\",\"name\":\"V\u00e4lkommen p\u00e5 \u00e5rsm\u00f6te - i Sk\u00f6vde\",\"isPartOf\":{\"@id\":\"https:\\\/\\\/wp.kristdemokraterna.se\\\/skovde\\\/#website\"},\"datePublished\":\"2022-02-11T16:10:52+00:00\",\"author\":{\"@id\":\"https:\\\/\\\/wp.kristdemokraterna.se\\\/skovde\\\/#\\\/schema\\\/person\\\/16c27da76d91de55cd55bdfac6e90bd2\"},\"breadcrumb\":{\"@id\":\"https:\\\/\\\/wp.kristdemokraterna.se\\\/skovde\\\/valkommen-pa-arsmote\\\/#breadcrumb\"},\"inLanguage\":\"sv-SE\",\"potentialAction\":[{\"@type\":\"ReadAction\",\"target\":[\"https:\\\/\\\/wp.kristdemokraterna.se\\\/skovde\\\/valkommen-pa-arsmote\\\/\"]}]},{\"@type\":\"BreadcrumbList\",\"@id\":\"https:\\\/\\\/wp.kristdemokraterna.se\\\/skovde\\\/valkommen-pa-arsmote\\\/#breadcrumb\",\"itemListElement\":[{\"@type\":\"ListItem\",\"position\":1,\"name\":\"Hem\",\"item\":\"https:\\\/\\\/wp.kristdemokraterna.se\\\/skovde\\\/\"},{\"@type\":\"ListItem\",\"position\":2,\"name\":\"V\u00e4lkommen p\u00e5 \u00e5rsm\u00f6te\"}]},{\"@type\":\"WebSite\",\"@id\":\"https:\\\/\\\/wp.kristdemokraterna.se\\\/skovde\\\/#website\",\"url\":\"https:\\\/\\\/wp.kristdemokraterna.se\\\/skovde\\\/\",\"name\":\"i Sk\u00f6vde\",\"description\":\"\",\"inLanguage\":\"sv-SE\"},{\"@type\":\"Person\",\"@id\":\"https:\\\/\\\/wp.kristdemokraterna.se\\\/skovde\\\/#\\\/schema\\\/person\\\/16c27da76d91de55cd55bdfac6e90bd2\",\"name\":\"brannberg\",\"image\":{\"@type\":\"ImageObject\",\"inLanguage\":\"sv-SE\",\"@id\":\"https:\\\/\\\/secure.gravatar.com\\\/avatar\\\/3065f237d64bcc60246edd2804abb1788848e0a9f187add49e65be41fbadadec?s=96&d=mm&r=g\",\"url\":\"https:\\\/\\\/secure.gravatar.com\\\/avatar\\\/3065f237d64bcc60246edd2804abb1788848e0a9f187add49e65be41fbadadec?s=96&d=mm&r=g\",\"contentUrl\":\"https:\\\/\\\/secure.gravatar.com\\\/avatar\\\/3065f237d64bcc60246edd2804abb1788848e0a9f187add49e65be41fbadadec?s=96&d=mm&r=g\",\"caption\":\"brannberg\"},\"url\":\"https:\\\/\\\/wp.kristdemokraterna.se\\\/skovde\\\/author\\\/brannberg\\\/\"}]}<\/script>\n<!-- \/ Yoast SEO plugin. -->","yoast_head_json":{"title":"V\u00e4lkommen p\u00e5 \u00e5rsm\u00f6te - i Sk\u00f6vde","robots":{"index":"index","follow":"follow","max-snippet":"max-snippet:-1","max-image-preview":"max-image-preview:large","max-video-preview":"max-video-preview:-1"},"canonical":"https:\/\/wp.kristdemokraterna.se\/skovde\/valkommen-pa-arsmote\/","og_locale":"sv_SE","og_type":"article","og_title":"V\u00e4lkommen p\u00e5 \u00e5rsm\u00f6te - i Sk\u00f6vde","og_description":"Kristdemokraternas \u00e5rsm\u00f6te och nomineringsst\u00e4mma blir 24 feb kl 18. Vi har d\u00e5 gl\u00e4djen att f\u00e5 ha distriktsordf\u00f6rande Magnus Jacobsson som talare. Han \u00e4r riksdagsledamot och \u00e4r verksam inom trafiksutskottet. Ut\u00f6ver de sedvanliga \u00e5rsm\u00f6tes\u00e4rendena s\u00e5 ska ocks\u00e5 valsedeln till kommunfullm\u00e4ktige fastst\u00e4llas. De som \u00e4r f\u00f6reslagna kommer att vara med och ge en presentation av vilka de Read More","og_url":"https:\/\/wp.kristdemokraterna.se\/skovde\/valkommen-pa-arsmote\/","og_site_name":"i Sk\u00f6vde","article_published_time":"2022-02-11T16:10:52+00:00","author":"brannberg","twitter_card":"summary_large_image","twitter_misc":{"Skriven av":"brannberg","Ber\u00e4knad l\u00e4stid":"1 minut"},"schema":{"@context":"https:\/\/schema.org","@graph":[{"@type":"Article","@id":"https:\/\/wp.kristdemokraterna.se\/skovde\/valkommen-pa-arsmote\/#article","isPartOf":{"@id":"https:\/\/wp.kristdemokraterna.se\/skovde\/valkommen-pa-arsmote\/"},"author":{"name":"brannberg","@id":"https:\/\/wp.kristdemokraterna.se\/skovde\/#\/schema\/person\/16c27da76d91de55cd55bdfac6e90bd2"},"headline":"V\u00e4lkommen p\u00e5 \u00e5rsm\u00f6te","datePublished":"2022-02-11T16:10:52+00:00","mainEntityOfPage":{"@id":"https:\/\/wp.kristdemokraterna.se\/skovde\/valkommen-pa-arsmote\/"},"wordCount":81,"articleSection":["Nyheter"],"inLanguage":"sv-SE"},{"@type":"WebPage","@id":"https:\/\/wp.kristdemokraterna.se\/skovde\/valkommen-pa-arsmote\/","url":"https:\/\/wp.kristdemokraterna.se\/skovde\/valkommen-pa-arsmote\/","name":"V\u00e4lkommen p\u00e5 \u00e5rsm\u00f6te - i Sk\u00f6vde","isPartOf":{"@id":"https:\/\/wp.kristdemokraterna.se\/skovde\/#website"},"datePublished":"2022-02-11T16:10:52+00:00","author":{"@id":"https:\/\/wp.kristdemokraterna.se\/skovde\/#\/schema\/person\/16c27da76d91de55cd55bdfac6e90bd2"},"breadcrumb":{"@id":"https:\/\/wp.kristdemokraterna.se\/skovde\/valkommen-pa-arsmote\/#breadcrumb"},"inLanguage":"sv-SE","potentialAction":[{"@type":"ReadAction","target":["https:\/\/wp.kristdemokraterna.se\/skovde\/valkommen-pa-arsmote\/"]}]},{"@type":"BreadcrumbList","@id":"https:\/\/wp.kristdemokraterna.se\/skovde\/valkommen-pa-arsmote\/#breadcrumb","itemListElement":[{"@type":"ListItem","position":1,"name":"Hem","item":"https:\/\/wp.kristdemokraterna.se\/skovde\/"},{"@type":"ListItem","position":2,"name":"V\u00e4lkommen p\u00e5 \u00e5rsm\u00f6te"}]},{"@type":"WebSite","@id":"https:\/\/wp.kristdemokraterna.se\/skovde\/#website","url":"https:\/\/wp.kristdemokraterna.se\/skovde\/","name":"i Sk\u00f6vde","description":"","inLanguage":"sv-SE"},{"@type":"Person","@id":"https:\/\/wp.kristdemokraterna.se\/skovde\/#\/schema\/person\/16c27da76d91de55cd55bdfac6e90bd2","name":"brannberg","image":{"@type":"ImageObject","inLanguage":"sv-SE","@id":"https:\/\/secure.gravatar.com\/avatar\/3065f237d64bcc60246edd2804abb1788848e0a9f187add49e65be41fbadadec?s=96&d=mm&r=g","url":"https:\/\/secure.gravatar.com\/avatar\/3065f237d64bcc60246edd2804abb1788848e0a9f187add49e65be41fbadadec?s=96&d=mm&r=g","contentUrl":"https:\/\/secure.gravatar.com\/avatar\/3065f237d64bcc60246edd2804abb1788848e0a9f187add49e65be41fbadadec?s=96&d=mm&r=g","caption":"brannberg"},"url":"https:\/\/wp.kristdemokraterna.se\/skovde\/author\/brannberg\/"}]}},"_links":{"self":[{"href":"https:\/\/wp.kristdemokraterna.se\/skovde\/wp-json\/wp\/v2\/posts\/756","targetHints":{"allow":["GET"]}}],"collection":[{"href":"https:\/\/wp.kristdemokraterna.se\/skovde\/wp-json\/wp\/v2\/posts"}],"about":[{"href":"https:\/\/wp.kristdemokraterna.se\/skovde\/wp-json\/wp\/v2\/types\/post"}],"author":[{"embeddable":true,"href":"https:\/\/wp.kristdemokraterna.se\/skovde\/wp-json\/wp\/v2\/users\/744"}],"replies":[{"embeddable":true,"href":"https:\/\/wp.kristdemokraterna.se\/skovde\/wp-json\/wp\/v2\/comments?post=756"}],"version-history":[{"count":1,"href":"https:\/\/wp.kristdemokraterna.se\/skovde\/wp-json\/wp\/v2\/posts\/756\/revisions"}],"predecessor-version":[{"id":758,"href":"https:\/\/wp.kristdemokraterna.se\/skovde\/wp-json\/wp\/v2\/posts\/756\/revisions\/758"}],"wp:attachment":[{"href":"https:\/\/wp.kristdemokraterna.se\/skovde\/wp-json\/wp\/v2\/media?parent=756"}],"wp:term":[{"taxonomy":"category","embeddable":true,"href":"https:\/\/wp.kristdemokraterna.se\/skovde\/wp-json\/wp\/v2\/categories?post=756"},{"taxonomy":"post_tag","embeddable":true,"href":"https:\/\/wp.kristdemokraterna.se\/skovde\/wp-json\/wp\/v2\/tags?post=756"}],"curies":[{"name":"wp","href":"https:\/\/api.w.org\/{rel}","templated":true}]}}