{"id":130,"date":"2022-08-05T09:55:36","date_gmt":"2022-08-05T07:55:36","guid":{"rendered":"http:\/\/wp.kristdemokraterna.se\/soderhamn2\/?p=130"},"modified":"2022-08-08T14:39:21","modified_gmt":"2022-08-08T12:39:21","slug":"kristdemokraternas-politik-syftar-till-att-det-ska-lona-sig-att-arbeta","status":"publish","type":"post","link":"https:\/\/wp.kristdemokraterna.se\/soderhamn\/kristdemokraternas-politik-syftar-till-att-det-ska-lona-sig-att-arbeta\/","title":{"rendered":"N\u00e4ringsliv och Arbete"},"content":{"rendered":"<p>Vi ska verka f\u00f6r att de m\u00e4nniskor som <em>kan<\/em> arbeta, kommer i arbete. Vi m\u00e5ste skapa goda f\u00f6ruts\u00e4ttningar f\u00f6r f\u00f6retag, d\u00e5 ett v\u00e4lm\u00e5ende n\u00e4ringsliv genererar v\u00e4ldigt mycket positivt f\u00f6r en kommun i form av inkludering, ansvarstagande, gemenskap och skatteint\u00e4kter.<\/p>\n<p><strong>Intr\u00e4desjobb<\/strong><\/p>\n<p>Tr\u00f6sklarna m\u00e5ste s\u00e4nkas dels f\u00f6r de som klarar att ta steget till vidareutbildning, men ocks\u00e5 f\u00f6r de som av olika sk\u00e4l inte klarar av eller vill studera. Kristdemokraterna vill d\u00e4rf\u00f6r inf\u00f6ra &#8221;Intr\u00e4desjobb&#8221;, en f\u00f6renklad anst\u00e4llning f\u00f6r nyanl\u00e4nda och unga upp till 23 \u00e5r utan gymnasieexamen. Anst\u00e4llningsformen kommer g\u00f6ra det m\u00f6jligt f\u00f6r fler att f\u00e5 en fot in p\u00e5 arbetsmarknaden, f\u00e5 v\u00e4rdefull erfarenhet och d\u00e4rmed kunna g\u00e5 vidare i arbetslivet. Den kommer g\u00f6ra det billigare f\u00f6r f\u00f6retagen att anst\u00e4lla och g\u00f6r att fler v\u00e5gar satsa p\u00e5 en tidigare opr\u00f6vad person.<\/p>\n<p><strong>Aktivitetsplikt<\/strong><\/p>\n<p><span style=\"font-weight: 400\">Vi m\u00e5ste st\u00e4lla h\u00f6gre krav p\u00e5 <\/span>aktivitetsplikt<span style=\"font-weight: 400\"> hos de som f\u00e5r <\/span>f\u00f6rs\u00f6rjningsst\u00f6d och\u00a0<span style=\"font-weight: 400\">s\u00e4kerst\u00e4lla att kvalit\u00e9n p\u00e5 <\/span>aktiviteterna<span style=\"font-weight: 400\"> \u00e4r h\u00f6g och relevant. Aktiviteterna m\u00e5ste m\u00e4tbart f\u00f6rb\u00e4ttra arbetsl\u00f6sas f\u00f6ruts\u00e4ttningar att f\u00e5 ett arbete. Man beh\u00f6ver ocks\u00e5 arbeta <\/span>n\u00e4rmare<span style=\"font-weight: 400\"> den gruppen som st\u00e5r l\u00e5ngt ifr\u00e5n arbetsmarknaden, med t\u00e4tare kontakter och uppf\u00f6ljningar. <\/span>Vi m\u00e5ste bryta utanf\u00f6rskapet en g\u00e5ng f\u00f6r alla.<span style=\"font-weight: 400\">\u00a0<\/span><\/p>\n<p id=\"h-Dubblajobbskatteavdrag\" class=\"font-heading-3\"><strong>Dubbla jobbskatteavdrag<\/strong><\/p>\n<p class=\"font-normal\">Ut\u00f6ka skattel\u00e4ttnaden f\u00f6r personer som kommer fr\u00e5n l\u00e5ngvarig arbetsl\u00f6shet eller sjukskrivning, f\u00f6r unga under 25 \u00e5r eller f\u00f6r nyanl\u00e4nda under de fem f\u00f6rsta \u00e5ren i Sverige. Dessa grupper st\u00e5r ofta l\u00e4ngre fr\u00e5n arbetsmarknaden och har mindre ekonomiska marginaler.<\/p>\n<p id=\"h-Dubblajobbskatteavdrag\" class=\"font-heading-3\"><strong>F\u00f6retagsv\u00e4nlig Kommun<\/strong><\/p>\n<p class=\"font-normal\">S\u00f6derhamn ska vara en f\u00f6retagsv\u00e4nlig kommun med bra samarbete och kommunikation mellan kommun och n\u00e4ringsliv. Det \u00e4r viktigt att f\u00f6retagarna k\u00e4nner sig lyssnade p\u00e5 och vi i Kristdemokraterna vill skapa de b\u00e4sta m\u00f6jliga f\u00f6ruts\u00e4ttningarna f\u00f6r ett v\u00e4lm\u00e5ende n\u00e4ringsliv.<\/p>\n<p>&nbsp;<\/p>\n<p>&nbsp;<\/p>\n","protected":false},"excerpt":{"rendered":"<p>Vi ska verka f\u00f6r att de m\u00e4nniskor som kan arbeta, kommer i arbete. Vi m\u00e5ste skapa goda f\u00f6ruts\u00e4ttningar f\u00f6r f\u00f6retag, d\u00e5 ett v\u00e4lm\u00e5ende n\u00e4ringsliv genererar v\u00e4ldigt mycket positivt f\u00f6r en kommun i form av inkludering, ansvarstagande, gemenskap och skatteint\u00e4kter. Intr\u00e4desjobb Tr\u00f6sklarna m\u00e5ste s\u00e4nkas dels f\u00f6r de som klarar att ta steget till vidareutbildning, men ocks\u00e5 <a class=\"read-more-link\" href=\"https:\/\/wp.kristdemokraterna.se\/soderhamn\/kristdemokraternas-politik-syftar-till-att-det-ska-lona-sig-att-arbeta\/\">L\u00e4s mer<\/a><\/p>\n","protected":false},"author":799,"featured_media":147,"comment_status":"closed","ping_status":"closed","sticky":false,"template":"","format":"standard","meta":{"_acf_changed":false,"footnotes":""},"categories":[11,10,1,3],"tags":[],"class_list":["post-130","post","type-post","status-publish","format-standard","hentry","category-inlagg","category-nyheter","category-okategoriserade","category-var-politik"],"acf":[],"yoast_head":"<!-- This site is optimized with the Yoast SEO plugin v27.4 - https:\/\/yoast.com\/product\/yoast-seo-wordpress\/ -->\n<title>N\u00e4ringsliv och Arbete - Kristdemokraterna i S\u00f6derhamn<\/title>\n<meta name=\"robots\" content=\"index, follow, max-snippet:-1, max-image-preview:large, max-video-preview:-1\" \/>\n<link rel=\"canonical\" href=\"https:\/\/wp.kristdemokraterna.se\/soderhamn\/kristdemokraternas-politik-syftar-till-att-det-ska-lona-sig-att-arbeta\/\" \/>\n<meta property=\"og:locale\" content=\"sv_SE\" \/>\n<meta property=\"og:type\" content=\"article\" \/>\n<meta property=\"og:title\" content=\"N\u00e4ringsliv och Arbete - Kristdemokraterna i S\u00f6derhamn\" \/>\n<meta property=\"og:description\" content=\"Vi ska verka f\u00f6r att de m\u00e4nniskor som kan arbeta, kommer i arbete. Vi m\u00e5ste skapa goda f\u00f6ruts\u00e4ttningar f\u00f6r f\u00f6retag, d\u00e5 ett v\u00e4lm\u00e5ende n\u00e4ringsliv genererar v\u00e4ldigt mycket positivt f\u00f6r en kommun i form av inkludering, ansvarstagande, gemenskap och skatteint\u00e4kter. Intr\u00e4desjobb Tr\u00f6sklarna m\u00e5ste s\u00e4nkas dels f\u00f6r de som klarar att ta steget till vidareutbildning, men ocks\u00e5 L\u00e4s mer\" \/>\n<meta property=\"og:url\" content=\"https:\/\/wp.kristdemokraterna.se\/soderhamn\/kristdemokraternas-politik-syftar-till-att-det-ska-lona-sig-att-arbeta\/\" \/>\n<meta property=\"og:site_name\" content=\"Kristdemokraterna i S\u00f6derhamn\" \/>\n<meta property=\"article:published_time\" content=\"2022-08-05T07:55:36+00:00\" \/>\n<meta property=\"article:modified_time\" content=\"2022-08-08T12:39:21+00:00\" \/>\n<meta property=\"og:image\" content=\"http:\/\/wp.kristdemokraterna.se\/soderhamn\/files\/2016\/11\/foretag_ej_logga.jpg\" \/>\n\t<meta property=\"og:image:width\" content=\"478\" \/>\n\t<meta property=\"og:image:height\" content=\"262\" \/>\n\t<meta property=\"og:image:type\" content=\"image\/jpeg\" \/>\n<meta name=\"author\" content=\"soderhamn\" \/>\n<meta name=\"twitter:card\" content=\"summary_large_image\" \/>\n<meta name=\"twitter:label1\" content=\"Skriven av\" \/>\n\t<meta name=\"twitter:data1\" content=\"soderhamn\" \/>\n\t<meta name=\"twitter:label2\" content=\"Ber\u00e4knad l\u00e4stid\" \/>\n\t<meta name=\"twitter:data2\" content=\"2 minuter\" \/>\n<script type=\"application\/ld+json\" class=\"yoast-schema-graph\">{\"@context\":\"https:\\\/\\\/schema.org\",\"@graph\":[{\"@type\":\"Article\",\"@id\":\"https:\\\/\\\/wp.kristdemokraterna.se\\\/soderhamn\\\/kristdemokraternas-politik-syftar-till-att-det-ska-lona-sig-att-arbeta\\\/#article\",\"isPartOf\":{\"@id\":\"https:\\\/\\\/wp.kristdemokraterna.se\\\/soderhamn\\\/kristdemokraternas-politik-syftar-till-att-det-ska-lona-sig-att-arbeta\\\/\"},\"author\":{\"name\":\"soderhamn\",\"@id\":\"https:\\\/\\\/wp.kristdemokraterna.se\\\/soderhamn\\\/#\\\/schema\\\/person\\\/631d0591ccaefcc72113aad84f0a8efc\"},\"headline\":\"N\u00e4ringsliv och Arbete\",\"datePublished\":\"2022-08-05T07:55:36+00:00\",\"dateModified\":\"2022-08-08T12:39:21+00:00\",\"mainEntityOfPage\":{\"@id\":\"https:\\\/\\\/wp.kristdemokraterna.se\\\/soderhamn\\\/kristdemokraternas-politik-syftar-till-att-det-ska-lona-sig-att-arbeta\\\/\"},\"wordCount\":370,\"image\":{\"@id\":\"https:\\\/\\\/wp.kristdemokraterna.se\\\/soderhamn\\\/kristdemokraternas-politik-syftar-till-att-det-ska-lona-sig-att-arbeta\\\/#primaryimage\"},\"thumbnailUrl\":\"https:\\\/\\\/wp.kristdemokraterna.se\\\/soderhamn\\\/files\\\/2016\\\/11\\\/foretag_ej_logga.jpg\",\"articleSection\":{\"0\":\"Inl\u00e4gg\",\"1\":\"Nyheter\",\"3\":\"V\u00e5r politik\"},\"inLanguage\":\"sv-SE\"},{\"@type\":\"WebPage\",\"@id\":\"https:\\\/\\\/wp.kristdemokraterna.se\\\/soderhamn\\\/kristdemokraternas-politik-syftar-till-att-det-ska-lona-sig-att-arbeta\\\/\",\"url\":\"https:\\\/\\\/wp.kristdemokraterna.se\\\/soderhamn\\\/kristdemokraternas-politik-syftar-till-att-det-ska-lona-sig-att-arbeta\\\/\",\"name\":\"N\u00e4ringsliv och Arbete - Kristdemokraterna i S\u00f6derhamn\",\"isPartOf\":{\"@id\":\"https:\\\/\\\/wp.kristdemokraterna.se\\\/soderhamn\\\/#website\"},\"primaryImageOfPage\":{\"@id\":\"https:\\\/\\\/wp.kristdemokraterna.se\\\/soderhamn\\\/kristdemokraternas-politik-syftar-till-att-det-ska-lona-sig-att-arbeta\\\/#primaryimage\"},\"image\":{\"@id\":\"https:\\\/\\\/wp.kristdemokraterna.se\\\/soderhamn\\\/kristdemokraternas-politik-syftar-till-att-det-ska-lona-sig-att-arbeta\\\/#primaryimage\"},\"thumbnailUrl\":\"https:\\\/\\\/wp.kristdemokraterna.se\\\/soderhamn\\\/files\\\/2016\\\/11\\\/foretag_ej_logga.jpg\",\"datePublished\":\"2022-08-05T07:55:36+00:00\",\"dateModified\":\"2022-08-08T12:39:21+00:00\",\"author\":{\"@id\":\"https:\\\/\\\/wp.kristdemokraterna.se\\\/soderhamn\\\/#\\\/schema\\\/person\\\/631d0591ccaefcc72113aad84f0a8efc\"},\"breadcrumb\":{\"@id\":\"https:\\\/\\\/wp.kristdemokraterna.se\\\/soderhamn\\\/kristdemokraternas-politik-syftar-till-att-det-ska-lona-sig-att-arbeta\\\/#breadcrumb\"},\"inLanguage\":\"sv-SE\",\"potentialAction\":[{\"@type\":\"ReadAction\",\"target\":[\"https:\\\/\\\/wp.kristdemokraterna.se\\\/soderhamn\\\/kristdemokraternas-politik-syftar-till-att-det-ska-lona-sig-att-arbeta\\\/\"]}]},{\"@type\":\"ImageObject\",\"inLanguage\":\"sv-SE\",\"@id\":\"https:\\\/\\\/wp.kristdemokraterna.se\\\/soderhamn\\\/kristdemokraternas-politik-syftar-till-att-det-ska-lona-sig-att-arbeta\\\/#primaryimage\",\"url\":\"https:\\\/\\\/wp.kristdemokraterna.se\\\/soderhamn\\\/files\\\/2016\\\/11\\\/foretag_ej_logga.jpg\",\"contentUrl\":\"https:\\\/\\\/wp.kristdemokraterna.se\\\/soderhamn\\\/files\\\/2016\\\/11\\\/foretag_ej_logga.jpg\",\"width\":478,\"height\":262},{\"@type\":\"BreadcrumbList\",\"@id\":\"https:\\\/\\\/wp.kristdemokraterna.se\\\/soderhamn\\\/kristdemokraternas-politik-syftar-till-att-det-ska-lona-sig-att-arbeta\\\/#breadcrumb\",\"itemListElement\":[{\"@type\":\"ListItem\",\"position\":1,\"name\":\"Hem\",\"item\":\"https:\\\/\\\/wp.kristdemokraterna.se\\\/soderhamn\\\/\"},{\"@type\":\"ListItem\",\"position\":2,\"name\":\"N\u00e4ringsliv och Arbete\"}]},{\"@type\":\"WebSite\",\"@id\":\"https:\\\/\\\/wp.kristdemokraterna.se\\\/soderhamn\\\/#website\",\"url\":\"https:\\\/\\\/wp.kristdemokraterna.se\\\/soderhamn\\\/\",\"name\":\"Kristdemokraterna i S\u00f6derhamn\",\"description\":\"Kristdemokraterna i S\u00f6derhamn\",\"inLanguage\":\"sv-SE\"},{\"@type\":\"Person\",\"@id\":\"https:\\\/\\\/wp.kristdemokraterna.se\\\/soderhamn\\\/#\\\/schema\\\/person\\\/631d0591ccaefcc72113aad84f0a8efc\",\"name\":\"soderhamn\",\"image\":{\"@type\":\"ImageObject\",\"inLanguage\":\"sv-SE\",\"@id\":\"https:\\\/\\\/secure.gravatar.com\\\/avatar\\\/3892ece581e85cbbe65e7b700f68332aa18bd23df03f4c3d1f2a968e7c352f21?s=96&d=mm&r=g\",\"url\":\"https:\\\/\\\/secure.gravatar.com\\\/avatar\\\/3892ece581e85cbbe65e7b700f68332aa18bd23df03f4c3d1f2a968e7c352f21?s=96&d=mm&r=g\",\"contentUrl\":\"https:\\\/\\\/secure.gravatar.com\\\/avatar\\\/3892ece581e85cbbe65e7b700f68332aa18bd23df03f4c3d1f2a968e7c352f21?s=96&d=mm&r=g\",\"caption\":\"soderhamn\"},\"url\":\"https:\\\/\\\/wp.kristdemokraterna.se\\\/soderhamn\\\/author\\\/soderhamn2\\\/\"}]}<\/script>\n<!-- \/ Yoast SEO plugin. -->","yoast_head_json":{"title":"N\u00e4ringsliv och Arbete - Kristdemokraterna i S\u00f6derhamn","robots":{"index":"index","follow":"follow","max-snippet":"max-snippet:-1","max-image-preview":"max-image-preview:large","max-video-preview":"max-video-preview:-1"},"canonical":"https:\/\/wp.kristdemokraterna.se\/soderhamn\/kristdemokraternas-politik-syftar-till-att-det-ska-lona-sig-att-arbeta\/","og_locale":"sv_SE","og_type":"article","og_title":"N\u00e4ringsliv och Arbete - Kristdemokraterna i S\u00f6derhamn","og_description":"Vi ska verka f\u00f6r att de m\u00e4nniskor som kan arbeta, kommer i arbete. Vi m\u00e5ste skapa goda f\u00f6ruts\u00e4ttningar f\u00f6r f\u00f6retag, d\u00e5 ett v\u00e4lm\u00e5ende n\u00e4ringsliv genererar v\u00e4ldigt mycket positivt f\u00f6r en kommun i form av inkludering, ansvarstagande, gemenskap och skatteint\u00e4kter. Intr\u00e4desjobb Tr\u00f6sklarna m\u00e5ste s\u00e4nkas dels f\u00f6r de som klarar att ta steget till vidareutbildning, men ocks\u00e5 L\u00e4s mer","og_url":"https:\/\/wp.kristdemokraterna.se\/soderhamn\/kristdemokraternas-politik-syftar-till-att-det-ska-lona-sig-att-arbeta\/","og_site_name":"Kristdemokraterna i S\u00f6derhamn","article_published_time":"2022-08-05T07:55:36+00:00","article_modified_time":"2022-08-08T12:39:21+00:00","og_image":[{"width":478,"height":262,"url":"http:\/\/wp.kristdemokraterna.se\/soderhamn\/files\/2016\/11\/foretag_ej_logga.jpg","type":"image\/jpeg"}],"author":"soderhamn","twitter_card":"summary_large_image","twitter_misc":{"Skriven av":"soderhamn","Ber\u00e4knad l\u00e4stid":"2 minuter"},"schema":{"@context":"https:\/\/schema.org","@graph":[{"@type":"Article","@id":"https:\/\/wp.kristdemokraterna.se\/soderhamn\/kristdemokraternas-politik-syftar-till-att-det-ska-lona-sig-att-arbeta\/#article","isPartOf":{"@id":"https:\/\/wp.kristdemokraterna.se\/soderhamn\/kristdemokraternas-politik-syftar-till-att-det-ska-lona-sig-att-arbeta\/"},"author":{"name":"soderhamn","@id":"https:\/\/wp.kristdemokraterna.se\/soderhamn\/#\/schema\/person\/631d0591ccaefcc72113aad84f0a8efc"},"headline":"N\u00e4ringsliv och Arbete","datePublished":"2022-08-05T07:55:36+00:00","dateModified":"2022-08-08T12:39:21+00:00","mainEntityOfPage":{"@id":"https:\/\/wp.kristdemokraterna.se\/soderhamn\/kristdemokraternas-politik-syftar-till-att-det-ska-lona-sig-att-arbeta\/"},"wordCount":370,"image":{"@id":"https:\/\/wp.kristdemokraterna.se\/soderhamn\/kristdemokraternas-politik-syftar-till-att-det-ska-lona-sig-att-arbeta\/#primaryimage"},"thumbnailUrl":"https:\/\/wp.kristdemokraterna.se\/soderhamn\/files\/2016\/11\/foretag_ej_logga.jpg","articleSection":{"0":"Inl\u00e4gg","1":"Nyheter","3":"V\u00e5r politik"},"inLanguage":"sv-SE"},{"@type":"WebPage","@id":"https:\/\/wp.kristdemokraterna.se\/soderhamn\/kristdemokraternas-politik-syftar-till-att-det-ska-lona-sig-att-arbeta\/","url":"https:\/\/wp.kristdemokraterna.se\/soderhamn\/kristdemokraternas-politik-syftar-till-att-det-ska-lona-sig-att-arbeta\/","name":"N\u00e4ringsliv och Arbete - Kristdemokraterna i S\u00f6derhamn","isPartOf":{"@id":"https:\/\/wp.kristdemokraterna.se\/soderhamn\/#website"},"primaryImageOfPage":{"@id":"https:\/\/wp.kristdemokraterna.se\/soderhamn\/kristdemokraternas-politik-syftar-till-att-det-ska-lona-sig-att-arbeta\/#primaryimage"},"image":{"@id":"https:\/\/wp.kristdemokraterna.se\/soderhamn\/kristdemokraternas-politik-syftar-till-att-det-ska-lona-sig-att-arbeta\/#primaryimage"},"thumbnailUrl":"https:\/\/wp.kristdemokraterna.se\/soderhamn\/files\/2016\/11\/foretag_ej_logga.jpg","datePublished":"2022-08-05T07:55:36+00:00","dateModified":"2022-08-08T12:39:21+00:00","author":{"@id":"https:\/\/wp.kristdemokraterna.se\/soderhamn\/#\/schema\/person\/631d0591ccaefcc72113aad84f0a8efc"},"breadcrumb":{"@id":"https:\/\/wp.kristdemokraterna.se\/soderhamn\/kristdemokraternas-politik-syftar-till-att-det-ska-lona-sig-att-arbeta\/#breadcrumb"},"inLanguage":"sv-SE","potentialAction":[{"@type":"ReadAction","target":["https:\/\/wp.kristdemokraterna.se\/soderhamn\/kristdemokraternas-politik-syftar-till-att-det-ska-lona-sig-att-arbeta\/"]}]},{"@type":"ImageObject","inLanguage":"sv-SE","@id":"https:\/\/wp.kristdemokraterna.se\/soderhamn\/kristdemokraternas-politik-syftar-till-att-det-ska-lona-sig-att-arbeta\/#primaryimage","url":"https:\/\/wp.kristdemokraterna.se\/soderhamn\/files\/2016\/11\/foretag_ej_logga.jpg","contentUrl":"https:\/\/wp.kristdemokraterna.se\/soderhamn\/files\/2016\/11\/foretag_ej_logga.jpg","width":478,"height":262},{"@type":"BreadcrumbList","@id":"https:\/\/wp.kristdemokraterna.se\/soderhamn\/kristdemokraternas-politik-syftar-till-att-det-ska-lona-sig-att-arbeta\/#breadcrumb","itemListElement":[{"@type":"ListItem","position":1,"name":"Hem","item":"https:\/\/wp.kristdemokraterna.se\/soderhamn\/"},{"@type":"ListItem","position":2,"name":"N\u00e4ringsliv och Arbete"}]},{"@type":"WebSite","@id":"https:\/\/wp.kristdemokraterna.se\/soderhamn\/#website","url":"https:\/\/wp.kristdemokraterna.se\/soderhamn\/","name":"Kristdemokraterna i S\u00f6derhamn","description":"Kristdemokraterna i S\u00f6derhamn","inLanguage":"sv-SE"},{"@type":"Person","@id":"https:\/\/wp.kristdemokraterna.se\/soderhamn\/#\/schema\/person\/631d0591ccaefcc72113aad84f0a8efc","name":"soderhamn","image":{"@type":"ImageObject","inLanguage":"sv-SE","@id":"https:\/\/secure.gravatar.com\/avatar\/3892ece581e85cbbe65e7b700f68332aa18bd23df03f4c3d1f2a968e7c352f21?s=96&d=mm&r=g","url":"https:\/\/secure.gravatar.com\/avatar\/3892ece581e85cbbe65e7b700f68332aa18bd23df03f4c3d1f2a968e7c352f21?s=96&d=mm&r=g","contentUrl":"https:\/\/secure.gravatar.com\/avatar\/3892ece581e85cbbe65e7b700f68332aa18bd23df03f4c3d1f2a968e7c352f21?s=96&d=mm&r=g","caption":"soderhamn"},"url":"https:\/\/wp.kristdemokraterna.se\/soderhamn\/author\/soderhamn2\/"}]}},"_links":{"self":[{"href":"https:\/\/wp.kristdemokraterna.se\/soderhamn\/wp-json\/wp\/v2\/posts\/130","targetHints":{"allow":["GET"]}}],"collection":[{"href":"https:\/\/wp.kristdemokraterna.se\/soderhamn\/wp-json\/wp\/v2\/posts"}],"about":[{"href":"https:\/\/wp.kristdemokraterna.se\/soderhamn\/wp-json\/wp\/v2\/types\/post"}],"author":[{"embeddable":true,"href":"https:\/\/wp.kristdemokraterna.se\/soderhamn\/wp-json\/wp\/v2\/users\/799"}],"replies":[{"embeddable":true,"href":"https:\/\/wp.kristdemokraterna.se\/soderhamn\/wp-json\/wp\/v2\/comments?post=130"}],"version-history":[{"count":21,"href":"https:\/\/wp.kristdemokraterna.se\/soderhamn\/wp-json\/wp\/v2\/posts\/130\/revisions"}],"predecessor-version":[{"id":653,"href":"https:\/\/wp.kristdemokraterna.se\/soderhamn\/wp-json\/wp\/v2\/posts\/130\/revisions\/653"}],"wp:featuredmedia":[{"embeddable":true,"href":"https:\/\/wp.kristdemokraterna.se\/soderhamn\/wp-json\/wp\/v2\/media\/147"}],"wp:attachment":[{"href":"https:\/\/wp.kristdemokraterna.se\/soderhamn\/wp-json\/wp\/v2\/media?parent=130"}],"wp:term":[{"taxonomy":"category","embeddable":true,"href":"https:\/\/wp.kristdemokraterna.se\/soderhamn\/wp-json\/wp\/v2\/categories?post=130"},{"taxonomy":"post_tag","embeddable":true,"href":"https:\/\/wp.kristdemokraterna.se\/soderhamn\/wp-json\/wp\/v2\/tags?post=130"}],"curies":[{"name":"wp","href":"https:\/\/api.w.org\/{rel}","templated":true}]}}