{"id":646,"date":"2022-08-04T17:54:47","date_gmt":"2022-08-04T15:54:47","guid":{"rendered":"https:\/\/wp.kristdemokraterna.se\/soderhamn\/?p=646"},"modified":"2022-08-04T17:54:47","modified_gmt":"2022-08-04T15:54:47","slug":"646-2","status":"publish","type":"post","link":"https:\/\/wp.kristdemokraterna.se\/soderhamn\/646-2\/","title":{"rendered":""},"content":{"rendered":"<h2><b>Vi utvecklade S\u00f6derhamn<\/b><\/h2>\n<p><b>Resum\u00e9 \u00f6ver 42 m\u00e5nader som ordf\u00f6rande f\u00f6r omv\u00e5rdnadsn\u00e4mnden.\u00a0<\/b><\/p>\n<p><span style=\"font-weight: 400\">N\u00e4r jag funderade p\u00e5 erbjudandet att vara ordf\u00f6rande f\u00f6r Omv\u00e5rdnadsn\u00e4mnden (ON) s\u00e5g jag fyra omr\u00e5den som skulle bli de st\u00f6rsta utmaningarna:<\/span><\/p>\n<ul>\n<li style=\"font-weight: 400\"><b>Ekonomin.<\/b><span style=\"font-weight: 400\"> ON hade flera \u00e5r av stora underskott.\u00a0<\/span><\/li>\n<li style=\"font-weight: 400\"><b>Personal.<\/b><span style=\"font-weight: 400\"> Arbetsvillkor och fr\u00e5gan om delade turer hade varit het under en l\u00e5ng tid.\u00a0<\/span><\/li>\n<li style=\"font-weight: 400\"><b>Boendefr\u00e5gan.<\/b><span style=\"font-weight: 400\"> S\u00f6derhamn hade en stor obalans mellan behov och utbud av boendeplatser.\u00a0<\/span><\/li>\n<li style=\"font-weight: 400\"><b>F\u00f6rebyggande fr\u00e5gor. <\/b><span style=\"font-weight: 400\">Tidigare n\u00e4mnd hade, fr\u00e4mst av ekonomiska sk\u00e4l, lagt ner mycket av det f\u00f6rebyggande arbetet.\u00a0<\/span><\/li>\n<\/ul>\n<p><span style=\"font-weight: 400\">Alla dessa fyra omr\u00e5den k\u00e4ndes b\u00e5de sp\u00e4nnande och utmanande att arbeta med. Jag tackade \u201cJa\u201d till erbjudandet.\u00a0\u00a0<\/span><\/p>\n<p><b>S\u00e5 vad har vi gjort?<\/b><\/p>\n<p><span style=\"font-weight: 400\">Jag skriver \u201cvi\u201d f\u00f6r det \u00e4r ett lagarbete. Inget hade g\u00e5tt utan ett bra samarbete med fr\u00e4mst Allianskollegor, men ocks\u00e5 \u00f6vriga partier i n\u00e4mnden och givetvis verksamhetsledningen p\u00e5 ON. Ni \u00e4r ALLA guld v\u00e4rda!<\/span><\/p>\n<ul>\n<li style=\"list-style-type: none\">\n<ul>\n<li style=\"font-weight: 400\"><b>Ekonomi.<\/b><span style=\"font-weight: 400\"> Vi har v\u00e4nt de stora underskotten till positiva resultat tack vare h\u00e5rt arbete av medarbetare p\u00e5 alla niv\u00e5er.\u00a0<\/span><\/li>\n<li style=\"font-weight: 400\"><b>Personal.<\/b><span style=\"font-weight: 400\"> Vi har tillf\u00f6rt stora medel f\u00f6r h\u00e4lsofr\u00e4mjande insatser och vi l\u00f6ste knuten med \u201cdelade turer\u201d.\u00a0<\/span><\/li>\n<li style=\"font-weight: 400\"><b>Boendefr\u00e5gan.<\/b><span style=\"font-weight: 400\"> Vi har \u00e4ntligen kommit \u201cp\u00e5 t\u00e5get\u201d n\u00e4r det g\u00e4ller att st\u00e4lla om v\u00e5ra boendeplatser till de behov som finns. Vi har beslutat om b\u00e5de ett nytt boende f\u00f6r funktionshinderomsorgen och ett v\u00e5rd- och omsorgsboende f\u00f6r personer med demenssjukdom. Som en f\u00f6ljd av att vi la ner Linden har vi snart ett modernt Trygghetsboende &#8211; \u00e4ntligen!<\/span><\/li>\n<li style=\"font-weight: 400\"><b>Det f\u00f6rebyggande arbetet \u00e4r \u00e5ter prioriterat.\u00a0<\/b><\/li>\n<\/ul>\n<\/li>\n<\/ul>\n<p><span style=\"font-weight: 400\">S\u00e5 \u00e4r jag n\u00f6jd?\u00a0<\/span><\/p>\n<p><span style=\"font-weight: 400\">Jo, jag \u00e4r n\u00f6jd. Jag tycker att vi har gjort ett bra arbete. Vi har f\u00f6rb\u00e4ttrat omv\u00e5rdnaden f\u00f6r personer med behov &#8211; absolut. Ovanp\u00e5 allt detta har vi upplevt en pandemi som s\u00e4rskilt drabbat v\u00e5r verksamhet.\u00a0<\/span><span style=\"font-weight: 400\">Vi har en st\u00e4ndig kamp att f\u00e5 resurser att r\u00e4cka till eftersom behoven \u00e4r stora. Det finns mycket att g\u00f6ra f\u00f6r att s\u00e4kerst\u00e4lla en god arbetsmilj\u00f6 f\u00f6r medarbetare. Kompetensf\u00f6rs\u00f6rjningen \u00e4r en st\u00e4ndig utmaning.\u00a0<\/span><span style=\"font-weight: 400\">Vi har p\u00e5b\u00f6rjat omst\u00e4llningen av boendeplatser och \u00e4ven d\u00e4r finns det mycket kvar att g\u00f6ra. Att g\u00f6ra S\u00f6derhamn till en \u00e4ldrev\u00e4nlig kommun \u00e4r beslutat, nu g\u00e4ller det att g\u00f6ra jobbet ocks\u00e5.\u00a0<\/span><\/p>\n<p><span style=\"font-weight: 400\">Slutligen\u2026 Stort tack till alla medborgare, medarbetare och politiska kollegor fr\u00e5n alla partier den h\u00e4r perioden.\u00a0<\/span><\/p>\n<p><b>Jag \u00e4r REDO<\/b><span style=\"font-weight: 400\"> f\u00f6r en mandatperiod till!<\/span><\/p>\n<p><span style=\"font-weight: 400\">\/Anders Ramstrand<\/span><\/p>\n<p>&nbsp;<\/p>\n","protected":false},"excerpt":{"rendered":"<p>Vi utvecklade S\u00f6derhamn Resum\u00e9 \u00f6ver 42 m\u00e5nader som ordf\u00f6rande f\u00f6r omv\u00e5rdnadsn\u00e4mnden.\u00a0 N\u00e4r jag funderade p\u00e5 erbjudandet att vara ordf\u00f6rande f\u00f6r Omv\u00e5rdnadsn\u00e4mnden (ON) s\u00e5g jag fyra omr\u00e5den som skulle bli de st\u00f6rsta utmaningarna: Ekonomin. ON hade flera \u00e5r av stora underskott.\u00a0 Personal. Arbetsvillkor och fr\u00e5gan om delade turer hade varit het under en l\u00e5ng tid.\u00a0 Boendefr\u00e5gan. <a class=\"read-more-link\" href=\"https:\/\/wp.kristdemokraterna.se\/soderhamn\/646-2\/\">L\u00e4s mer<\/a><\/p>\n","protected":false},"author":1026,"featured_media":0,"comment_status":"closed","ping_status":"closed","sticky":false,"template":"","format":"standard","meta":{"_acf_changed":false,"footnotes":""},"categories":[20,4],"tags":[],"class_list":["post-646","post","type-post","status-publish","format-standard","hentry","category-aldre-och-funktionshindersomsorg","category-i-kommunen"],"acf":[],"yoast_head":"<!-- This site is optimized with the Yoast SEO plugin v27.4 - https:\/\/yoast.com\/product\/yoast-seo-wordpress\/ -->\n<title>- Kristdemokraterna i S\u00f6derhamn<\/title>\n<meta name=\"description\" content=\"Anders Ramstrand har under nuvarande mandatperiod varit ordf\u00f6rande f\u00f6r Omv\u00e5rdnadsn\u00e4mnden i S\u00f6derhamn. Tillsammans med Allianskollegor, delvis \u00f6vriga partier samt verksamhetsledningen s\u00e5 har ett gediget arbete genomf\u00f6rts p\u00e5 m\u00e5nga plan. S\u00f6derhamn ska vara en \u00e4ldrev\u00e4nlig kommun och vi \u00e4r nu p\u00e5 mycket god v\u00e4g dit.\" \/>\n<meta name=\"robots\" content=\"index, follow, max-snippet:-1, max-image-preview:large, max-video-preview:-1\" \/>\n<link rel=\"canonical\" href=\"https:\/\/wp.kristdemokraterna.se\/soderhamn\/646-2\/\" \/>\n<meta property=\"og:locale\" content=\"sv_SE\" \/>\n<meta property=\"og:type\" content=\"article\" \/>\n<meta property=\"og:title\" content=\"- Kristdemokraterna i S\u00f6derhamn\" \/>\n<meta property=\"og:description\" content=\"Anders Ramstrand har under nuvarande mandatperiod varit ordf\u00f6rande f\u00f6r Omv\u00e5rdnadsn\u00e4mnden i S\u00f6derhamn. Tillsammans med Allianskollegor, delvis \u00f6vriga partier samt verksamhetsledningen s\u00e5 har ett gediget arbete genomf\u00f6rts p\u00e5 m\u00e5nga plan. S\u00f6derhamn ska vara en \u00e4ldrev\u00e4nlig kommun och vi \u00e4r nu p\u00e5 mycket god v\u00e4g dit.\" \/>\n<meta property=\"og:url\" content=\"https:\/\/wp.kristdemokraterna.se\/soderhamn\/646-2\/\" \/>\n<meta property=\"og:site_name\" content=\"Kristdemokraterna i S\u00f6derhamn\" \/>\n<meta property=\"article:author\" content=\"https:\/\/www.facebook.com\/carro.oberg\" \/>\n<meta property=\"article:published_time\" content=\"2022-08-04T15:54:47+00:00\" \/>\n<meta name=\"author\" content=\"Carro\" \/>\n<meta name=\"twitter:card\" content=\"summary_large_image\" \/>\n<meta name=\"twitter:label1\" content=\"Skriven av\" \/>\n\t<meta name=\"twitter:data1\" content=\"Carro\" \/>\n\t<meta name=\"twitter:label2\" content=\"Ber\u00e4knad l\u00e4stid\" \/>\n\t<meta name=\"twitter:data2\" content=\"2 minuter\" \/>\n<script type=\"application\/ld+json\" class=\"yoast-schema-graph\">{\"@context\":\"https:\\\/\\\/schema.org\",\"@graph\":[{\"@type\":\"Article\",\"@id\":\"https:\\\/\\\/wp.kristdemokraterna.se\\\/soderhamn\\\/646-2\\\/#article\",\"isPartOf\":{\"@id\":\"https:\\\/\\\/wp.kristdemokraterna.se\\\/soderhamn\\\/646-2\\\/\"},\"author\":{\"name\":\"Carro\",\"@id\":\"https:\\\/\\\/wp.kristdemokraterna.se\\\/soderhamn\\\/#\\\/schema\\\/person\\\/6f1f8de77f4cd9a08a7697edfcc5122c\"},\"headline\":\"Ingen rubrik\",\"datePublished\":\"2022-08-04T15:54:47+00:00\",\"mainEntityOfPage\":{\"@id\":\"https:\\\/\\\/wp.kristdemokraterna.se\\\/soderhamn\\\/646-2\\\/\"},\"wordCount\":448,\"articleSection\":[\"\u00c4ldre- och funktionshindersomsorg\",\"I Kommunen\"],\"inLanguage\":\"sv-SE\"},{\"@type\":\"WebPage\",\"@id\":\"https:\\\/\\\/wp.kristdemokraterna.se\\\/soderhamn\\\/646-2\\\/\",\"url\":\"https:\\\/\\\/wp.kristdemokraterna.se\\\/soderhamn\\\/646-2\\\/\",\"name\":\"- Kristdemokraterna i S\u00f6derhamn\",\"isPartOf\":{\"@id\":\"https:\\\/\\\/wp.kristdemokraterna.se\\\/soderhamn\\\/#website\"},\"datePublished\":\"2022-08-04T15:54:47+00:00\",\"author\":{\"@id\":\"https:\\\/\\\/wp.kristdemokraterna.se\\\/soderhamn\\\/#\\\/schema\\\/person\\\/6f1f8de77f4cd9a08a7697edfcc5122c\"},\"description\":\"Anders Ramstrand har under nuvarande mandatperiod varit ordf\u00f6rande f\u00f6r Omv\u00e5rdnadsn\u00e4mnden i S\u00f6derhamn. Tillsammans med Allianskollegor, delvis \u00f6vriga partier samt verksamhetsledningen s\u00e5 har ett gediget arbete genomf\u00f6rts p\u00e5 m\u00e5nga plan. S\u00f6derhamn ska vara en \u00e4ldrev\u00e4nlig kommun och vi \u00e4r nu p\u00e5 mycket god v\u00e4g dit.\",\"inLanguage\":\"sv-SE\",\"potentialAction\":[{\"@type\":\"ReadAction\",\"target\":[\"https:\\\/\\\/wp.kristdemokraterna.se\\\/soderhamn\\\/646-2\\\/\"]}]},{\"@type\":\"WebSite\",\"@id\":\"https:\\\/\\\/wp.kristdemokraterna.se\\\/soderhamn\\\/#website\",\"url\":\"https:\\\/\\\/wp.kristdemokraterna.se\\\/soderhamn\\\/\",\"name\":\"Kristdemokraterna i S\u00f6derhamn\",\"description\":\"Kristdemokraterna i S\u00f6derhamn\",\"inLanguage\":\"sv-SE\"},{\"@type\":\"Person\",\"@id\":\"https:\\\/\\\/wp.kristdemokraterna.se\\\/soderhamn\\\/#\\\/schema\\\/person\\\/6f1f8de77f4cd9a08a7697edfcc5122c\",\"name\":\"Carro\",\"image\":{\"@type\":\"ImageObject\",\"inLanguage\":\"sv-SE\",\"@id\":\"https:\\\/\\\/secure.gravatar.com\\\/avatar\\\/2c035b735c70de8d655a370077448c41e06e66f879db067dae03e810e16a5ee0?s=96&d=mm&r=g\",\"url\":\"https:\\\/\\\/secure.gravatar.com\\\/avatar\\\/2c035b735c70de8d655a370077448c41e06e66f879db067dae03e810e16a5ee0?s=96&d=mm&r=g\",\"contentUrl\":\"https:\\\/\\\/secure.gravatar.com\\\/avatar\\\/2c035b735c70de8d655a370077448c41e06e66f879db067dae03e810e16a5ee0?s=96&d=mm&r=g\",\"caption\":\"Carro\"},\"sameAs\":[\"https:\\\/\\\/www.facebook.com\\\/carro.oberg\"],\"url\":\"https:\\\/\\\/wp.kristdemokraterna.se\\\/soderhamn\\\/author\\\/carro\\\/\"}]}<\/script>\n<!-- \/ Yoast SEO plugin. -->","yoast_head_json":{"title":"- Kristdemokraterna i S\u00f6derhamn","description":"Anders Ramstrand har under nuvarande mandatperiod varit ordf\u00f6rande f\u00f6r Omv\u00e5rdnadsn\u00e4mnden i S\u00f6derhamn. Tillsammans med Allianskollegor, delvis \u00f6vriga partier samt verksamhetsledningen s\u00e5 har ett gediget arbete genomf\u00f6rts p\u00e5 m\u00e5nga plan. S\u00f6derhamn ska vara en \u00e4ldrev\u00e4nlig kommun och vi \u00e4r nu p\u00e5 mycket god v\u00e4g dit.","robots":{"index":"index","follow":"follow","max-snippet":"max-snippet:-1","max-image-preview":"max-image-preview:large","max-video-preview":"max-video-preview:-1"},"canonical":"https:\/\/wp.kristdemokraterna.se\/soderhamn\/646-2\/","og_locale":"sv_SE","og_type":"article","og_title":"- Kristdemokraterna i S\u00f6derhamn","og_description":"Anders Ramstrand har under nuvarande mandatperiod varit ordf\u00f6rande f\u00f6r Omv\u00e5rdnadsn\u00e4mnden i S\u00f6derhamn. Tillsammans med Allianskollegor, delvis \u00f6vriga partier samt verksamhetsledningen s\u00e5 har ett gediget arbete genomf\u00f6rts p\u00e5 m\u00e5nga plan. S\u00f6derhamn ska vara en \u00e4ldrev\u00e4nlig kommun och vi \u00e4r nu p\u00e5 mycket god v\u00e4g dit.","og_url":"https:\/\/wp.kristdemokraterna.se\/soderhamn\/646-2\/","og_site_name":"Kristdemokraterna i S\u00f6derhamn","article_author":"https:\/\/www.facebook.com\/carro.oberg","article_published_time":"2022-08-04T15:54:47+00:00","author":"Carro","twitter_card":"summary_large_image","twitter_misc":{"Skriven av":"Carro","Ber\u00e4knad l\u00e4stid":"2 minuter"},"schema":{"@context":"https:\/\/schema.org","@graph":[{"@type":"Article","@id":"https:\/\/wp.kristdemokraterna.se\/soderhamn\/646-2\/#article","isPartOf":{"@id":"https:\/\/wp.kristdemokraterna.se\/soderhamn\/646-2\/"},"author":{"name":"Carro","@id":"https:\/\/wp.kristdemokraterna.se\/soderhamn\/#\/schema\/person\/6f1f8de77f4cd9a08a7697edfcc5122c"},"headline":"Ingen rubrik","datePublished":"2022-08-04T15:54:47+00:00","mainEntityOfPage":{"@id":"https:\/\/wp.kristdemokraterna.se\/soderhamn\/646-2\/"},"wordCount":448,"articleSection":["\u00c4ldre- och funktionshindersomsorg","I Kommunen"],"inLanguage":"sv-SE"},{"@type":"WebPage","@id":"https:\/\/wp.kristdemokraterna.se\/soderhamn\/646-2\/","url":"https:\/\/wp.kristdemokraterna.se\/soderhamn\/646-2\/","name":"- Kristdemokraterna i S\u00f6derhamn","isPartOf":{"@id":"https:\/\/wp.kristdemokraterna.se\/soderhamn\/#website"},"datePublished":"2022-08-04T15:54:47+00:00","author":{"@id":"https:\/\/wp.kristdemokraterna.se\/soderhamn\/#\/schema\/person\/6f1f8de77f4cd9a08a7697edfcc5122c"},"description":"Anders Ramstrand har under nuvarande mandatperiod varit ordf\u00f6rande f\u00f6r Omv\u00e5rdnadsn\u00e4mnden i S\u00f6derhamn. Tillsammans med Allianskollegor, delvis \u00f6vriga partier samt verksamhetsledningen s\u00e5 har ett gediget arbete genomf\u00f6rts p\u00e5 m\u00e5nga plan. S\u00f6derhamn ska vara en \u00e4ldrev\u00e4nlig kommun och vi \u00e4r nu p\u00e5 mycket god v\u00e4g dit.","inLanguage":"sv-SE","potentialAction":[{"@type":"ReadAction","target":["https:\/\/wp.kristdemokraterna.se\/soderhamn\/646-2\/"]}]},{"@type":"WebSite","@id":"https:\/\/wp.kristdemokraterna.se\/soderhamn\/#website","url":"https:\/\/wp.kristdemokraterna.se\/soderhamn\/","name":"Kristdemokraterna i S\u00f6derhamn","description":"Kristdemokraterna i S\u00f6derhamn","inLanguage":"sv-SE"},{"@type":"Person","@id":"https:\/\/wp.kristdemokraterna.se\/soderhamn\/#\/schema\/person\/6f1f8de77f4cd9a08a7697edfcc5122c","name":"Carro","image":{"@type":"ImageObject","inLanguage":"sv-SE","@id":"https:\/\/secure.gravatar.com\/avatar\/2c035b735c70de8d655a370077448c41e06e66f879db067dae03e810e16a5ee0?s=96&d=mm&r=g","url":"https:\/\/secure.gravatar.com\/avatar\/2c035b735c70de8d655a370077448c41e06e66f879db067dae03e810e16a5ee0?s=96&d=mm&r=g","contentUrl":"https:\/\/secure.gravatar.com\/avatar\/2c035b735c70de8d655a370077448c41e06e66f879db067dae03e810e16a5ee0?s=96&d=mm&r=g","caption":"Carro"},"sameAs":["https:\/\/www.facebook.com\/carro.oberg"],"url":"https:\/\/wp.kristdemokraterna.se\/soderhamn\/author\/carro\/"}]}},"_links":{"self":[{"href":"https:\/\/wp.kristdemokraterna.se\/soderhamn\/wp-json\/wp\/v2\/posts\/646","targetHints":{"allow":["GET"]}}],"collection":[{"href":"https:\/\/wp.kristdemokraterna.se\/soderhamn\/wp-json\/wp\/v2\/posts"}],"about":[{"href":"https:\/\/wp.kristdemokraterna.se\/soderhamn\/wp-json\/wp\/v2\/types\/post"}],"author":[{"embeddable":true,"href":"https:\/\/wp.kristdemokraterna.se\/soderhamn\/wp-json\/wp\/v2\/users\/1026"}],"replies":[{"embeddable":true,"href":"https:\/\/wp.kristdemokraterna.se\/soderhamn\/wp-json\/wp\/v2\/comments?post=646"}],"version-history":[{"count":1,"href":"https:\/\/wp.kristdemokraterna.se\/soderhamn\/wp-json\/wp\/v2\/posts\/646\/revisions"}],"predecessor-version":[{"id":647,"href":"https:\/\/wp.kristdemokraterna.se\/soderhamn\/wp-json\/wp\/v2\/posts\/646\/revisions\/647"}],"wp:attachment":[{"href":"https:\/\/wp.kristdemokraterna.se\/soderhamn\/wp-json\/wp\/v2\/media?parent=646"}],"wp:term":[{"taxonomy":"category","embeddable":true,"href":"https:\/\/wp.kristdemokraterna.se\/soderhamn\/wp-json\/wp\/v2\/categories?post=646"},{"taxonomy":"post_tag","embeddable":true,"href":"https:\/\/wp.kristdemokraterna.se\/soderhamn\/wp-json\/wp\/v2\/tags?post=646"}],"curies":[{"name":"wp","href":"https:\/\/api.w.org\/{rel}","templated":true}]}}