{"id":676,"date":"2022-08-10T16:43:09","date_gmt":"2022-08-10T14:43:09","guid":{"rendered":"https:\/\/wp.kristdemokraterna.se\/soderhamn\/?p=676"},"modified":"2022-08-10T16:44:18","modified_gmt":"2022-08-10T14:44:18","slug":"landsbygden","status":"publish","type":"post","link":"https:\/\/wp.kristdemokraterna.se\/soderhamn\/landsbygden\/","title":{"rendered":"Landsbygden"},"content":{"rendered":"<p dir=\"ltr\">Kristdemokraterna \u00e4r idag det enda partiet som driver landsbygdsfr\u00e5gorna helhj\u00e4rtat. Landsbygdsfr\u00e5gorna g\u00e4ller inte bara b\u00f6nderna &#8211; hela landsbygden ska leva. Det \u00e4r ocks\u00e5 landsbygden som ger f\u00f6ruts\u00e4ttningarna f\u00f6r att vi ska ha en god livsmedelsf\u00f6rs\u00f6rjning.<\/p>\n<p dir=\"ltr\">Sverige m\u00e5ste \u00f6ka sin sj\u00e4lvf\u00f6rs\u00f6rjningsgrad och trygga sin livsmedelsf\u00f6rs\u00f6rjning. Vi m\u00e4rker att fler m\u00e4nniskor b\u00f6rjar bry sig om dessa omr\u00e5den nu, antagligen f\u00f6r att vi har p\u00e5g\u00e5ende krig i Europa, men ocks\u00e5 f\u00f6r att matpriserna \u00f6kar konstant.<\/p>\n<p dir=\"ltr\">En stor anledning till att matpriserna \u00f6kar \u00e4r dieselpriserna i Sverige. V\u00e5ra dieselpriser \u00e4r v\u00e4ldigt h\u00f6ga j\u00e4mf\u00f6rt med m\u00e5nga andra l\u00e4nder i EU. I Sverige har vi en reduktionsplikt p\u00e5 30% medan EU har 6%. \u00c5r 2030 har EU ett krav p\u00e5 15% medan vi har ett krav p\u00e5 60%. En r\u00f6st p\u00e5 KD kan s\u00e4nka br\u00e4nslepriserna 3-4 kronor per liter och d\u00e5 f\u00e5r vi ocks\u00e5 helt andra livsmedelspriser. Praktiskt taget \u00e4r allt som vi k\u00f6per idag transporterat och dagens br\u00e4nslepriser sl\u00e5r otroligt h\u00e5rt p\u00e5 detta.<\/p>\n<p dir=\"ltr\">Vi m\u00e5ste v\u00e4rna om levnadsvillkoren p\u00e5 landsbygden. Det m\u00e5ste fungera att bo b\u00e5de i och utanf\u00f6r de stora st\u00e4derna. Oavsett var vi bor m\u00e5ste vi kunna f\u00e5 v\u00e5rd n\u00e4r vi \u00e4r sjuka, tanka bilen, betala elen och f\u00e5 hj\u00e4lp av polisen. Landsbygden behandlas idag ofta som en semesterplats, medan det i verkligheten \u00e4r en levande och f\u00f6retagsam del av Sverige.<\/p>\n<p dir=\"ltr\">Kristdemokraternas landsbygdspolitik b\u00e5de p\u00e5 riksniv\u00e5 och h\u00e4r i S\u00f6derhamn drivs av m\u00e4nniskor som har gedigna kunskaper och erfarenheter. M\u00e4nniskor som vill att m\u00e5let f\u00f6r politiken ska vara att hela landet ska fungera.<\/p>\n<p dir=\"ltr\">\/Olle Persson,<\/p>\n<p dir=\"ltr\">Ordf\u00f6rande, Kristdemokraterna i S\u00f6derhamn<\/p>\n","protected":false},"excerpt":{"rendered":"<p>Kristdemokraterna \u00e4r idag det enda partiet som driver landsbygdsfr\u00e5gorna helhj\u00e4rtat. Landsbygdsfr\u00e5gorna g\u00e4ller inte bara b\u00f6nderna &#8211; hela landsbygden ska leva. Det \u00e4r ocks\u00e5 landsbygden som ger f\u00f6ruts\u00e4ttningarna f\u00f6r att vi ska ha en god livsmedelsf\u00f6rs\u00f6rjning. Sverige m\u00e5ste \u00f6ka sin sj\u00e4lvf\u00f6rs\u00f6rjningsgrad och trygga sin livsmedelsf\u00f6rs\u00f6rjning. Vi m\u00e4rker att fler m\u00e4nniskor b\u00f6rjar bry sig om dessa omr\u00e5den <a class=\"read-more-link\" href=\"https:\/\/wp.kristdemokraterna.se\/soderhamn\/landsbygden\/\">L\u00e4s mer<\/a><\/p>\n","protected":false},"author":1026,"featured_media":0,"comment_status":"closed","ping_status":"closed","sticky":false,"template":"","format":"standard","meta":{"_acf_changed":false,"footnotes":""},"categories":[4,11,26,10],"tags":[19,27],"class_list":["post-676","post","type-post","status-publish","format-standard","hentry","category-i-kommunen","category-inlagg","category-landsbygd","category-nyheter","tag-kommun","tag-landsbygd"],"acf":[],"yoast_head":"<!-- This site is optimized with the Yoast SEO plugin v27.5 - https:\/\/yoast.com\/product\/yoast-seo-wordpress\/ -->\n<title>Landsbygden - Kristdemokraterna i S\u00f6derhamn<\/title>\n<meta name=\"description\" content=\"Kristdemokraterna \u00e4r idag det enda partiet som driver landsbygdsfr\u00e5gorna helhj\u00e4rtat. Landsbygdsfr\u00e5gorna g\u00e4ller inte bara b\u00f6nderna - hela landsbygden ska leva. Det \u00e4r ocks\u00e5 landsbygden som ger f\u00f6ruts\u00e4ttningarna f\u00f6r att vi ska ha en god livsmedelsf\u00f6rs\u00f6rjning.\u00a0Vi m\u00e5ste agera nu f\u00f6r att h\u00f6ja v\u00e5r sj\u00e4lvf\u00f6rs\u00f6rjningsgrad.\" \/>\n<meta name=\"robots\" content=\"index, follow, max-snippet:-1, max-image-preview:large, max-video-preview:-1\" \/>\n<link rel=\"canonical\" href=\"https:\/\/wp.kristdemokraterna.se\/soderhamn\/landsbygden\/\" \/>\n<meta property=\"og:locale\" content=\"sv_SE\" \/>\n<meta property=\"og:type\" content=\"article\" \/>\n<meta property=\"og:title\" content=\"Landsbygden - Kristdemokraterna i S\u00f6derhamn\" \/>\n<meta property=\"og:description\" content=\"Kristdemokraterna \u00e4r idag det enda partiet som driver landsbygdsfr\u00e5gorna helhj\u00e4rtat. Landsbygdsfr\u00e5gorna g\u00e4ller inte bara b\u00f6nderna - hela landsbygden ska leva. Det \u00e4r ocks\u00e5 landsbygden som ger f\u00f6ruts\u00e4ttningarna f\u00f6r att vi ska ha en god livsmedelsf\u00f6rs\u00f6rjning.\u00a0Vi m\u00e5ste agera nu f\u00f6r att h\u00f6ja v\u00e5r sj\u00e4lvf\u00f6rs\u00f6rjningsgrad.\" \/>\n<meta property=\"og:url\" content=\"https:\/\/wp.kristdemokraterna.se\/soderhamn\/landsbygden\/\" \/>\n<meta property=\"og:site_name\" content=\"Kristdemokraterna i S\u00f6derhamn\" \/>\n<meta property=\"article:author\" content=\"https:\/\/www.facebook.com\/carro.oberg\" \/>\n<meta property=\"article:published_time\" content=\"2022-08-10T14:43:09+00:00\" \/>\n<meta property=\"article:modified_time\" content=\"2022-08-10T14:44:18+00:00\" \/>\n<meta name=\"author\" content=\"Carro\" \/>\n<meta name=\"twitter:card\" content=\"summary_large_image\" \/>\n<meta name=\"twitter:label1\" content=\"Skriven av\" \/>\n\t<meta name=\"twitter:data1\" content=\"Carro\" \/>\n\t<meta name=\"twitter:label2\" content=\"Ber\u00e4knad l\u00e4stid\" \/>\n\t<meta name=\"twitter:data2\" content=\"2 minuter\" \/>\n<script type=\"application\/ld+json\" class=\"yoast-schema-graph\">{\"@context\":\"https:\\\/\\\/schema.org\",\"@graph\":[{\"@type\":\"Article\",\"@id\":\"https:\\\/\\\/wp.kristdemokraterna.se\\\/soderhamn\\\/landsbygden\\\/#article\",\"isPartOf\":{\"@id\":\"https:\\\/\\\/wp.kristdemokraterna.se\\\/soderhamn\\\/landsbygden\\\/\"},\"author\":{\"name\":\"Carro\",\"@id\":\"https:\\\/\\\/wp.kristdemokraterna.se\\\/soderhamn\\\/#\\\/schema\\\/person\\\/6f1f8de77f4cd9a08a7697edfcc5122c\"},\"headline\":\"Landsbygden\",\"datePublished\":\"2022-08-10T14:43:09+00:00\",\"dateModified\":\"2022-08-10T14:44:18+00:00\",\"mainEntityOfPage\":{\"@id\":\"https:\\\/\\\/wp.kristdemokraterna.se\\\/soderhamn\\\/landsbygden\\\/\"},\"wordCount\":311,\"keywords\":[\"kommun\",\"landsbygd\"],\"articleSection\":[\"I Kommunen\",\"Inl\u00e4gg\",\"Landsbygd\",\"Nyheter\"],\"inLanguage\":\"sv-SE\"},{\"@type\":\"WebPage\",\"@id\":\"https:\\\/\\\/wp.kristdemokraterna.se\\\/soderhamn\\\/landsbygden\\\/\",\"url\":\"https:\\\/\\\/wp.kristdemokraterna.se\\\/soderhamn\\\/landsbygden\\\/\",\"name\":\"Landsbygden - Kristdemokraterna i S\u00f6derhamn\",\"isPartOf\":{\"@id\":\"https:\\\/\\\/wp.kristdemokraterna.se\\\/soderhamn\\\/#website\"},\"datePublished\":\"2022-08-10T14:43:09+00:00\",\"dateModified\":\"2022-08-10T14:44:18+00:00\",\"author\":{\"@id\":\"https:\\\/\\\/wp.kristdemokraterna.se\\\/soderhamn\\\/#\\\/schema\\\/person\\\/6f1f8de77f4cd9a08a7697edfcc5122c\"},\"description\":\"Kristdemokraterna \u00e4r idag det enda partiet som driver landsbygdsfr\u00e5gorna helhj\u00e4rtat. Landsbygdsfr\u00e5gorna g\u00e4ller inte bara b\u00f6nderna - hela landsbygden ska leva. Det \u00e4r ocks\u00e5 landsbygden som ger f\u00f6ruts\u00e4ttningarna f\u00f6r att vi ska ha en god livsmedelsf\u00f6rs\u00f6rjning.\u00a0Vi m\u00e5ste agera nu f\u00f6r att h\u00f6ja v\u00e5r sj\u00e4lvf\u00f6rs\u00f6rjningsgrad.\",\"breadcrumb\":{\"@id\":\"https:\\\/\\\/wp.kristdemokraterna.se\\\/soderhamn\\\/landsbygden\\\/#breadcrumb\"},\"inLanguage\":\"sv-SE\",\"potentialAction\":[{\"@type\":\"ReadAction\",\"target\":[\"https:\\\/\\\/wp.kristdemokraterna.se\\\/soderhamn\\\/landsbygden\\\/\"]}]},{\"@type\":\"BreadcrumbList\",\"@id\":\"https:\\\/\\\/wp.kristdemokraterna.se\\\/soderhamn\\\/landsbygden\\\/#breadcrumb\",\"itemListElement\":[{\"@type\":\"ListItem\",\"position\":1,\"name\":\"Hem\",\"item\":\"https:\\\/\\\/wp.kristdemokraterna.se\\\/soderhamn\\\/\"},{\"@type\":\"ListItem\",\"position\":2,\"name\":\"Landsbygden\"}]},{\"@type\":\"WebSite\",\"@id\":\"https:\\\/\\\/wp.kristdemokraterna.se\\\/soderhamn\\\/#website\",\"url\":\"https:\\\/\\\/wp.kristdemokraterna.se\\\/soderhamn\\\/\",\"name\":\"Kristdemokraterna i S\u00f6derhamn\",\"description\":\"Kristdemokraterna i S\u00f6derhamn\",\"inLanguage\":\"sv-SE\"},{\"@type\":\"Person\",\"@id\":\"https:\\\/\\\/wp.kristdemokraterna.se\\\/soderhamn\\\/#\\\/schema\\\/person\\\/6f1f8de77f4cd9a08a7697edfcc5122c\",\"name\":\"Carro\",\"image\":{\"@type\":\"ImageObject\",\"inLanguage\":\"sv-SE\",\"@id\":\"https:\\\/\\\/secure.gravatar.com\\\/avatar\\\/2c035b735c70de8d655a370077448c41e06e66f879db067dae03e810e16a5ee0?s=96&d=mm&r=g\",\"url\":\"https:\\\/\\\/secure.gravatar.com\\\/avatar\\\/2c035b735c70de8d655a370077448c41e06e66f879db067dae03e810e16a5ee0?s=96&d=mm&r=g\",\"contentUrl\":\"https:\\\/\\\/secure.gravatar.com\\\/avatar\\\/2c035b735c70de8d655a370077448c41e06e66f879db067dae03e810e16a5ee0?s=96&d=mm&r=g\",\"caption\":\"Carro\"},\"sameAs\":[\"https:\\\/\\\/www.facebook.com\\\/carro.oberg\"],\"url\":\"https:\\\/\\\/wp.kristdemokraterna.se\\\/soderhamn\\\/author\\\/carro\\\/\"}]}<\/script>\n<!-- \/ Yoast SEO plugin. -->","yoast_head_json":{"title":"Landsbygden - Kristdemokraterna i S\u00f6derhamn","description":"Kristdemokraterna \u00e4r idag det enda partiet som driver landsbygdsfr\u00e5gorna helhj\u00e4rtat. Landsbygdsfr\u00e5gorna g\u00e4ller inte bara b\u00f6nderna - hela landsbygden ska leva. Det \u00e4r ocks\u00e5 landsbygden som ger f\u00f6ruts\u00e4ttningarna f\u00f6r att vi ska ha en god livsmedelsf\u00f6rs\u00f6rjning.\u00a0Vi m\u00e5ste agera nu f\u00f6r att h\u00f6ja v\u00e5r sj\u00e4lvf\u00f6rs\u00f6rjningsgrad.","robots":{"index":"index","follow":"follow","max-snippet":"max-snippet:-1","max-image-preview":"max-image-preview:large","max-video-preview":"max-video-preview:-1"},"canonical":"https:\/\/wp.kristdemokraterna.se\/soderhamn\/landsbygden\/","og_locale":"sv_SE","og_type":"article","og_title":"Landsbygden - Kristdemokraterna i S\u00f6derhamn","og_description":"Kristdemokraterna \u00e4r idag det enda partiet som driver landsbygdsfr\u00e5gorna helhj\u00e4rtat. Landsbygdsfr\u00e5gorna g\u00e4ller inte bara b\u00f6nderna - hela landsbygden ska leva. Det \u00e4r ocks\u00e5 landsbygden som ger f\u00f6ruts\u00e4ttningarna f\u00f6r att vi ska ha en god livsmedelsf\u00f6rs\u00f6rjning.\u00a0Vi m\u00e5ste agera nu f\u00f6r att h\u00f6ja v\u00e5r sj\u00e4lvf\u00f6rs\u00f6rjningsgrad.","og_url":"https:\/\/wp.kristdemokraterna.se\/soderhamn\/landsbygden\/","og_site_name":"Kristdemokraterna i S\u00f6derhamn","article_author":"https:\/\/www.facebook.com\/carro.oberg","article_published_time":"2022-08-10T14:43:09+00:00","article_modified_time":"2022-08-10T14:44:18+00:00","author":"Carro","twitter_card":"summary_large_image","twitter_misc":{"Skriven av":"Carro","Ber\u00e4knad l\u00e4stid":"2 minuter"},"schema":{"@context":"https:\/\/schema.org","@graph":[{"@type":"Article","@id":"https:\/\/wp.kristdemokraterna.se\/soderhamn\/landsbygden\/#article","isPartOf":{"@id":"https:\/\/wp.kristdemokraterna.se\/soderhamn\/landsbygden\/"},"author":{"name":"Carro","@id":"https:\/\/wp.kristdemokraterna.se\/soderhamn\/#\/schema\/person\/6f1f8de77f4cd9a08a7697edfcc5122c"},"headline":"Landsbygden","datePublished":"2022-08-10T14:43:09+00:00","dateModified":"2022-08-10T14:44:18+00:00","mainEntityOfPage":{"@id":"https:\/\/wp.kristdemokraterna.se\/soderhamn\/landsbygden\/"},"wordCount":311,"keywords":["kommun","landsbygd"],"articleSection":["I Kommunen","Inl\u00e4gg","Landsbygd","Nyheter"],"inLanguage":"sv-SE"},{"@type":"WebPage","@id":"https:\/\/wp.kristdemokraterna.se\/soderhamn\/landsbygden\/","url":"https:\/\/wp.kristdemokraterna.se\/soderhamn\/landsbygden\/","name":"Landsbygden - Kristdemokraterna i S\u00f6derhamn","isPartOf":{"@id":"https:\/\/wp.kristdemokraterna.se\/soderhamn\/#website"},"datePublished":"2022-08-10T14:43:09+00:00","dateModified":"2022-08-10T14:44:18+00:00","author":{"@id":"https:\/\/wp.kristdemokraterna.se\/soderhamn\/#\/schema\/person\/6f1f8de77f4cd9a08a7697edfcc5122c"},"description":"Kristdemokraterna \u00e4r idag det enda partiet som driver landsbygdsfr\u00e5gorna helhj\u00e4rtat. Landsbygdsfr\u00e5gorna g\u00e4ller inte bara b\u00f6nderna - hela landsbygden ska leva. Det \u00e4r ocks\u00e5 landsbygden som ger f\u00f6ruts\u00e4ttningarna f\u00f6r att vi ska ha en god livsmedelsf\u00f6rs\u00f6rjning.\u00a0Vi m\u00e5ste agera nu f\u00f6r att h\u00f6ja v\u00e5r sj\u00e4lvf\u00f6rs\u00f6rjningsgrad.","breadcrumb":{"@id":"https:\/\/wp.kristdemokraterna.se\/soderhamn\/landsbygden\/#breadcrumb"},"inLanguage":"sv-SE","potentialAction":[{"@type":"ReadAction","target":["https:\/\/wp.kristdemokraterna.se\/soderhamn\/landsbygden\/"]}]},{"@type":"BreadcrumbList","@id":"https:\/\/wp.kristdemokraterna.se\/soderhamn\/landsbygden\/#breadcrumb","itemListElement":[{"@type":"ListItem","position":1,"name":"Hem","item":"https:\/\/wp.kristdemokraterna.se\/soderhamn\/"},{"@type":"ListItem","position":2,"name":"Landsbygden"}]},{"@type":"WebSite","@id":"https:\/\/wp.kristdemokraterna.se\/soderhamn\/#website","url":"https:\/\/wp.kristdemokraterna.se\/soderhamn\/","name":"Kristdemokraterna i S\u00f6derhamn","description":"Kristdemokraterna i S\u00f6derhamn","inLanguage":"sv-SE"},{"@type":"Person","@id":"https:\/\/wp.kristdemokraterna.se\/soderhamn\/#\/schema\/person\/6f1f8de77f4cd9a08a7697edfcc5122c","name":"Carro","image":{"@type":"ImageObject","inLanguage":"sv-SE","@id":"https:\/\/secure.gravatar.com\/avatar\/2c035b735c70de8d655a370077448c41e06e66f879db067dae03e810e16a5ee0?s=96&d=mm&r=g","url":"https:\/\/secure.gravatar.com\/avatar\/2c035b735c70de8d655a370077448c41e06e66f879db067dae03e810e16a5ee0?s=96&d=mm&r=g","contentUrl":"https:\/\/secure.gravatar.com\/avatar\/2c035b735c70de8d655a370077448c41e06e66f879db067dae03e810e16a5ee0?s=96&d=mm&r=g","caption":"Carro"},"sameAs":["https:\/\/www.facebook.com\/carro.oberg"],"url":"https:\/\/wp.kristdemokraterna.se\/soderhamn\/author\/carro\/"}]}},"_links":{"self":[{"href":"https:\/\/wp.kristdemokraterna.se\/soderhamn\/wp-json\/wp\/v2\/posts\/676","targetHints":{"allow":["GET"]}}],"collection":[{"href":"https:\/\/wp.kristdemokraterna.se\/soderhamn\/wp-json\/wp\/v2\/posts"}],"about":[{"href":"https:\/\/wp.kristdemokraterna.se\/soderhamn\/wp-json\/wp\/v2\/types\/post"}],"author":[{"embeddable":true,"href":"https:\/\/wp.kristdemokraterna.se\/soderhamn\/wp-json\/wp\/v2\/users\/1026"}],"replies":[{"embeddable":true,"href":"https:\/\/wp.kristdemokraterna.se\/soderhamn\/wp-json\/wp\/v2\/comments?post=676"}],"version-history":[{"count":1,"href":"https:\/\/wp.kristdemokraterna.se\/soderhamn\/wp-json\/wp\/v2\/posts\/676\/revisions"}],"predecessor-version":[{"id":678,"href":"https:\/\/wp.kristdemokraterna.se\/soderhamn\/wp-json\/wp\/v2\/posts\/676\/revisions\/678"}],"wp:attachment":[{"href":"https:\/\/wp.kristdemokraterna.se\/soderhamn\/wp-json\/wp\/v2\/media?parent=676"}],"wp:term":[{"taxonomy":"category","embeddable":true,"href":"https:\/\/wp.kristdemokraterna.se\/soderhamn\/wp-json\/wp\/v2\/categories?post=676"},{"taxonomy":"post_tag","embeddable":true,"href":"https:\/\/wp.kristdemokraterna.se\/soderhamn\/wp-json\/wp\/v2\/tags?post=676"}],"curies":[{"name":"wp","href":"https:\/\/api.w.org\/{rel}","templated":true}]}}