{"id":697,"date":"2022-08-23T13:11:17","date_gmt":"2022-08-23T11:11:17","guid":{"rendered":"https:\/\/wp.kristdemokraterna.se\/soderhamn\/?p=697"},"modified":"2022-08-23T13:11:17","modified_gmt":"2022-08-23T11:11:17","slug":"seniora-medarbetare-inom-omvardnad-ar-guld-varda","status":"publish","type":"post","link":"https:\/\/wp.kristdemokraterna.se\/soderhamn\/seniora-medarbetare-inom-omvardnad-ar-guld-varda\/","title":{"rendered":"Seniora medarbetare inom Omv\u00e5rdnad \u00e4r guld v\u00e4rda"},"content":{"rendered":"<p>N\u00e4r jag tackade ja till att bli ordf\u00f6rande f\u00f6r ON (Omv\u00e5rdnadsn\u00e4mnden) s\u00e5g jag att det var fyra omr\u00e5den som jag skulle beh\u00f6va arbeta s\u00e4rskilt extra med.<\/p>\n<ul>\n<li>Boende f\u00f6r \u00e4ldre. Det var en stor differens mellan utbud och behov av boendeplatser.<\/li>\n<li>Personalfr\u00e5gor. H\u00f6g sjukfr\u00e5nvaro och m\u00e5nga vikarier.<\/li>\n<li>Ekonomi. ON hade i flera \u00e5r haft stora underskott.<\/li>\n<li>F\u00f6rebyggande arbetet f\u00f6r \u00e4ldre beh\u00f6vde \u00e5terskapas.<\/li>\n<li>Medarbetare \u00e4r en av de viktigaste resurserna i alla organisationer. H\u00f6ga kvalitetsambitioner och god ekonomi hj\u00e4lper inte om man inte har kompetent och engagerad personal.<\/li>\n<\/ul>\n<p>Inom omv\u00e5rdnad finns det stora utmaningar inte minst vad det g\u00e4ller personal. F\u00e5 unga s\u00f6ker sig till yrket, spr\u00e5ksv\u00e5righeter, slitsamt arbete med h\u00f6g sjukfr\u00e5nvaro, sm\u00e5 m\u00f6jligheter att g\u00f6ra \u201dkarri\u00e4r&#8221;. Och r\u00e5dande pandemi har slitit mycket p\u00e5 ONs medarbetare. Det beh\u00f6vs en rad \u00e5tg\u00e4rder f\u00f6r att m\u00f6ta dessa utmaningar!<\/p>\n<p>Alliansen har sett dessa utmaningar och vidtagit en rad \u00e5tg\u00e4rder bland annat en stor satsning, fyra miljoner kronor \u00e5rligen, p\u00e5 sunt arbetsliv f\u00f6r att minska sjukfr\u00e5nvaron. Och i v\u00e5r budget f\u00f6r 2023 har vi f\u00f6reslagit l\u00f6ne\u00f6kning till undersk\u00f6terskor och en riktad satsning f\u00f6r sjuksk\u00f6terskors arbetssituation. Men mer beh\u00f6ver g\u00f6ras!<\/p>\n<p>Inom omv\u00e5rdnad finns det m\u00e5nga engagerade och kompetenta medarbetare med l\u00e5ng erfarenhet, men som med all r\u00e4tt k\u00e4nner att man inte orkar arbeta fullt ut l\u00e4ngre. Men med all deras kompetens \u00e4r de viktiga! Vi vill ha kvar dem i jobbet!<\/p>\n<p>D\u00e4rf\u00f6r f\u00f6resl\u00e5r vi Kristdemokrater en ny modell f\u00f6r seniora medarbetare. En senior medarbetare \u00e4r en person med l\u00e5ng livserfarenhet och stor kompetens. Med en anst\u00e4llning med 100% l\u00f6n, arbetar de 75% (6 h\/dag) med brukare, 12.5% (1 h\/dag) \u00e4r de spr\u00e5kst\u00f6djare och mentor f\u00f6r yngre medarbetare och 12.5% (1 h\/dag) \u00e4r till f\u00f6r reflektion och friskv\u00e5rd. Likande uppl\u00e4gg anv\u00e4nds i Helsingborg med gott resultat.<\/p>\n<p>Detta \u00e4r ett av flera f\u00f6rslag vi Kristdemokrater i S\u00f6derhamn har f\u00f6r en f\u00f6rb\u00e4ttrad \u00e4ldreomsorg d\u00e4r personalen \u00e4r den viktigaste resursen!<\/p>\n<p><b>\/Anders Ramstrand (KD) Ordf\u00f6rande Omv\u00e5rdnadsn\u00e4mnden<\/b><\/p>\n","protected":false},"excerpt":{"rendered":"<p>N\u00e4r jag tackade ja till att bli ordf\u00f6rande f\u00f6r ON (Omv\u00e5rdnadsn\u00e4mnden) s\u00e5g jag att det var fyra omr\u00e5den som jag skulle beh\u00f6va arbeta s\u00e4rskilt extra med. Boende f\u00f6r \u00e4ldre. Det var en stor differens mellan utbud och behov av boendeplatser. Personalfr\u00e5gor. H\u00f6g sjukfr\u00e5nvaro och m\u00e5nga vikarier. Ekonomi. ON hade i flera \u00e5r haft stora underskott. <a class=\"read-more-link\" href=\"https:\/\/wp.kristdemokraterna.se\/soderhamn\/seniora-medarbetare-inom-omvardnad-ar-guld-varda\/\">L\u00e4s mer<\/a><\/p>\n","protected":false},"author":1026,"featured_media":0,"comment_status":"closed","ping_status":"closed","sticky":false,"template":"","format":"standard","meta":{"_acf_changed":false,"footnotes":""},"categories":[20,4,11,10,3],"tags":[],"class_list":["post-697","post","type-post","status-publish","format-standard","hentry","category-aldre-och-funktionshindersomsorg","category-i-kommunen","category-inlagg","category-nyheter","category-var-politik"],"acf":[],"yoast_head":"<!-- This site is optimized with the Yoast SEO plugin v27.4 - https:\/\/yoast.com\/product\/yoast-seo-wordpress\/ -->\n<title>Seniora medarbetare inom Omv\u00e5rdnad \u00e4r guld v\u00e4rda - Kristdemokraterna i S\u00f6derhamn<\/title>\n<meta name=\"description\" content=\"Inom omv\u00e5rdnad finns det m\u00e5nga engagerade och kompetenta medarbetare med l\u00e5ng erfarenhet, men som med all r\u00e4tt k\u00e4nner att man inte orkar arbeta fullt ut l\u00e4ngre. Deras kompetens \u00e4r otroligt viktig och v\u00e4rdefull. Vi vill ha kvar dem i jobbet!\" \/>\n<meta name=\"robots\" content=\"index, follow, max-snippet:-1, max-image-preview:large, max-video-preview:-1\" \/>\n<link rel=\"canonical\" href=\"https:\/\/wp.kristdemokraterna.se\/soderhamn\/seniora-medarbetare-inom-omvardnad-ar-guld-varda\/\" \/>\n<meta property=\"og:locale\" content=\"sv_SE\" \/>\n<meta property=\"og:type\" content=\"article\" \/>\n<meta property=\"og:title\" content=\"Seniora medarbetare inom Omv\u00e5rdnad \u00e4r guld v\u00e4rda - Kristdemokraterna i S\u00f6derhamn\" \/>\n<meta property=\"og:description\" content=\"Inom omv\u00e5rdnad finns det m\u00e5nga engagerade och kompetenta medarbetare med l\u00e5ng erfarenhet, men som med all r\u00e4tt k\u00e4nner att man inte orkar arbeta fullt ut l\u00e4ngre. Deras kompetens \u00e4r otroligt viktig och v\u00e4rdefull. Vi vill ha kvar dem i jobbet!\" \/>\n<meta property=\"og:url\" content=\"https:\/\/wp.kristdemokraterna.se\/soderhamn\/seniora-medarbetare-inom-omvardnad-ar-guld-varda\/\" \/>\n<meta property=\"og:site_name\" content=\"Kristdemokraterna i S\u00f6derhamn\" \/>\n<meta property=\"article:author\" content=\"https:\/\/www.facebook.com\/carro.oberg\" \/>\n<meta property=\"article:published_time\" content=\"2022-08-23T11:11:17+00:00\" \/>\n<meta name=\"author\" content=\"Carro\" \/>\n<meta name=\"twitter:card\" content=\"summary_large_image\" \/>\n<meta name=\"twitter:label1\" content=\"Skriven av\" \/>\n\t<meta name=\"twitter:data1\" content=\"Carro\" \/>\n\t<meta name=\"twitter:label2\" content=\"Ber\u00e4knad l\u00e4stid\" \/>\n\t<meta name=\"twitter:data2\" content=\"2 minuter\" \/>\n<script type=\"application\/ld+json\" class=\"yoast-schema-graph\">{\"@context\":\"https:\\\/\\\/schema.org\",\"@graph\":[{\"@type\":\"Article\",\"@id\":\"https:\\\/\\\/wp.kristdemokraterna.se\\\/soderhamn\\\/seniora-medarbetare-inom-omvardnad-ar-guld-varda\\\/#article\",\"isPartOf\":{\"@id\":\"https:\\\/\\\/wp.kristdemokraterna.se\\\/soderhamn\\\/seniora-medarbetare-inom-omvardnad-ar-guld-varda\\\/\"},\"author\":{\"name\":\"Carro\",\"@id\":\"https:\\\/\\\/wp.kristdemokraterna.se\\\/soderhamn\\\/#\\\/schema\\\/person\\\/6f1f8de77f4cd9a08a7697edfcc5122c\"},\"headline\":\"Seniora medarbetare inom Omv\u00e5rdnad \u00e4r guld v\u00e4rda\",\"datePublished\":\"2022-08-23T11:11:17+00:00\",\"mainEntityOfPage\":{\"@id\":\"https:\\\/\\\/wp.kristdemokraterna.se\\\/soderhamn\\\/seniora-medarbetare-inom-omvardnad-ar-guld-varda\\\/\"},\"wordCount\":395,\"articleSection\":[\"\u00c4ldre- och funktionshindersomsorg\",\"I Kommunen\",\"Inl\u00e4gg\",\"Nyheter\",\"V\u00e5r politik\"],\"inLanguage\":\"sv-SE\"},{\"@type\":\"WebPage\",\"@id\":\"https:\\\/\\\/wp.kristdemokraterna.se\\\/soderhamn\\\/seniora-medarbetare-inom-omvardnad-ar-guld-varda\\\/\",\"url\":\"https:\\\/\\\/wp.kristdemokraterna.se\\\/soderhamn\\\/seniora-medarbetare-inom-omvardnad-ar-guld-varda\\\/\",\"name\":\"Seniora medarbetare inom Omv\u00e5rdnad \u00e4r guld v\u00e4rda - Kristdemokraterna i S\u00f6derhamn\",\"isPartOf\":{\"@id\":\"https:\\\/\\\/wp.kristdemokraterna.se\\\/soderhamn\\\/#website\"},\"datePublished\":\"2022-08-23T11:11:17+00:00\",\"author\":{\"@id\":\"https:\\\/\\\/wp.kristdemokraterna.se\\\/soderhamn\\\/#\\\/schema\\\/person\\\/6f1f8de77f4cd9a08a7697edfcc5122c\"},\"description\":\"Inom omv\u00e5rdnad finns det m\u00e5nga engagerade och kompetenta medarbetare med l\u00e5ng erfarenhet, men som med all r\u00e4tt k\u00e4nner att man inte orkar arbeta fullt ut l\u00e4ngre. Deras kompetens \u00e4r otroligt viktig och v\u00e4rdefull. Vi vill ha kvar dem i jobbet!\",\"breadcrumb\":{\"@id\":\"https:\\\/\\\/wp.kristdemokraterna.se\\\/soderhamn\\\/seniora-medarbetare-inom-omvardnad-ar-guld-varda\\\/#breadcrumb\"},\"inLanguage\":\"sv-SE\",\"potentialAction\":[{\"@type\":\"ReadAction\",\"target\":[\"https:\\\/\\\/wp.kristdemokraterna.se\\\/soderhamn\\\/seniora-medarbetare-inom-omvardnad-ar-guld-varda\\\/\"]}]},{\"@type\":\"BreadcrumbList\",\"@id\":\"https:\\\/\\\/wp.kristdemokraterna.se\\\/soderhamn\\\/seniora-medarbetare-inom-omvardnad-ar-guld-varda\\\/#breadcrumb\",\"itemListElement\":[{\"@type\":\"ListItem\",\"position\":1,\"name\":\"Hem\",\"item\":\"https:\\\/\\\/wp.kristdemokraterna.se\\\/soderhamn\\\/\"},{\"@type\":\"ListItem\",\"position\":2,\"name\":\"Seniora medarbetare inom Omv\u00e5rdnad \u00e4r guld v\u00e4rda\"}]},{\"@type\":\"WebSite\",\"@id\":\"https:\\\/\\\/wp.kristdemokraterna.se\\\/soderhamn\\\/#website\",\"url\":\"https:\\\/\\\/wp.kristdemokraterna.se\\\/soderhamn\\\/\",\"name\":\"Kristdemokraterna i S\u00f6derhamn\",\"description\":\"Kristdemokraterna i S\u00f6derhamn\",\"inLanguage\":\"sv-SE\"},{\"@type\":\"Person\",\"@id\":\"https:\\\/\\\/wp.kristdemokraterna.se\\\/soderhamn\\\/#\\\/schema\\\/person\\\/6f1f8de77f4cd9a08a7697edfcc5122c\",\"name\":\"Carro\",\"image\":{\"@type\":\"ImageObject\",\"inLanguage\":\"sv-SE\",\"@id\":\"https:\\\/\\\/secure.gravatar.com\\\/avatar\\\/2c035b735c70de8d655a370077448c41e06e66f879db067dae03e810e16a5ee0?s=96&d=mm&r=g\",\"url\":\"https:\\\/\\\/secure.gravatar.com\\\/avatar\\\/2c035b735c70de8d655a370077448c41e06e66f879db067dae03e810e16a5ee0?s=96&d=mm&r=g\",\"contentUrl\":\"https:\\\/\\\/secure.gravatar.com\\\/avatar\\\/2c035b735c70de8d655a370077448c41e06e66f879db067dae03e810e16a5ee0?s=96&d=mm&r=g\",\"caption\":\"Carro\"},\"sameAs\":[\"https:\\\/\\\/www.facebook.com\\\/carro.oberg\"],\"url\":\"https:\\\/\\\/wp.kristdemokraterna.se\\\/soderhamn\\\/author\\\/carro\\\/\"}]}<\/script>\n<!-- \/ Yoast SEO plugin. -->","yoast_head_json":{"title":"Seniora medarbetare inom Omv\u00e5rdnad \u00e4r guld v\u00e4rda - Kristdemokraterna i S\u00f6derhamn","description":"Inom omv\u00e5rdnad finns det m\u00e5nga engagerade och kompetenta medarbetare med l\u00e5ng erfarenhet, men som med all r\u00e4tt k\u00e4nner att man inte orkar arbeta fullt ut l\u00e4ngre. Deras kompetens \u00e4r otroligt viktig och v\u00e4rdefull. Vi vill ha kvar dem i jobbet!","robots":{"index":"index","follow":"follow","max-snippet":"max-snippet:-1","max-image-preview":"max-image-preview:large","max-video-preview":"max-video-preview:-1"},"canonical":"https:\/\/wp.kristdemokraterna.se\/soderhamn\/seniora-medarbetare-inom-omvardnad-ar-guld-varda\/","og_locale":"sv_SE","og_type":"article","og_title":"Seniora medarbetare inom Omv\u00e5rdnad \u00e4r guld v\u00e4rda - Kristdemokraterna i S\u00f6derhamn","og_description":"Inom omv\u00e5rdnad finns det m\u00e5nga engagerade och kompetenta medarbetare med l\u00e5ng erfarenhet, men som med all r\u00e4tt k\u00e4nner att man inte orkar arbeta fullt ut l\u00e4ngre. Deras kompetens \u00e4r otroligt viktig och v\u00e4rdefull. Vi vill ha kvar dem i jobbet!","og_url":"https:\/\/wp.kristdemokraterna.se\/soderhamn\/seniora-medarbetare-inom-omvardnad-ar-guld-varda\/","og_site_name":"Kristdemokraterna i S\u00f6derhamn","article_author":"https:\/\/www.facebook.com\/carro.oberg","article_published_time":"2022-08-23T11:11:17+00:00","author":"Carro","twitter_card":"summary_large_image","twitter_misc":{"Skriven av":"Carro","Ber\u00e4knad l\u00e4stid":"2 minuter"},"schema":{"@context":"https:\/\/schema.org","@graph":[{"@type":"Article","@id":"https:\/\/wp.kristdemokraterna.se\/soderhamn\/seniora-medarbetare-inom-omvardnad-ar-guld-varda\/#article","isPartOf":{"@id":"https:\/\/wp.kristdemokraterna.se\/soderhamn\/seniora-medarbetare-inom-omvardnad-ar-guld-varda\/"},"author":{"name":"Carro","@id":"https:\/\/wp.kristdemokraterna.se\/soderhamn\/#\/schema\/person\/6f1f8de77f4cd9a08a7697edfcc5122c"},"headline":"Seniora medarbetare inom Omv\u00e5rdnad \u00e4r guld v\u00e4rda","datePublished":"2022-08-23T11:11:17+00:00","mainEntityOfPage":{"@id":"https:\/\/wp.kristdemokraterna.se\/soderhamn\/seniora-medarbetare-inom-omvardnad-ar-guld-varda\/"},"wordCount":395,"articleSection":["\u00c4ldre- och funktionshindersomsorg","I Kommunen","Inl\u00e4gg","Nyheter","V\u00e5r politik"],"inLanguage":"sv-SE"},{"@type":"WebPage","@id":"https:\/\/wp.kristdemokraterna.se\/soderhamn\/seniora-medarbetare-inom-omvardnad-ar-guld-varda\/","url":"https:\/\/wp.kristdemokraterna.se\/soderhamn\/seniora-medarbetare-inom-omvardnad-ar-guld-varda\/","name":"Seniora medarbetare inom Omv\u00e5rdnad \u00e4r guld v\u00e4rda - Kristdemokraterna i S\u00f6derhamn","isPartOf":{"@id":"https:\/\/wp.kristdemokraterna.se\/soderhamn\/#website"},"datePublished":"2022-08-23T11:11:17+00:00","author":{"@id":"https:\/\/wp.kristdemokraterna.se\/soderhamn\/#\/schema\/person\/6f1f8de77f4cd9a08a7697edfcc5122c"},"description":"Inom omv\u00e5rdnad finns det m\u00e5nga engagerade och kompetenta medarbetare med l\u00e5ng erfarenhet, men som med all r\u00e4tt k\u00e4nner att man inte orkar arbeta fullt ut l\u00e4ngre. Deras kompetens \u00e4r otroligt viktig och v\u00e4rdefull. Vi vill ha kvar dem i jobbet!","breadcrumb":{"@id":"https:\/\/wp.kristdemokraterna.se\/soderhamn\/seniora-medarbetare-inom-omvardnad-ar-guld-varda\/#breadcrumb"},"inLanguage":"sv-SE","potentialAction":[{"@type":"ReadAction","target":["https:\/\/wp.kristdemokraterna.se\/soderhamn\/seniora-medarbetare-inom-omvardnad-ar-guld-varda\/"]}]},{"@type":"BreadcrumbList","@id":"https:\/\/wp.kristdemokraterna.se\/soderhamn\/seniora-medarbetare-inom-omvardnad-ar-guld-varda\/#breadcrumb","itemListElement":[{"@type":"ListItem","position":1,"name":"Hem","item":"https:\/\/wp.kristdemokraterna.se\/soderhamn\/"},{"@type":"ListItem","position":2,"name":"Seniora medarbetare inom Omv\u00e5rdnad \u00e4r guld v\u00e4rda"}]},{"@type":"WebSite","@id":"https:\/\/wp.kristdemokraterna.se\/soderhamn\/#website","url":"https:\/\/wp.kristdemokraterna.se\/soderhamn\/","name":"Kristdemokraterna i S\u00f6derhamn","description":"Kristdemokraterna i S\u00f6derhamn","inLanguage":"sv-SE"},{"@type":"Person","@id":"https:\/\/wp.kristdemokraterna.se\/soderhamn\/#\/schema\/person\/6f1f8de77f4cd9a08a7697edfcc5122c","name":"Carro","image":{"@type":"ImageObject","inLanguage":"sv-SE","@id":"https:\/\/secure.gravatar.com\/avatar\/2c035b735c70de8d655a370077448c41e06e66f879db067dae03e810e16a5ee0?s=96&d=mm&r=g","url":"https:\/\/secure.gravatar.com\/avatar\/2c035b735c70de8d655a370077448c41e06e66f879db067dae03e810e16a5ee0?s=96&d=mm&r=g","contentUrl":"https:\/\/secure.gravatar.com\/avatar\/2c035b735c70de8d655a370077448c41e06e66f879db067dae03e810e16a5ee0?s=96&d=mm&r=g","caption":"Carro"},"sameAs":["https:\/\/www.facebook.com\/carro.oberg"],"url":"https:\/\/wp.kristdemokraterna.se\/soderhamn\/author\/carro\/"}]}},"_links":{"self":[{"href":"https:\/\/wp.kristdemokraterna.se\/soderhamn\/wp-json\/wp\/v2\/posts\/697","targetHints":{"allow":["GET"]}}],"collection":[{"href":"https:\/\/wp.kristdemokraterna.se\/soderhamn\/wp-json\/wp\/v2\/posts"}],"about":[{"href":"https:\/\/wp.kristdemokraterna.se\/soderhamn\/wp-json\/wp\/v2\/types\/post"}],"author":[{"embeddable":true,"href":"https:\/\/wp.kristdemokraterna.se\/soderhamn\/wp-json\/wp\/v2\/users\/1026"}],"replies":[{"embeddable":true,"href":"https:\/\/wp.kristdemokraterna.se\/soderhamn\/wp-json\/wp\/v2\/comments?post=697"}],"version-history":[{"count":1,"href":"https:\/\/wp.kristdemokraterna.se\/soderhamn\/wp-json\/wp\/v2\/posts\/697\/revisions"}],"predecessor-version":[{"id":699,"href":"https:\/\/wp.kristdemokraterna.se\/soderhamn\/wp-json\/wp\/v2\/posts\/697\/revisions\/699"}],"wp:attachment":[{"href":"https:\/\/wp.kristdemokraterna.se\/soderhamn\/wp-json\/wp\/v2\/media?parent=697"}],"wp:term":[{"taxonomy":"category","embeddable":true,"href":"https:\/\/wp.kristdemokraterna.se\/soderhamn\/wp-json\/wp\/v2\/categories?post=697"},{"taxonomy":"post_tag","embeddable":true,"href":"https:\/\/wp.kristdemokraterna.se\/soderhamn\/wp-json\/wp\/v2\/tags?post=697"}],"curies":[{"name":"wp","href":"https:\/\/api.w.org\/{rel}","templated":true}]}}