{"id":700,"date":"2022-08-30T21:13:36","date_gmt":"2022-08-30T19:13:36","guid":{"rendered":"https:\/\/wp.kristdemokraterna.se\/soderhamn\/?p=700"},"modified":"2022-08-30T21:14:53","modified_gmt":"2022-08-30T19:14:53","slug":"allians-for-soderhamn-vill-fortsatta-utveckla-soderhamn-tillsammans","status":"publish","type":"post","link":"https:\/\/wp.kristdemokraterna.se\/soderhamn\/allians-for-soderhamn-vill-fortsatta-utveckla-soderhamn-tillsammans\/","title":{"rendered":"Allians f\u00f6r S\u00f6derhamn vill forts\u00e4tta utveckla S\u00f6derhamn tillsammans!"},"content":{"rendered":"<p>Allians f\u00f6r S\u00f6derhamn vill forts\u00e4tta utveckla S\u00f6derhamn tillsammans.<\/p>\n<p>I omr\u00e5de efter omr\u00e5de bygger vi det framg\u00e5ngsrika S\u00f6derhamn. Vi har tagit kommunen fram\u00e5t under en besv\u00e4rlig mandatperiod. Att st\u00e4lla om S\u00f6derhamn kr\u00e4ver kontinuitet. Riktningen \u00e4r tydlig, budgeten \u00e4r lagd. V\u00e5ra planer och organisation s\u00e4kerst\u00e4ller k\u00e4rnuppdragen f\u00f6r barn och unga, v\u00e4lf\u00e4rd och samh\u00e4llsservice.<\/p>\n<p>Allians f\u00f6r S\u00f6derhamn satsar p\u00e5 tillv\u00e4xt. Nya strategier f\u00f6r n\u00e4ringsliv, bes\u00f6ksn\u00e4ring och landsbygd har tagits fram med tydlig ambition att \u00e5r 2030 vara en kommun med 28\u00a0000 v\u00e4lm\u00e5ende s\u00f6derhamnare.<\/p>\n<p>Ett samh\u00e4lle som engagerar och d\u00e4r vi alla samverkar ger f\u00f6ruts\u00e4ttningar f\u00f6r det goda livet i S\u00f6derhamn. Vi tar ett tydligt grepp om arbetet med Agenda 2030. En tillg\u00e4nglig och likv\u00e4rdig skola, d\u00e4r alla elever kan utvecklas till sin fulla potential. Tillg\u00e5ng till olika boendeformer f\u00f6r livets alla skeden. Ett bra f\u00f6rebyggande arbete, d\u00e4r vi st\u00e4rker det friska och efterstr\u00e4var kvalit\u00e9 och kontinuitet i v\u00e5ra verksamheter.<\/p>\n<p>Allians f\u00f6r S\u00f6derhamn best\u00e5r av v\u00e5ra fyra olika partier som h\u00e4mtar styrka i v\u00e5r gemenskap.<\/p>\n<p>Med v\u00e5rt ledarskap \u00e4r vi beredda att ta det ansvar som kr\u00e4vs f\u00f6r att v\u00e5rda och utveckla hela v\u00e5rt fantastiska S\u00f6derhamn.<\/p>\n<p><b>Magnus Svensson Gruppledare Centerpartiet<\/b><\/p>\n<p><b>Lars St\u00e5l Gruppledare Moderaterna<\/b><\/p>\n<p><b>Anders Ramstrand Gruppledare Kristdemokraterna<\/b><\/p>\n<p><b>Magnus Ludvigsson Gruppledare Liberalerna<\/b><\/p>\n<p><b>John-Erik Jansson Ordf\u00f6rande kommunstyrelsen Centerpartiet<\/b><\/p>\n<p><b>Marjo Myllykoski 1:e vice ordf\u00f6rande kommunstyrelsen Moderaterna<\/b><\/p>\n","protected":false},"excerpt":{"rendered":"<p>Allians f\u00f6r S\u00f6derhamn vill forts\u00e4tta utveckla S\u00f6derhamn tillsammans. I omr\u00e5de efter omr\u00e5de bygger vi det framg\u00e5ngsrika S\u00f6derhamn. Vi har tagit kommunen fram\u00e5t under en besv\u00e4rlig mandatperiod. Att st\u00e4lla om S\u00f6derhamn kr\u00e4ver kontinuitet. Riktningen \u00e4r tydlig, budgeten \u00e4r lagd. V\u00e5ra planer och organisation s\u00e4kerst\u00e4ller k\u00e4rnuppdragen f\u00f6r barn och unga, v\u00e4lf\u00e4rd och samh\u00e4llsservice. Allians f\u00f6r S\u00f6derhamn satsar <a class=\"read-more-link\" href=\"https:\/\/wp.kristdemokraterna.se\/soderhamn\/allians-for-soderhamn-vill-fortsatta-utveckla-soderhamn-tillsammans\/\">L\u00e4s mer<\/a><\/p>\n","protected":false},"author":1026,"featured_media":0,"comment_status":"closed","ping_status":"closed","sticky":false,"template":"","format":"standard","meta":{"_acf_changed":false,"footnotes":""},"categories":[4,11,10],"tags":[],"class_list":["post-700","post","type-post","status-publish","format-standard","hentry","category-i-kommunen","category-inlagg","category-nyheter"],"acf":[],"yoast_head":"<!-- This site is optimized with the Yoast SEO plugin v27.5 - https:\/\/yoast.com\/product\/yoast-seo-wordpress\/ -->\n<title>Allians f\u00f6r S\u00f6derhamn vill forts\u00e4tta utveckla S\u00f6derhamn tillsammans! - Kristdemokraterna i S\u00f6derhamn<\/title>\n<meta name=\"description\" content=\"Allians f\u00f6r S\u00f6derhamn best\u00e5r av Kristdemokraterna, Liberalerna, Moderaterna och Centerpartiet. Vi har styrt S\u00f6derhamn i 4 \u00e5r och vill forts\u00e4tta att ansvarsfullt utveckla v\u00e5r fantastiska stad.\" \/>\n<meta name=\"robots\" content=\"index, follow, max-snippet:-1, max-image-preview:large, max-video-preview:-1\" \/>\n<link rel=\"canonical\" href=\"https:\/\/wp.kristdemokraterna.se\/soderhamn\/allians-for-soderhamn-vill-fortsatta-utveckla-soderhamn-tillsammans\/\" \/>\n<meta property=\"og:locale\" content=\"sv_SE\" \/>\n<meta property=\"og:type\" content=\"article\" \/>\n<meta property=\"og:title\" content=\"Allians f\u00f6r S\u00f6derhamn vill forts\u00e4tta utveckla S\u00f6derhamn tillsammans! - Kristdemokraterna i S\u00f6derhamn\" \/>\n<meta property=\"og:description\" content=\"Allians f\u00f6r S\u00f6derhamn best\u00e5r av Kristdemokraterna, Liberalerna, Moderaterna och Centerpartiet. Vi har styrt S\u00f6derhamn i 4 \u00e5r och vill forts\u00e4tta att ansvarsfullt utveckla v\u00e5r fantastiska stad.\" \/>\n<meta property=\"og:url\" content=\"https:\/\/wp.kristdemokraterna.se\/soderhamn\/allians-for-soderhamn-vill-fortsatta-utveckla-soderhamn-tillsammans\/\" \/>\n<meta property=\"og:site_name\" content=\"Kristdemokraterna i S\u00f6derhamn\" \/>\n<meta property=\"article:author\" content=\"https:\/\/www.facebook.com\/carro.oberg\" \/>\n<meta property=\"article:published_time\" content=\"2022-08-30T19:13:36+00:00\" \/>\n<meta property=\"article:modified_time\" content=\"2022-08-30T19:14:53+00:00\" \/>\n<meta name=\"author\" content=\"Carro\" \/>\n<meta name=\"twitter:card\" content=\"summary_large_image\" \/>\n<meta name=\"twitter:label1\" content=\"Skriven av\" \/>\n\t<meta name=\"twitter:data1\" content=\"Carro\" \/>\n\t<meta name=\"twitter:label2\" content=\"Ber\u00e4knad l\u00e4stid\" \/>\n\t<meta name=\"twitter:data2\" content=\"2 minuter\" \/>\n<script type=\"application\/ld+json\" class=\"yoast-schema-graph\">{\"@context\":\"https:\\\/\\\/schema.org\",\"@graph\":[{\"@type\":\"Article\",\"@id\":\"https:\\\/\\\/wp.kristdemokraterna.se\\\/soderhamn\\\/allians-for-soderhamn-vill-fortsatta-utveckla-soderhamn-tillsammans\\\/#article\",\"isPartOf\":{\"@id\":\"https:\\\/\\\/wp.kristdemokraterna.se\\\/soderhamn\\\/allians-for-soderhamn-vill-fortsatta-utveckla-soderhamn-tillsammans\\\/\"},\"author\":{\"name\":\"Carro\",\"@id\":\"https:\\\/\\\/wp.kristdemokraterna.se\\\/soderhamn\\\/#\\\/schema\\\/person\\\/6f1f8de77f4cd9a08a7697edfcc5122c\"},\"headline\":\"Allians f\u00f6r S\u00f6derhamn vill forts\u00e4tta utveckla S\u00f6derhamn tillsammans!\",\"datePublished\":\"2022-08-30T19:13:36+00:00\",\"dateModified\":\"2022-08-30T19:14:53+00:00\",\"mainEntityOfPage\":{\"@id\":\"https:\\\/\\\/wp.kristdemokraterna.se\\\/soderhamn\\\/allians-for-soderhamn-vill-fortsatta-utveckla-soderhamn-tillsammans\\\/\"},\"wordCount\":281,\"articleSection\":[\"I Kommunen\",\"Inl\u00e4gg\",\"Nyheter\"],\"inLanguage\":\"sv-SE\"},{\"@type\":\"WebPage\",\"@id\":\"https:\\\/\\\/wp.kristdemokraterna.se\\\/soderhamn\\\/allians-for-soderhamn-vill-fortsatta-utveckla-soderhamn-tillsammans\\\/\",\"url\":\"https:\\\/\\\/wp.kristdemokraterna.se\\\/soderhamn\\\/allians-for-soderhamn-vill-fortsatta-utveckla-soderhamn-tillsammans\\\/\",\"name\":\"Allians f\u00f6r S\u00f6derhamn vill forts\u00e4tta utveckla S\u00f6derhamn tillsammans! - Kristdemokraterna i S\u00f6derhamn\",\"isPartOf\":{\"@id\":\"https:\\\/\\\/wp.kristdemokraterna.se\\\/soderhamn\\\/#website\"},\"datePublished\":\"2022-08-30T19:13:36+00:00\",\"dateModified\":\"2022-08-30T19:14:53+00:00\",\"author\":{\"@id\":\"https:\\\/\\\/wp.kristdemokraterna.se\\\/soderhamn\\\/#\\\/schema\\\/person\\\/6f1f8de77f4cd9a08a7697edfcc5122c\"},\"description\":\"Allians f\u00f6r S\u00f6derhamn best\u00e5r av Kristdemokraterna, Liberalerna, Moderaterna och Centerpartiet. Vi har styrt S\u00f6derhamn i 4 \u00e5r och vill forts\u00e4tta att ansvarsfullt utveckla v\u00e5r fantastiska stad.\",\"breadcrumb\":{\"@id\":\"https:\\\/\\\/wp.kristdemokraterna.se\\\/soderhamn\\\/allians-for-soderhamn-vill-fortsatta-utveckla-soderhamn-tillsammans\\\/#breadcrumb\"},\"inLanguage\":\"sv-SE\",\"potentialAction\":[{\"@type\":\"ReadAction\",\"target\":[\"https:\\\/\\\/wp.kristdemokraterna.se\\\/soderhamn\\\/allians-for-soderhamn-vill-fortsatta-utveckla-soderhamn-tillsammans\\\/\"]}]},{\"@type\":\"BreadcrumbList\",\"@id\":\"https:\\\/\\\/wp.kristdemokraterna.se\\\/soderhamn\\\/allians-for-soderhamn-vill-fortsatta-utveckla-soderhamn-tillsammans\\\/#breadcrumb\",\"itemListElement\":[{\"@type\":\"ListItem\",\"position\":1,\"name\":\"Hem\",\"item\":\"https:\\\/\\\/wp.kristdemokraterna.se\\\/soderhamn\\\/\"},{\"@type\":\"ListItem\",\"position\":2,\"name\":\"Allians f\u00f6r S\u00f6derhamn vill forts\u00e4tta utveckla S\u00f6derhamn tillsammans!\"}]},{\"@type\":\"WebSite\",\"@id\":\"https:\\\/\\\/wp.kristdemokraterna.se\\\/soderhamn\\\/#website\",\"url\":\"https:\\\/\\\/wp.kristdemokraterna.se\\\/soderhamn\\\/\",\"name\":\"Kristdemokraterna i S\u00f6derhamn\",\"description\":\"Kristdemokraterna i S\u00f6derhamn\",\"inLanguage\":\"sv-SE\"},{\"@type\":\"Person\",\"@id\":\"https:\\\/\\\/wp.kristdemokraterna.se\\\/soderhamn\\\/#\\\/schema\\\/person\\\/6f1f8de77f4cd9a08a7697edfcc5122c\",\"name\":\"Carro\",\"image\":{\"@type\":\"ImageObject\",\"inLanguage\":\"sv-SE\",\"@id\":\"https:\\\/\\\/secure.gravatar.com\\\/avatar\\\/2c035b735c70de8d655a370077448c41e06e66f879db067dae03e810e16a5ee0?s=96&d=mm&r=g\",\"url\":\"https:\\\/\\\/secure.gravatar.com\\\/avatar\\\/2c035b735c70de8d655a370077448c41e06e66f879db067dae03e810e16a5ee0?s=96&d=mm&r=g\",\"contentUrl\":\"https:\\\/\\\/secure.gravatar.com\\\/avatar\\\/2c035b735c70de8d655a370077448c41e06e66f879db067dae03e810e16a5ee0?s=96&d=mm&r=g\",\"caption\":\"Carro\"},\"sameAs\":[\"https:\\\/\\\/www.facebook.com\\\/carro.oberg\"],\"url\":\"https:\\\/\\\/wp.kristdemokraterna.se\\\/soderhamn\\\/author\\\/carro\\\/\"}]}<\/script>\n<!-- \/ Yoast SEO plugin. -->","yoast_head_json":{"title":"Allians f\u00f6r S\u00f6derhamn vill forts\u00e4tta utveckla S\u00f6derhamn tillsammans! - Kristdemokraterna i S\u00f6derhamn","description":"Allians f\u00f6r S\u00f6derhamn best\u00e5r av Kristdemokraterna, Liberalerna, Moderaterna och Centerpartiet. Vi har styrt S\u00f6derhamn i 4 \u00e5r och vill forts\u00e4tta att ansvarsfullt utveckla v\u00e5r fantastiska stad.","robots":{"index":"index","follow":"follow","max-snippet":"max-snippet:-1","max-image-preview":"max-image-preview:large","max-video-preview":"max-video-preview:-1"},"canonical":"https:\/\/wp.kristdemokraterna.se\/soderhamn\/allians-for-soderhamn-vill-fortsatta-utveckla-soderhamn-tillsammans\/","og_locale":"sv_SE","og_type":"article","og_title":"Allians f\u00f6r S\u00f6derhamn vill forts\u00e4tta utveckla S\u00f6derhamn tillsammans! - Kristdemokraterna i S\u00f6derhamn","og_description":"Allians f\u00f6r S\u00f6derhamn best\u00e5r av Kristdemokraterna, Liberalerna, Moderaterna och Centerpartiet. Vi har styrt S\u00f6derhamn i 4 \u00e5r och vill forts\u00e4tta att ansvarsfullt utveckla v\u00e5r fantastiska stad.","og_url":"https:\/\/wp.kristdemokraterna.se\/soderhamn\/allians-for-soderhamn-vill-fortsatta-utveckla-soderhamn-tillsammans\/","og_site_name":"Kristdemokraterna i S\u00f6derhamn","article_author":"https:\/\/www.facebook.com\/carro.oberg","article_published_time":"2022-08-30T19:13:36+00:00","article_modified_time":"2022-08-30T19:14:53+00:00","author":"Carro","twitter_card":"summary_large_image","twitter_misc":{"Skriven av":"Carro","Ber\u00e4knad l\u00e4stid":"2 minuter"},"schema":{"@context":"https:\/\/schema.org","@graph":[{"@type":"Article","@id":"https:\/\/wp.kristdemokraterna.se\/soderhamn\/allians-for-soderhamn-vill-fortsatta-utveckla-soderhamn-tillsammans\/#article","isPartOf":{"@id":"https:\/\/wp.kristdemokraterna.se\/soderhamn\/allians-for-soderhamn-vill-fortsatta-utveckla-soderhamn-tillsammans\/"},"author":{"name":"Carro","@id":"https:\/\/wp.kristdemokraterna.se\/soderhamn\/#\/schema\/person\/6f1f8de77f4cd9a08a7697edfcc5122c"},"headline":"Allians f\u00f6r S\u00f6derhamn vill forts\u00e4tta utveckla S\u00f6derhamn tillsammans!","datePublished":"2022-08-30T19:13:36+00:00","dateModified":"2022-08-30T19:14:53+00:00","mainEntityOfPage":{"@id":"https:\/\/wp.kristdemokraterna.se\/soderhamn\/allians-for-soderhamn-vill-fortsatta-utveckla-soderhamn-tillsammans\/"},"wordCount":281,"articleSection":["I Kommunen","Inl\u00e4gg","Nyheter"],"inLanguage":"sv-SE"},{"@type":"WebPage","@id":"https:\/\/wp.kristdemokraterna.se\/soderhamn\/allians-for-soderhamn-vill-fortsatta-utveckla-soderhamn-tillsammans\/","url":"https:\/\/wp.kristdemokraterna.se\/soderhamn\/allians-for-soderhamn-vill-fortsatta-utveckla-soderhamn-tillsammans\/","name":"Allians f\u00f6r S\u00f6derhamn vill forts\u00e4tta utveckla S\u00f6derhamn tillsammans! - Kristdemokraterna i S\u00f6derhamn","isPartOf":{"@id":"https:\/\/wp.kristdemokraterna.se\/soderhamn\/#website"},"datePublished":"2022-08-30T19:13:36+00:00","dateModified":"2022-08-30T19:14:53+00:00","author":{"@id":"https:\/\/wp.kristdemokraterna.se\/soderhamn\/#\/schema\/person\/6f1f8de77f4cd9a08a7697edfcc5122c"},"description":"Allians f\u00f6r S\u00f6derhamn best\u00e5r av Kristdemokraterna, Liberalerna, Moderaterna och Centerpartiet. Vi har styrt S\u00f6derhamn i 4 \u00e5r och vill forts\u00e4tta att ansvarsfullt utveckla v\u00e5r fantastiska stad.","breadcrumb":{"@id":"https:\/\/wp.kristdemokraterna.se\/soderhamn\/allians-for-soderhamn-vill-fortsatta-utveckla-soderhamn-tillsammans\/#breadcrumb"},"inLanguage":"sv-SE","potentialAction":[{"@type":"ReadAction","target":["https:\/\/wp.kristdemokraterna.se\/soderhamn\/allians-for-soderhamn-vill-fortsatta-utveckla-soderhamn-tillsammans\/"]}]},{"@type":"BreadcrumbList","@id":"https:\/\/wp.kristdemokraterna.se\/soderhamn\/allians-for-soderhamn-vill-fortsatta-utveckla-soderhamn-tillsammans\/#breadcrumb","itemListElement":[{"@type":"ListItem","position":1,"name":"Hem","item":"https:\/\/wp.kristdemokraterna.se\/soderhamn\/"},{"@type":"ListItem","position":2,"name":"Allians f\u00f6r S\u00f6derhamn vill forts\u00e4tta utveckla S\u00f6derhamn tillsammans!"}]},{"@type":"WebSite","@id":"https:\/\/wp.kristdemokraterna.se\/soderhamn\/#website","url":"https:\/\/wp.kristdemokraterna.se\/soderhamn\/","name":"Kristdemokraterna i S\u00f6derhamn","description":"Kristdemokraterna i S\u00f6derhamn","inLanguage":"sv-SE"},{"@type":"Person","@id":"https:\/\/wp.kristdemokraterna.se\/soderhamn\/#\/schema\/person\/6f1f8de77f4cd9a08a7697edfcc5122c","name":"Carro","image":{"@type":"ImageObject","inLanguage":"sv-SE","@id":"https:\/\/secure.gravatar.com\/avatar\/2c035b735c70de8d655a370077448c41e06e66f879db067dae03e810e16a5ee0?s=96&d=mm&r=g","url":"https:\/\/secure.gravatar.com\/avatar\/2c035b735c70de8d655a370077448c41e06e66f879db067dae03e810e16a5ee0?s=96&d=mm&r=g","contentUrl":"https:\/\/secure.gravatar.com\/avatar\/2c035b735c70de8d655a370077448c41e06e66f879db067dae03e810e16a5ee0?s=96&d=mm&r=g","caption":"Carro"},"sameAs":["https:\/\/www.facebook.com\/carro.oberg"],"url":"https:\/\/wp.kristdemokraterna.se\/soderhamn\/author\/carro\/"}]}},"_links":{"self":[{"href":"https:\/\/wp.kristdemokraterna.se\/soderhamn\/wp-json\/wp\/v2\/posts\/700","targetHints":{"allow":["GET"]}}],"collection":[{"href":"https:\/\/wp.kristdemokraterna.se\/soderhamn\/wp-json\/wp\/v2\/posts"}],"about":[{"href":"https:\/\/wp.kristdemokraterna.se\/soderhamn\/wp-json\/wp\/v2\/types\/post"}],"author":[{"embeddable":true,"href":"https:\/\/wp.kristdemokraterna.se\/soderhamn\/wp-json\/wp\/v2\/users\/1026"}],"replies":[{"embeddable":true,"href":"https:\/\/wp.kristdemokraterna.se\/soderhamn\/wp-json\/wp\/v2\/comments?post=700"}],"version-history":[{"count":2,"href":"https:\/\/wp.kristdemokraterna.se\/soderhamn\/wp-json\/wp\/v2\/posts\/700\/revisions"}],"predecessor-version":[{"id":703,"href":"https:\/\/wp.kristdemokraterna.se\/soderhamn\/wp-json\/wp\/v2\/posts\/700\/revisions\/703"}],"wp:attachment":[{"href":"https:\/\/wp.kristdemokraterna.se\/soderhamn\/wp-json\/wp\/v2\/media?parent=700"}],"wp:term":[{"taxonomy":"category","embeddable":true,"href":"https:\/\/wp.kristdemokraterna.se\/soderhamn\/wp-json\/wp\/v2\/categories?post=700"},{"taxonomy":"post_tag","embeddable":true,"href":"https:\/\/wp.kristdemokraterna.se\/soderhamn\/wp-json\/wp\/v2\/tags?post=700"}],"curies":[{"name":"wp","href":"https:\/\/api.w.org\/{rel}","templated":true}]}}