{"id":713,"date":"2022-09-28T11:03:53","date_gmt":"2022-09-28T09:03:53","guid":{"rendered":"https:\/\/wp.kristdemokraterna.se\/soderhamn\/?p=713"},"modified":"2022-09-28T11:03:53","modified_gmt":"2022-09-28T09:03:53","slug":"kd-okar-med-1-mandat-i-soderhamn","status":"publish","type":"post","link":"https:\/\/wp.kristdemokraterna.se\/soderhamn\/kd-okar-med-1-mandat-i-soderhamn\/","title":{"rendered":"KD \u00f6kar med 1 mandat i S\u00f6derhamn"},"content":{"rendered":"<p>Nu \u00e4r samtliga r\u00f6ster och personr\u00f6ster r\u00e4knade i valet 2022. I S\u00f6derhamn \u00f6kar vi fr\u00e5n 2 till 3 mandat i kommunfullm\u00e4ktige, vilket inneb\u00e4r att v\u00e5r tredje person p\u00e5 kommunlistan, Elisabet Winsjansen, tar plats tillsammans med Anders Ramstrand och Janne Nilsson som \u00e4ven suttit tidigare mandatperiod. <\/p>\n<p>I riksdagsvalet backade KD en procentenhet. D\u00e4remot lyckades Kristdemokraterna i G\u00e4vleborg f\u00f6r f\u00f6rsta g\u00e5ngen p\u00e5 l\u00e4nge ta en plats. Lili Andr\u00e9, som var andra person p\u00e5 G\u00e4vleborgs riksdagslista efter Ebba Busch, har redan intagit riksdagen. Vi \u00e4r s\u00e4kra p\u00e5 att Lili kommer att g\u00f6ra ett fantastiskt arbete och \u00f6nskar henne all lycka till. <\/p>\n<p>I Regionen \u00f6kade KD med drygt en procentenhet, vilket vi ocks\u00e5 ser oerh\u00f6rt positivt p\u00e5. <\/p>\n<p>I skrivandes stund p\u00e5g\u00e5r f\u00f6rhandlingar p\u00e5 alla tre fronter (regeringsbildning, region- och kommunstyre). Ut\u00f6ver f\u00f6rhandlingarna kommer vi i Kristdemokraterna i S\u00f6derhamn n\u00e4sta vecka sammanfatta analyserna kring hela valr\u00f6relsen. <\/p>\n<p>Slutligen vill vi tacka alla som har lagt sin r\u00f6st p\u00e5 Kristdemokraterna. Vi lovar att f\u00f6rvalta Din r\u00f6st med st\u00f6rsta respekt och g\u00f6ra v\u00e5rt yttersta f\u00f6r att forts\u00e4tta att tillsammans utveckla ett tryggt, v\u00e4nligt och blomstrande S\u00f6derhamn. <\/p>\n","protected":false},"excerpt":{"rendered":"<p>Nu \u00e4r samtliga r\u00f6ster och personr\u00f6ster r\u00e4knade i valet 2022. I S\u00f6derhamn \u00f6kar vi fr\u00e5n 2 till 3 mandat i kommunfullm\u00e4ktige, vilket inneb\u00e4r att v\u00e5r tredje person p\u00e5 kommunlistan, Elisabet Winsjansen, tar plats tillsammans med Anders Ramstrand och Janne Nilsson som \u00e4ven suttit tidigare mandatperiod. I riksdagsvalet backade KD en procentenhet. D\u00e4remot lyckades Kristdemokraterna i <a class=\"read-more-link\" href=\"https:\/\/wp.kristdemokraterna.se\/soderhamn\/kd-okar-med-1-mandat-i-soderhamn\/\">L\u00e4s mer<\/a><\/p>\n","protected":false},"author":1026,"featured_media":0,"comment_status":"closed","ping_status":"closed","sticky":false,"template":"","format":"standard","meta":{"_acf_changed":false,"footnotes":""},"categories":[4,11,10,5],"tags":[],"class_list":["post-713","post","type-post","status-publish","format-standard","hentry","category-i-kommunen","category-inlagg","category-nyheter","category-regionen"],"acf":[],"yoast_head":"<!-- This site is optimized with the Yoast SEO plugin v27.4 - https:\/\/yoast.com\/product\/yoast-seo-wordpress\/ -->\n<title>KD \u00f6kar med 1 mandat i S\u00f6derhamn - Kristdemokraterna i S\u00f6derhamn<\/title>\n<meta name=\"description\" content=\"Kristdemokraterna \u00f6kar med ett mandat i S\u00f6derhamn. F\u00f6r f\u00f6rsta g\u00e5ngen p\u00e5 m\u00e5nga \u00e5r f\u00e5r vi ocks\u00e5 en representant i Riksdagen: Lili Andr\u00e9.\" \/>\n<meta name=\"robots\" content=\"index, follow, max-snippet:-1, max-image-preview:large, max-video-preview:-1\" \/>\n<link rel=\"canonical\" href=\"https:\/\/wp.kristdemokraterna.se\/soderhamn\/kd-okar-med-1-mandat-i-soderhamn\/\" \/>\n<meta property=\"og:locale\" content=\"sv_SE\" \/>\n<meta property=\"og:type\" content=\"article\" \/>\n<meta property=\"og:title\" content=\"KD \u00f6kar med 1 mandat i S\u00f6derhamn - Kristdemokraterna i S\u00f6derhamn\" \/>\n<meta property=\"og:description\" content=\"Kristdemokraterna \u00f6kar med ett mandat i S\u00f6derhamn. F\u00f6r f\u00f6rsta g\u00e5ngen p\u00e5 m\u00e5nga \u00e5r f\u00e5r vi ocks\u00e5 en representant i Riksdagen: Lili Andr\u00e9.\" \/>\n<meta property=\"og:url\" content=\"https:\/\/wp.kristdemokraterna.se\/soderhamn\/kd-okar-med-1-mandat-i-soderhamn\/\" \/>\n<meta property=\"og:site_name\" content=\"Kristdemokraterna i S\u00f6derhamn\" \/>\n<meta property=\"article:author\" content=\"https:\/\/www.facebook.com\/carro.oberg\" \/>\n<meta property=\"article:published_time\" content=\"2022-09-28T09:03:53+00:00\" \/>\n<meta name=\"author\" content=\"Carro\" \/>\n<meta name=\"twitter:card\" content=\"summary_large_image\" \/>\n<meta name=\"twitter:label1\" content=\"Skriven av\" \/>\n\t<meta name=\"twitter:data1\" content=\"Carro\" \/>\n\t<meta name=\"twitter:label2\" content=\"Ber\u00e4knad l\u00e4stid\" \/>\n\t<meta name=\"twitter:data2\" content=\"1 minut\" \/>\n<script type=\"application\/ld+json\" class=\"yoast-schema-graph\">{\"@context\":\"https:\\\/\\\/schema.org\",\"@graph\":[{\"@type\":\"Article\",\"@id\":\"https:\\\/\\\/wp.kristdemokraterna.se\\\/soderhamn\\\/kd-okar-med-1-mandat-i-soderhamn\\\/#article\",\"isPartOf\":{\"@id\":\"https:\\\/\\\/wp.kristdemokraterna.se\\\/soderhamn\\\/kd-okar-med-1-mandat-i-soderhamn\\\/\"},\"author\":{\"name\":\"Carro\",\"@id\":\"https:\\\/\\\/wp.kristdemokraterna.se\\\/soderhamn\\\/#\\\/schema\\\/person\\\/6f1f8de77f4cd9a08a7697edfcc5122c\"},\"headline\":\"KD \u00f6kar med 1 mandat i S\u00f6derhamn\",\"datePublished\":\"2022-09-28T09:03:53+00:00\",\"mainEntityOfPage\":{\"@id\":\"https:\\\/\\\/wp.kristdemokraterna.se\\\/soderhamn\\\/kd-okar-med-1-mandat-i-soderhamn\\\/\"},\"wordCount\":218,\"articleSection\":[\"I Kommunen\",\"Inl\u00e4gg\",\"Nyheter\",\"Regionen\"],\"inLanguage\":\"sv-SE\"},{\"@type\":\"WebPage\",\"@id\":\"https:\\\/\\\/wp.kristdemokraterna.se\\\/soderhamn\\\/kd-okar-med-1-mandat-i-soderhamn\\\/\",\"url\":\"https:\\\/\\\/wp.kristdemokraterna.se\\\/soderhamn\\\/kd-okar-med-1-mandat-i-soderhamn\\\/\",\"name\":\"KD \u00f6kar med 1 mandat i S\u00f6derhamn - Kristdemokraterna i S\u00f6derhamn\",\"isPartOf\":{\"@id\":\"https:\\\/\\\/wp.kristdemokraterna.se\\\/soderhamn\\\/#website\"},\"datePublished\":\"2022-09-28T09:03:53+00:00\",\"author\":{\"@id\":\"https:\\\/\\\/wp.kristdemokraterna.se\\\/soderhamn\\\/#\\\/schema\\\/person\\\/6f1f8de77f4cd9a08a7697edfcc5122c\"},\"description\":\"Kristdemokraterna \u00f6kar med ett mandat i S\u00f6derhamn. F\u00f6r f\u00f6rsta g\u00e5ngen p\u00e5 m\u00e5nga \u00e5r f\u00e5r vi ocks\u00e5 en representant i Riksdagen: Lili Andr\u00e9.\",\"breadcrumb\":{\"@id\":\"https:\\\/\\\/wp.kristdemokraterna.se\\\/soderhamn\\\/kd-okar-med-1-mandat-i-soderhamn\\\/#breadcrumb\"},\"inLanguage\":\"sv-SE\",\"potentialAction\":[{\"@type\":\"ReadAction\",\"target\":[\"https:\\\/\\\/wp.kristdemokraterna.se\\\/soderhamn\\\/kd-okar-med-1-mandat-i-soderhamn\\\/\"]}]},{\"@type\":\"BreadcrumbList\",\"@id\":\"https:\\\/\\\/wp.kristdemokraterna.se\\\/soderhamn\\\/kd-okar-med-1-mandat-i-soderhamn\\\/#breadcrumb\",\"itemListElement\":[{\"@type\":\"ListItem\",\"position\":1,\"name\":\"Hem\",\"item\":\"https:\\\/\\\/wp.kristdemokraterna.se\\\/soderhamn\\\/\"},{\"@type\":\"ListItem\",\"position\":2,\"name\":\"KD \u00f6kar med 1 mandat i S\u00f6derhamn\"}]},{\"@type\":\"WebSite\",\"@id\":\"https:\\\/\\\/wp.kristdemokraterna.se\\\/soderhamn\\\/#website\",\"url\":\"https:\\\/\\\/wp.kristdemokraterna.se\\\/soderhamn\\\/\",\"name\":\"Kristdemokraterna i S\u00f6derhamn\",\"description\":\"Kristdemokraterna i S\u00f6derhamn\",\"inLanguage\":\"sv-SE\"},{\"@type\":\"Person\",\"@id\":\"https:\\\/\\\/wp.kristdemokraterna.se\\\/soderhamn\\\/#\\\/schema\\\/person\\\/6f1f8de77f4cd9a08a7697edfcc5122c\",\"name\":\"Carro\",\"image\":{\"@type\":\"ImageObject\",\"inLanguage\":\"sv-SE\",\"@id\":\"https:\\\/\\\/secure.gravatar.com\\\/avatar\\\/2c035b735c70de8d655a370077448c41e06e66f879db067dae03e810e16a5ee0?s=96&d=mm&r=g\",\"url\":\"https:\\\/\\\/secure.gravatar.com\\\/avatar\\\/2c035b735c70de8d655a370077448c41e06e66f879db067dae03e810e16a5ee0?s=96&d=mm&r=g\",\"contentUrl\":\"https:\\\/\\\/secure.gravatar.com\\\/avatar\\\/2c035b735c70de8d655a370077448c41e06e66f879db067dae03e810e16a5ee0?s=96&d=mm&r=g\",\"caption\":\"Carro\"},\"sameAs\":[\"https:\\\/\\\/www.facebook.com\\\/carro.oberg\"],\"url\":\"https:\\\/\\\/wp.kristdemokraterna.se\\\/soderhamn\\\/author\\\/carro\\\/\"}]}<\/script>\n<!-- \/ Yoast SEO plugin. -->","yoast_head_json":{"title":"KD \u00f6kar med 1 mandat i S\u00f6derhamn - Kristdemokraterna i S\u00f6derhamn","description":"Kristdemokraterna \u00f6kar med ett mandat i S\u00f6derhamn. F\u00f6r f\u00f6rsta g\u00e5ngen p\u00e5 m\u00e5nga \u00e5r f\u00e5r vi ocks\u00e5 en representant i Riksdagen: Lili Andr\u00e9.","robots":{"index":"index","follow":"follow","max-snippet":"max-snippet:-1","max-image-preview":"max-image-preview:large","max-video-preview":"max-video-preview:-1"},"canonical":"https:\/\/wp.kristdemokraterna.se\/soderhamn\/kd-okar-med-1-mandat-i-soderhamn\/","og_locale":"sv_SE","og_type":"article","og_title":"KD \u00f6kar med 1 mandat i S\u00f6derhamn - Kristdemokraterna i S\u00f6derhamn","og_description":"Kristdemokraterna \u00f6kar med ett mandat i S\u00f6derhamn. F\u00f6r f\u00f6rsta g\u00e5ngen p\u00e5 m\u00e5nga \u00e5r f\u00e5r vi ocks\u00e5 en representant i Riksdagen: Lili Andr\u00e9.","og_url":"https:\/\/wp.kristdemokraterna.se\/soderhamn\/kd-okar-med-1-mandat-i-soderhamn\/","og_site_name":"Kristdemokraterna i S\u00f6derhamn","article_author":"https:\/\/www.facebook.com\/carro.oberg","article_published_time":"2022-09-28T09:03:53+00:00","author":"Carro","twitter_card":"summary_large_image","twitter_misc":{"Skriven av":"Carro","Ber\u00e4knad l\u00e4stid":"1 minut"},"schema":{"@context":"https:\/\/schema.org","@graph":[{"@type":"Article","@id":"https:\/\/wp.kristdemokraterna.se\/soderhamn\/kd-okar-med-1-mandat-i-soderhamn\/#article","isPartOf":{"@id":"https:\/\/wp.kristdemokraterna.se\/soderhamn\/kd-okar-med-1-mandat-i-soderhamn\/"},"author":{"name":"Carro","@id":"https:\/\/wp.kristdemokraterna.se\/soderhamn\/#\/schema\/person\/6f1f8de77f4cd9a08a7697edfcc5122c"},"headline":"KD \u00f6kar med 1 mandat i S\u00f6derhamn","datePublished":"2022-09-28T09:03:53+00:00","mainEntityOfPage":{"@id":"https:\/\/wp.kristdemokraterna.se\/soderhamn\/kd-okar-med-1-mandat-i-soderhamn\/"},"wordCount":218,"articleSection":["I Kommunen","Inl\u00e4gg","Nyheter","Regionen"],"inLanguage":"sv-SE"},{"@type":"WebPage","@id":"https:\/\/wp.kristdemokraterna.se\/soderhamn\/kd-okar-med-1-mandat-i-soderhamn\/","url":"https:\/\/wp.kristdemokraterna.se\/soderhamn\/kd-okar-med-1-mandat-i-soderhamn\/","name":"KD \u00f6kar med 1 mandat i S\u00f6derhamn - Kristdemokraterna i S\u00f6derhamn","isPartOf":{"@id":"https:\/\/wp.kristdemokraterna.se\/soderhamn\/#website"},"datePublished":"2022-09-28T09:03:53+00:00","author":{"@id":"https:\/\/wp.kristdemokraterna.se\/soderhamn\/#\/schema\/person\/6f1f8de77f4cd9a08a7697edfcc5122c"},"description":"Kristdemokraterna \u00f6kar med ett mandat i S\u00f6derhamn. F\u00f6r f\u00f6rsta g\u00e5ngen p\u00e5 m\u00e5nga \u00e5r f\u00e5r vi ocks\u00e5 en representant i Riksdagen: Lili Andr\u00e9.","breadcrumb":{"@id":"https:\/\/wp.kristdemokraterna.se\/soderhamn\/kd-okar-med-1-mandat-i-soderhamn\/#breadcrumb"},"inLanguage":"sv-SE","potentialAction":[{"@type":"ReadAction","target":["https:\/\/wp.kristdemokraterna.se\/soderhamn\/kd-okar-med-1-mandat-i-soderhamn\/"]}]},{"@type":"BreadcrumbList","@id":"https:\/\/wp.kristdemokraterna.se\/soderhamn\/kd-okar-med-1-mandat-i-soderhamn\/#breadcrumb","itemListElement":[{"@type":"ListItem","position":1,"name":"Hem","item":"https:\/\/wp.kristdemokraterna.se\/soderhamn\/"},{"@type":"ListItem","position":2,"name":"KD \u00f6kar med 1 mandat i S\u00f6derhamn"}]},{"@type":"WebSite","@id":"https:\/\/wp.kristdemokraterna.se\/soderhamn\/#website","url":"https:\/\/wp.kristdemokraterna.se\/soderhamn\/","name":"Kristdemokraterna i S\u00f6derhamn","description":"Kristdemokraterna i S\u00f6derhamn","inLanguage":"sv-SE"},{"@type":"Person","@id":"https:\/\/wp.kristdemokraterna.se\/soderhamn\/#\/schema\/person\/6f1f8de77f4cd9a08a7697edfcc5122c","name":"Carro","image":{"@type":"ImageObject","inLanguage":"sv-SE","@id":"https:\/\/secure.gravatar.com\/avatar\/2c035b735c70de8d655a370077448c41e06e66f879db067dae03e810e16a5ee0?s=96&d=mm&r=g","url":"https:\/\/secure.gravatar.com\/avatar\/2c035b735c70de8d655a370077448c41e06e66f879db067dae03e810e16a5ee0?s=96&d=mm&r=g","contentUrl":"https:\/\/secure.gravatar.com\/avatar\/2c035b735c70de8d655a370077448c41e06e66f879db067dae03e810e16a5ee0?s=96&d=mm&r=g","caption":"Carro"},"sameAs":["https:\/\/www.facebook.com\/carro.oberg"],"url":"https:\/\/wp.kristdemokraterna.se\/soderhamn\/author\/carro\/"}]}},"_links":{"self":[{"href":"https:\/\/wp.kristdemokraterna.se\/soderhamn\/wp-json\/wp\/v2\/posts\/713","targetHints":{"allow":["GET"]}}],"collection":[{"href":"https:\/\/wp.kristdemokraterna.se\/soderhamn\/wp-json\/wp\/v2\/posts"}],"about":[{"href":"https:\/\/wp.kristdemokraterna.se\/soderhamn\/wp-json\/wp\/v2\/types\/post"}],"author":[{"embeddable":true,"href":"https:\/\/wp.kristdemokraterna.se\/soderhamn\/wp-json\/wp\/v2\/users\/1026"}],"replies":[{"embeddable":true,"href":"https:\/\/wp.kristdemokraterna.se\/soderhamn\/wp-json\/wp\/v2\/comments?post=713"}],"version-history":[{"count":1,"href":"https:\/\/wp.kristdemokraterna.se\/soderhamn\/wp-json\/wp\/v2\/posts\/713\/revisions"}],"predecessor-version":[{"id":715,"href":"https:\/\/wp.kristdemokraterna.se\/soderhamn\/wp-json\/wp\/v2\/posts\/713\/revisions\/715"}],"wp:attachment":[{"href":"https:\/\/wp.kristdemokraterna.se\/soderhamn\/wp-json\/wp\/v2\/media?parent=713"}],"wp:term":[{"taxonomy":"category","embeddable":true,"href":"https:\/\/wp.kristdemokraterna.se\/soderhamn\/wp-json\/wp\/v2\/categories?post=713"},{"taxonomy":"post_tag","embeddable":true,"href":"https:\/\/wp.kristdemokraterna.se\/soderhamn\/wp-json\/wp\/v2\/tags?post=713"}],"curies":[{"name":"wp","href":"https:\/\/api.w.org\/{rel}","templated":true}]}}