{"id":721,"date":"2022-10-20T11:26:39","date_gmt":"2022-10-20T09:26:39","guid":{"rendered":"https:\/\/wp.kristdemokraterna.se\/soderhamn\/?p=721"},"modified":"2022-10-20T11:26:39","modified_gmt":"2022-10-20T09:26:39","slug":"kristdemokrater-i-sveriges-regering","status":"publish","type":"post","link":"https:\/\/wp.kristdemokraterna.se\/soderhamn\/kristdemokrater-i-sveriges-regering\/","title":{"rendered":"Kristdemokraterna i Sveriges regering"},"content":{"rendered":"<p>Nu \u00e4r \u00e4ntligen regeringen och dess ministrar utsedda. Kristdemokraterna har sex statsr\u00e5d i regeringen och det \u00e4r vi oerh\u00f6rt stolta och glada \u00f6ver. Nedan f\u00f6ljer en presentation, d\u00e4r vi g\u00e5r fr\u00e5n v\u00e4nster till h\u00f6ger p\u00e5 bilden h\u00e4r ovanf\u00f6r.<\/p>\n<p id=\"h-ErikSlottner\" class=\"font-heading-2\"><strong>Erik Slottner <\/strong>\u00e4r\u00a0Civilminister i Finansdepartementet. Han \u00e4r 42 \u00e5r och har varit ledamot i Stockholms kommunfullm\u00e4ktige samt \u00e4ldre- och trygghetsborgarr\u00e5d i Stockholms stad. Han var f\u00f6rbundsordf\u00f6rande f\u00f6r Kristdemokratiska ungdomsf\u00f6rbundet (KDU) 2004-2005. Erik har arbetat som sakkunnig i riskdagen p\u00e5 Kristdemokraternas parti- och riksdagskansli, d\u00e4r han arbetade med fr\u00e5gor inom utbildningsutskottet och kulturutskottet.<\/p>\n<p class=\"font-normal\"><strong>Acko Ankarberg Johansson<\/strong> \u00e4r Sjukv\u00e5rdsminister i Socialdepartementet. Hon \u00e4r 57 \u00e5r och har varit ordf\u00f6rande i socialutskottet i riksdagen sedan 2018 och innan det var hon partisekreterare. I J\u00f6nk\u00f6ping har hon bland annat varit ordf\u00f6rande f\u00f6r kommunstyrelsen. Hon har verkat inom Beredning f\u00f6r samh\u00e4llsbyggnad och \u00e4ven varit utredare f\u00f6r det fria valet inom \u00e4ldre- och handikappomsorgen. Hon har ocks\u00e5 varit styrelseordf\u00f6rande f\u00f6r Trafikverket. Acko har en bred kunskap och erfarenhet inom v\u00e5rd- och omsorgspolitken.<\/p>\n<p class=\"font-normal\"><strong>Jakob Forssmed<\/strong> \u00e4r Socialminister f\u00f6r folkh\u00e4lsa, idrott och civilsamh\u00e4lle samt chef f\u00f6r Socialdepartementet. Han \u00e4r 47 \u00e5r och har sedan 2014 varit Kristdemokraternas ekonomiskpolitiska talesperson samt f\u00f6rste vice partiordf\u00f6rande under Ebba Busch sedan 2015. Under 2006-2014 var Jakob statssekreterare i samordningskansliet p\u00e5 statsd\u00e5dsberedningen. Han har \u00e4ven varit f\u00f6rbundsordf\u00f6rande f\u00f6r KDU. Han har varit riksdagsledamot sedan 2014 och suttit i Finansutskottet och Krigsdelegationen.<\/p>\n<p><strong>Ebba Busch<\/strong> \u00e4r vice statsminister, N\u00e4rings- och energiminister samt chef f\u00f6r Energi-, klimat- och n\u00e4ringslivsdepartementet. Ebba \u00e4r 35 \u00e5r och har varit partiledare sedan 2015. Innan det ansvarade hon f\u00f6r \u00e4ldrefr\u00e5gor i Uppsala. Hon har \u00e4ven praktiserat i Europaparlamentet, s\u00e4songsarbetat som utomhusm\u00e5lare i fem \u00e5r samt studerat Freds- och konfliktkunskap vid Uppsala universitet.<\/p>\n<p class=\"font-normal\"><strong>Peter Kullgren<\/strong> \u00e4r Landsbygdsminister som inkluderar jordbruk, skog och jakt samt chef f\u00f6r Landsbygds- och infrastrukturdepartementet. Han \u00e4r 41 \u00e5r och har sedan 2018 varit Kristdemokraternas partisekreterare. Peter har ett brinnande intresse f\u00f6r att svenskt lantbruk och jordbruk ska komma riktigt p\u00e5 f\u00f6tter och \u00f6ka Sveriges sj\u00e4lvf\u00f6rs\u00f6rjning.<\/p>\n<div id=\"svid12_715f6f45183890627fc1fb6f\" class=\"sv-text-portlet sv-use-margins sv-skip-spacer\">\n<div class=\"sv-text-portlet-content\"><\/div>\n<\/div>\n<div id=\"svid12_715f6f45183890627fc201d0\" class=\"sv-image-portlet sv-portlet\"><strong>Andreas Carlsson<\/strong> \u00e4r Infrastruktur- och bostadsminister i Landsbygds- och infrastrukturdepartementet. Han \u00e4r 35 \u00e5r och\u00a0\u00e4r\u00a0r\u00e4ttspolitisk talesperson f\u00f6r Kristdemokraterna, d\u00e4r han \u00e4ven varit gruppledare. Andreas har varit riksdagsledamot fr\u00e5n 2010 till 2022. 2018-2022 var han vice ordf\u00f6rande i riksdagens justitieutskott. Han har arbetat som journalist och var pressekreterare f\u00f6r Europaparlamentariker Alf Svenssons kontor i Europaparlamentet 2009-2010. Han har varit ledamot i kulturutskottet och suppleant i milj\u00f6-, jordbruks- samt n\u00e4ringsutskottet.<\/div>\n","protected":false},"excerpt":{"rendered":"<p>Nu \u00e4r \u00e4ntligen regeringen och dess ministrar utsedda. Kristdemokraterna har sex statsr\u00e5d i regeringen och det \u00e4r vi oerh\u00f6rt stolta och glada \u00f6ver. Nedan f\u00f6ljer en presentation, d\u00e4r vi g\u00e5r fr\u00e5n v\u00e4nster till h\u00f6ger p\u00e5 bilden h\u00e4r ovanf\u00f6r. Erik Slottner \u00e4r\u00a0Civilminister i Finansdepartementet. Han \u00e4r 42 \u00e5r och har varit ledamot i Stockholms kommunfullm\u00e4ktige samt <a class=\"read-more-link\" href=\"https:\/\/wp.kristdemokraterna.se\/soderhamn\/kristdemokrater-i-sveriges-regering\/\">L\u00e4s mer<\/a><\/p>\n","protected":false},"author":1026,"featured_media":0,"comment_status":"closed","ping_status":"closed","sticky":false,"template":"","format":"standard","meta":{"_acf_changed":false,"footnotes":""},"categories":[11,10],"tags":[],"class_list":["post-721","post","type-post","status-publish","format-standard","hentry","category-inlagg","category-nyheter"],"acf":[],"yoast_head":"<!-- This site is optimized with the Yoast SEO plugin v27.4 - https:\/\/yoast.com\/product\/yoast-seo-wordpress\/ -->\n<title>Kristdemokraterna i Sveriges regering - Kristdemokraterna i S\u00f6derhamn<\/title>\n<meta name=\"description\" content=\"Kristdemokraterna har sex statsr\u00e5d i Sveriges regering. H\u00e4r \u00e4r en presentation och information om samtliga.\" \/>\n<meta name=\"robots\" content=\"index, follow, max-snippet:-1, max-image-preview:large, max-video-preview:-1\" \/>\n<link rel=\"canonical\" href=\"https:\/\/wp.kristdemokraterna.se\/soderhamn\/kristdemokrater-i-sveriges-regering\/\" \/>\n<meta property=\"og:locale\" content=\"sv_SE\" \/>\n<meta property=\"og:type\" content=\"article\" \/>\n<meta property=\"og:title\" content=\"Kristdemokraterna i Sveriges regering - Kristdemokraterna i S\u00f6derhamn\" \/>\n<meta property=\"og:description\" content=\"Kristdemokraterna har sex statsr\u00e5d i Sveriges regering. H\u00e4r \u00e4r en presentation och information om samtliga.\" \/>\n<meta property=\"og:url\" content=\"https:\/\/wp.kristdemokraterna.se\/soderhamn\/kristdemokrater-i-sveriges-regering\/\" \/>\n<meta property=\"og:site_name\" content=\"Kristdemokraterna i S\u00f6derhamn\" \/>\n<meta property=\"article:author\" content=\"https:\/\/www.facebook.com\/carro.oberg\" \/>\n<meta property=\"article:published_time\" content=\"2022-10-20T09:26:39+00:00\" \/>\n<meta name=\"author\" content=\"Carro\" \/>\n<meta name=\"twitter:card\" content=\"summary_large_image\" \/>\n<meta name=\"twitter:label1\" content=\"Skriven av\" \/>\n\t<meta name=\"twitter:data1\" content=\"Carro\" \/>\n\t<meta name=\"twitter:label2\" content=\"Ber\u00e4knad l\u00e4stid\" \/>\n\t<meta name=\"twitter:data2\" content=\"2 minuter\" \/>\n<script type=\"application\/ld+json\" class=\"yoast-schema-graph\">{\"@context\":\"https:\\\/\\\/schema.org\",\"@graph\":[{\"@type\":\"Article\",\"@id\":\"https:\\\/\\\/wp.kristdemokraterna.se\\\/soderhamn\\\/kristdemokrater-i-sveriges-regering\\\/#article\",\"isPartOf\":{\"@id\":\"https:\\\/\\\/wp.kristdemokraterna.se\\\/soderhamn\\\/kristdemokrater-i-sveriges-regering\\\/\"},\"author\":{\"name\":\"Carro\",\"@id\":\"https:\\\/\\\/wp.kristdemokraterna.se\\\/soderhamn\\\/#\\\/schema\\\/person\\\/6f1f8de77f4cd9a08a7697edfcc5122c\"},\"headline\":\"Kristdemokraterna i Sveriges regering\",\"datePublished\":\"2022-10-20T09:26:39+00:00\",\"mainEntityOfPage\":{\"@id\":\"https:\\\/\\\/wp.kristdemokraterna.se\\\/soderhamn\\\/kristdemokrater-i-sveriges-regering\\\/\"},\"wordCount\":448,\"articleSection\":[\"Inl\u00e4gg\",\"Nyheter\"],\"inLanguage\":\"sv-SE\"},{\"@type\":\"WebPage\",\"@id\":\"https:\\\/\\\/wp.kristdemokraterna.se\\\/soderhamn\\\/kristdemokrater-i-sveriges-regering\\\/\",\"url\":\"https:\\\/\\\/wp.kristdemokraterna.se\\\/soderhamn\\\/kristdemokrater-i-sveriges-regering\\\/\",\"name\":\"Kristdemokraterna i Sveriges regering - Kristdemokraterna i S\u00f6derhamn\",\"isPartOf\":{\"@id\":\"https:\\\/\\\/wp.kristdemokraterna.se\\\/soderhamn\\\/#website\"},\"datePublished\":\"2022-10-20T09:26:39+00:00\",\"author\":{\"@id\":\"https:\\\/\\\/wp.kristdemokraterna.se\\\/soderhamn\\\/#\\\/schema\\\/person\\\/6f1f8de77f4cd9a08a7697edfcc5122c\"},\"description\":\"Kristdemokraterna har sex statsr\u00e5d i Sveriges regering. H\u00e4r \u00e4r en presentation och information om samtliga.\",\"breadcrumb\":{\"@id\":\"https:\\\/\\\/wp.kristdemokraterna.se\\\/soderhamn\\\/kristdemokrater-i-sveriges-regering\\\/#breadcrumb\"},\"inLanguage\":\"sv-SE\",\"potentialAction\":[{\"@type\":\"ReadAction\",\"target\":[\"https:\\\/\\\/wp.kristdemokraterna.se\\\/soderhamn\\\/kristdemokrater-i-sveriges-regering\\\/\"]}]},{\"@type\":\"BreadcrumbList\",\"@id\":\"https:\\\/\\\/wp.kristdemokraterna.se\\\/soderhamn\\\/kristdemokrater-i-sveriges-regering\\\/#breadcrumb\",\"itemListElement\":[{\"@type\":\"ListItem\",\"position\":1,\"name\":\"Hem\",\"item\":\"https:\\\/\\\/wp.kristdemokraterna.se\\\/soderhamn\\\/\"},{\"@type\":\"ListItem\",\"position\":2,\"name\":\"Kristdemokraterna i Sveriges regering\"}]},{\"@type\":\"WebSite\",\"@id\":\"https:\\\/\\\/wp.kristdemokraterna.se\\\/soderhamn\\\/#website\",\"url\":\"https:\\\/\\\/wp.kristdemokraterna.se\\\/soderhamn\\\/\",\"name\":\"Kristdemokraterna i S\u00f6derhamn\",\"description\":\"Kristdemokraterna i S\u00f6derhamn\",\"inLanguage\":\"sv-SE\"},{\"@type\":\"Person\",\"@id\":\"https:\\\/\\\/wp.kristdemokraterna.se\\\/soderhamn\\\/#\\\/schema\\\/person\\\/6f1f8de77f4cd9a08a7697edfcc5122c\",\"name\":\"Carro\",\"image\":{\"@type\":\"ImageObject\",\"inLanguage\":\"sv-SE\",\"@id\":\"https:\\\/\\\/secure.gravatar.com\\\/avatar\\\/2c035b735c70de8d655a370077448c41e06e66f879db067dae03e810e16a5ee0?s=96&d=mm&r=g\",\"url\":\"https:\\\/\\\/secure.gravatar.com\\\/avatar\\\/2c035b735c70de8d655a370077448c41e06e66f879db067dae03e810e16a5ee0?s=96&d=mm&r=g\",\"contentUrl\":\"https:\\\/\\\/secure.gravatar.com\\\/avatar\\\/2c035b735c70de8d655a370077448c41e06e66f879db067dae03e810e16a5ee0?s=96&d=mm&r=g\",\"caption\":\"Carro\"},\"sameAs\":[\"https:\\\/\\\/www.facebook.com\\\/carro.oberg\"],\"url\":\"https:\\\/\\\/wp.kristdemokraterna.se\\\/soderhamn\\\/author\\\/carro\\\/\"}]}<\/script>\n<!-- \/ Yoast SEO plugin. -->","yoast_head_json":{"title":"Kristdemokraterna i Sveriges regering - Kristdemokraterna i S\u00f6derhamn","description":"Kristdemokraterna har sex statsr\u00e5d i Sveriges regering. H\u00e4r \u00e4r en presentation och information om samtliga.","robots":{"index":"index","follow":"follow","max-snippet":"max-snippet:-1","max-image-preview":"max-image-preview:large","max-video-preview":"max-video-preview:-1"},"canonical":"https:\/\/wp.kristdemokraterna.se\/soderhamn\/kristdemokrater-i-sveriges-regering\/","og_locale":"sv_SE","og_type":"article","og_title":"Kristdemokraterna i Sveriges regering - Kristdemokraterna i S\u00f6derhamn","og_description":"Kristdemokraterna har sex statsr\u00e5d i Sveriges regering. H\u00e4r \u00e4r en presentation och information om samtliga.","og_url":"https:\/\/wp.kristdemokraterna.se\/soderhamn\/kristdemokrater-i-sveriges-regering\/","og_site_name":"Kristdemokraterna i S\u00f6derhamn","article_author":"https:\/\/www.facebook.com\/carro.oberg","article_published_time":"2022-10-20T09:26:39+00:00","author":"Carro","twitter_card":"summary_large_image","twitter_misc":{"Skriven av":"Carro","Ber\u00e4knad l\u00e4stid":"2 minuter"},"schema":{"@context":"https:\/\/schema.org","@graph":[{"@type":"Article","@id":"https:\/\/wp.kristdemokraterna.se\/soderhamn\/kristdemokrater-i-sveriges-regering\/#article","isPartOf":{"@id":"https:\/\/wp.kristdemokraterna.se\/soderhamn\/kristdemokrater-i-sveriges-regering\/"},"author":{"name":"Carro","@id":"https:\/\/wp.kristdemokraterna.se\/soderhamn\/#\/schema\/person\/6f1f8de77f4cd9a08a7697edfcc5122c"},"headline":"Kristdemokraterna i Sveriges regering","datePublished":"2022-10-20T09:26:39+00:00","mainEntityOfPage":{"@id":"https:\/\/wp.kristdemokraterna.se\/soderhamn\/kristdemokrater-i-sveriges-regering\/"},"wordCount":448,"articleSection":["Inl\u00e4gg","Nyheter"],"inLanguage":"sv-SE"},{"@type":"WebPage","@id":"https:\/\/wp.kristdemokraterna.se\/soderhamn\/kristdemokrater-i-sveriges-regering\/","url":"https:\/\/wp.kristdemokraterna.se\/soderhamn\/kristdemokrater-i-sveriges-regering\/","name":"Kristdemokraterna i Sveriges regering - Kristdemokraterna i S\u00f6derhamn","isPartOf":{"@id":"https:\/\/wp.kristdemokraterna.se\/soderhamn\/#website"},"datePublished":"2022-10-20T09:26:39+00:00","author":{"@id":"https:\/\/wp.kristdemokraterna.se\/soderhamn\/#\/schema\/person\/6f1f8de77f4cd9a08a7697edfcc5122c"},"description":"Kristdemokraterna har sex statsr\u00e5d i Sveriges regering. H\u00e4r \u00e4r en presentation och information om samtliga.","breadcrumb":{"@id":"https:\/\/wp.kristdemokraterna.se\/soderhamn\/kristdemokrater-i-sveriges-regering\/#breadcrumb"},"inLanguage":"sv-SE","potentialAction":[{"@type":"ReadAction","target":["https:\/\/wp.kristdemokraterna.se\/soderhamn\/kristdemokrater-i-sveriges-regering\/"]}]},{"@type":"BreadcrumbList","@id":"https:\/\/wp.kristdemokraterna.se\/soderhamn\/kristdemokrater-i-sveriges-regering\/#breadcrumb","itemListElement":[{"@type":"ListItem","position":1,"name":"Hem","item":"https:\/\/wp.kristdemokraterna.se\/soderhamn\/"},{"@type":"ListItem","position":2,"name":"Kristdemokraterna i Sveriges regering"}]},{"@type":"WebSite","@id":"https:\/\/wp.kristdemokraterna.se\/soderhamn\/#website","url":"https:\/\/wp.kristdemokraterna.se\/soderhamn\/","name":"Kristdemokraterna i S\u00f6derhamn","description":"Kristdemokraterna i S\u00f6derhamn","inLanguage":"sv-SE"},{"@type":"Person","@id":"https:\/\/wp.kristdemokraterna.se\/soderhamn\/#\/schema\/person\/6f1f8de77f4cd9a08a7697edfcc5122c","name":"Carro","image":{"@type":"ImageObject","inLanguage":"sv-SE","@id":"https:\/\/secure.gravatar.com\/avatar\/2c035b735c70de8d655a370077448c41e06e66f879db067dae03e810e16a5ee0?s=96&d=mm&r=g","url":"https:\/\/secure.gravatar.com\/avatar\/2c035b735c70de8d655a370077448c41e06e66f879db067dae03e810e16a5ee0?s=96&d=mm&r=g","contentUrl":"https:\/\/secure.gravatar.com\/avatar\/2c035b735c70de8d655a370077448c41e06e66f879db067dae03e810e16a5ee0?s=96&d=mm&r=g","caption":"Carro"},"sameAs":["https:\/\/www.facebook.com\/carro.oberg"],"url":"https:\/\/wp.kristdemokraterna.se\/soderhamn\/author\/carro\/"}]}},"_links":{"self":[{"href":"https:\/\/wp.kristdemokraterna.se\/soderhamn\/wp-json\/wp\/v2\/posts\/721","targetHints":{"allow":["GET"]}}],"collection":[{"href":"https:\/\/wp.kristdemokraterna.se\/soderhamn\/wp-json\/wp\/v2\/posts"}],"about":[{"href":"https:\/\/wp.kristdemokraterna.se\/soderhamn\/wp-json\/wp\/v2\/types\/post"}],"author":[{"embeddable":true,"href":"https:\/\/wp.kristdemokraterna.se\/soderhamn\/wp-json\/wp\/v2\/users\/1026"}],"replies":[{"embeddable":true,"href":"https:\/\/wp.kristdemokraterna.se\/soderhamn\/wp-json\/wp\/v2\/comments?post=721"}],"version-history":[{"count":1,"href":"https:\/\/wp.kristdemokraterna.se\/soderhamn\/wp-json\/wp\/v2\/posts\/721\/revisions"}],"predecessor-version":[{"id":723,"href":"https:\/\/wp.kristdemokraterna.se\/soderhamn\/wp-json\/wp\/v2\/posts\/721\/revisions\/723"}],"wp:attachment":[{"href":"https:\/\/wp.kristdemokraterna.se\/soderhamn\/wp-json\/wp\/v2\/media?parent=721"}],"wp:term":[{"taxonomy":"category","embeddable":true,"href":"https:\/\/wp.kristdemokraterna.se\/soderhamn\/wp-json\/wp\/v2\/categories?post=721"},{"taxonomy":"post_tag","embeddable":true,"href":"https:\/\/wp.kristdemokraterna.se\/soderhamn\/wp-json\/wp\/v2\/tags?post=721"}],"curies":[{"name":"wp","href":"https:\/\/api.w.org\/{rel}","templated":true}]}}