{"id":764,"date":"2024-02-04T13:09:13","date_gmt":"2024-02-04T12:09:13","guid":{"rendered":"https:\/\/wp.kristdemokraterna.se\/soderhamn\/?p=764"},"modified":"2024-02-04T13:19:25","modified_gmt":"2024-02-04T12:19:25","slug":"arsmote-2024","status":"publish","type":"post","link":"https:\/\/wp.kristdemokraterna.se\/soderhamn\/arsmote-2024\/","title":{"rendered":"\u00c5rsm\u00f6te 2024"},"content":{"rendered":"<p>Vi \u00f6nskar alla v\u00e5ra medlemmar v\u00e4lkommen till \u00e5rsm\u00f6tet torsdag den 8 februari. M\u00f6tet h\u00e5lls p\u00e5 Nejlikan (bredvid \u00c5-K Thai) klockan 18.00. D\u00e4r kommer vi g\u00e5 igenom sedvanliga m\u00f6teshandlingar, prata om l\u00e4get i kommunen, v\u00e4lja ledam\u00f6ter till styrelsen mm.<\/p>\n<p><a href=\"http:\/\/wp.kristdemokraterna.se\/soderhamn\/files\/2024\/02\/marcus-lof-hallstrom.jpeg\"><img loading=\"lazy\" decoding=\"async\" class=\"aligncenter size-full wp-image-766\" src=\"http:\/\/wp.kristdemokraterna.se\/soderhamn\/files\/2024\/02\/marcus-lof-hallstrom.jpeg\" alt=\"Marcus L\u00f6f H\u00e4llstr\u00f6m, KD i Bolln\u00e4s\" width=\"204\" height=\"206\" srcset=\"https:\/\/wp.kristdemokraterna.se\/soderhamn\/files\/2024\/02\/marcus-lof-hallstrom.jpeg 204w, https:\/\/wp.kristdemokraterna.se\/soderhamn\/files\/2024\/02\/marcus-lof-hallstrom-150x150.jpeg 150w, https:\/\/wp.kristdemokraterna.se\/soderhamn\/files\/2024\/02\/marcus-lof-hallstrom-198x200.jpeg 198w, https:\/\/wp.kristdemokraterna.se\/soderhamn\/files\/2024\/02\/marcus-lof-hallstrom-90x90.jpeg 90w, https:\/\/wp.kristdemokraterna.se\/soderhamn\/files\/2024\/02\/marcus-lof-hallstrom-55x56.jpeg 55w\" sizes=\"auto, (max-width: 204px) 100vw, 204px\" \/><\/a><\/p>\n<p>Marcus L\u00f6f H\u00e4llstr\u00f6m fr\u00e5n Bolln\u00e4s bes\u00f6ker ocks\u00e5 v\u00e5rt m\u00f6te. Han kommer dels att ber\u00e4tta sin &#8221;historia&#8221;, men \u00e4ven tala om det kommande valet till Europaparlamentet den 9 juni 2024. Marcus st\u00e5r n\u00e4mligen som en av tv\u00e5 G\u00e4vleborgare, p\u00e5 listan f\u00f6r Kristdemokraternas f\u00f6reslag till Europaparlamentet, vilket vi \u00e4r otroligt stolta \u00f6ver. Den andra representanten fr\u00e5n G\u00e4vleborg \u00e4r v\u00e5r ombudsman Annika fr\u00e5n Hofors.<\/p>\n<p>Vi hoppas att s\u00e5 m\u00e5nga medlemmar som m\u00f6jligt dyker upp. Kontakta oss g\u00e4rna om du har n\u00e5gra fr\u00e5gor eller funderingar &#8211; annars syns vi p\u00e5 torsdag.<\/p>\n<p>V\u00e4l m\u00f6tt \ud83d\udc99<\/p>\n","protected":false},"excerpt":{"rendered":"<p>Vi \u00f6nskar alla v\u00e5ra medlemmar v\u00e4lkommen till \u00e5rsm\u00f6tet torsdag den 8 februari. M\u00f6tet h\u00e5lls p\u00e5 Nejlikan (bredvid \u00c5-K Thai) klockan 18.00. D\u00e4r kommer vi g\u00e5 igenom sedvanliga m\u00f6teshandlingar, prata om l\u00e4get i kommunen, v\u00e4lja ledam\u00f6ter till styrelsen mm. Marcus L\u00f6f H\u00e4llstr\u00f6m fr\u00e5n Bolln\u00e4s bes\u00f6ker ocks\u00e5 v\u00e5rt m\u00f6te. Han kommer dels att ber\u00e4tta sin &#8221;historia&#8221;, men <a class=\"read-more-link\" href=\"https:\/\/wp.kristdemokraterna.se\/soderhamn\/arsmote-2024\/\">L\u00e4s mer<\/a><\/p>\n","protected":false},"author":1026,"featured_media":0,"comment_status":"closed","ping_status":"closed","sticky":false,"template":"","format":"standard","meta":{"_acf_changed":false,"footnotes":""},"categories":[4,10],"tags":[],"class_list":["post-764","post","type-post","status-publish","format-standard","hentry","category-i-kommunen","category-nyheter"],"acf":[],"yoast_head":"<!-- This site is optimized with the Yoast SEO plugin v27.4 - https:\/\/yoast.com\/product\/yoast-seo-wordpress\/ -->\n<title>\u00c5rsm\u00f6te 2024 - Kristdemokraterna i S\u00f6derhamn<\/title>\n<meta name=\"description\" content=\"Kristdemokraterna i S\u00f6derhamn har \u00e5rsm\u00f6te den 8 februari p\u00e5 Nejlikan i S\u00f6derhamn. Vi g\u00e5r igenom sedvanliga handlingar, pratar om l\u00e4get i kommunen samt f\u00e5r bes\u00f6k av Marcus L\u00f6f H\u00e4llstr\u00f6m, Bolln\u00e4s, som kandiderar i Europaparlamentsvalet f\u00f6r Kristdemokraterna.\" \/>\n<meta name=\"robots\" content=\"index, follow, max-snippet:-1, max-image-preview:large, max-video-preview:-1\" \/>\n<link rel=\"canonical\" href=\"https:\/\/wp.kristdemokraterna.se\/soderhamn\/arsmote-2024\/\" \/>\n<meta property=\"og:locale\" content=\"sv_SE\" \/>\n<meta property=\"og:type\" content=\"article\" \/>\n<meta property=\"og:title\" content=\"\u00c5rsm\u00f6te 2024 - Kristdemokraterna i S\u00f6derhamn\" \/>\n<meta property=\"og:description\" content=\"Kristdemokraterna i S\u00f6derhamn har \u00e5rsm\u00f6te den 8 februari p\u00e5 Nejlikan i S\u00f6derhamn. Vi g\u00e5r igenom sedvanliga handlingar, pratar om l\u00e4get i kommunen samt f\u00e5r bes\u00f6k av Marcus L\u00f6f H\u00e4llstr\u00f6m, Bolln\u00e4s, som kandiderar i Europaparlamentsvalet f\u00f6r Kristdemokraterna.\" \/>\n<meta property=\"og:url\" content=\"https:\/\/wp.kristdemokraterna.se\/soderhamn\/arsmote-2024\/\" \/>\n<meta property=\"og:site_name\" content=\"Kristdemokraterna i S\u00f6derhamn\" \/>\n<meta property=\"article:author\" content=\"https:\/\/www.facebook.com\/carro.oberg\" \/>\n<meta property=\"article:published_time\" content=\"2024-02-04T12:09:13+00:00\" \/>\n<meta property=\"article:modified_time\" content=\"2024-02-04T12:19:25+00:00\" \/>\n<meta property=\"og:image\" content=\"http:\/\/wp.kristdemokraterna.se\/soderhamn\/files\/2024\/02\/marcus-lof-hallstrom.jpeg\" \/>\n<meta name=\"author\" content=\"Carro\" \/>\n<meta name=\"twitter:card\" content=\"summary_large_image\" \/>\n<meta name=\"twitter:label1\" content=\"Skriven av\" \/>\n\t<meta name=\"twitter:data1\" content=\"Carro\" \/>\n\t<meta name=\"twitter:label2\" content=\"Ber\u00e4knad l\u00e4stid\" \/>\n\t<meta name=\"twitter:data2\" content=\"1 minut\" \/>\n<script type=\"application\/ld+json\" class=\"yoast-schema-graph\">{\"@context\":\"https:\\\/\\\/schema.org\",\"@graph\":[{\"@type\":\"Article\",\"@id\":\"https:\\\/\\\/wp.kristdemokraterna.se\\\/soderhamn\\\/arsmote-2024\\\/#article\",\"isPartOf\":{\"@id\":\"https:\\\/\\\/wp.kristdemokraterna.se\\\/soderhamn\\\/arsmote-2024\\\/\"},\"author\":{\"name\":\"Carro\",\"@id\":\"https:\\\/\\\/wp.kristdemokraterna.se\\\/soderhamn\\\/#\\\/schema\\\/person\\\/6f1f8de77f4cd9a08a7697edfcc5122c\"},\"headline\":\"\u00c5rsm\u00f6te 2024\",\"datePublished\":\"2024-02-04T12:09:13+00:00\",\"dateModified\":\"2024-02-04T12:19:25+00:00\",\"mainEntityOfPage\":{\"@id\":\"https:\\\/\\\/wp.kristdemokraterna.se\\\/soderhamn\\\/arsmote-2024\\\/\"},\"wordCount\":160,\"image\":{\"@id\":\"https:\\\/\\\/wp.kristdemokraterna.se\\\/soderhamn\\\/arsmote-2024\\\/#primaryimage\"},\"thumbnailUrl\":\"http:\\\/\\\/wp.kristdemokraterna.se\\\/soderhamn\\\/files\\\/2024\\\/02\\\/marcus-lof-hallstrom.jpeg\",\"articleSection\":[\"I Kommunen\",\"Nyheter\"],\"inLanguage\":\"sv-SE\"},{\"@type\":\"WebPage\",\"@id\":\"https:\\\/\\\/wp.kristdemokraterna.se\\\/soderhamn\\\/arsmote-2024\\\/\",\"url\":\"https:\\\/\\\/wp.kristdemokraterna.se\\\/soderhamn\\\/arsmote-2024\\\/\",\"name\":\"\u00c5rsm\u00f6te 2024 - Kristdemokraterna i S\u00f6derhamn\",\"isPartOf\":{\"@id\":\"https:\\\/\\\/wp.kristdemokraterna.se\\\/soderhamn\\\/#website\"},\"primaryImageOfPage\":{\"@id\":\"https:\\\/\\\/wp.kristdemokraterna.se\\\/soderhamn\\\/arsmote-2024\\\/#primaryimage\"},\"image\":{\"@id\":\"https:\\\/\\\/wp.kristdemokraterna.se\\\/soderhamn\\\/arsmote-2024\\\/#primaryimage\"},\"thumbnailUrl\":\"http:\\\/\\\/wp.kristdemokraterna.se\\\/soderhamn\\\/files\\\/2024\\\/02\\\/marcus-lof-hallstrom.jpeg\",\"datePublished\":\"2024-02-04T12:09:13+00:00\",\"dateModified\":\"2024-02-04T12:19:25+00:00\",\"author\":{\"@id\":\"https:\\\/\\\/wp.kristdemokraterna.se\\\/soderhamn\\\/#\\\/schema\\\/person\\\/6f1f8de77f4cd9a08a7697edfcc5122c\"},\"description\":\"Kristdemokraterna i S\u00f6derhamn har \u00e5rsm\u00f6te den 8 februari p\u00e5 Nejlikan i S\u00f6derhamn. Vi g\u00e5r igenom sedvanliga handlingar, pratar om l\u00e4get i kommunen samt f\u00e5r bes\u00f6k av Marcus L\u00f6f H\u00e4llstr\u00f6m, Bolln\u00e4s, som kandiderar i Europaparlamentsvalet f\u00f6r Kristdemokraterna.\",\"breadcrumb\":{\"@id\":\"https:\\\/\\\/wp.kristdemokraterna.se\\\/soderhamn\\\/arsmote-2024\\\/#breadcrumb\"},\"inLanguage\":\"sv-SE\",\"potentialAction\":[{\"@type\":\"ReadAction\",\"target\":[\"https:\\\/\\\/wp.kristdemokraterna.se\\\/soderhamn\\\/arsmote-2024\\\/\"]}]},{\"@type\":\"ImageObject\",\"inLanguage\":\"sv-SE\",\"@id\":\"https:\\\/\\\/wp.kristdemokraterna.se\\\/soderhamn\\\/arsmote-2024\\\/#primaryimage\",\"url\":\"http:\\\/\\\/wp.kristdemokraterna.se\\\/soderhamn\\\/files\\\/2024\\\/02\\\/marcus-lof-hallstrom.jpeg\",\"contentUrl\":\"http:\\\/\\\/wp.kristdemokraterna.se\\\/soderhamn\\\/files\\\/2024\\\/02\\\/marcus-lof-hallstrom.jpeg\"},{\"@type\":\"BreadcrumbList\",\"@id\":\"https:\\\/\\\/wp.kristdemokraterna.se\\\/soderhamn\\\/arsmote-2024\\\/#breadcrumb\",\"itemListElement\":[{\"@type\":\"ListItem\",\"position\":1,\"name\":\"Hem\",\"item\":\"https:\\\/\\\/wp.kristdemokraterna.se\\\/soderhamn\\\/\"},{\"@type\":\"ListItem\",\"position\":2,\"name\":\"\u00c5rsm\u00f6te 2024\"}]},{\"@type\":\"WebSite\",\"@id\":\"https:\\\/\\\/wp.kristdemokraterna.se\\\/soderhamn\\\/#website\",\"url\":\"https:\\\/\\\/wp.kristdemokraterna.se\\\/soderhamn\\\/\",\"name\":\"Kristdemokraterna i S\u00f6derhamn\",\"description\":\"Kristdemokraterna i S\u00f6derhamn\",\"inLanguage\":\"sv-SE\"},{\"@type\":\"Person\",\"@id\":\"https:\\\/\\\/wp.kristdemokraterna.se\\\/soderhamn\\\/#\\\/schema\\\/person\\\/6f1f8de77f4cd9a08a7697edfcc5122c\",\"name\":\"Carro\",\"image\":{\"@type\":\"ImageObject\",\"inLanguage\":\"sv-SE\",\"@id\":\"https:\\\/\\\/secure.gravatar.com\\\/avatar\\\/2c035b735c70de8d655a370077448c41e06e66f879db067dae03e810e16a5ee0?s=96&d=mm&r=g\",\"url\":\"https:\\\/\\\/secure.gravatar.com\\\/avatar\\\/2c035b735c70de8d655a370077448c41e06e66f879db067dae03e810e16a5ee0?s=96&d=mm&r=g\",\"contentUrl\":\"https:\\\/\\\/secure.gravatar.com\\\/avatar\\\/2c035b735c70de8d655a370077448c41e06e66f879db067dae03e810e16a5ee0?s=96&d=mm&r=g\",\"caption\":\"Carro\"},\"sameAs\":[\"https:\\\/\\\/www.facebook.com\\\/carro.oberg\"],\"url\":\"https:\\\/\\\/wp.kristdemokraterna.se\\\/soderhamn\\\/author\\\/carro\\\/\"}]}<\/script>\n<!-- \/ Yoast SEO plugin. -->","yoast_head_json":{"title":"\u00c5rsm\u00f6te 2024 - Kristdemokraterna i S\u00f6derhamn","description":"Kristdemokraterna i S\u00f6derhamn har \u00e5rsm\u00f6te den 8 februari p\u00e5 Nejlikan i S\u00f6derhamn. Vi g\u00e5r igenom sedvanliga handlingar, pratar om l\u00e4get i kommunen samt f\u00e5r bes\u00f6k av Marcus L\u00f6f H\u00e4llstr\u00f6m, Bolln\u00e4s, som kandiderar i Europaparlamentsvalet f\u00f6r Kristdemokraterna.","robots":{"index":"index","follow":"follow","max-snippet":"max-snippet:-1","max-image-preview":"max-image-preview:large","max-video-preview":"max-video-preview:-1"},"canonical":"https:\/\/wp.kristdemokraterna.se\/soderhamn\/arsmote-2024\/","og_locale":"sv_SE","og_type":"article","og_title":"\u00c5rsm\u00f6te 2024 - Kristdemokraterna i S\u00f6derhamn","og_description":"Kristdemokraterna i S\u00f6derhamn har \u00e5rsm\u00f6te den 8 februari p\u00e5 Nejlikan i S\u00f6derhamn. Vi g\u00e5r igenom sedvanliga handlingar, pratar om l\u00e4get i kommunen samt f\u00e5r bes\u00f6k av Marcus L\u00f6f H\u00e4llstr\u00f6m, Bolln\u00e4s, som kandiderar i Europaparlamentsvalet f\u00f6r Kristdemokraterna.","og_url":"https:\/\/wp.kristdemokraterna.se\/soderhamn\/arsmote-2024\/","og_site_name":"Kristdemokraterna i S\u00f6derhamn","article_author":"https:\/\/www.facebook.com\/carro.oberg","article_published_time":"2024-02-04T12:09:13+00:00","article_modified_time":"2024-02-04T12:19:25+00:00","og_image":[{"url":"http:\/\/wp.kristdemokraterna.se\/soderhamn\/files\/2024\/02\/marcus-lof-hallstrom.jpeg","type":"","width":"","height":""}],"author":"Carro","twitter_card":"summary_large_image","twitter_misc":{"Skriven av":"Carro","Ber\u00e4knad l\u00e4stid":"1 minut"},"schema":{"@context":"https:\/\/schema.org","@graph":[{"@type":"Article","@id":"https:\/\/wp.kristdemokraterna.se\/soderhamn\/arsmote-2024\/#article","isPartOf":{"@id":"https:\/\/wp.kristdemokraterna.se\/soderhamn\/arsmote-2024\/"},"author":{"name":"Carro","@id":"https:\/\/wp.kristdemokraterna.se\/soderhamn\/#\/schema\/person\/6f1f8de77f4cd9a08a7697edfcc5122c"},"headline":"\u00c5rsm\u00f6te 2024","datePublished":"2024-02-04T12:09:13+00:00","dateModified":"2024-02-04T12:19:25+00:00","mainEntityOfPage":{"@id":"https:\/\/wp.kristdemokraterna.se\/soderhamn\/arsmote-2024\/"},"wordCount":160,"image":{"@id":"https:\/\/wp.kristdemokraterna.se\/soderhamn\/arsmote-2024\/#primaryimage"},"thumbnailUrl":"http:\/\/wp.kristdemokraterna.se\/soderhamn\/files\/2024\/02\/marcus-lof-hallstrom.jpeg","articleSection":["I Kommunen","Nyheter"],"inLanguage":"sv-SE"},{"@type":"WebPage","@id":"https:\/\/wp.kristdemokraterna.se\/soderhamn\/arsmote-2024\/","url":"https:\/\/wp.kristdemokraterna.se\/soderhamn\/arsmote-2024\/","name":"\u00c5rsm\u00f6te 2024 - Kristdemokraterna i S\u00f6derhamn","isPartOf":{"@id":"https:\/\/wp.kristdemokraterna.se\/soderhamn\/#website"},"primaryImageOfPage":{"@id":"https:\/\/wp.kristdemokraterna.se\/soderhamn\/arsmote-2024\/#primaryimage"},"image":{"@id":"https:\/\/wp.kristdemokraterna.se\/soderhamn\/arsmote-2024\/#primaryimage"},"thumbnailUrl":"http:\/\/wp.kristdemokraterna.se\/soderhamn\/files\/2024\/02\/marcus-lof-hallstrom.jpeg","datePublished":"2024-02-04T12:09:13+00:00","dateModified":"2024-02-04T12:19:25+00:00","author":{"@id":"https:\/\/wp.kristdemokraterna.se\/soderhamn\/#\/schema\/person\/6f1f8de77f4cd9a08a7697edfcc5122c"},"description":"Kristdemokraterna i S\u00f6derhamn har \u00e5rsm\u00f6te den 8 februari p\u00e5 Nejlikan i S\u00f6derhamn. Vi g\u00e5r igenom sedvanliga handlingar, pratar om l\u00e4get i kommunen samt f\u00e5r bes\u00f6k av Marcus L\u00f6f H\u00e4llstr\u00f6m, Bolln\u00e4s, som kandiderar i Europaparlamentsvalet f\u00f6r Kristdemokraterna.","breadcrumb":{"@id":"https:\/\/wp.kristdemokraterna.se\/soderhamn\/arsmote-2024\/#breadcrumb"},"inLanguage":"sv-SE","potentialAction":[{"@type":"ReadAction","target":["https:\/\/wp.kristdemokraterna.se\/soderhamn\/arsmote-2024\/"]}]},{"@type":"ImageObject","inLanguage":"sv-SE","@id":"https:\/\/wp.kristdemokraterna.se\/soderhamn\/arsmote-2024\/#primaryimage","url":"http:\/\/wp.kristdemokraterna.se\/soderhamn\/files\/2024\/02\/marcus-lof-hallstrom.jpeg","contentUrl":"http:\/\/wp.kristdemokraterna.se\/soderhamn\/files\/2024\/02\/marcus-lof-hallstrom.jpeg"},{"@type":"BreadcrumbList","@id":"https:\/\/wp.kristdemokraterna.se\/soderhamn\/arsmote-2024\/#breadcrumb","itemListElement":[{"@type":"ListItem","position":1,"name":"Hem","item":"https:\/\/wp.kristdemokraterna.se\/soderhamn\/"},{"@type":"ListItem","position":2,"name":"\u00c5rsm\u00f6te 2024"}]},{"@type":"WebSite","@id":"https:\/\/wp.kristdemokraterna.se\/soderhamn\/#website","url":"https:\/\/wp.kristdemokraterna.se\/soderhamn\/","name":"Kristdemokraterna i S\u00f6derhamn","description":"Kristdemokraterna i S\u00f6derhamn","inLanguage":"sv-SE"},{"@type":"Person","@id":"https:\/\/wp.kristdemokraterna.se\/soderhamn\/#\/schema\/person\/6f1f8de77f4cd9a08a7697edfcc5122c","name":"Carro","image":{"@type":"ImageObject","inLanguage":"sv-SE","@id":"https:\/\/secure.gravatar.com\/avatar\/2c035b735c70de8d655a370077448c41e06e66f879db067dae03e810e16a5ee0?s=96&d=mm&r=g","url":"https:\/\/secure.gravatar.com\/avatar\/2c035b735c70de8d655a370077448c41e06e66f879db067dae03e810e16a5ee0?s=96&d=mm&r=g","contentUrl":"https:\/\/secure.gravatar.com\/avatar\/2c035b735c70de8d655a370077448c41e06e66f879db067dae03e810e16a5ee0?s=96&d=mm&r=g","caption":"Carro"},"sameAs":["https:\/\/www.facebook.com\/carro.oberg"],"url":"https:\/\/wp.kristdemokraterna.se\/soderhamn\/author\/carro\/"}]}},"_links":{"self":[{"href":"https:\/\/wp.kristdemokraterna.se\/soderhamn\/wp-json\/wp\/v2\/posts\/764","targetHints":{"allow":["GET"]}}],"collection":[{"href":"https:\/\/wp.kristdemokraterna.se\/soderhamn\/wp-json\/wp\/v2\/posts"}],"about":[{"href":"https:\/\/wp.kristdemokraterna.se\/soderhamn\/wp-json\/wp\/v2\/types\/post"}],"author":[{"embeddable":true,"href":"https:\/\/wp.kristdemokraterna.se\/soderhamn\/wp-json\/wp\/v2\/users\/1026"}],"replies":[{"embeddable":true,"href":"https:\/\/wp.kristdemokraterna.se\/soderhamn\/wp-json\/wp\/v2\/comments?post=764"}],"version-history":[{"count":3,"href":"https:\/\/wp.kristdemokraterna.se\/soderhamn\/wp-json\/wp\/v2\/posts\/764\/revisions"}],"predecessor-version":[{"id":771,"href":"https:\/\/wp.kristdemokraterna.se\/soderhamn\/wp-json\/wp\/v2\/posts\/764\/revisions\/771"}],"wp:attachment":[{"href":"https:\/\/wp.kristdemokraterna.se\/soderhamn\/wp-json\/wp\/v2\/media?parent=764"}],"wp:term":[{"taxonomy":"category","embeddable":true,"href":"https:\/\/wp.kristdemokraterna.se\/soderhamn\/wp-json\/wp\/v2\/categories?post=764"},{"taxonomy":"post_tag","embeddable":true,"href":"https:\/\/wp.kristdemokraterna.se\/soderhamn\/wp-json\/wp\/v2\/tags?post=764"}],"curies":[{"name":"wp","href":"https:\/\/api.w.org\/{rel}","templated":true}]}}