{"id":787,"date":"2024-04-11T10:09:10","date_gmt":"2024-04-11T08:09:10","guid":{"rendered":"https:\/\/wp.kristdemokraterna.se\/soderhamn\/?p=787"},"modified":"2024-04-11T10:09:50","modified_gmt":"2024-04-11T08:09:50","slug":"eu-valet-9-juni","status":"publish","type":"post","link":"https:\/\/wp.kristdemokraterna.se\/soderhamn\/eu-valet-9-juni\/","title":{"rendered":"EU-Valet 9 juni"},"content":{"rendered":"<p>Den 9 juni \u00e4r det val till Europaparlamentet. Sverige har 21 mandat i Europaparlamentet. F\u00f6r att ett parti ska vara representerat i parlamentet kr\u00e4vs minst 4% av svenska folkets r\u00f6ster. Du kan f\u00f6rtidsr\u00f6sta fr\u00e5n och med den 22 maj. Olika vallokaler har olika \u00f6ppettider och n\u00e4rmare valet kommer dessa \u00f6ppettider att presenteras. Du hittar din n\u00e4rmsta vallokal genom att tryck p\u00e5 <a href=\"https:\/\/data.val.se\/euval2024\/rostmottagning\/vallokaler\/lan\/21\/kommun\/82\">DEN H\u00c4R L\u00c4NKEN<\/a>.<\/p>\n<p>Inf\u00f6r valet 2024 har G\u00e4vleborg tv\u00e5 kandidater p\u00e5 listan: Marcus L\u00f6f H\u00e4llstr\u00f6m fr\u00e5n Bolln\u00e4s och Annika Sj\u00f6gren fr\u00e5n Hofors. Under v\u00e5ren kommer Marcus och Annika att resa runt i hela G\u00e4vleborg och tr\u00e4ffa v\u00e5ra inv\u00e5nare b\u00e5de p\u00e5 planerade event och mer spontana m\u00f6ten n\u00e4r vi kampanjar i de olika st\u00e4derna.<\/p>\n<p>I S\u00f6derhamn kommer det i samband med EU-valet vara en folkomr\u00f6stning g\u00e4llande den havsbaserade vindkraften.<\/p>\n","protected":false},"excerpt":{"rendered":"<p>Den 9 juni \u00e4r det val till Europaparlamentet. Sverige har 21 mandat i Europaparlamentet. F\u00f6r att ett parti ska vara representerat i parlamentet kr\u00e4vs minst 4% av svenska folkets r\u00f6ster. Du kan f\u00f6rtidsr\u00f6sta fr\u00e5n och med den 22 maj. Olika vallokaler har olika \u00f6ppettider och n\u00e4rmare valet kommer dessa \u00f6ppettider att presenteras. Du hittar din <a class=\"read-more-link\" href=\"https:\/\/wp.kristdemokraterna.se\/soderhamn\/eu-valet-9-juni\/\">L\u00e4s mer<\/a><\/p>\n","protected":false},"author":1026,"featured_media":0,"comment_status":"closed","ping_status":"closed","sticky":false,"template":"","format":"standard","meta":{"_acf_changed":false,"footnotes":""},"categories":[29],"tags":[],"class_list":["post-787","post","type-post","status-publish","format-standard","hentry","category-eu-val"],"acf":[],"yoast_head":"<!-- This site is optimized with the Yoast SEO plugin v27.4 - https:\/\/yoast.com\/product\/yoast-seo-wordpress\/ -->\n<title>EU-Valet 9 juni - Kristdemokraterna i S\u00f6derhamn<\/title>\n<meta name=\"description\" content=\"Den 9 juni 2024 \u00e4r det val till Europaparlamentet. F\u00f6rtidsr\u00f6stningen \u00f6ppnar den 22 maj och du kan hitta din n\u00e4rmaste vallokal h\u00e4r.\" \/>\n<meta name=\"robots\" content=\"index, follow, max-snippet:-1, max-image-preview:large, max-video-preview:-1\" \/>\n<link rel=\"canonical\" href=\"https:\/\/wp.kristdemokraterna.se\/soderhamn\/eu-valet-9-juni\/\" \/>\n<meta property=\"og:locale\" content=\"sv_SE\" \/>\n<meta property=\"og:type\" content=\"article\" \/>\n<meta property=\"og:title\" content=\"EU-Valet 9 juni - Kristdemokraterna i S\u00f6derhamn\" \/>\n<meta property=\"og:description\" content=\"Den 9 juni 2024 \u00e4r det val till Europaparlamentet. F\u00f6rtidsr\u00f6stningen \u00f6ppnar den 22 maj och du kan hitta din n\u00e4rmaste vallokal h\u00e4r.\" \/>\n<meta property=\"og:url\" content=\"https:\/\/wp.kristdemokraterna.se\/soderhamn\/eu-valet-9-juni\/\" \/>\n<meta property=\"og:site_name\" content=\"Kristdemokraterna i S\u00f6derhamn\" \/>\n<meta property=\"article:author\" content=\"https:\/\/www.facebook.com\/carro.oberg\" \/>\n<meta property=\"article:published_time\" content=\"2024-04-11T08:09:10+00:00\" \/>\n<meta property=\"article:modified_time\" content=\"2024-04-11T08:09:50+00:00\" \/>\n<meta name=\"author\" content=\"Carro\" \/>\n<meta name=\"twitter:card\" content=\"summary_large_image\" \/>\n<meta name=\"twitter:label1\" content=\"Skriven av\" \/>\n\t<meta name=\"twitter:data1\" content=\"Carro\" \/>\n\t<meta name=\"twitter:label2\" content=\"Ber\u00e4knad l\u00e4stid\" \/>\n\t<meta name=\"twitter:data2\" content=\"1 minut\" \/>\n<script type=\"application\/ld+json\" class=\"yoast-schema-graph\">{\"@context\":\"https:\\\/\\\/schema.org\",\"@graph\":[{\"@type\":\"Article\",\"@id\":\"https:\\\/\\\/wp.kristdemokraterna.se\\\/soderhamn\\\/eu-valet-9-juni\\\/#article\",\"isPartOf\":{\"@id\":\"https:\\\/\\\/wp.kristdemokraterna.se\\\/soderhamn\\\/eu-valet-9-juni\\\/\"},\"author\":{\"name\":\"Carro\",\"@id\":\"https:\\\/\\\/wp.kristdemokraterna.se\\\/soderhamn\\\/#\\\/schema\\\/person\\\/6f1f8de77f4cd9a08a7697edfcc5122c\"},\"headline\":\"EU-Valet 9 juni\",\"datePublished\":\"2024-04-11T08:09:10+00:00\",\"dateModified\":\"2024-04-11T08:09:50+00:00\",\"mainEntityOfPage\":{\"@id\":\"https:\\\/\\\/wp.kristdemokraterna.se\\\/soderhamn\\\/eu-valet-9-juni\\\/\"},\"wordCount\":157,\"articleSection\":[\"EU-val\"],\"inLanguage\":\"sv-SE\"},{\"@type\":\"WebPage\",\"@id\":\"https:\\\/\\\/wp.kristdemokraterna.se\\\/soderhamn\\\/eu-valet-9-juni\\\/\",\"url\":\"https:\\\/\\\/wp.kristdemokraterna.se\\\/soderhamn\\\/eu-valet-9-juni\\\/\",\"name\":\"EU-Valet 9 juni - Kristdemokraterna i S\u00f6derhamn\",\"isPartOf\":{\"@id\":\"https:\\\/\\\/wp.kristdemokraterna.se\\\/soderhamn\\\/#website\"},\"datePublished\":\"2024-04-11T08:09:10+00:00\",\"dateModified\":\"2024-04-11T08:09:50+00:00\",\"author\":{\"@id\":\"https:\\\/\\\/wp.kristdemokraterna.se\\\/soderhamn\\\/#\\\/schema\\\/person\\\/6f1f8de77f4cd9a08a7697edfcc5122c\"},\"description\":\"Den 9 juni 2024 \u00e4r det val till Europaparlamentet. F\u00f6rtidsr\u00f6stningen \u00f6ppnar den 22 maj och du kan hitta din n\u00e4rmaste vallokal h\u00e4r.\",\"breadcrumb\":{\"@id\":\"https:\\\/\\\/wp.kristdemokraterna.se\\\/soderhamn\\\/eu-valet-9-juni\\\/#breadcrumb\"},\"inLanguage\":\"sv-SE\",\"potentialAction\":[{\"@type\":\"ReadAction\",\"target\":[\"https:\\\/\\\/wp.kristdemokraterna.se\\\/soderhamn\\\/eu-valet-9-juni\\\/\"]}]},{\"@type\":\"BreadcrumbList\",\"@id\":\"https:\\\/\\\/wp.kristdemokraterna.se\\\/soderhamn\\\/eu-valet-9-juni\\\/#breadcrumb\",\"itemListElement\":[{\"@type\":\"ListItem\",\"position\":1,\"name\":\"Hem\",\"item\":\"https:\\\/\\\/wp.kristdemokraterna.se\\\/soderhamn\\\/\"},{\"@type\":\"ListItem\",\"position\":2,\"name\":\"EU-Valet 9 juni\"}]},{\"@type\":\"WebSite\",\"@id\":\"https:\\\/\\\/wp.kristdemokraterna.se\\\/soderhamn\\\/#website\",\"url\":\"https:\\\/\\\/wp.kristdemokraterna.se\\\/soderhamn\\\/\",\"name\":\"Kristdemokraterna i S\u00f6derhamn\",\"description\":\"Kristdemokraterna i S\u00f6derhamn\",\"inLanguage\":\"sv-SE\"},{\"@type\":\"Person\",\"@id\":\"https:\\\/\\\/wp.kristdemokraterna.se\\\/soderhamn\\\/#\\\/schema\\\/person\\\/6f1f8de77f4cd9a08a7697edfcc5122c\",\"name\":\"Carro\",\"image\":{\"@type\":\"ImageObject\",\"inLanguage\":\"sv-SE\",\"@id\":\"https:\\\/\\\/secure.gravatar.com\\\/avatar\\\/2c035b735c70de8d655a370077448c41e06e66f879db067dae03e810e16a5ee0?s=96&d=mm&r=g\",\"url\":\"https:\\\/\\\/secure.gravatar.com\\\/avatar\\\/2c035b735c70de8d655a370077448c41e06e66f879db067dae03e810e16a5ee0?s=96&d=mm&r=g\",\"contentUrl\":\"https:\\\/\\\/secure.gravatar.com\\\/avatar\\\/2c035b735c70de8d655a370077448c41e06e66f879db067dae03e810e16a5ee0?s=96&d=mm&r=g\",\"caption\":\"Carro\"},\"sameAs\":[\"https:\\\/\\\/www.facebook.com\\\/carro.oberg\"],\"url\":\"https:\\\/\\\/wp.kristdemokraterna.se\\\/soderhamn\\\/author\\\/carro\\\/\"}]}<\/script>\n<!-- \/ Yoast SEO plugin. -->","yoast_head_json":{"title":"EU-Valet 9 juni - Kristdemokraterna i S\u00f6derhamn","description":"Den 9 juni 2024 \u00e4r det val till Europaparlamentet. F\u00f6rtidsr\u00f6stningen \u00f6ppnar den 22 maj och du kan hitta din n\u00e4rmaste vallokal h\u00e4r.","robots":{"index":"index","follow":"follow","max-snippet":"max-snippet:-1","max-image-preview":"max-image-preview:large","max-video-preview":"max-video-preview:-1"},"canonical":"https:\/\/wp.kristdemokraterna.se\/soderhamn\/eu-valet-9-juni\/","og_locale":"sv_SE","og_type":"article","og_title":"EU-Valet 9 juni - Kristdemokraterna i S\u00f6derhamn","og_description":"Den 9 juni 2024 \u00e4r det val till Europaparlamentet. F\u00f6rtidsr\u00f6stningen \u00f6ppnar den 22 maj och du kan hitta din n\u00e4rmaste vallokal h\u00e4r.","og_url":"https:\/\/wp.kristdemokraterna.se\/soderhamn\/eu-valet-9-juni\/","og_site_name":"Kristdemokraterna i S\u00f6derhamn","article_author":"https:\/\/www.facebook.com\/carro.oberg","article_published_time":"2024-04-11T08:09:10+00:00","article_modified_time":"2024-04-11T08:09:50+00:00","author":"Carro","twitter_card":"summary_large_image","twitter_misc":{"Skriven av":"Carro","Ber\u00e4knad l\u00e4stid":"1 minut"},"schema":{"@context":"https:\/\/schema.org","@graph":[{"@type":"Article","@id":"https:\/\/wp.kristdemokraterna.se\/soderhamn\/eu-valet-9-juni\/#article","isPartOf":{"@id":"https:\/\/wp.kristdemokraterna.se\/soderhamn\/eu-valet-9-juni\/"},"author":{"name":"Carro","@id":"https:\/\/wp.kristdemokraterna.se\/soderhamn\/#\/schema\/person\/6f1f8de77f4cd9a08a7697edfcc5122c"},"headline":"EU-Valet 9 juni","datePublished":"2024-04-11T08:09:10+00:00","dateModified":"2024-04-11T08:09:50+00:00","mainEntityOfPage":{"@id":"https:\/\/wp.kristdemokraterna.se\/soderhamn\/eu-valet-9-juni\/"},"wordCount":157,"articleSection":["EU-val"],"inLanguage":"sv-SE"},{"@type":"WebPage","@id":"https:\/\/wp.kristdemokraterna.se\/soderhamn\/eu-valet-9-juni\/","url":"https:\/\/wp.kristdemokraterna.se\/soderhamn\/eu-valet-9-juni\/","name":"EU-Valet 9 juni - Kristdemokraterna i S\u00f6derhamn","isPartOf":{"@id":"https:\/\/wp.kristdemokraterna.se\/soderhamn\/#website"},"datePublished":"2024-04-11T08:09:10+00:00","dateModified":"2024-04-11T08:09:50+00:00","author":{"@id":"https:\/\/wp.kristdemokraterna.se\/soderhamn\/#\/schema\/person\/6f1f8de77f4cd9a08a7697edfcc5122c"},"description":"Den 9 juni 2024 \u00e4r det val till Europaparlamentet. F\u00f6rtidsr\u00f6stningen \u00f6ppnar den 22 maj och du kan hitta din n\u00e4rmaste vallokal h\u00e4r.","breadcrumb":{"@id":"https:\/\/wp.kristdemokraterna.se\/soderhamn\/eu-valet-9-juni\/#breadcrumb"},"inLanguage":"sv-SE","potentialAction":[{"@type":"ReadAction","target":["https:\/\/wp.kristdemokraterna.se\/soderhamn\/eu-valet-9-juni\/"]}]},{"@type":"BreadcrumbList","@id":"https:\/\/wp.kristdemokraterna.se\/soderhamn\/eu-valet-9-juni\/#breadcrumb","itemListElement":[{"@type":"ListItem","position":1,"name":"Hem","item":"https:\/\/wp.kristdemokraterna.se\/soderhamn\/"},{"@type":"ListItem","position":2,"name":"EU-Valet 9 juni"}]},{"@type":"WebSite","@id":"https:\/\/wp.kristdemokraterna.se\/soderhamn\/#website","url":"https:\/\/wp.kristdemokraterna.se\/soderhamn\/","name":"Kristdemokraterna i S\u00f6derhamn","description":"Kristdemokraterna i S\u00f6derhamn","inLanguage":"sv-SE"},{"@type":"Person","@id":"https:\/\/wp.kristdemokraterna.se\/soderhamn\/#\/schema\/person\/6f1f8de77f4cd9a08a7697edfcc5122c","name":"Carro","image":{"@type":"ImageObject","inLanguage":"sv-SE","@id":"https:\/\/secure.gravatar.com\/avatar\/2c035b735c70de8d655a370077448c41e06e66f879db067dae03e810e16a5ee0?s=96&d=mm&r=g","url":"https:\/\/secure.gravatar.com\/avatar\/2c035b735c70de8d655a370077448c41e06e66f879db067dae03e810e16a5ee0?s=96&d=mm&r=g","contentUrl":"https:\/\/secure.gravatar.com\/avatar\/2c035b735c70de8d655a370077448c41e06e66f879db067dae03e810e16a5ee0?s=96&d=mm&r=g","caption":"Carro"},"sameAs":["https:\/\/www.facebook.com\/carro.oberg"],"url":"https:\/\/wp.kristdemokraterna.se\/soderhamn\/author\/carro\/"}]}},"_links":{"self":[{"href":"https:\/\/wp.kristdemokraterna.se\/soderhamn\/wp-json\/wp\/v2\/posts\/787","targetHints":{"allow":["GET"]}}],"collection":[{"href":"https:\/\/wp.kristdemokraterna.se\/soderhamn\/wp-json\/wp\/v2\/posts"}],"about":[{"href":"https:\/\/wp.kristdemokraterna.se\/soderhamn\/wp-json\/wp\/v2\/types\/post"}],"author":[{"embeddable":true,"href":"https:\/\/wp.kristdemokraterna.se\/soderhamn\/wp-json\/wp\/v2\/users\/1026"}],"replies":[{"embeddable":true,"href":"https:\/\/wp.kristdemokraterna.se\/soderhamn\/wp-json\/wp\/v2\/comments?post=787"}],"version-history":[{"count":3,"href":"https:\/\/wp.kristdemokraterna.se\/soderhamn\/wp-json\/wp\/v2\/posts\/787\/revisions"}],"predecessor-version":[{"id":790,"href":"https:\/\/wp.kristdemokraterna.se\/soderhamn\/wp-json\/wp\/v2\/posts\/787\/revisions\/790"}],"wp:attachment":[{"href":"https:\/\/wp.kristdemokraterna.se\/soderhamn\/wp-json\/wp\/v2\/media?parent=787"}],"wp:term":[{"taxonomy":"category","embeddable":true,"href":"https:\/\/wp.kristdemokraterna.se\/soderhamn\/wp-json\/wp\/v2\/categories?post=787"},{"taxonomy":"post_tag","embeddable":true,"href":"https:\/\/wp.kristdemokraterna.se\/soderhamn\/wp-json\/wp\/v2\/tags?post=787"}],"curies":[{"name":"wp","href":"https:\/\/api.w.org\/{rel}","templated":true}]}}