{"id":798,"date":"2024-05-04T19:56:14","date_gmt":"2024-05-04T17:56:14","guid":{"rendered":"https:\/\/wp.kristdemokraterna.se\/soderhamn\/?p=798"},"modified":"2024-05-10T15:03:44","modified_gmt":"2024-05-10T13:03:44","slug":"fortidsrosta-fran-och-med-22-maj","status":"publish","type":"post","link":"https:\/\/wp.kristdemokraterna.se\/soderhamn\/fortidsrosta-fran-och-med-22-maj\/","title":{"rendered":"F\u00f6rtidsr\u00f6sta fr\u00e5n och med 22 maj"},"content":{"rendered":"<p>Europa st\u00e5r inf\u00f6r m\u00e5nga stora utmaningar med hotet fr\u00e5n Ryssland, irregulj\u00e4ra flyktingstr\u00f6mmar och klimatf\u00f6r\u00e4ndringar. D\u00e4rf\u00f6r \u00e4r det nu otroligt viktigt att EU g\u00e5r tillbaka till sitt <strong>k\u00e4rnuppdrag<\/strong>: att garantera <strong>fred, frihet och frihandel<\/strong>.<\/p>\n<p><strong>EU beh\u00f6ver st\u00e4rka s\u00e4kerheten och oberoendet.<\/strong> Vi st\u00e5r inf\u00f6r det allvarligaste s\u00e4kerhetspolitiska l\u00e4get sedan andra v\u00e4rldskriget. F\u00f6rsvarsindustrin beh\u00f6ver f\u00f6rst\u00e4rkas, Frontex (Europeiska gr\u00e4ns- och kustbevakningen) beh\u00f6ver ut\u00f6kas f\u00f6r att s\u00e4kra v\u00e5ra gr\u00e4nser och beroendet av Kina m\u00e5ste minska.<\/p>\n<p>Vi vill verka f\u00f6r det vi kallar <strong>Migrationspakt 2.0<\/strong> som skulle leda till en ordnad och stram asylmigration d\u00e4r vi v\u00e4xlar \u00f6ver p\u00e5 ett kvotflyktingsystem, d\u00e4r man s\u00f6ker asyl redan innan man kommer till Europa. Asyl ska i f\u00f6rsta hand riktas till de mest beh\u00f6vande \u2013 ofta kvinnor, barn och \u00e4ldre \u2013 och de som s\u00f6ker sig till EU via lagliga v\u00e4gar. En stor del av de migranter som nu kommer har inte skyddssk\u00e4l. Migrationspakt 2.0 verkar ocks\u00e5 f\u00f6r att de som tar den farliga v\u00e4gen \u00f6ver Medelhavet ska ha en nackdel j\u00e4mf\u00f6rt med andra asyls\u00f6kande. Det skapar mer ordning, mer trygghet och legala v\u00e4gar in i Europa. Den fria r\u00f6rligheten inom unionen kr\u00e4ver starkare yttre gr\u00e4nser.<\/p>\n<p>Vi beh\u00f6ver en <strong>realistisk klimatpolitik<\/strong> f\u00f6r att uppn\u00e5 ett klimatneutralt EU \u00e5r 2050. Vi vill p\u00e5skynda elektrifieringen och snabba p\u00e5 investeringarna i ny k\u00e4rnkraft. All politik som f\u00f6rs m\u00e5ste vara h\u00e5llbar. Det g\u00e4ller sj\u00e4lvklart \u00e4ven klimatpolitiken. Begreppet &#8221;h\u00e5llbarhet&#8221; bygger p\u00e5 tre grundpelare: ekonomiskt, socialt och milj\u00f6m\u00e4ssigt ansvar. Om man stirrar sig blind p\u00e5 enbart det sista n\u00e4mnda (som partierna i oppositionen g\u00f6r), fallerar den ekonomiska och d\u00e4refter den sociala delen. M\u00e5len med den svenska klimatpolitiken \u00e4r att vi ska vara klimatneutrala redan 2045: 5 \u00e5r tidigare \u00e4n \u00f6vriga Europa.<\/p>\n<p>EU ska inte styra \u00f6ver saker som vi som nation b\u00e4ttre hanterar. Vi \u00e4r djupt oroade \u00f6ver den maktf\u00f6rflyttning som p\u00e5g\u00e5tt fr\u00e5n respektive l\u00e4nder till Bryssel. EU ska inte styra v\u00e5ra arbetstider (direktiv som idag lett till massupps\u00e4gningar inom exempelvis brandk\u00e5r och ambulans), best\u00e4mma om vitt snus vara eller icke vara, diktera villkor f\u00f6r v\u00e5ra A-traktorer d\u00e4r s\u00e4rskilt landsbygdens ungdomar blir lidande eller s\u00e4ga \u00e5t oss hur vi ska bruka v\u00e5r skog. Sverige ska \u00f6ka sin sj\u00e4lvf\u00f6rs\u00f6rjningsf\u00f6rm\u00e5ga och skogen m\u00e5ste brukas om vi ska bibeh\u00e5lla v\u00e5r ekonomi samt klara milj\u00f6- och klimatm\u00e5len. Sverige har idag \u00f6ver 300 000 privata skogs\u00e4gare som borgar f\u00f6r ett differentierat brukande och en fantastisk biologisk m\u00e5ngfald. Den svenska skogen ser olika ut i olika delar av landet och det \u00e4r \u00e4nnu st\u00f6rre skillnad mellan skogen i Sverige och skog i andra EU-l\u00e4nder. D\u00e4rf\u00f6r ska skogsbruket INTE regleras p\u00e5 EU-niv\u00e5 utan p\u00e5 en nationell niv\u00e5.<\/p>\n<p>Ovanst\u00e5ende omr\u00e5den \u00e4r alla exempel d\u00e4r <strong>s<\/strong><strong>ubsidaritetsprincipen<\/strong> m\u00e5ste till\u00e4mpas. Subsidaritetsprincipen \u00e4r ett komplicerat ord f\u00f6r en av Kristdemokraternas grundprinciper: beslut ska tas p\u00e5 l\u00e4gsta \u00e4ndam\u00e5lsenliga niv\u00e5: Det familjen kan best\u00e4mma p\u00e5 egen hand ska inte kommunerna l\u00e4gga sig i. Det kommunerna klarar f\u00e5r inte bli en fr\u00e5ga f\u00f6r riksdag och regering. Fr\u00e5gor om v\u00e5r egen arbetsmarknad, familjepolitik och v\u00e4lf\u00e4rd hanterar vi i Sverige b\u00e4ttre &#8211; d\u00e4r ska EU inte l\u00e4gga sig i. EU ska \u00e4gna sig \u00e5t sina k\u00e4rnuppdrag: att verka f\u00f6r fred, frihet och frihandel.<\/p>\n<p><a href=\"http:\/\/wp.kristdemokraterna.se\/soderhamn\/files\/2024\/05\/picsart_24-05-05_12-08-45-811-scaled.jpg\"><img loading=\"lazy\" decoding=\"async\" class=\"aligncenter size-full wp-image-806\" src=\"http:\/\/wp.kristdemokraterna.se\/soderhamn\/files\/2024\/05\/picsart_24-05-05_12-08-45-811-scaled.jpg\" alt=\"Alice Teodorescu M\u00e5we p\u00e5 KD-dagarna 2024\" width=\"2479\" height=\"2560\" srcset=\"https:\/\/wp.kristdemokraterna.se\/soderhamn\/files\/2024\/05\/picsart_24-05-05_12-08-45-811-scaled.jpg 2479w, https:\/\/wp.kristdemokraterna.se\/soderhamn\/files\/2024\/05\/picsart_24-05-05_12-08-45-811-291x300.jpg 291w, https:\/\/wp.kristdemokraterna.se\/soderhamn\/files\/2024\/05\/picsart_24-05-05_12-08-45-811-992x1024.jpg 992w, https:\/\/wp.kristdemokraterna.se\/soderhamn\/files\/2024\/05\/picsart_24-05-05_12-08-45-811-768x793.jpg 768w, https:\/\/wp.kristdemokraterna.se\/soderhamn\/files\/2024\/05\/picsart_24-05-05_12-08-45-811-1488x1536.jpg 1488w, https:\/\/wp.kristdemokraterna.se\/soderhamn\/files\/2024\/05\/picsart_24-05-05_12-08-45-811-1984x2048.jpg 1984w, https:\/\/wp.kristdemokraterna.se\/soderhamn\/files\/2024\/05\/picsart_24-05-05_12-08-45-811-194x200.jpg 194w, https:\/\/wp.kristdemokraterna.se\/soderhamn\/files\/2024\/05\/picsart_24-05-05_12-08-45-811-370x382.jpg 370w, https:\/\/wp.kristdemokraterna.se\/soderhamn\/files\/2024\/05\/picsart_24-05-05_12-08-45-811-770x795.jpg 770w, https:\/\/wp.kristdemokraterna.se\/soderhamn\/files\/2024\/05\/picsart_24-05-05_12-08-45-811-450x465.jpg 450w, https:\/\/wp.kristdemokraterna.se\/soderhamn\/files\/2024\/05\/picsart_24-05-05_12-08-45-811-280x289.jpg 280w, https:\/\/wp.kristdemokraterna.se\/soderhamn\/files\/2024\/05\/picsart_24-05-05_12-08-45-811-340x351.jpg 340w, https:\/\/wp.kristdemokraterna.se\/soderhamn\/files\/2024\/05\/picsart_24-05-05_12-08-45-811-54x56.jpg 54w\" sizes=\"auto, (max-width: 2479px) 100vw, 2479px\" \/><\/a><\/p>\n<p>Framtidens EU beh\u00f6ver gr\u00e4nser och frihet och det \u00e4r ocks\u00e5 dessa ledord som vi g\u00e5r till val p\u00e5 den 9 juni: <strong>Gr\u00e4nser och Frihet<\/strong>. Vid rodret mot ett starkare, men smalare EU, \u00e4r vi i Kristdemokraterna stolta \u00f6ver att ha Alice Teodorescu M\u00e5we som f\u00f6rstanamn p\u00e5 EU-listan. Alice har alltid varit en tydlig borgerlig r\u00f6st i samh\u00e4llsdebatten i sin roll som politisk redakt\u00f6r och opinionsbildare. Nu har hon tagit klivet ner fr\u00e5n l\u00e4ktaren och steget ut i politiken. Kristdemokraterna \u00e4r det enda v\u00e4rderingsdrivna partiet och Alice kommer forts\u00e4tta att med klarspr\u00e5k, erfarenhet och klokhet arbeta f\u00f6r ett tryggare och s\u00e4krare Europa.<\/p>\n<p>\/Carro \u00d6berg, Vice Ordf\u00f6rande i Kristdemokraterna i S\u00f6derhamn<\/p>\n<p>&nbsp;<\/p>\n<p><strong>F\u00f6rtidsr\u00f6stningen \u00f6ppnar onsdag den 22 maj<\/strong>. Du ska d\u00e5 ha f\u00e5tt ditt personliga r\u00f6stkort med posten. Du beh\u00f6ver ha med dig r\u00f6stkortet och giltig legitimation f\u00f6r att kunna r\u00f6sta. Om du vill r\u00f6sta p\u00e5 valdagen, st\u00e5r det p\u00e5 ditt r\u00f6stkort var du ska r\u00f6sta. I S\u00f6derhamns kommun kan du <strong>f\u00f6rtidsr\u00f6sta <\/strong>dessa platser och datum:<\/p>\n<p><strong>S\u00f6derhamn Centrum, Skolhusgatan 4 (R\u00f6da Korsets lokaler bredvid \u00c5-K Thai):<\/strong><\/p>\n<div class=\"mb-2\">\n<div>\n<div class=\"vallokal__oppettid\">\n<div class=\"vallokal__oppettid__dag\">Onsdag 22 maj: <span class=\"vallokal__oppettid__tid\">10:00-18:00<\/span><\/div>\n<\/div>\n<\/div>\n<div>\n<div class=\"vallokal__oppettid\">\n<div class=\"vallokal__oppettid__dag\">Torsdag 23 maj: <span class=\"vallokal__oppettid__tid\">10:00-18:00<\/span><\/div>\n<\/div>\n<\/div>\n<div>\n<div class=\"vallokal__oppettid\">\n<div class=\"vallokal__oppettid__dag\">Fredag 24 maj: <span class=\"vallokal__oppettid__tid\">10:00-18:00<\/span><\/div>\n<\/div>\n<\/div>\n<div>\n<div class=\"vallokal__oppettid\">\n<div class=\"vallokal__oppettid__dag\">L\u00f6rdag 25 maj: <span class=\"vallokal__oppettid__tid\">10:00-13:00<\/span><\/div>\n<\/div>\n<\/div>\n<div>\n<div class=\"vallokal__oppettid\">\n<div class=\"vallokal__oppettid__dag\">S\u00f6ndag 26 maj: <span class=\"vallokal__oppettid__tid\">10:00-13:00<\/span><\/div>\n<\/div>\n<\/div>\n<\/div>\n<div class=\"mb-2\">\n<div>\n<div class=\"vallokal__oppettid\">\n<div class=\"vallokal__oppettid__dag\">M\u00e5ndag 27 maj: <span class=\"vallokal__oppettid__tid\">10:00-18:00<\/span><\/div>\n<\/div>\n<\/div>\n<div>\n<div class=\"vallokal__oppettid\">\n<div class=\"vallokal__oppettid__dag\">Tisdag 28 maj: <span class=\"vallokal__oppettid__tid\">10:00-18:00<\/span><\/div>\n<\/div>\n<\/div>\n<div>\n<div class=\"vallokal__oppettid\">\n<div class=\"vallokal__oppettid__dag\">Onsdag 29 maj: <span class=\"vallokal__oppettid__tid\">10:00-18:00<\/span><\/div>\n<\/div>\n<\/div>\n<div>\n<div class=\"vallokal__oppettid\">\n<div class=\"vallokal__oppettid__dag\">Torsdag 30 maj: <span class=\"vallokal__oppettid__tid\">10:00-18:00<\/span><\/div>\n<\/div>\n<\/div>\n<div>\n<div class=\"vallokal__oppettid\">\n<div class=\"vallokal__oppettid__dag\">Fredag 31 maj: <span class=\"vallokal__oppettid__tid\">10:00-18:00<\/span><\/div>\n<\/div>\n<\/div>\n<div>\n<div class=\"vallokal__oppettid\">\n<div class=\"vallokal__oppettid__dag\">L\u00f6rdag 01 juni: <span class=\"vallokal__oppettid__tid\">10:00-13:00<\/span><\/div>\n<\/div>\n<\/div>\n<div>\n<div class=\"vallokal__oppettid\">\n<div class=\"vallokal__oppettid__dag\">S\u00f6ndag 02 juni: <span class=\"vallokal__oppettid__tid\">10:00-13:00<\/span><\/div>\n<\/div>\n<\/div>\n<\/div>\n<div class=\"mb-2\">\n<div>\n<div class=\"vallokal__oppettid\">\n<div class=\"vallokal__oppettid__dag\">M\u00e5ndag 03 juni: <span class=\"vallokal__oppettid__tid\">10:00-18:00<\/span><\/div>\n<\/div>\n<\/div>\n<div>\n<div class=\"vallokal__oppettid\">\n<div class=\"vallokal__oppettid__dag\">Tisdag 04 juni: <span class=\"vallokal__oppettid__tid\">10:00-18:00<\/span><\/div>\n<\/div>\n<\/div>\n<div>\n<div class=\"vallokal__oppettid\">\n<div class=\"vallokal__oppettid__dag\">Onsdag 05 juni: <span class=\"vallokal__oppettid__tid\">10:00-18:00<\/span><\/div>\n<\/div>\n<\/div>\n<div>\n<div class=\"vallokal__oppettid\">\n<div class=\"vallokal__oppettid__dag\">Torsdag 06 juni: <span class=\"vallokal__oppettid__tid\">10:00-14:00<\/span><\/div>\n<\/div>\n<\/div>\n<div>\n<div class=\"vallokal__oppettid\">\n<div class=\"vallokal__oppettid__dag\">Fredag 07 juni: <span class=\"vallokal__oppettid__tid\">10:00-18:00<\/span><\/div>\n<\/div>\n<\/div>\n<div>\n<div class=\"vallokal__oppettid\">\n<div class=\"vallokal__oppettid__dag\">L\u00f6rdag 08 juni: <span class=\"vallokal__oppettid__tid\">10:00-13:00<\/span><\/div>\n<\/div>\n<\/div>\n<div>\n<div class=\"vallokal__oppettid\">\n<div class=\"vallokal__oppettid__dag\">S\u00f6ndag 09 juni: <span class=\"vallokal__oppettid__tid\">08:00-21:00<\/span><\/div>\n<\/div>\n<\/div>\n<\/div>\n<p>&nbsp;<\/p>\n<p><strong>Idrottsg\u00e5rden, Holmsveden<\/strong><\/p>\n<p>Tisdag 4 juni: 10.00-12.00<\/p>\n<p>Onsdag 5 juni: 16.00 &#8211; 18.00<\/p>\n<p>&nbsp;<\/p>\n<p><strong>Variant, Bergvik<\/strong><\/p>\n<div class=\"mb-2\">\n<div>\n<div class=\"vallokal__oppettid\">\n<div class=\"vallokal__oppettid__dag\">M\u00e5ndag 27 maj: <span class=\"vallokal__oppettid__tid\">15:00-18:00<\/span><\/div>\n<\/div>\n<\/div>\n<div>\n<div class=\"vallokal__oppettid\">\n<div class=\"vallokal__oppettid__dag\">Tisdag 28 maj: <span class=\"vallokal__oppettid__tid\">10:00-13:00<\/span><\/div>\n<\/div>\n<\/div>\n<div>\n<div class=\"vallokal__oppettid\">\n<div class=\"vallokal__oppettid__dag\">Onsdag 29 maj: <span class=\"vallokal__oppettid__tid\">15:00-18:00<\/span><\/div>\n<\/div>\n<\/div>\n<div>\n<div class=\"vallokal__oppettid\">\n<div class=\"vallokal__oppettid__dag\">Torsdag 30 maj: <span class=\"vallokal__oppettid__tid\">10:00-13:00<\/span><\/div>\n<\/div>\n<\/div>\n<div>\n<div class=\"vallokal__oppettid\">\n<div class=\"vallokal__oppettid__dag\">Fredag 31 maj: <span class=\"vallokal__oppettid__tid\">10:00-13:00<\/span><\/div>\n<\/div>\n<\/div>\n<\/div>\n<div class=\"mb-2\">\n<div>\n<div class=\"vallokal__oppettid\">\n<div class=\"vallokal__oppettid__dag\">M\u00e5ndag 03 juni: <span class=\"vallokal__oppettid__tid\">15:00-18:00<\/span><\/div>\n<\/div>\n<\/div>\n<div>\n<div class=\"vallokal__oppettid\">\n<div class=\"vallokal__oppettid__dag\">Tisdag 04 juni: <span class=\"vallokal__oppettid__tid\">10:00-13:00<\/span><\/div>\n<\/div>\n<\/div>\n<div>\n<div class=\"vallokal__oppettid\">\n<div class=\"vallokal__oppettid__dag\">Onsdag 05 juni: <span class=\"vallokal__oppettid__tid\">15:00-18:00<\/span><\/div>\n<\/div>\n<\/div>\n<div>\n<div class=\"vallokal__oppettid\">\n<div class=\"vallokal__oppettid__dag\">Torsdag 06 juni: <span class=\"vallokal__oppettid__tid\">10:00-14:00<\/span><\/div>\n<\/div>\n<\/div>\n<div>\n<div class=\"vallokal__oppettid\">\n<div class=\"vallokal__oppettid__dag\">Fredag 07 juni: <span class=\"vallokal__oppettid__tid\">10:00-13:00<\/span><\/div>\n<\/div>\n<\/div>\n<\/div>\n<p>&nbsp;<\/p>\n<p><strong>F\u00f6rsamlingshemmet, Tr\u00f6n\u00f6\u00a0<\/strong><\/p>\n<div>\n<div class=\"vallokal__oppettid\">\n<div class=\"vallokal__oppettid__dag\">Tisdag 04 juni: <span class=\"vallokal__oppettid__tid\">10:00-12:00<\/span><\/div>\n<\/div>\n<\/div>\n<div>\n<div class=\"vallokal__oppettid\">\n<div class=\"vallokal__oppettid__dag\">Onsdag 05 juni: <span class=\"vallokal__oppettid__tid\">16:00-18:00<\/span><\/div>\n<\/div>\n<\/div>\n<div>\n<div class=\"vallokal__oppettid\">\n<div class=\"vallokal__oppettid__dag\">Torsdag 06 juni: <span class=\"vallokal__oppettid__tid\">10:00-14:00<\/span><\/div>\n<\/div>\n<div><\/div>\n<\/div>\n<p>&nbsp;<\/p>\n<p><strong>Skogs Bygdeg\u00e5rd, Skog<\/strong><\/p>\n<div>\n<div class=\"vallokal__oppettid\">\n<div class=\"vallokal__oppettid__dag\">Tisdag 04 juni: <span class=\"vallokal__oppettid__tid\">16:00-18:00<\/span><\/div>\n<\/div>\n<\/div>\n<div>\n<div class=\"vallokal__oppettid\">\n<div class=\"vallokal__oppettid__dag\">L\u00f6rdag 08 juni: <span class=\"vallokal__oppettid__tid\">10:00-14:00<\/span><\/div>\n<\/div>\n<\/div>\n<div>\n<div class=\"vallokal__oppettid\">\n<div class=\"vallokal__oppettid__dag\">S\u00f6ndag 09 juni: <span class=\"vallokal__oppettid__tid\">10:00-15:00<\/span><\/div>\n<\/div>\n<\/div>\n<div><\/div>\n<p>&nbsp;<\/p>\n<p><strong>Kastanjen, Ljusne<\/strong><\/p>\n<div class=\"mb-2\">\n<div>\n<div class=\"vallokal__oppettid\">\n<div class=\"vallokal__oppettid__dag\">M\u00e5ndag 27 maj: <span class=\"vallokal__oppettid__tid\">15:00-18:00<\/span><\/div>\n<\/div>\n<\/div>\n<div>\n<div class=\"vallokal__oppettid\">\n<div class=\"vallokal__oppettid__dag\">Tisdag 28 maj: <span class=\"vallokal__oppettid__tid\">10:00-14:00<\/span><\/div>\n<\/div>\n<\/div>\n<div>\n<div class=\"vallokal__oppettid\">\n<div class=\"vallokal__oppettid__dag\">Onsdag 29 maj: <span class=\"vallokal__oppettid__tid\">15:00-18:00<\/span><\/div>\n<\/div>\n<\/div>\n<div>\n<div class=\"vallokal__oppettid\">\n<div class=\"vallokal__oppettid__dag\">Torsdag 30 maj: <span class=\"vallokal__oppettid__tid\">10:00-14:00<\/span><\/div>\n<\/div>\n<\/div>\n<div>\n<div class=\"vallokal__oppettid\">\n<div class=\"vallokal__oppettid__dag\">Fredag 31 maj: <span class=\"vallokal__oppettid__tid\">10:00-14:00<\/span><\/div>\n<\/div>\n<\/div>\n<div>\n<div class=\"vallokal__oppettid\">\n<div class=\"vallokal__oppettid__dag\">L\u00f6rdag 01 juni: <span class=\"vallokal__oppettid__tid\">10:00-14:00<\/span><\/div>\n<\/div>\n<\/div>\n<div>\n<div class=\"vallokal__oppettid\">\n<div class=\"vallokal__oppettid__dag\">S\u00f6ndag 02 juni: <span class=\"vallokal__oppettid__tid\">10:00-14:00<\/span><\/div>\n<\/div>\n<\/div>\n<\/div>\n<div class=\"mb-2\">\n<div>\n<div class=\"vallokal__oppettid\">\n<div class=\"vallokal__oppettid__dag\">M\u00e5ndag 03 juni: <span class=\"vallokal__oppettid__tid\">10:00-14:00<\/span><\/div>\n<\/div>\n<\/div>\n<div>\n<div class=\"vallokal__oppettid\">\n<div class=\"vallokal__oppettid__dag\">Tisdag 04 juni: <span class=\"vallokal__oppettid__tid\">15:00-18:00<\/span><\/div>\n<\/div>\n<\/div>\n<div>\n<div class=\"vallokal__oppettid\">\n<div class=\"vallokal__oppettid__dag\">Onsdag 05 juni: <span class=\"vallokal__oppettid__tid\">10:00-14:00<\/span><\/div>\n<\/div>\n<\/div>\n<div>\n<div class=\"vallokal__oppettid\">\n<div class=\"vallokal__oppettid__dag\">Torsdag 06 juni: <span class=\"vallokal__oppettid__tid\">10:00-14:00<\/span><\/div>\n<\/div>\n<\/div>\n<div>\n<div class=\"vallokal__oppettid\">\n<div class=\"vallokal__oppettid__dag\">Fredag 07 juni: <span class=\"vallokal__oppettid__tid\">10:00-14:00<\/span><\/div>\n<\/div>\n<\/div>\n<div><\/div>\n<\/div>\n<p>&nbsp;<\/p>\n<p>&nbsp;<\/p>\n","protected":false},"excerpt":{"rendered":"<p>Europa st\u00e5r inf\u00f6r m\u00e5nga stora utmaningar med hotet fr\u00e5n Ryssland, irregulj\u00e4ra flyktingstr\u00f6mmar och klimatf\u00f6r\u00e4ndringar. D\u00e4rf\u00f6r \u00e4r det nu otroligt viktigt att EU g\u00e5r tillbaka till sitt k\u00e4rnuppdrag: att garantera fred, frihet och frihandel. EU beh\u00f6ver st\u00e4rka s\u00e4kerheten och oberoendet. Vi st\u00e5r inf\u00f6r det allvarligaste s\u00e4kerhetspolitiska l\u00e4get sedan andra v\u00e4rldskriget. F\u00f6rsvarsindustrin beh\u00f6ver f\u00f6rst\u00e4rkas, Frontex (Europeiska gr\u00e4ns- <a class=\"read-more-link\" href=\"https:\/\/wp.kristdemokraterna.se\/soderhamn\/fortidsrosta-fran-och-med-22-maj\/\">L\u00e4s mer<\/a><\/p>\n","protected":false},"author":1026,"featured_media":0,"comment_status":"closed","ping_status":"closed","sticky":false,"template":"","format":"standard","meta":{"_acf_changed":false,"footnotes":""},"categories":[29],"tags":[],"class_list":["post-798","post","type-post","status-publish","format-standard","hentry","category-eu-val"],"acf":[],"yoast_head":"<!-- This site is optimized with the Yoast SEO plugin v27.4 - https:\/\/yoast.com\/product\/yoast-seo-wordpress\/ -->\n<title>F\u00f6rtidsr\u00f6sta fr\u00e5n och med 22 maj - Kristdemokraterna i S\u00f6derhamn<\/title>\n<meta name=\"description\" content=\"Din r\u00f6sta \u00e4r otroligt viktig i EU-valet. H\u00e4r kan du se var du kan f\u00f6rtidsr\u00f6sta i S\u00f6derhamns kommun. Kristdemokraternas beh\u00f6ver din r\u00f6st f\u00f6r ett EU som verkar f\u00f6r fred, frihet och frihandel.\" \/>\n<meta name=\"robots\" content=\"index, follow, max-snippet:-1, max-image-preview:large, max-video-preview:-1\" \/>\n<link rel=\"canonical\" href=\"https:\/\/wp.kristdemokraterna.se\/soderhamn\/fortidsrosta-fran-och-med-22-maj\/\" \/>\n<meta property=\"og:locale\" content=\"sv_SE\" \/>\n<meta property=\"og:type\" content=\"article\" \/>\n<meta property=\"og:title\" content=\"F\u00f6rtidsr\u00f6sta fr\u00e5n och med 22 maj - Kristdemokraterna i S\u00f6derhamn\" \/>\n<meta property=\"og:description\" content=\"Din r\u00f6sta \u00e4r otroligt viktig i EU-valet. H\u00e4r kan du se var du kan f\u00f6rtidsr\u00f6sta i S\u00f6derhamns kommun. Kristdemokraternas beh\u00f6ver din r\u00f6st f\u00f6r ett EU som verkar f\u00f6r fred, frihet och frihandel.\" \/>\n<meta property=\"og:url\" content=\"https:\/\/wp.kristdemokraterna.se\/soderhamn\/fortidsrosta-fran-och-med-22-maj\/\" \/>\n<meta property=\"og:site_name\" content=\"Kristdemokraterna i S\u00f6derhamn\" \/>\n<meta property=\"article:author\" content=\"https:\/\/www.facebook.com\/carro.oberg\" \/>\n<meta property=\"article:published_time\" content=\"2024-05-04T17:56:14+00:00\" \/>\n<meta property=\"article:modified_time\" content=\"2024-05-10T13:03:44+00:00\" \/>\n<meta property=\"og:image\" content=\"http:\/\/wp.kristdemokraterna.se\/soderhamn\/files\/2024\/05\/picsart_24-05-05_12-08-45-811-scaled.jpg\" \/>\n<meta name=\"author\" content=\"Carro\" \/>\n<meta name=\"twitter:card\" content=\"summary_large_image\" \/>\n<meta name=\"twitter:label1\" content=\"Skriven av\" \/>\n\t<meta name=\"twitter:data1\" content=\"Carro\" \/>\n\t<meta name=\"twitter:label2\" content=\"Ber\u00e4knad l\u00e4stid\" \/>\n\t<meta name=\"twitter:data2\" content=\"5 minuter\" \/>\n<script type=\"application\/ld+json\" class=\"yoast-schema-graph\">{\"@context\":\"https:\\\/\\\/schema.org\",\"@graph\":[{\"@type\":\"Article\",\"@id\":\"https:\\\/\\\/wp.kristdemokraterna.se\\\/soderhamn\\\/fortidsrosta-fran-och-med-22-maj\\\/#article\",\"isPartOf\":{\"@id\":\"https:\\\/\\\/wp.kristdemokraterna.se\\\/soderhamn\\\/fortidsrosta-fran-och-med-22-maj\\\/\"},\"author\":{\"name\":\"Carro\",\"@id\":\"https:\\\/\\\/wp.kristdemokraterna.se\\\/soderhamn\\\/#\\\/schema\\\/person\\\/6f1f8de77f4cd9a08a7697edfcc5122c\"},\"headline\":\"F\u00f6rtidsr\u00f6sta fr\u00e5n och med 22 maj\",\"datePublished\":\"2024-05-04T17:56:14+00:00\",\"dateModified\":\"2024-05-10T13:03:44+00:00\",\"mainEntityOfPage\":{\"@id\":\"https:\\\/\\\/wp.kristdemokraterna.se\\\/soderhamn\\\/fortidsrosta-fran-och-med-22-maj\\\/\"},\"wordCount\":1024,\"image\":{\"@id\":\"https:\\\/\\\/wp.kristdemokraterna.se\\\/soderhamn\\\/fortidsrosta-fran-och-med-22-maj\\\/#primaryimage\"},\"thumbnailUrl\":\"http:\\\/\\\/wp.kristdemokraterna.se\\\/soderhamn\\\/files\\\/2024\\\/05\\\/picsart_24-05-05_12-08-45-811-scaled.jpg\",\"articleSection\":[\"EU-val\"],\"inLanguage\":\"sv-SE\"},{\"@type\":\"WebPage\",\"@id\":\"https:\\\/\\\/wp.kristdemokraterna.se\\\/soderhamn\\\/fortidsrosta-fran-och-med-22-maj\\\/\",\"url\":\"https:\\\/\\\/wp.kristdemokraterna.se\\\/soderhamn\\\/fortidsrosta-fran-och-med-22-maj\\\/\",\"name\":\"F\u00f6rtidsr\u00f6sta fr\u00e5n och med 22 maj - Kristdemokraterna i S\u00f6derhamn\",\"isPartOf\":{\"@id\":\"https:\\\/\\\/wp.kristdemokraterna.se\\\/soderhamn\\\/#website\"},\"primaryImageOfPage\":{\"@id\":\"https:\\\/\\\/wp.kristdemokraterna.se\\\/soderhamn\\\/fortidsrosta-fran-och-med-22-maj\\\/#primaryimage\"},\"image\":{\"@id\":\"https:\\\/\\\/wp.kristdemokraterna.se\\\/soderhamn\\\/fortidsrosta-fran-och-med-22-maj\\\/#primaryimage\"},\"thumbnailUrl\":\"http:\\\/\\\/wp.kristdemokraterna.se\\\/soderhamn\\\/files\\\/2024\\\/05\\\/picsart_24-05-05_12-08-45-811-scaled.jpg\",\"datePublished\":\"2024-05-04T17:56:14+00:00\",\"dateModified\":\"2024-05-10T13:03:44+00:00\",\"author\":{\"@id\":\"https:\\\/\\\/wp.kristdemokraterna.se\\\/soderhamn\\\/#\\\/schema\\\/person\\\/6f1f8de77f4cd9a08a7697edfcc5122c\"},\"description\":\"Din r\u00f6sta \u00e4r otroligt viktig i EU-valet. H\u00e4r kan du se var du kan f\u00f6rtidsr\u00f6sta i S\u00f6derhamns kommun. Kristdemokraternas beh\u00f6ver din r\u00f6st f\u00f6r ett EU som verkar f\u00f6r fred, frihet och frihandel.\",\"breadcrumb\":{\"@id\":\"https:\\\/\\\/wp.kristdemokraterna.se\\\/soderhamn\\\/fortidsrosta-fran-och-med-22-maj\\\/#breadcrumb\"},\"inLanguage\":\"sv-SE\",\"potentialAction\":[{\"@type\":\"ReadAction\",\"target\":[\"https:\\\/\\\/wp.kristdemokraterna.se\\\/soderhamn\\\/fortidsrosta-fran-och-med-22-maj\\\/\"]}]},{\"@type\":\"ImageObject\",\"inLanguage\":\"sv-SE\",\"@id\":\"https:\\\/\\\/wp.kristdemokraterna.se\\\/soderhamn\\\/fortidsrosta-fran-och-med-22-maj\\\/#primaryimage\",\"url\":\"http:\\\/\\\/wp.kristdemokraterna.se\\\/soderhamn\\\/files\\\/2024\\\/05\\\/picsart_24-05-05_12-08-45-811-scaled.jpg\",\"contentUrl\":\"http:\\\/\\\/wp.kristdemokraterna.se\\\/soderhamn\\\/files\\\/2024\\\/05\\\/picsart_24-05-05_12-08-45-811-scaled.jpg\"},{\"@type\":\"BreadcrumbList\",\"@id\":\"https:\\\/\\\/wp.kristdemokraterna.se\\\/soderhamn\\\/fortidsrosta-fran-och-med-22-maj\\\/#breadcrumb\",\"itemListElement\":[{\"@type\":\"ListItem\",\"position\":1,\"name\":\"Hem\",\"item\":\"https:\\\/\\\/wp.kristdemokraterna.se\\\/soderhamn\\\/\"},{\"@type\":\"ListItem\",\"position\":2,\"name\":\"F\u00f6rtidsr\u00f6sta fr\u00e5n och med 22 maj\"}]},{\"@type\":\"WebSite\",\"@id\":\"https:\\\/\\\/wp.kristdemokraterna.se\\\/soderhamn\\\/#website\",\"url\":\"https:\\\/\\\/wp.kristdemokraterna.se\\\/soderhamn\\\/\",\"name\":\"Kristdemokraterna i S\u00f6derhamn\",\"description\":\"Kristdemokraterna i S\u00f6derhamn\",\"inLanguage\":\"sv-SE\"},{\"@type\":\"Person\",\"@id\":\"https:\\\/\\\/wp.kristdemokraterna.se\\\/soderhamn\\\/#\\\/schema\\\/person\\\/6f1f8de77f4cd9a08a7697edfcc5122c\",\"name\":\"Carro\",\"image\":{\"@type\":\"ImageObject\",\"inLanguage\":\"sv-SE\",\"@id\":\"https:\\\/\\\/secure.gravatar.com\\\/avatar\\\/2c035b735c70de8d655a370077448c41e06e66f879db067dae03e810e16a5ee0?s=96&d=mm&r=g\",\"url\":\"https:\\\/\\\/secure.gravatar.com\\\/avatar\\\/2c035b735c70de8d655a370077448c41e06e66f879db067dae03e810e16a5ee0?s=96&d=mm&r=g\",\"contentUrl\":\"https:\\\/\\\/secure.gravatar.com\\\/avatar\\\/2c035b735c70de8d655a370077448c41e06e66f879db067dae03e810e16a5ee0?s=96&d=mm&r=g\",\"caption\":\"Carro\"},\"sameAs\":[\"https:\\\/\\\/www.facebook.com\\\/carro.oberg\"],\"url\":\"https:\\\/\\\/wp.kristdemokraterna.se\\\/soderhamn\\\/author\\\/carro\\\/\"}]}<\/script>\n<!-- \/ Yoast SEO plugin. -->","yoast_head_json":{"title":"F\u00f6rtidsr\u00f6sta fr\u00e5n och med 22 maj - Kristdemokraterna i S\u00f6derhamn","description":"Din r\u00f6sta \u00e4r otroligt viktig i EU-valet. H\u00e4r kan du se var du kan f\u00f6rtidsr\u00f6sta i S\u00f6derhamns kommun. Kristdemokraternas beh\u00f6ver din r\u00f6st f\u00f6r ett EU som verkar f\u00f6r fred, frihet och frihandel.","robots":{"index":"index","follow":"follow","max-snippet":"max-snippet:-1","max-image-preview":"max-image-preview:large","max-video-preview":"max-video-preview:-1"},"canonical":"https:\/\/wp.kristdemokraterna.se\/soderhamn\/fortidsrosta-fran-och-med-22-maj\/","og_locale":"sv_SE","og_type":"article","og_title":"F\u00f6rtidsr\u00f6sta fr\u00e5n och med 22 maj - Kristdemokraterna i S\u00f6derhamn","og_description":"Din r\u00f6sta \u00e4r otroligt viktig i EU-valet. H\u00e4r kan du se var du kan f\u00f6rtidsr\u00f6sta i S\u00f6derhamns kommun. Kristdemokraternas beh\u00f6ver din r\u00f6st f\u00f6r ett EU som verkar f\u00f6r fred, frihet och frihandel.","og_url":"https:\/\/wp.kristdemokraterna.se\/soderhamn\/fortidsrosta-fran-och-med-22-maj\/","og_site_name":"Kristdemokraterna i S\u00f6derhamn","article_author":"https:\/\/www.facebook.com\/carro.oberg","article_published_time":"2024-05-04T17:56:14+00:00","article_modified_time":"2024-05-10T13:03:44+00:00","og_image":[{"url":"http:\/\/wp.kristdemokraterna.se\/soderhamn\/files\/2024\/05\/picsart_24-05-05_12-08-45-811-scaled.jpg","type":"","width":"","height":""}],"author":"Carro","twitter_card":"summary_large_image","twitter_misc":{"Skriven av":"Carro","Ber\u00e4knad l\u00e4stid":"5 minuter"},"schema":{"@context":"https:\/\/schema.org","@graph":[{"@type":"Article","@id":"https:\/\/wp.kristdemokraterna.se\/soderhamn\/fortidsrosta-fran-och-med-22-maj\/#article","isPartOf":{"@id":"https:\/\/wp.kristdemokraterna.se\/soderhamn\/fortidsrosta-fran-och-med-22-maj\/"},"author":{"name":"Carro","@id":"https:\/\/wp.kristdemokraterna.se\/soderhamn\/#\/schema\/person\/6f1f8de77f4cd9a08a7697edfcc5122c"},"headline":"F\u00f6rtidsr\u00f6sta fr\u00e5n och med 22 maj","datePublished":"2024-05-04T17:56:14+00:00","dateModified":"2024-05-10T13:03:44+00:00","mainEntityOfPage":{"@id":"https:\/\/wp.kristdemokraterna.se\/soderhamn\/fortidsrosta-fran-och-med-22-maj\/"},"wordCount":1024,"image":{"@id":"https:\/\/wp.kristdemokraterna.se\/soderhamn\/fortidsrosta-fran-och-med-22-maj\/#primaryimage"},"thumbnailUrl":"http:\/\/wp.kristdemokraterna.se\/soderhamn\/files\/2024\/05\/picsart_24-05-05_12-08-45-811-scaled.jpg","articleSection":["EU-val"],"inLanguage":"sv-SE"},{"@type":"WebPage","@id":"https:\/\/wp.kristdemokraterna.se\/soderhamn\/fortidsrosta-fran-och-med-22-maj\/","url":"https:\/\/wp.kristdemokraterna.se\/soderhamn\/fortidsrosta-fran-och-med-22-maj\/","name":"F\u00f6rtidsr\u00f6sta fr\u00e5n och med 22 maj - Kristdemokraterna i S\u00f6derhamn","isPartOf":{"@id":"https:\/\/wp.kristdemokraterna.se\/soderhamn\/#website"},"primaryImageOfPage":{"@id":"https:\/\/wp.kristdemokraterna.se\/soderhamn\/fortidsrosta-fran-och-med-22-maj\/#primaryimage"},"image":{"@id":"https:\/\/wp.kristdemokraterna.se\/soderhamn\/fortidsrosta-fran-och-med-22-maj\/#primaryimage"},"thumbnailUrl":"http:\/\/wp.kristdemokraterna.se\/soderhamn\/files\/2024\/05\/picsart_24-05-05_12-08-45-811-scaled.jpg","datePublished":"2024-05-04T17:56:14+00:00","dateModified":"2024-05-10T13:03:44+00:00","author":{"@id":"https:\/\/wp.kristdemokraterna.se\/soderhamn\/#\/schema\/person\/6f1f8de77f4cd9a08a7697edfcc5122c"},"description":"Din r\u00f6sta \u00e4r otroligt viktig i EU-valet. H\u00e4r kan du se var du kan f\u00f6rtidsr\u00f6sta i S\u00f6derhamns kommun. Kristdemokraternas beh\u00f6ver din r\u00f6st f\u00f6r ett EU som verkar f\u00f6r fred, frihet och frihandel.","breadcrumb":{"@id":"https:\/\/wp.kristdemokraterna.se\/soderhamn\/fortidsrosta-fran-och-med-22-maj\/#breadcrumb"},"inLanguage":"sv-SE","potentialAction":[{"@type":"ReadAction","target":["https:\/\/wp.kristdemokraterna.se\/soderhamn\/fortidsrosta-fran-och-med-22-maj\/"]}]},{"@type":"ImageObject","inLanguage":"sv-SE","@id":"https:\/\/wp.kristdemokraterna.se\/soderhamn\/fortidsrosta-fran-och-med-22-maj\/#primaryimage","url":"http:\/\/wp.kristdemokraterna.se\/soderhamn\/files\/2024\/05\/picsart_24-05-05_12-08-45-811-scaled.jpg","contentUrl":"http:\/\/wp.kristdemokraterna.se\/soderhamn\/files\/2024\/05\/picsart_24-05-05_12-08-45-811-scaled.jpg"},{"@type":"BreadcrumbList","@id":"https:\/\/wp.kristdemokraterna.se\/soderhamn\/fortidsrosta-fran-och-med-22-maj\/#breadcrumb","itemListElement":[{"@type":"ListItem","position":1,"name":"Hem","item":"https:\/\/wp.kristdemokraterna.se\/soderhamn\/"},{"@type":"ListItem","position":2,"name":"F\u00f6rtidsr\u00f6sta fr\u00e5n och med 22 maj"}]},{"@type":"WebSite","@id":"https:\/\/wp.kristdemokraterna.se\/soderhamn\/#website","url":"https:\/\/wp.kristdemokraterna.se\/soderhamn\/","name":"Kristdemokraterna i S\u00f6derhamn","description":"Kristdemokraterna i S\u00f6derhamn","inLanguage":"sv-SE"},{"@type":"Person","@id":"https:\/\/wp.kristdemokraterna.se\/soderhamn\/#\/schema\/person\/6f1f8de77f4cd9a08a7697edfcc5122c","name":"Carro","image":{"@type":"ImageObject","inLanguage":"sv-SE","@id":"https:\/\/secure.gravatar.com\/avatar\/2c035b735c70de8d655a370077448c41e06e66f879db067dae03e810e16a5ee0?s=96&d=mm&r=g","url":"https:\/\/secure.gravatar.com\/avatar\/2c035b735c70de8d655a370077448c41e06e66f879db067dae03e810e16a5ee0?s=96&d=mm&r=g","contentUrl":"https:\/\/secure.gravatar.com\/avatar\/2c035b735c70de8d655a370077448c41e06e66f879db067dae03e810e16a5ee0?s=96&d=mm&r=g","caption":"Carro"},"sameAs":["https:\/\/www.facebook.com\/carro.oberg"],"url":"https:\/\/wp.kristdemokraterna.se\/soderhamn\/author\/carro\/"}]}},"_links":{"self":[{"href":"https:\/\/wp.kristdemokraterna.se\/soderhamn\/wp-json\/wp\/v2\/posts\/798","targetHints":{"allow":["GET"]}}],"collection":[{"href":"https:\/\/wp.kristdemokraterna.se\/soderhamn\/wp-json\/wp\/v2\/posts"}],"about":[{"href":"https:\/\/wp.kristdemokraterna.se\/soderhamn\/wp-json\/wp\/v2\/types\/post"}],"author":[{"embeddable":true,"href":"https:\/\/wp.kristdemokraterna.se\/soderhamn\/wp-json\/wp\/v2\/users\/1026"}],"replies":[{"embeddable":true,"href":"https:\/\/wp.kristdemokraterna.se\/soderhamn\/wp-json\/wp\/v2\/comments?post=798"}],"version-history":[{"count":10,"href":"https:\/\/wp.kristdemokraterna.se\/soderhamn\/wp-json\/wp\/v2\/posts\/798\/revisions"}],"predecessor-version":[{"id":813,"href":"https:\/\/wp.kristdemokraterna.se\/soderhamn\/wp-json\/wp\/v2\/posts\/798\/revisions\/813"}],"wp:attachment":[{"href":"https:\/\/wp.kristdemokraterna.se\/soderhamn\/wp-json\/wp\/v2\/media?parent=798"}],"wp:term":[{"taxonomy":"category","embeddable":true,"href":"https:\/\/wp.kristdemokraterna.se\/soderhamn\/wp-json\/wp\/v2\/categories?post=798"},{"taxonomy":"post_tag","embeddable":true,"href":"https:\/\/wp.kristdemokraterna.se\/soderhamn\/wp-json\/wp\/v2\/tags?post=798"}],"curies":[{"name":"wp","href":"https:\/\/api.w.org\/{rel}","templated":true}]}}