{"id":829,"date":"2024-05-24T08:55:22","date_gmt":"2024-05-24T06:55:22","guid":{"rendered":"https:\/\/wp.kristdemokraterna.se\/soderhamn\/?p=829"},"modified":"2024-05-24T08:55:22","modified_gmt":"2024-05-24T06:55:22","slug":"eu-ett-fredsprojekt-som-ska-forbli-ett-sadant","status":"publish","type":"post","link":"https:\/\/wp.kristdemokraterna.se\/soderhamn\/eu-ett-fredsprojekt-som-ska-forbli-ett-sadant\/","title":{"rendered":"EU &#8211; Ett fredsprojekt som ska f\u00f6rbli ett s\u00e5dant"},"content":{"rendered":"<p>EU grundades 1951 &#8211; av kristdemokrater &#8211; f\u00f6r att verka f\u00f6r fred i ett sargat Europa. Nu n\u00e4r kriget h\u00e4rjar i v\u00e5r direkta n\u00e4rhet i och med Rysslands invasion av Ukraina, \u00e4r det s\u00e4rskilt viktigt att EU st\u00e4rker sin position som fredsbevarande akt\u00f6r.<\/p>\n<p>Lika viktigt det \u00e4r att vi samarbetar i stora fr\u00e5gor om gr\u00e4nser och frihet, lika viktigt \u00e4r det att EU inte g\u00e5r in och detaljstyr regler och lagar som vi som nation mycket b\u00e4ttre hanterar sj\u00e4lva utifr\u00e5n v\u00e5ra unika f\u00f6ruts\u00e4ttningar.<\/p>\n<ul>\n<li>EU ska inte l\u00e4gga sig i v\u00e5ra arbetstider: det \u00e4r omr\u00e5den som v\u00e5ra regioners och kommuners enhetschefer och anst\u00e4llda mycket b\u00e4ttre hanterar<\/li>\n<li>EU ska inte styra \u00f6ver v\u00e5r hantering av varg och skarv: Rovdjurspopulationen i Sverige ska f\u00f6rvaltas s\u00e5 att djur och m\u00e4nniska kan leva sida vid sida, men i vissa omr\u00e5den beh\u00f6ver vargstammens t\u00e4thet minskas. Beslut om vargf\u00f6rvaltningen och populationen b\u00f6r fattas s\u00e5 n\u00e4ra som m\u00f6jligt av de m\u00e4nniskor som lever och verkar i rovdjurst\u00e4ta omr\u00e5den. Detsamma g\u00e4ller skyddsjakt p\u00e5 skarv. Detta \u00e4r INTE fr\u00e5gor f\u00f6r Bryssel<\/li>\n<li>EU ska inte best\u00e4mma hur vi ska bruka v\u00e5r skog:\u00a0Sverige har idag \u00f6ver 300 000 privata skogs\u00e4gare som borgar f\u00f6r ett differentierat brukande och en fantastisk biologisk m\u00e5ngfald. Den svenska skogen ser olika ut i olika delar av landet och det \u00e4r \u00e4nnu st\u00f6rre skillnad mellan skogen i Sverige och skog i andra EU-l\u00e4nder. D\u00e4rf\u00f6r ska skogsbruket INTE regleras p\u00e5 EU-niv\u00e5 utan p\u00e5 en nationell niv\u00e5.<\/li>\n<li>EU ska verka f\u00f6r fred frihet och frihandel &#8211; inte grotta ned sig i detaljer som f\u00f6rs\u00e4mrar livsvillkoren f\u00f6r f\u00f6retag, arbetare, landsbygden och icke att f\u00f6rgl\u00f6mma: vanliga m\u00e4nniskor.<\/li>\n<\/ul>\n<p>En r\u00f6st p\u00e5 Kristdemokraterna i EU-valet \u00e4r en r\u00f6st f\u00f6r ett starkare Sverige inte bara i EU &#8211; utan i v\u00e4rlden. Kristdemokraterna \u00e4r det enda v\u00e4rderingsdrivna partiet. Vi befinner oss nu i den farligaste tiden i Europa sedan Andra V\u00e4rldskriget i och med kriget i Ukraina. Goda v\u00e4rderingar beh\u00f6vs s\u00e5v\u00e4l p\u00e5 EU-niv\u00e5 som h\u00e4r i Sverige.<\/p>\n<p>\/Carro \u00d6berg,<\/p>\n<p>Vice Ordf\u00f6rande, Kristdemokraterna S\u00f6derhamn<\/p>\n","protected":false},"excerpt":{"rendered":"<p>EU grundades 1951 &#8211; av kristdemokrater &#8211; f\u00f6r att verka f\u00f6r fred i ett sargat Europa. Nu n\u00e4r kriget h\u00e4rjar i v\u00e5r direkta n\u00e4rhet i och med Rysslands invasion av Ukraina, \u00e4r det s\u00e4rskilt viktigt att EU st\u00e4rker sin position som fredsbevarande akt\u00f6r. Lika viktigt det \u00e4r att vi samarbetar i stora fr\u00e5gor om gr\u00e4nser <a class=\"read-more-link\" href=\"https:\/\/wp.kristdemokraterna.se\/soderhamn\/eu-ett-fredsprojekt-som-ska-forbli-ett-sadant\/\">L\u00e4s mer<\/a><\/p>\n","protected":false},"author":1026,"featured_media":0,"comment_status":"closed","ping_status":"closed","sticky":false,"template":"","format":"standard","meta":{"_acf_changed":false,"footnotes":""},"categories":[29,10],"tags":[],"class_list":["post-829","post","type-post","status-publish","format-standard","hentry","category-eu-val","category-nyheter"],"acf":[],"yoast_head":"<!-- This site is optimized with the Yoast SEO plugin v27.4 - https:\/\/yoast.com\/product\/yoast-seo-wordpress\/ -->\n<title>EU - Ett fredsprojekt som ska f\u00f6rbli ett s\u00e5dant - Kristdemokraterna i S\u00f6derhamn<\/title>\n<meta name=\"description\" content=\"EU ska verka f\u00f6r fred, frihet och frihandel. EU ska inte detaljstyra regler och lagar som vi som nation b\u00e4ttre hanterar utifr\u00e5n v\u00e5ra unika f\u00f6ruts\u00e4ttningar.\" \/>\n<meta name=\"robots\" content=\"index, follow, max-snippet:-1, max-image-preview:large, max-video-preview:-1\" \/>\n<link rel=\"canonical\" href=\"https:\/\/wp.kristdemokraterna.se\/soderhamn\/eu-ett-fredsprojekt-som-ska-forbli-ett-sadant\/\" \/>\n<meta property=\"og:locale\" content=\"sv_SE\" \/>\n<meta property=\"og:type\" content=\"article\" \/>\n<meta property=\"og:title\" content=\"EU - Ett fredsprojekt som ska f\u00f6rbli ett s\u00e5dant - Kristdemokraterna i S\u00f6derhamn\" \/>\n<meta property=\"og:description\" content=\"EU ska verka f\u00f6r fred, frihet och frihandel. EU ska inte detaljstyra regler och lagar som vi som nation b\u00e4ttre hanterar utifr\u00e5n v\u00e5ra unika f\u00f6ruts\u00e4ttningar.\" \/>\n<meta property=\"og:url\" content=\"https:\/\/wp.kristdemokraterna.se\/soderhamn\/eu-ett-fredsprojekt-som-ska-forbli-ett-sadant\/\" \/>\n<meta property=\"og:site_name\" content=\"Kristdemokraterna i S\u00f6derhamn\" \/>\n<meta property=\"article:author\" content=\"https:\/\/www.facebook.com\/carro.oberg\" \/>\n<meta property=\"article:published_time\" content=\"2024-05-24T06:55:22+00:00\" \/>\n<meta name=\"author\" content=\"Carro\" \/>\n<meta name=\"twitter:card\" content=\"summary_large_image\" \/>\n<meta name=\"twitter:label1\" content=\"Skriven av\" \/>\n\t<meta name=\"twitter:data1\" content=\"Carro\" \/>\n\t<meta name=\"twitter:label2\" content=\"Ber\u00e4knad l\u00e4stid\" \/>\n\t<meta name=\"twitter:data2\" content=\"2 minuter\" \/>\n<script type=\"application\/ld+json\" class=\"yoast-schema-graph\">{\"@context\":\"https:\\\/\\\/schema.org\",\"@graph\":[{\"@type\":\"Article\",\"@id\":\"https:\\\/\\\/wp.kristdemokraterna.se\\\/soderhamn\\\/eu-ett-fredsprojekt-som-ska-forbli-ett-sadant\\\/#article\",\"isPartOf\":{\"@id\":\"https:\\\/\\\/wp.kristdemokraterna.se\\\/soderhamn\\\/eu-ett-fredsprojekt-som-ska-forbli-ett-sadant\\\/\"},\"author\":{\"name\":\"Carro\",\"@id\":\"https:\\\/\\\/wp.kristdemokraterna.se\\\/soderhamn\\\/#\\\/schema\\\/person\\\/6f1f8de77f4cd9a08a7697edfcc5122c\"},\"headline\":\"EU &#8211; Ett fredsprojekt som ska f\u00f6rbli ett s\u00e5dant\",\"datePublished\":\"2024-05-24T06:55:22+00:00\",\"mainEntityOfPage\":{\"@id\":\"https:\\\/\\\/wp.kristdemokraterna.se\\\/soderhamn\\\/eu-ett-fredsprojekt-som-ska-forbli-ett-sadant\\\/\"},\"wordCount\":406,\"articleSection\":[\"EU-val\",\"Nyheter\"],\"inLanguage\":\"sv-SE\"},{\"@type\":\"WebPage\",\"@id\":\"https:\\\/\\\/wp.kristdemokraterna.se\\\/soderhamn\\\/eu-ett-fredsprojekt-som-ska-forbli-ett-sadant\\\/\",\"url\":\"https:\\\/\\\/wp.kristdemokraterna.se\\\/soderhamn\\\/eu-ett-fredsprojekt-som-ska-forbli-ett-sadant\\\/\",\"name\":\"EU - Ett fredsprojekt som ska f\u00f6rbli ett s\u00e5dant - Kristdemokraterna i S\u00f6derhamn\",\"isPartOf\":{\"@id\":\"https:\\\/\\\/wp.kristdemokraterna.se\\\/soderhamn\\\/#website\"},\"datePublished\":\"2024-05-24T06:55:22+00:00\",\"author\":{\"@id\":\"https:\\\/\\\/wp.kristdemokraterna.se\\\/soderhamn\\\/#\\\/schema\\\/person\\\/6f1f8de77f4cd9a08a7697edfcc5122c\"},\"description\":\"EU ska verka f\u00f6r fred, frihet och frihandel. EU ska inte detaljstyra regler och lagar som vi som nation b\u00e4ttre hanterar utifr\u00e5n v\u00e5ra unika f\u00f6ruts\u00e4ttningar.\",\"breadcrumb\":{\"@id\":\"https:\\\/\\\/wp.kristdemokraterna.se\\\/soderhamn\\\/eu-ett-fredsprojekt-som-ska-forbli-ett-sadant\\\/#breadcrumb\"},\"inLanguage\":\"sv-SE\",\"potentialAction\":[{\"@type\":\"ReadAction\",\"target\":[\"https:\\\/\\\/wp.kristdemokraterna.se\\\/soderhamn\\\/eu-ett-fredsprojekt-som-ska-forbli-ett-sadant\\\/\"]}]},{\"@type\":\"BreadcrumbList\",\"@id\":\"https:\\\/\\\/wp.kristdemokraterna.se\\\/soderhamn\\\/eu-ett-fredsprojekt-som-ska-forbli-ett-sadant\\\/#breadcrumb\",\"itemListElement\":[{\"@type\":\"ListItem\",\"position\":1,\"name\":\"Hem\",\"item\":\"https:\\\/\\\/wp.kristdemokraterna.se\\\/soderhamn\\\/\"},{\"@type\":\"ListItem\",\"position\":2,\"name\":\"EU &#8211; Ett fredsprojekt som ska f\u00f6rbli ett s\u00e5dant\"}]},{\"@type\":\"WebSite\",\"@id\":\"https:\\\/\\\/wp.kristdemokraterna.se\\\/soderhamn\\\/#website\",\"url\":\"https:\\\/\\\/wp.kristdemokraterna.se\\\/soderhamn\\\/\",\"name\":\"Kristdemokraterna i S\u00f6derhamn\",\"description\":\"Kristdemokraterna i S\u00f6derhamn\",\"inLanguage\":\"sv-SE\"},{\"@type\":\"Person\",\"@id\":\"https:\\\/\\\/wp.kristdemokraterna.se\\\/soderhamn\\\/#\\\/schema\\\/person\\\/6f1f8de77f4cd9a08a7697edfcc5122c\",\"name\":\"Carro\",\"image\":{\"@type\":\"ImageObject\",\"inLanguage\":\"sv-SE\",\"@id\":\"https:\\\/\\\/secure.gravatar.com\\\/avatar\\\/2c035b735c70de8d655a370077448c41e06e66f879db067dae03e810e16a5ee0?s=96&d=mm&r=g\",\"url\":\"https:\\\/\\\/secure.gravatar.com\\\/avatar\\\/2c035b735c70de8d655a370077448c41e06e66f879db067dae03e810e16a5ee0?s=96&d=mm&r=g\",\"contentUrl\":\"https:\\\/\\\/secure.gravatar.com\\\/avatar\\\/2c035b735c70de8d655a370077448c41e06e66f879db067dae03e810e16a5ee0?s=96&d=mm&r=g\",\"caption\":\"Carro\"},\"sameAs\":[\"https:\\\/\\\/www.facebook.com\\\/carro.oberg\"],\"url\":\"https:\\\/\\\/wp.kristdemokraterna.se\\\/soderhamn\\\/author\\\/carro\\\/\"}]}<\/script>\n<!-- \/ Yoast SEO plugin. -->","yoast_head_json":{"title":"EU - Ett fredsprojekt som ska f\u00f6rbli ett s\u00e5dant - Kristdemokraterna i S\u00f6derhamn","description":"EU ska verka f\u00f6r fred, frihet och frihandel. EU ska inte detaljstyra regler och lagar som vi som nation b\u00e4ttre hanterar utifr\u00e5n v\u00e5ra unika f\u00f6ruts\u00e4ttningar.","robots":{"index":"index","follow":"follow","max-snippet":"max-snippet:-1","max-image-preview":"max-image-preview:large","max-video-preview":"max-video-preview:-1"},"canonical":"https:\/\/wp.kristdemokraterna.se\/soderhamn\/eu-ett-fredsprojekt-som-ska-forbli-ett-sadant\/","og_locale":"sv_SE","og_type":"article","og_title":"EU - Ett fredsprojekt som ska f\u00f6rbli ett s\u00e5dant - Kristdemokraterna i S\u00f6derhamn","og_description":"EU ska verka f\u00f6r fred, frihet och frihandel. EU ska inte detaljstyra regler och lagar som vi som nation b\u00e4ttre hanterar utifr\u00e5n v\u00e5ra unika f\u00f6ruts\u00e4ttningar.","og_url":"https:\/\/wp.kristdemokraterna.se\/soderhamn\/eu-ett-fredsprojekt-som-ska-forbli-ett-sadant\/","og_site_name":"Kristdemokraterna i S\u00f6derhamn","article_author":"https:\/\/www.facebook.com\/carro.oberg","article_published_time":"2024-05-24T06:55:22+00:00","author":"Carro","twitter_card":"summary_large_image","twitter_misc":{"Skriven av":"Carro","Ber\u00e4knad l\u00e4stid":"2 minuter"},"schema":{"@context":"https:\/\/schema.org","@graph":[{"@type":"Article","@id":"https:\/\/wp.kristdemokraterna.se\/soderhamn\/eu-ett-fredsprojekt-som-ska-forbli-ett-sadant\/#article","isPartOf":{"@id":"https:\/\/wp.kristdemokraterna.se\/soderhamn\/eu-ett-fredsprojekt-som-ska-forbli-ett-sadant\/"},"author":{"name":"Carro","@id":"https:\/\/wp.kristdemokraterna.se\/soderhamn\/#\/schema\/person\/6f1f8de77f4cd9a08a7697edfcc5122c"},"headline":"EU &#8211; Ett fredsprojekt som ska f\u00f6rbli ett s\u00e5dant","datePublished":"2024-05-24T06:55:22+00:00","mainEntityOfPage":{"@id":"https:\/\/wp.kristdemokraterna.se\/soderhamn\/eu-ett-fredsprojekt-som-ska-forbli-ett-sadant\/"},"wordCount":406,"articleSection":["EU-val","Nyheter"],"inLanguage":"sv-SE"},{"@type":"WebPage","@id":"https:\/\/wp.kristdemokraterna.se\/soderhamn\/eu-ett-fredsprojekt-som-ska-forbli-ett-sadant\/","url":"https:\/\/wp.kristdemokraterna.se\/soderhamn\/eu-ett-fredsprojekt-som-ska-forbli-ett-sadant\/","name":"EU - Ett fredsprojekt som ska f\u00f6rbli ett s\u00e5dant - Kristdemokraterna i S\u00f6derhamn","isPartOf":{"@id":"https:\/\/wp.kristdemokraterna.se\/soderhamn\/#website"},"datePublished":"2024-05-24T06:55:22+00:00","author":{"@id":"https:\/\/wp.kristdemokraterna.se\/soderhamn\/#\/schema\/person\/6f1f8de77f4cd9a08a7697edfcc5122c"},"description":"EU ska verka f\u00f6r fred, frihet och frihandel. EU ska inte detaljstyra regler och lagar som vi som nation b\u00e4ttre hanterar utifr\u00e5n v\u00e5ra unika f\u00f6ruts\u00e4ttningar.","breadcrumb":{"@id":"https:\/\/wp.kristdemokraterna.se\/soderhamn\/eu-ett-fredsprojekt-som-ska-forbli-ett-sadant\/#breadcrumb"},"inLanguage":"sv-SE","potentialAction":[{"@type":"ReadAction","target":["https:\/\/wp.kristdemokraterna.se\/soderhamn\/eu-ett-fredsprojekt-som-ska-forbli-ett-sadant\/"]}]},{"@type":"BreadcrumbList","@id":"https:\/\/wp.kristdemokraterna.se\/soderhamn\/eu-ett-fredsprojekt-som-ska-forbli-ett-sadant\/#breadcrumb","itemListElement":[{"@type":"ListItem","position":1,"name":"Hem","item":"https:\/\/wp.kristdemokraterna.se\/soderhamn\/"},{"@type":"ListItem","position":2,"name":"EU &#8211; Ett fredsprojekt som ska f\u00f6rbli ett s\u00e5dant"}]},{"@type":"WebSite","@id":"https:\/\/wp.kristdemokraterna.se\/soderhamn\/#website","url":"https:\/\/wp.kristdemokraterna.se\/soderhamn\/","name":"Kristdemokraterna i S\u00f6derhamn","description":"Kristdemokraterna i S\u00f6derhamn","inLanguage":"sv-SE"},{"@type":"Person","@id":"https:\/\/wp.kristdemokraterna.se\/soderhamn\/#\/schema\/person\/6f1f8de77f4cd9a08a7697edfcc5122c","name":"Carro","image":{"@type":"ImageObject","inLanguage":"sv-SE","@id":"https:\/\/secure.gravatar.com\/avatar\/2c035b735c70de8d655a370077448c41e06e66f879db067dae03e810e16a5ee0?s=96&d=mm&r=g","url":"https:\/\/secure.gravatar.com\/avatar\/2c035b735c70de8d655a370077448c41e06e66f879db067dae03e810e16a5ee0?s=96&d=mm&r=g","contentUrl":"https:\/\/secure.gravatar.com\/avatar\/2c035b735c70de8d655a370077448c41e06e66f879db067dae03e810e16a5ee0?s=96&d=mm&r=g","caption":"Carro"},"sameAs":["https:\/\/www.facebook.com\/carro.oberg"],"url":"https:\/\/wp.kristdemokraterna.se\/soderhamn\/author\/carro\/"}]}},"_links":{"self":[{"href":"https:\/\/wp.kristdemokraterna.se\/soderhamn\/wp-json\/wp\/v2\/posts\/829","targetHints":{"allow":["GET"]}}],"collection":[{"href":"https:\/\/wp.kristdemokraterna.se\/soderhamn\/wp-json\/wp\/v2\/posts"}],"about":[{"href":"https:\/\/wp.kristdemokraterna.se\/soderhamn\/wp-json\/wp\/v2\/types\/post"}],"author":[{"embeddable":true,"href":"https:\/\/wp.kristdemokraterna.se\/soderhamn\/wp-json\/wp\/v2\/users\/1026"}],"replies":[{"embeddable":true,"href":"https:\/\/wp.kristdemokraterna.se\/soderhamn\/wp-json\/wp\/v2\/comments?post=829"}],"version-history":[{"count":1,"href":"https:\/\/wp.kristdemokraterna.se\/soderhamn\/wp-json\/wp\/v2\/posts\/829\/revisions"}],"predecessor-version":[{"id":831,"href":"https:\/\/wp.kristdemokraterna.se\/soderhamn\/wp-json\/wp\/v2\/posts\/829\/revisions\/831"}],"wp:attachment":[{"href":"https:\/\/wp.kristdemokraterna.se\/soderhamn\/wp-json\/wp\/v2\/media?parent=829"}],"wp:term":[{"taxonomy":"category","embeddable":true,"href":"https:\/\/wp.kristdemokraterna.se\/soderhamn\/wp-json\/wp\/v2\/categories?post=829"},{"taxonomy":"post_tag","embeddable":true,"href":"https:\/\/wp.kristdemokraterna.se\/soderhamn\/wp-json\/wp\/v2\/tags?post=829"}],"curies":[{"name":"wp","href":"https:\/\/api.w.org\/{rel}","templated":true}]}}