{"id":866,"date":"2025-08-16T19:57:46","date_gmt":"2025-08-16T17:57:46","guid":{"rendered":"https:\/\/wp.kristdemokraterna.se\/soderhamn\/?p=866"},"modified":"2025-08-19T05:47:52","modified_gmt":"2025-08-19T03:47:52","slug":"fritidskortet-ett-initiativ-fran-kd-som-nu-blir-verklighet","status":"publish","type":"post","link":"https:\/\/wp.kristdemokraterna.se\/soderhamn\/fritidskortet-ett-initiativ-fran-kd-som-nu-blir-verklighet\/","title":{"rendered":"Fritidskortet &#8211; Ett initiativ fr\u00e5n KD som nu blir verklighet"},"content":{"rendered":"<p>I september 2025 lanseras Fritidskortet, en reform som KD drivit och \u00e4ven en av de punkter vi gick till val p\u00e5 2022. Syftet med Fritidskortet \u00e4r att ge barn och unga mellan 8 och 16 \u00e5r \u00f6kad tillg\u00e5ngs till fritidsaktiviteter &#8211; f\u00f6r att motverka fysisk och psykisk oh\u00e4lsa samt utanf\u00f6rskap. Fritidskortet s\u00e4nker de ekonomiska tr\u00f6sklarna f\u00f6r deltagande i idrott, kultur, friluftsliv och andra f\u00f6reningsaktiviteter. Att hitta en meningsfull fritid \u00e4r inte bara viktigt f\u00f6r den psykiska och fysiska h\u00e4lsan &#8211; utan bidrar ofta till \u00f6kad livskvalitet i form av gl\u00e4dje, gemenskap och personlig utveckling. Forskning visar \u00e4ven att unga som har en meningsfull fritid l\u00f6per betydligt mindre risk att hamna i g\u00e4ngkriminalitet. Vi i Kristdemokraterna i S\u00f6derhamn \u00e4r otroligt stolta \u00f6ver Sveriges socialminister Jakob Forssmed (KD) som drivit igenom denna reform.<\/p>\n<p>Jakob har verkat f\u00f6r att det administrativa kring Fritidskortet ska fungera s\u00e5 smidigt som m\u00f6jligt och att bidraget g\u00e5r till personer som verkligen beh\u00f6ver det. St\u00f6det ligger p\u00e5 500 kronor per barn och \u00e5r f\u00f6r samtliga barn. Har familjen r\u00e4tt till bostadsbidrag \u00e4r st\u00f6det h\u00f6gre, 2 000 kronor per barn.<\/p>\n<p>Redan nu kan f\u00f6reningar ans\u00f6ka om att bli en del av Fritidskortet. Som f\u00f6rening ans\u00f6ker man om att bli ansluten till Fritidskortets register hos F\u00f6rs\u00e4kringskassan. Det kostar inget att ansluta en f\u00f6rening. Det \u00e4r F\u00f6rs\u00e4kringskassan som beslutar om en f\u00f6rening kan bli ansluten till Fritidskortet.<\/p>\n<p>&nbsp;<\/p>\n<p>P\u00e5 <a href=\"https:\/\/fritidskortet.se\">Fritidskortet.se<\/a> g\u00e5r att l\u00e4sa f\u00f6ljande:<\/p>\n<p>&#8221;F\u00f6r att <strong>idrottsf\u00f6reningar<\/strong> ska bli anslutna till Fritidskortet g\u00e4ller f\u00f6ljande:<\/p>\n<ul>\n<li>Tagit emot statligt lokalt aktivitetsst\u00f6d (LOK-st\u00f6d) fr\u00e5n Riksidrottsf\u00f6rbundet<\/li>\n<li>Svenskt organisationsnummer och bankgiro- eller postgironummer.<\/li>\n<\/ul>\n<p>&nbsp;<\/p>\n<p>F\u00f6r att <strong>friluftsf\u00f6reningar<\/strong> ska bli anslutna till Fritidskortet g\u00e4ller f\u00f6ljande.<\/p>\n<ul>\n<li>F\u00f6reningen m\u00e5ste vara medlem i en av Svenskt Friluftslivs medlemsorganisationer.<\/li>\n<li>F\u00f6reningen m\u00e5ste ha ledarledda fritidsaktiviteter f\u00f6r barn i \u00e5ldern 8 till 16 \u00e5r. Aktiviteterna ska erbjudas minst sex g\u00e5nger under en sammanh\u00e4ngande sexm\u00e5nadersperiod.<\/li>\n<\/ul>\n<p>&nbsp;<\/p>\n<p>F\u00f6r att <strong>kulturskolan<\/strong> ska bli ansluten m\u00e5ste kommunen fylla in en ans\u00f6kan f\u00f6r att ing\u00e5 i Fritidskortets register.<\/p>\n<p>&nbsp;<\/p>\n<p>F\u00f6r att <strong>barn- och ungdomsorganisationer<\/strong> ska bli anslutna till Fritidskortet g\u00e4ller f\u00f6ljande.<\/p>\n<ul>\n<li>F\u00f6reningen m\u00e5ste vara medlem i en riksorganisation som f\u00e5r organisationsbidrag fr\u00e5n Myndigheten f\u00f6r ungdoms- och civilsamh\u00e4llesfr\u00e5gor (MUCF). P\u00e5 MUCF:s webbplats finns information om vilka riksorganisationer som f\u00e5r bidraget.<\/li>\n<li>F\u00f6reningen m\u00e5ste ha ledarledda fritidsaktiviteter f\u00f6r barn i \u00e5ldern 8 till 16 \u00e5r. Aktiviteterna ska erbjudas minst sex g\u00e5nger under en sammanh\u00e4ngande sexm\u00e5nadersperiod.<\/li>\n<\/ul>\n<p>F\u00f6reningen m\u00e5ste \u00e4ven:<\/p>\n<ul>\n<li>Bedrivit verksamhet i Sverige under en sammanh\u00e4ngande period om minst fem \u00e5r f\u00f6re den ans\u00f6ker om att bli ansluten till registret.<\/li>\n<li>Ha ett svenskt organisationsnummer.<\/li>\n<li>Uppr\u00e4ttat en \u00e5rsredovisning, ett \u00e5rsbokslut eller motsvarande sammanst\u00e4llning av r\u00e4kenskaper och \u00e5rsm\u00f6tesprotokoll f\u00f6r n\u00e4rmast f\u00f6reg\u00e5ende r\u00e4kenskaps\u00e5r.<\/li>\n<\/ul>\n<p>Organisationer som har skulder till stat eller kommun och som har \u00f6verl\u00e4mnats till Kronofogdemyndigheten, s\u00e5 kallade allm\u00e4nna m\u00e5l, kan ej ing\u00e5 i Fritidskortets register. Organisationer som \u00e4r i likvidation eller f\u00f6rsatta i konkurs kan ej ing\u00e5 i Fritidskortets register.&#8221;<\/p>\n<p><a href=\"https:\/\/www.forsakringskassan.se\/myndigheter-och-samarbetspartner\/logga-in-till-fritidskortets-register#\/\">H\u00c4R<\/a> \u00e4r en l\u00e4nk till f\u00f6rs\u00e4kringskassans inloggning d\u00e4r ni som f\u00f6rening kan anm\u00e4la er (BankId kr\u00e4vs). Har man inte BankID eller om det \u00e4r flera som beh\u00f6ver signera anm\u00e4lan, g\u00e5r det \u00e4ven att anm\u00e4la sig via blankett. Dessa finns att skriva ut p\u00e5 F\u00f6rs\u00e4kringskassans webbsida.<\/p>\n","protected":false},"excerpt":{"rendered":"<p>I september 2025 lanseras Fritidskortet, en reform som KD drivit och \u00e4ven en av de punkter vi gick till val p\u00e5 2022. Syftet med Fritidskortet \u00e4r att ge barn och unga mellan 8 och 16 \u00e5r \u00f6kad tillg\u00e5ngs till fritidsaktiviteter &#8211; f\u00f6r att motverka fysisk och psykisk oh\u00e4lsa samt utanf\u00f6rskap. Fritidskortet s\u00e4nker de ekonomiska tr\u00f6sklarna <a class=\"read-more-link\" href=\"https:\/\/wp.kristdemokraterna.se\/soderhamn\/fritidskortet-ett-initiativ-fran-kd-som-nu-blir-verklighet\/\">L\u00e4s mer<\/a><\/p>\n","protected":false},"author":1026,"featured_media":0,"comment_status":"closed","ping_status":"closed","sticky":false,"template":"","format":"standard","meta":{"_acf_changed":false,"footnotes":""},"categories":[12,11,10],"tags":[],"class_list":["post-866","post","type-post","status-publish","format-standard","hentry","category-familjer","category-inlagg","category-nyheter"],"acf":[],"yoast_head":"<!-- This site is optimized with the Yoast SEO plugin v27.5 - https:\/\/yoast.com\/product\/yoast-seo-wordpress\/ -->\n<title>Fritidskortet - Ett initiativ fr\u00e5n KD som nu blir verklighet - Kristdemokraterna i S\u00f6derhamn<\/title>\n<meta name=\"description\" content=\"Fritidskortet blir verkligehet i september 2025 tack vare KD. Det ger familjer upp till 2000 kronor per barn som direkt g\u00e5r till en aktiv och mer meningsfull fritid.\" \/>\n<meta name=\"robots\" content=\"index, follow, max-snippet:-1, max-image-preview:large, max-video-preview:-1\" \/>\n<link rel=\"canonical\" href=\"https:\/\/wp.kristdemokraterna.se\/soderhamn\/fritidskortet-ett-initiativ-fran-kd-som-nu-blir-verklighet\/\" \/>\n<meta property=\"og:locale\" content=\"sv_SE\" \/>\n<meta property=\"og:type\" content=\"article\" \/>\n<meta property=\"og:title\" content=\"Fritidskortet - Ett initiativ fr\u00e5n KD som nu blir verklighet - Kristdemokraterna i S\u00f6derhamn\" \/>\n<meta property=\"og:description\" content=\"Fritidskortet blir verkligehet i september 2025 tack vare KD. Det ger familjer upp till 2000 kronor per barn som direkt g\u00e5r till en aktiv och mer meningsfull fritid.\" \/>\n<meta property=\"og:url\" content=\"https:\/\/wp.kristdemokraterna.se\/soderhamn\/fritidskortet-ett-initiativ-fran-kd-som-nu-blir-verklighet\/\" \/>\n<meta property=\"og:site_name\" content=\"Kristdemokraterna i S\u00f6derhamn\" \/>\n<meta property=\"article:author\" content=\"https:\/\/www.facebook.com\/carro.oberg\" \/>\n<meta property=\"article:published_time\" content=\"2025-08-16T17:57:46+00:00\" \/>\n<meta property=\"article:modified_time\" content=\"2025-08-19T03:47:52+00:00\" \/>\n<meta name=\"author\" content=\"Carro\" \/>\n<meta name=\"twitter:card\" content=\"summary_large_image\" \/>\n<meta name=\"twitter:label1\" content=\"Skriven av\" \/>\n\t<meta name=\"twitter:data1\" content=\"Carro\" \/>\n\t<meta name=\"twitter:label2\" content=\"Ber\u00e4knad l\u00e4stid\" \/>\n\t<meta name=\"twitter:data2\" content=\"3 minuter\" \/>\n<script type=\"application\/ld+json\" class=\"yoast-schema-graph\">{\"@context\":\"https:\\\/\\\/schema.org\",\"@graph\":[{\"@type\":\"Article\",\"@id\":\"https:\\\/\\\/wp.kristdemokraterna.se\\\/soderhamn\\\/fritidskortet-ett-initiativ-fran-kd-som-nu-blir-verklighet\\\/#article\",\"isPartOf\":{\"@id\":\"https:\\\/\\\/wp.kristdemokraterna.se\\\/soderhamn\\\/fritidskortet-ett-initiativ-fran-kd-som-nu-blir-verklighet\\\/\"},\"author\":{\"name\":\"Carro\",\"@id\":\"https:\\\/\\\/wp.kristdemokraterna.se\\\/soderhamn\\\/#\\\/schema\\\/person\\\/6f1f8de77f4cd9a08a7697edfcc5122c\"},\"headline\":\"Fritidskortet &#8211; Ett initiativ fr\u00e5n KD som nu blir verklighet\",\"datePublished\":\"2025-08-16T17:57:46+00:00\",\"dateModified\":\"2025-08-19T03:47:52+00:00\",\"mainEntityOfPage\":{\"@id\":\"https:\\\/\\\/wp.kristdemokraterna.se\\\/soderhamn\\\/fritidskortet-ett-initiativ-fran-kd-som-nu-blir-verklighet\\\/\"},\"wordCount\":624,\"articleSection\":[\"familjer\",\"Inl\u00e4gg\",\"Nyheter\"],\"inLanguage\":\"sv-SE\"},{\"@type\":\"WebPage\",\"@id\":\"https:\\\/\\\/wp.kristdemokraterna.se\\\/soderhamn\\\/fritidskortet-ett-initiativ-fran-kd-som-nu-blir-verklighet\\\/\",\"url\":\"https:\\\/\\\/wp.kristdemokraterna.se\\\/soderhamn\\\/fritidskortet-ett-initiativ-fran-kd-som-nu-blir-verklighet\\\/\",\"name\":\"Fritidskortet - Ett initiativ fr\u00e5n KD som nu blir verklighet - Kristdemokraterna i S\u00f6derhamn\",\"isPartOf\":{\"@id\":\"https:\\\/\\\/wp.kristdemokraterna.se\\\/soderhamn\\\/#website\"},\"datePublished\":\"2025-08-16T17:57:46+00:00\",\"dateModified\":\"2025-08-19T03:47:52+00:00\",\"author\":{\"@id\":\"https:\\\/\\\/wp.kristdemokraterna.se\\\/soderhamn\\\/#\\\/schema\\\/person\\\/6f1f8de77f4cd9a08a7697edfcc5122c\"},\"description\":\"Fritidskortet blir verkligehet i september 2025 tack vare KD. Det ger familjer upp till 2000 kronor per barn som direkt g\u00e5r till en aktiv och mer meningsfull fritid.\",\"breadcrumb\":{\"@id\":\"https:\\\/\\\/wp.kristdemokraterna.se\\\/soderhamn\\\/fritidskortet-ett-initiativ-fran-kd-som-nu-blir-verklighet\\\/#breadcrumb\"},\"inLanguage\":\"sv-SE\",\"potentialAction\":[{\"@type\":\"ReadAction\",\"target\":[\"https:\\\/\\\/wp.kristdemokraterna.se\\\/soderhamn\\\/fritidskortet-ett-initiativ-fran-kd-som-nu-blir-verklighet\\\/\"]}]},{\"@type\":\"BreadcrumbList\",\"@id\":\"https:\\\/\\\/wp.kristdemokraterna.se\\\/soderhamn\\\/fritidskortet-ett-initiativ-fran-kd-som-nu-blir-verklighet\\\/#breadcrumb\",\"itemListElement\":[{\"@type\":\"ListItem\",\"position\":1,\"name\":\"Hem\",\"item\":\"https:\\\/\\\/wp.kristdemokraterna.se\\\/soderhamn\\\/\"},{\"@type\":\"ListItem\",\"position\":2,\"name\":\"Fritidskortet &#8211; Ett initiativ fr\u00e5n KD som nu blir verklighet\"}]},{\"@type\":\"WebSite\",\"@id\":\"https:\\\/\\\/wp.kristdemokraterna.se\\\/soderhamn\\\/#website\",\"url\":\"https:\\\/\\\/wp.kristdemokraterna.se\\\/soderhamn\\\/\",\"name\":\"Kristdemokraterna i S\u00f6derhamn\",\"description\":\"Kristdemokraterna i S\u00f6derhamn\",\"inLanguage\":\"sv-SE\"},{\"@type\":\"Person\",\"@id\":\"https:\\\/\\\/wp.kristdemokraterna.se\\\/soderhamn\\\/#\\\/schema\\\/person\\\/6f1f8de77f4cd9a08a7697edfcc5122c\",\"name\":\"Carro\",\"image\":{\"@type\":\"ImageObject\",\"inLanguage\":\"sv-SE\",\"@id\":\"https:\\\/\\\/secure.gravatar.com\\\/avatar\\\/2c035b735c70de8d655a370077448c41e06e66f879db067dae03e810e16a5ee0?s=96&d=mm&r=g\",\"url\":\"https:\\\/\\\/secure.gravatar.com\\\/avatar\\\/2c035b735c70de8d655a370077448c41e06e66f879db067dae03e810e16a5ee0?s=96&d=mm&r=g\",\"contentUrl\":\"https:\\\/\\\/secure.gravatar.com\\\/avatar\\\/2c035b735c70de8d655a370077448c41e06e66f879db067dae03e810e16a5ee0?s=96&d=mm&r=g\",\"caption\":\"Carro\"},\"sameAs\":[\"https:\\\/\\\/www.facebook.com\\\/carro.oberg\"],\"url\":\"https:\\\/\\\/wp.kristdemokraterna.se\\\/soderhamn\\\/author\\\/carro\\\/\"}]}<\/script>\n<!-- \/ Yoast SEO plugin. -->","yoast_head_json":{"title":"Fritidskortet - Ett initiativ fr\u00e5n KD som nu blir verklighet - Kristdemokraterna i S\u00f6derhamn","description":"Fritidskortet blir verkligehet i september 2025 tack vare KD. Det ger familjer upp till 2000 kronor per barn som direkt g\u00e5r till en aktiv och mer meningsfull fritid.","robots":{"index":"index","follow":"follow","max-snippet":"max-snippet:-1","max-image-preview":"max-image-preview:large","max-video-preview":"max-video-preview:-1"},"canonical":"https:\/\/wp.kristdemokraterna.se\/soderhamn\/fritidskortet-ett-initiativ-fran-kd-som-nu-blir-verklighet\/","og_locale":"sv_SE","og_type":"article","og_title":"Fritidskortet - Ett initiativ fr\u00e5n KD som nu blir verklighet - Kristdemokraterna i S\u00f6derhamn","og_description":"Fritidskortet blir verkligehet i september 2025 tack vare KD. Det ger familjer upp till 2000 kronor per barn som direkt g\u00e5r till en aktiv och mer meningsfull fritid.","og_url":"https:\/\/wp.kristdemokraterna.se\/soderhamn\/fritidskortet-ett-initiativ-fran-kd-som-nu-blir-verklighet\/","og_site_name":"Kristdemokraterna i S\u00f6derhamn","article_author":"https:\/\/www.facebook.com\/carro.oberg","article_published_time":"2025-08-16T17:57:46+00:00","article_modified_time":"2025-08-19T03:47:52+00:00","author":"Carro","twitter_card":"summary_large_image","twitter_misc":{"Skriven av":"Carro","Ber\u00e4knad l\u00e4stid":"3 minuter"},"schema":{"@context":"https:\/\/schema.org","@graph":[{"@type":"Article","@id":"https:\/\/wp.kristdemokraterna.se\/soderhamn\/fritidskortet-ett-initiativ-fran-kd-som-nu-blir-verklighet\/#article","isPartOf":{"@id":"https:\/\/wp.kristdemokraterna.se\/soderhamn\/fritidskortet-ett-initiativ-fran-kd-som-nu-blir-verklighet\/"},"author":{"name":"Carro","@id":"https:\/\/wp.kristdemokraterna.se\/soderhamn\/#\/schema\/person\/6f1f8de77f4cd9a08a7697edfcc5122c"},"headline":"Fritidskortet &#8211; Ett initiativ fr\u00e5n KD som nu blir verklighet","datePublished":"2025-08-16T17:57:46+00:00","dateModified":"2025-08-19T03:47:52+00:00","mainEntityOfPage":{"@id":"https:\/\/wp.kristdemokraterna.se\/soderhamn\/fritidskortet-ett-initiativ-fran-kd-som-nu-blir-verklighet\/"},"wordCount":624,"articleSection":["familjer","Inl\u00e4gg","Nyheter"],"inLanguage":"sv-SE"},{"@type":"WebPage","@id":"https:\/\/wp.kristdemokraterna.se\/soderhamn\/fritidskortet-ett-initiativ-fran-kd-som-nu-blir-verklighet\/","url":"https:\/\/wp.kristdemokraterna.se\/soderhamn\/fritidskortet-ett-initiativ-fran-kd-som-nu-blir-verklighet\/","name":"Fritidskortet - Ett initiativ fr\u00e5n KD som nu blir verklighet - Kristdemokraterna i S\u00f6derhamn","isPartOf":{"@id":"https:\/\/wp.kristdemokraterna.se\/soderhamn\/#website"},"datePublished":"2025-08-16T17:57:46+00:00","dateModified":"2025-08-19T03:47:52+00:00","author":{"@id":"https:\/\/wp.kristdemokraterna.se\/soderhamn\/#\/schema\/person\/6f1f8de77f4cd9a08a7697edfcc5122c"},"description":"Fritidskortet blir verkligehet i september 2025 tack vare KD. Det ger familjer upp till 2000 kronor per barn som direkt g\u00e5r till en aktiv och mer meningsfull fritid.","breadcrumb":{"@id":"https:\/\/wp.kristdemokraterna.se\/soderhamn\/fritidskortet-ett-initiativ-fran-kd-som-nu-blir-verklighet\/#breadcrumb"},"inLanguage":"sv-SE","potentialAction":[{"@type":"ReadAction","target":["https:\/\/wp.kristdemokraterna.se\/soderhamn\/fritidskortet-ett-initiativ-fran-kd-som-nu-blir-verklighet\/"]}]},{"@type":"BreadcrumbList","@id":"https:\/\/wp.kristdemokraterna.se\/soderhamn\/fritidskortet-ett-initiativ-fran-kd-som-nu-blir-verklighet\/#breadcrumb","itemListElement":[{"@type":"ListItem","position":1,"name":"Hem","item":"https:\/\/wp.kristdemokraterna.se\/soderhamn\/"},{"@type":"ListItem","position":2,"name":"Fritidskortet &#8211; Ett initiativ fr\u00e5n KD som nu blir verklighet"}]},{"@type":"WebSite","@id":"https:\/\/wp.kristdemokraterna.se\/soderhamn\/#website","url":"https:\/\/wp.kristdemokraterna.se\/soderhamn\/","name":"Kristdemokraterna i S\u00f6derhamn","description":"Kristdemokraterna i S\u00f6derhamn","inLanguage":"sv-SE"},{"@type":"Person","@id":"https:\/\/wp.kristdemokraterna.se\/soderhamn\/#\/schema\/person\/6f1f8de77f4cd9a08a7697edfcc5122c","name":"Carro","image":{"@type":"ImageObject","inLanguage":"sv-SE","@id":"https:\/\/secure.gravatar.com\/avatar\/2c035b735c70de8d655a370077448c41e06e66f879db067dae03e810e16a5ee0?s=96&d=mm&r=g","url":"https:\/\/secure.gravatar.com\/avatar\/2c035b735c70de8d655a370077448c41e06e66f879db067dae03e810e16a5ee0?s=96&d=mm&r=g","contentUrl":"https:\/\/secure.gravatar.com\/avatar\/2c035b735c70de8d655a370077448c41e06e66f879db067dae03e810e16a5ee0?s=96&d=mm&r=g","caption":"Carro"},"sameAs":["https:\/\/www.facebook.com\/carro.oberg"],"url":"https:\/\/wp.kristdemokraterna.se\/soderhamn\/author\/carro\/"}]}},"_links":{"self":[{"href":"https:\/\/wp.kristdemokraterna.se\/soderhamn\/wp-json\/wp\/v2\/posts\/866","targetHints":{"allow":["GET"]}}],"collection":[{"href":"https:\/\/wp.kristdemokraterna.se\/soderhamn\/wp-json\/wp\/v2\/posts"}],"about":[{"href":"https:\/\/wp.kristdemokraterna.se\/soderhamn\/wp-json\/wp\/v2\/types\/post"}],"author":[{"embeddable":true,"href":"https:\/\/wp.kristdemokraterna.se\/soderhamn\/wp-json\/wp\/v2\/users\/1026"}],"replies":[{"embeddable":true,"href":"https:\/\/wp.kristdemokraterna.se\/soderhamn\/wp-json\/wp\/v2\/comments?post=866"}],"version-history":[{"count":3,"href":"https:\/\/wp.kristdemokraterna.se\/soderhamn\/wp-json\/wp\/v2\/posts\/866\/revisions"}],"predecessor-version":[{"id":881,"href":"https:\/\/wp.kristdemokraterna.se\/soderhamn\/wp-json\/wp\/v2\/posts\/866\/revisions\/881"}],"wp:attachment":[{"href":"https:\/\/wp.kristdemokraterna.se\/soderhamn\/wp-json\/wp\/v2\/media?parent=866"}],"wp:term":[{"taxonomy":"category","embeddable":true,"href":"https:\/\/wp.kristdemokraterna.se\/soderhamn\/wp-json\/wp\/v2\/categories?post=866"},{"taxonomy":"post_tag","embeddable":true,"href":"https:\/\/wp.kristdemokraterna.se\/soderhamn\/wp-json\/wp\/v2\/tags?post=866"}],"curies":[{"name":"wp","href":"https:\/\/api.w.org\/{rel}","templated":true}]}}