{"id":887,"date":"2025-10-16T10:15:04","date_gmt":"2025-10-16T08:15:04","guid":{"rendered":"https:\/\/wp.kristdemokraterna.se\/soderhamn\/?p=887"},"modified":"2025-10-16T10:15:30","modified_gmt":"2025-10-16T08:15:30","slug":"nya-ostkustbanan-ar-avgorande-for-hela-norrland","status":"publish","type":"post","link":"https:\/\/wp.kristdemokraterna.se\/soderhamn\/nya-ostkustbanan-ar-avgorande-for-hela-norrland\/","title":{"rendered":"Nya Ostkustbanan \u00e4r avg\u00f6rande f\u00f6r hela Norrland"},"content":{"rendered":"<div class=\"x14z9mp xat24cr x1lziwak x1vvkbs xtlvy1s x126k92a\">\n<div dir=\"auto\">H\u00e4rom veckan presenterade Trafikverket sitt f\u00f6rslag till nationell plan. Beskedet, att centrala delar av dubbelsp\u00e5rsutbyggnaden p\u00e5 Ostkustbanan stryks, \u00e4r djupt oroande. F\u00f6r oss Kristdemokrater i S\u00f6derhamn \u00e4r en modern och fungerande j\u00e4rnv\u00e4g l\u00e4ngs Norrlandskusten inte en lyx \u2013 det \u00e4r en n\u00f6dv\u00e4ndighet.<\/div>\n<div dir=\"auto\"><\/div>\n<div dir=\"auto\"><\/div>\n<\/div>\n<div class=\"x14z9mp xat24cr x1lziwak x1vvkbs xtlvy1s x126k92a\">\n<div dir=\"auto\">Utan en utbyggd Ostkustbana f\u00f6rs\u00e4mras m\u00f6jligheterna f\u00f6r b\u00e5de m\u00e4nniskor och f\u00f6retag norr om Dal\u00e4lven. Det handlar om arbetspendling, n\u00e4ringslivets konkurrenskraft, klimatsmarta transporter och hela landsbygdens l\u00e5ngsiktiga utveckling. Att stryka denna satsning vore ett dr\u00e5pslag mot norra Sveriges framtid.<\/div>\n<\/div>\n<div class=\"x14z9mp xat24cr x1lziwak x1vvkbs xtlvy1s x126k92a\">\n<div dir=\"auto\">Nya Ostkustbanan \u00e4r inte bara en investering i S\u00f6derhamn, utan i hela Norrland och d\u00e4rmed i hela Sveriges utveckling. Vi kr\u00e4ver att regeringen och Trafikverket omv\u00e4rderar sitt f\u00f6rslag.<\/div>\n<div dir=\"auto\"><\/div>\n<div dir=\"auto\"><\/div>\n<\/div>\n<div class=\"x14z9mp xat24cr x1lziwak x1vvkbs xtlvy1s x126k92a\">\n<div dir=\"auto\">Vi kristdemokrater, inklusive infrastrukturminister Andreas Carlson, v\u00e4rnar om landsbygden. Nu m\u00e5ste det ocks\u00e5 synas i beslut som skapar f\u00f6ruts\u00e4ttningar f\u00f6r att hela Sverige ska leva \u2013 \u00e4ven f\u00f6r oss som bor och verkar norr om Dal\u00e4lven.<\/div>\n<\/div>\n<div dir=\"auto\"><\/div>\n<div class=\"x14z9mp xat24cr x1lziwak x1vvkbs xtlvy1s x126k92a\">\n<div dir=\"auto\">Kristdemokraterna i S\u00f6derhamn ger inte upp. Vi tar ansvar, st\u00e5r upp f\u00f6r v\u00e5ra \u00e5sikter och kommer ta de kontakter vi kan f\u00f6r att p\u00e5verka beslutet om Nya Ostkustbanan.<\/div>\n<\/div>\n","protected":false},"excerpt":{"rendered":"<p>H\u00e4rom veckan presenterade Trafikverket sitt f\u00f6rslag till nationell plan. Beskedet, att centrala delar av dubbelsp\u00e5rsutbyggnaden p\u00e5 Ostkustbanan stryks, \u00e4r djupt oroande. F\u00f6r oss Kristdemokrater i S\u00f6derhamn \u00e4r en modern och fungerande j\u00e4rnv\u00e4g l\u00e4ngs Norrlandskusten inte en lyx \u2013 det \u00e4r en n\u00f6dv\u00e4ndighet. Utan en utbyggd Ostkustbana f\u00f6rs\u00e4mras m\u00f6jligheterna f\u00f6r b\u00e5de m\u00e4nniskor och f\u00f6retag norr om <a class=\"read-more-link\" href=\"https:\/\/wp.kristdemokraterna.se\/soderhamn\/nya-ostkustbanan-ar-avgorande-for-hela-norrland\/\">L\u00e4s mer<\/a><\/p>\n","protected":false},"author":1026,"featured_media":0,"comment_status":"closed","ping_status":"closed","sticky":false,"template":"","format":"standard","meta":{"_acf_changed":false,"footnotes":""},"categories":[4,11,26,10,32],"tags":[],"class_list":["post-887","post","type-post","status-publish","format-standard","hentry","category-i-kommunen","category-inlagg","category-landsbygd","category-nyheter","category-riks"],"acf":[],"yoast_head":"<!-- This site is optimized with the Yoast SEO plugin v27.4 - https:\/\/yoast.com\/product\/yoast-seo-wordpress\/ -->\n<title>Nya Ostkustbanan \u00e4r avg\u00f6rande f\u00f6r hela Norrland - Kristdemokraterna i S\u00f6derhamn<\/title>\n<meta name=\"description\" content=\"Regeringen m\u00e5ste omv\u00e4rdera vikten av en utbyggnad av Ostkustbanan f\u00f6r hela Norra Sveriges utveckling\" \/>\n<meta name=\"robots\" content=\"index, follow, max-snippet:-1, max-image-preview:large, max-video-preview:-1\" \/>\n<link rel=\"canonical\" href=\"https:\/\/wp.kristdemokraterna.se\/soderhamn\/nya-ostkustbanan-ar-avgorande-for-hela-norrland\/\" \/>\n<meta property=\"og:locale\" content=\"sv_SE\" \/>\n<meta property=\"og:type\" content=\"article\" \/>\n<meta property=\"og:title\" content=\"Nya Ostkustbanan \u00e4r avg\u00f6rande f\u00f6r hela Norrland - Kristdemokraterna i S\u00f6derhamn\" \/>\n<meta property=\"og:description\" content=\"Regeringen m\u00e5ste omv\u00e4rdera vikten av en utbyggnad av Ostkustbanan f\u00f6r hela Norra Sveriges utveckling\" \/>\n<meta property=\"og:url\" content=\"https:\/\/wp.kristdemokraterna.se\/soderhamn\/nya-ostkustbanan-ar-avgorande-for-hela-norrland\/\" \/>\n<meta property=\"og:site_name\" content=\"Kristdemokraterna i S\u00f6derhamn\" \/>\n<meta property=\"article:author\" content=\"https:\/\/www.facebook.com\/carro.oberg\" \/>\n<meta property=\"article:published_time\" content=\"2025-10-16T08:15:04+00:00\" \/>\n<meta property=\"article:modified_time\" content=\"2025-10-16T08:15:30+00:00\" \/>\n<meta name=\"author\" content=\"Carro\" \/>\n<meta name=\"twitter:card\" content=\"summary_large_image\" \/>\n<meta name=\"twitter:label1\" content=\"Skriven av\" \/>\n\t<meta name=\"twitter:data1\" content=\"Carro\" \/>\n\t<meta name=\"twitter:label2\" content=\"Ber\u00e4knad l\u00e4stid\" \/>\n\t<meta name=\"twitter:data2\" content=\"1 minut\" \/>\n<script type=\"application\/ld+json\" class=\"yoast-schema-graph\">{\"@context\":\"https:\\\/\\\/schema.org\",\"@graph\":[{\"@type\":\"Article\",\"@id\":\"https:\\\/\\\/wp.kristdemokraterna.se\\\/soderhamn\\\/nya-ostkustbanan-ar-avgorande-for-hela-norrland\\\/#article\",\"isPartOf\":{\"@id\":\"https:\\\/\\\/wp.kristdemokraterna.se\\\/soderhamn\\\/nya-ostkustbanan-ar-avgorande-for-hela-norrland\\\/\"},\"author\":{\"name\":\"Carro\",\"@id\":\"https:\\\/\\\/wp.kristdemokraterna.se\\\/soderhamn\\\/#\\\/schema\\\/person\\\/6f1f8de77f4cd9a08a7697edfcc5122c\"},\"headline\":\"Nya Ostkustbanan \u00e4r avg\u00f6rande f\u00f6r hela Norrland\",\"datePublished\":\"2025-10-16T08:15:04+00:00\",\"dateModified\":\"2025-10-16T08:15:30+00:00\",\"mainEntityOfPage\":{\"@id\":\"https:\\\/\\\/wp.kristdemokraterna.se\\\/soderhamn\\\/nya-ostkustbanan-ar-avgorande-for-hela-norrland\\\/\"},\"wordCount\":218,\"articleSection\":[\"I Kommunen\",\"Inl\u00e4gg\",\"Landsbygd\",\"Nyheter\",\"Riks\"],\"inLanguage\":\"sv-SE\"},{\"@type\":\"WebPage\",\"@id\":\"https:\\\/\\\/wp.kristdemokraterna.se\\\/soderhamn\\\/nya-ostkustbanan-ar-avgorande-for-hela-norrland\\\/\",\"url\":\"https:\\\/\\\/wp.kristdemokraterna.se\\\/soderhamn\\\/nya-ostkustbanan-ar-avgorande-for-hela-norrland\\\/\",\"name\":\"Nya Ostkustbanan \u00e4r avg\u00f6rande f\u00f6r hela Norrland - Kristdemokraterna i S\u00f6derhamn\",\"isPartOf\":{\"@id\":\"https:\\\/\\\/wp.kristdemokraterna.se\\\/soderhamn\\\/#website\"},\"datePublished\":\"2025-10-16T08:15:04+00:00\",\"dateModified\":\"2025-10-16T08:15:30+00:00\",\"author\":{\"@id\":\"https:\\\/\\\/wp.kristdemokraterna.se\\\/soderhamn\\\/#\\\/schema\\\/person\\\/6f1f8de77f4cd9a08a7697edfcc5122c\"},\"description\":\"Regeringen m\u00e5ste omv\u00e4rdera vikten av en utbyggnad av Ostkustbanan f\u00f6r hela Norra Sveriges utveckling\",\"breadcrumb\":{\"@id\":\"https:\\\/\\\/wp.kristdemokraterna.se\\\/soderhamn\\\/nya-ostkustbanan-ar-avgorande-for-hela-norrland\\\/#breadcrumb\"},\"inLanguage\":\"sv-SE\",\"potentialAction\":[{\"@type\":\"ReadAction\",\"target\":[\"https:\\\/\\\/wp.kristdemokraterna.se\\\/soderhamn\\\/nya-ostkustbanan-ar-avgorande-for-hela-norrland\\\/\"]}]},{\"@type\":\"BreadcrumbList\",\"@id\":\"https:\\\/\\\/wp.kristdemokraterna.se\\\/soderhamn\\\/nya-ostkustbanan-ar-avgorande-for-hela-norrland\\\/#breadcrumb\",\"itemListElement\":[{\"@type\":\"ListItem\",\"position\":1,\"name\":\"Hem\",\"item\":\"https:\\\/\\\/wp.kristdemokraterna.se\\\/soderhamn\\\/\"},{\"@type\":\"ListItem\",\"position\":2,\"name\":\"Nya Ostkustbanan \u00e4r avg\u00f6rande f\u00f6r hela Norrland\"}]},{\"@type\":\"WebSite\",\"@id\":\"https:\\\/\\\/wp.kristdemokraterna.se\\\/soderhamn\\\/#website\",\"url\":\"https:\\\/\\\/wp.kristdemokraterna.se\\\/soderhamn\\\/\",\"name\":\"Kristdemokraterna i S\u00f6derhamn\",\"description\":\"Kristdemokraterna i S\u00f6derhamn\",\"inLanguage\":\"sv-SE\"},{\"@type\":\"Person\",\"@id\":\"https:\\\/\\\/wp.kristdemokraterna.se\\\/soderhamn\\\/#\\\/schema\\\/person\\\/6f1f8de77f4cd9a08a7697edfcc5122c\",\"name\":\"Carro\",\"image\":{\"@type\":\"ImageObject\",\"inLanguage\":\"sv-SE\",\"@id\":\"https:\\\/\\\/secure.gravatar.com\\\/avatar\\\/2c035b735c70de8d655a370077448c41e06e66f879db067dae03e810e16a5ee0?s=96&d=mm&r=g\",\"url\":\"https:\\\/\\\/secure.gravatar.com\\\/avatar\\\/2c035b735c70de8d655a370077448c41e06e66f879db067dae03e810e16a5ee0?s=96&d=mm&r=g\",\"contentUrl\":\"https:\\\/\\\/secure.gravatar.com\\\/avatar\\\/2c035b735c70de8d655a370077448c41e06e66f879db067dae03e810e16a5ee0?s=96&d=mm&r=g\",\"caption\":\"Carro\"},\"sameAs\":[\"https:\\\/\\\/www.facebook.com\\\/carro.oberg\"],\"url\":\"https:\\\/\\\/wp.kristdemokraterna.se\\\/soderhamn\\\/author\\\/carro\\\/\"}]}<\/script>\n<!-- \/ Yoast SEO plugin. -->","yoast_head_json":{"title":"Nya Ostkustbanan \u00e4r avg\u00f6rande f\u00f6r hela Norrland - Kristdemokraterna i S\u00f6derhamn","description":"Regeringen m\u00e5ste omv\u00e4rdera vikten av en utbyggnad av Ostkustbanan f\u00f6r hela Norra Sveriges utveckling","robots":{"index":"index","follow":"follow","max-snippet":"max-snippet:-1","max-image-preview":"max-image-preview:large","max-video-preview":"max-video-preview:-1"},"canonical":"https:\/\/wp.kristdemokraterna.se\/soderhamn\/nya-ostkustbanan-ar-avgorande-for-hela-norrland\/","og_locale":"sv_SE","og_type":"article","og_title":"Nya Ostkustbanan \u00e4r avg\u00f6rande f\u00f6r hela Norrland - Kristdemokraterna i S\u00f6derhamn","og_description":"Regeringen m\u00e5ste omv\u00e4rdera vikten av en utbyggnad av Ostkustbanan f\u00f6r hela Norra Sveriges utveckling","og_url":"https:\/\/wp.kristdemokraterna.se\/soderhamn\/nya-ostkustbanan-ar-avgorande-for-hela-norrland\/","og_site_name":"Kristdemokraterna i S\u00f6derhamn","article_author":"https:\/\/www.facebook.com\/carro.oberg","article_published_time":"2025-10-16T08:15:04+00:00","article_modified_time":"2025-10-16T08:15:30+00:00","author":"Carro","twitter_card":"summary_large_image","twitter_misc":{"Skriven av":"Carro","Ber\u00e4knad l\u00e4stid":"1 minut"},"schema":{"@context":"https:\/\/schema.org","@graph":[{"@type":"Article","@id":"https:\/\/wp.kristdemokraterna.se\/soderhamn\/nya-ostkustbanan-ar-avgorande-for-hela-norrland\/#article","isPartOf":{"@id":"https:\/\/wp.kristdemokraterna.se\/soderhamn\/nya-ostkustbanan-ar-avgorande-for-hela-norrland\/"},"author":{"name":"Carro","@id":"https:\/\/wp.kristdemokraterna.se\/soderhamn\/#\/schema\/person\/6f1f8de77f4cd9a08a7697edfcc5122c"},"headline":"Nya Ostkustbanan \u00e4r avg\u00f6rande f\u00f6r hela Norrland","datePublished":"2025-10-16T08:15:04+00:00","dateModified":"2025-10-16T08:15:30+00:00","mainEntityOfPage":{"@id":"https:\/\/wp.kristdemokraterna.se\/soderhamn\/nya-ostkustbanan-ar-avgorande-for-hela-norrland\/"},"wordCount":218,"articleSection":["I Kommunen","Inl\u00e4gg","Landsbygd","Nyheter","Riks"],"inLanguage":"sv-SE"},{"@type":"WebPage","@id":"https:\/\/wp.kristdemokraterna.se\/soderhamn\/nya-ostkustbanan-ar-avgorande-for-hela-norrland\/","url":"https:\/\/wp.kristdemokraterna.se\/soderhamn\/nya-ostkustbanan-ar-avgorande-for-hela-norrland\/","name":"Nya Ostkustbanan \u00e4r avg\u00f6rande f\u00f6r hela Norrland - Kristdemokraterna i S\u00f6derhamn","isPartOf":{"@id":"https:\/\/wp.kristdemokraterna.se\/soderhamn\/#website"},"datePublished":"2025-10-16T08:15:04+00:00","dateModified":"2025-10-16T08:15:30+00:00","author":{"@id":"https:\/\/wp.kristdemokraterna.se\/soderhamn\/#\/schema\/person\/6f1f8de77f4cd9a08a7697edfcc5122c"},"description":"Regeringen m\u00e5ste omv\u00e4rdera vikten av en utbyggnad av Ostkustbanan f\u00f6r hela Norra Sveriges utveckling","breadcrumb":{"@id":"https:\/\/wp.kristdemokraterna.se\/soderhamn\/nya-ostkustbanan-ar-avgorande-for-hela-norrland\/#breadcrumb"},"inLanguage":"sv-SE","potentialAction":[{"@type":"ReadAction","target":["https:\/\/wp.kristdemokraterna.se\/soderhamn\/nya-ostkustbanan-ar-avgorande-for-hela-norrland\/"]}]},{"@type":"BreadcrumbList","@id":"https:\/\/wp.kristdemokraterna.se\/soderhamn\/nya-ostkustbanan-ar-avgorande-for-hela-norrland\/#breadcrumb","itemListElement":[{"@type":"ListItem","position":1,"name":"Hem","item":"https:\/\/wp.kristdemokraterna.se\/soderhamn\/"},{"@type":"ListItem","position":2,"name":"Nya Ostkustbanan \u00e4r avg\u00f6rande f\u00f6r hela Norrland"}]},{"@type":"WebSite","@id":"https:\/\/wp.kristdemokraterna.se\/soderhamn\/#website","url":"https:\/\/wp.kristdemokraterna.se\/soderhamn\/","name":"Kristdemokraterna i S\u00f6derhamn","description":"Kristdemokraterna i S\u00f6derhamn","inLanguage":"sv-SE"},{"@type":"Person","@id":"https:\/\/wp.kristdemokraterna.se\/soderhamn\/#\/schema\/person\/6f1f8de77f4cd9a08a7697edfcc5122c","name":"Carro","image":{"@type":"ImageObject","inLanguage":"sv-SE","@id":"https:\/\/secure.gravatar.com\/avatar\/2c035b735c70de8d655a370077448c41e06e66f879db067dae03e810e16a5ee0?s=96&d=mm&r=g","url":"https:\/\/secure.gravatar.com\/avatar\/2c035b735c70de8d655a370077448c41e06e66f879db067dae03e810e16a5ee0?s=96&d=mm&r=g","contentUrl":"https:\/\/secure.gravatar.com\/avatar\/2c035b735c70de8d655a370077448c41e06e66f879db067dae03e810e16a5ee0?s=96&d=mm&r=g","caption":"Carro"},"sameAs":["https:\/\/www.facebook.com\/carro.oberg"],"url":"https:\/\/wp.kristdemokraterna.se\/soderhamn\/author\/carro\/"}]}},"_links":{"self":[{"href":"https:\/\/wp.kristdemokraterna.se\/soderhamn\/wp-json\/wp\/v2\/posts\/887","targetHints":{"allow":["GET"]}}],"collection":[{"href":"https:\/\/wp.kristdemokraterna.se\/soderhamn\/wp-json\/wp\/v2\/posts"}],"about":[{"href":"https:\/\/wp.kristdemokraterna.se\/soderhamn\/wp-json\/wp\/v2\/types\/post"}],"author":[{"embeddable":true,"href":"https:\/\/wp.kristdemokraterna.se\/soderhamn\/wp-json\/wp\/v2\/users\/1026"}],"replies":[{"embeddable":true,"href":"https:\/\/wp.kristdemokraterna.se\/soderhamn\/wp-json\/wp\/v2\/comments?post=887"}],"version-history":[{"count":2,"href":"https:\/\/wp.kristdemokraterna.se\/soderhamn\/wp-json\/wp\/v2\/posts\/887\/revisions"}],"predecessor-version":[{"id":890,"href":"https:\/\/wp.kristdemokraterna.se\/soderhamn\/wp-json\/wp\/v2\/posts\/887\/revisions\/890"}],"wp:attachment":[{"href":"https:\/\/wp.kristdemokraterna.se\/soderhamn\/wp-json\/wp\/v2\/media?parent=887"}],"wp:term":[{"taxonomy":"category","embeddable":true,"href":"https:\/\/wp.kristdemokraterna.se\/soderhamn\/wp-json\/wp\/v2\/categories?post=887"},{"taxonomy":"post_tag","embeddable":true,"href":"https:\/\/wp.kristdemokraterna.se\/soderhamn\/wp-json\/wp\/v2\/tags?post=887"}],"curies":[{"name":"wp","href":"https:\/\/api.w.org\/{rel}","templated":true}]}}