{"id":1173,"date":"2016-07-04T08:37:35","date_gmt":"2016-07-04T06:37:35","guid":{"rendered":"http:\/\/wp.kristdemokraterna.se\/sollentuna\/?p=1173"},"modified":"2016-10-08T20:00:27","modified_gmt":"2016-10-08T18:00:27","slug":"stort-fokus-pa-utbildning","status":"publish","type":"post","link":"https:\/\/wp.kristdemokraterna.se\/sollentuna\/stort-fokus-pa-utbildning\/","title":{"rendered":"Stort fokus p\u00e5 utbildning i budgeten f\u00f6r Sollentuna"},"content":{"rendered":"<p><strong>Nya eller renoverade skolor planeras nu f\u00f6r fullt och kommer\u00a0<\/strong><strong>och kommer att vara en av v\u00e5ra stora satsningar i kommunens budget de kommande \u00e5ren.<\/strong><!--more--><\/p>\n<p>F\u00f6rst ut \u00e4r T\u00f6jnanskolan som ska bli en mycket st\u00f6rre skola och dessutom inrymma en fullstor idrottshall.\u00a0Ut\u00f6ver T\u00f6jnanskolan ska nya skolor ers\u00e4tta de gamla; Eriksbergsskolan, Tegelhagsskolan, G\u00e4rdesskolan och Sk\u00e4lbyskolan.<\/p>\n<p>I den budget f\u00f6r \u00e5r 2017 som majoriteten (KD, M och L) l\u00e4gger fram finns alla dessa investeringar med. En extra satsning p\u00e5 f\u00f6rskolan finns ocks\u00e5 med i budgeten.<\/p>\n<p><a href=\"http:\/\/wp.kristdemokraterna.se\/sollentuna\/files\/2016\/06\/carlos-2014.jpg\"><img loading=\"lazy\" decoding=\"async\" class=\"alignright wp-image-1175 size-medium\" title=\"Carlos Romero (KD)\" src=\"http:\/\/wp.kristdemokraterna.se\/sollentuna\/files\/2016\/06\/carlos-2014-247x300.jpg\" alt=\"Carlos Romero (KD)\" width=\"247\" height=\"300\" srcset=\"https:\/\/wp.kristdemokraterna.se\/sollentuna\/files\/2016\/06\/carlos-2014-247x300.jpg 247w, https:\/\/wp.kristdemokraterna.se\/sollentuna\/files\/2016\/06\/carlos-2014-768x931.jpg 768w, https:\/\/wp.kristdemokraterna.se\/sollentuna\/files\/2016\/06\/carlos-2014-845x1024.jpg 845w, https:\/\/wp.kristdemokraterna.se\/sollentuna\/files\/2016\/06\/carlos-2014-285x346.jpg 285w, https:\/\/wp.kristdemokraterna.se\/sollentuna\/files\/2016\/06\/carlos-2014-92x112.jpg 92w, https:\/\/wp.kristdemokraterna.se\/sollentuna\/files\/2016\/06\/carlos-2014.jpg 1101w\" sizes=\"auto, (max-width: 247px) 100vw, 247px\" \/><\/a>\u2013 F\u00f6rskolan \u00e4r viktig f\u00f6r oss kristdemokrater och vi vill forts\u00e4tta arbeta\u00a0f\u00f6r att minska gruppstorlekarna s\u00e4rskilt i de yngsta \u00e5ldrarna, s\u00e4ger Carlos Romero (KD) vice ordf\u00f6rande i barn- och ungdomsn\u00e4mnden.<\/p>\n<p>Trots att skolorna \u00e4r bra finns det barn som halkar efter och allt f\u00f6r m\u00e5nga l\u00e4mnar skolan utan fullst\u00e4ndiga betyg.\u00a0Kristdemokraterna i riksdagen vill genomf\u00f6ra ett speciall\u00e4rarlyft. Speciall\u00e4rarlyftet inneb\u00e4r en satsning p\u00e5 totalt 3,2 miljarder kronor f\u00f6rdelat p\u00e5 fyra \u00e5r. Satsningen inneb\u00e4r att \u00f6ver 6 000 l\u00e4rare kan vidareutbildas till speciall\u00e4rare\u00a0samtidigt som de beh\u00e5ller 80\u00a0procent av l\u00f6nen.<\/p>\n<p>\u2013 Ingen elev ska h\u00e5llas tillbaka eller l\u00e4mnas efter. Genom speciall\u00e4rarlyftet kan fler barn i Sollentuna f\u00e5 b\u00e4ttre st\u00f6d i skolan. Vi m\u00e5ste se barnen i tid, s\u00e4ger Carlos Romero.<\/p>\n","protected":false},"excerpt":{"rendered":"<p>Nya eller renoverade skolor planeras nu f\u00f6r fullt och kommer\u00a0och kommer att vara en av v\u00e5ra stora satsningar i kommunens budget de kommande \u00e5ren.<\/p>\n","protected":false},"author":41,"featured_media":1174,"comment_status":"closed","ping_status":"closed","sticky":false,"template":"","format":"standard","meta":{"_acf_changed":false,"footnotes":""},"categories":[1],"tags":[47,177,465,467,192,466,146,421,464,227],"class_list":["post-1173","post","type-post","status-publish","format-standard","hentry","category-okategoriserade","tag-budget","tag-carlos-romero","tag-idrottshall","tag-investering","tag-larare","tag-lararlyft","tag-skola","tag-speciallarare","tag-tojnanskolan","tag-utbildning"],"acf":[],"yoast_head":"<!-- This site is optimized with the Yoast SEO plugin v27.5 - https:\/\/yoast.com\/product\/yoast-seo-wordpress\/ -->\n<title>Stort fokus p\u00e5 utbildning i budgeten f\u00f6r Sollentuna - Kristdemokraterna i Sollentuna<\/title>\n<meta name=\"robots\" content=\"index, follow, max-snippet:-1, max-image-preview:large, max-video-preview:-1\" \/>\n<link rel=\"canonical\" href=\"https:\/\/wp.kristdemokraterna.se\/sollentuna\/stort-fokus-pa-utbildning\/\" \/>\n<meta property=\"og:locale\" content=\"sv_SE\" \/>\n<meta property=\"og:type\" content=\"article\" \/>\n<meta property=\"og:title\" content=\"Stort fokus p\u00e5 utbildning i budgeten f\u00f6r Sollentuna - Kristdemokraterna i Sollentuna\" \/>\n<meta property=\"og:description\" content=\"Nya eller renoverade skolor planeras nu f\u00f6r fullt och kommer\u00a0och kommer att vara en av v\u00e5ra stora satsningar i kommunens budget de kommande \u00e5ren.\" \/>\n<meta property=\"og:url\" content=\"https:\/\/wp.kristdemokraterna.se\/sollentuna\/stort-fokus-pa-utbildning\/\" \/>\n<meta property=\"og:site_name\" content=\"Kristdemokraterna i Sollentuna\" \/>\n<meta property=\"article:published_time\" content=\"2016-07-04T06:37:35+00:00\" \/>\n<meta property=\"article:modified_time\" content=\"2016-10-08T18:00:27+00:00\" \/>\n<meta property=\"og:image\" content=\"https:\/\/wp.kristdemokraterna.se\/sollentuna\/files\/2016\/06\/skolaskiss.jpg\" \/>\n\t<meta property=\"og:image:width\" content=\"556\" \/>\n\t<meta property=\"og:image:height\" content=\"279\" \/>\n\t<meta property=\"og:image:type\" content=\"image\/jpeg\" \/>\n<meta name=\"author\" content=\"KD Sollentuna\" \/>\n<meta name=\"twitter:card\" content=\"summary_large_image\" \/>\n<meta name=\"twitter:label1\" content=\"Skriven av\" \/>\n\t<meta name=\"twitter:data1\" content=\"KD Sollentuna\" \/>\n\t<meta name=\"twitter:label2\" content=\"Ber\u00e4knad l\u00e4stid\" \/>\n\t<meta name=\"twitter:data2\" content=\"1 minut\" \/>\n<script type=\"application\/ld+json\" class=\"yoast-schema-graph\">{\"@context\":\"https:\\\/\\\/schema.org\",\"@graph\":[{\"@type\":\"Article\",\"@id\":\"https:\\\/\\\/wp.kristdemokraterna.se\\\/sollentuna\\\/stort-fokus-pa-utbildning\\\/#article\",\"isPartOf\":{\"@id\":\"https:\\\/\\\/wp.kristdemokraterna.se\\\/sollentuna\\\/stort-fokus-pa-utbildning\\\/\"},\"author\":{\"name\":\"KD Sollentuna\",\"@id\":\"https:\\\/\\\/wp.kristdemokraterna.se\\\/sollentuna\\\/#\\\/schema\\\/person\\\/40a55bef1c75b5a2b5f5e22f7dba7bad\"},\"headline\":\"Stort fokus p\u00e5 utbildning i budgeten f\u00f6r Sollentuna\",\"datePublished\":\"2016-07-04T06:37:35+00:00\",\"dateModified\":\"2016-10-08T18:00:27+00:00\",\"mainEntityOfPage\":{\"@id\":\"https:\\\/\\\/wp.kristdemokraterna.se\\\/sollentuna\\\/stort-fokus-pa-utbildning\\\/\"},\"wordCount\":248,\"image\":{\"@id\":\"https:\\\/\\\/wp.kristdemokraterna.se\\\/sollentuna\\\/stort-fokus-pa-utbildning\\\/#primaryimage\"},\"thumbnailUrl\":\"https:\\\/\\\/wp.kristdemokraterna.se\\\/sollentuna\\\/files\\\/2016\\\/06\\\/skolaskiss.jpg\",\"keywords\":[\"budget\",\"carlos romero\",\"idrottshall\",\"investering\",\"l\u00e4rare\",\"l\u00e4rarlyft\",\"skola\",\"speciall\u00e4rare\",\"t\u00f6jnanskolan\",\"utbildning\"],\"inLanguage\":\"sv-SE\"},{\"@type\":\"WebPage\",\"@id\":\"https:\\\/\\\/wp.kristdemokraterna.se\\\/sollentuna\\\/stort-fokus-pa-utbildning\\\/\",\"url\":\"https:\\\/\\\/wp.kristdemokraterna.se\\\/sollentuna\\\/stort-fokus-pa-utbildning\\\/\",\"name\":\"Stort fokus p\u00e5 utbildning i budgeten f\u00f6r Sollentuna - Kristdemokraterna i Sollentuna\",\"isPartOf\":{\"@id\":\"https:\\\/\\\/wp.kristdemokraterna.se\\\/sollentuna\\\/#website\"},\"primaryImageOfPage\":{\"@id\":\"https:\\\/\\\/wp.kristdemokraterna.se\\\/sollentuna\\\/stort-fokus-pa-utbildning\\\/#primaryimage\"},\"image\":{\"@id\":\"https:\\\/\\\/wp.kristdemokraterna.se\\\/sollentuna\\\/stort-fokus-pa-utbildning\\\/#primaryimage\"},\"thumbnailUrl\":\"https:\\\/\\\/wp.kristdemokraterna.se\\\/sollentuna\\\/files\\\/2016\\\/06\\\/skolaskiss.jpg\",\"datePublished\":\"2016-07-04T06:37:35+00:00\",\"dateModified\":\"2016-10-08T18:00:27+00:00\",\"author\":{\"@id\":\"https:\\\/\\\/wp.kristdemokraterna.se\\\/sollentuna\\\/#\\\/schema\\\/person\\\/40a55bef1c75b5a2b5f5e22f7dba7bad\"},\"breadcrumb\":{\"@id\":\"https:\\\/\\\/wp.kristdemokraterna.se\\\/sollentuna\\\/stort-fokus-pa-utbildning\\\/#breadcrumb\"},\"inLanguage\":\"sv-SE\",\"potentialAction\":[{\"@type\":\"ReadAction\",\"target\":[\"https:\\\/\\\/wp.kristdemokraterna.se\\\/sollentuna\\\/stort-fokus-pa-utbildning\\\/\"]}]},{\"@type\":\"ImageObject\",\"inLanguage\":\"sv-SE\",\"@id\":\"https:\\\/\\\/wp.kristdemokraterna.se\\\/sollentuna\\\/stort-fokus-pa-utbildning\\\/#primaryimage\",\"url\":\"https:\\\/\\\/wp.kristdemokraterna.se\\\/sollentuna\\\/files\\\/2016\\\/06\\\/skolaskiss.jpg\",\"contentUrl\":\"https:\\\/\\\/wp.kristdemokraterna.se\\\/sollentuna\\\/files\\\/2016\\\/06\\\/skolaskiss.jpg\",\"width\":556,\"height\":279},{\"@type\":\"BreadcrumbList\",\"@id\":\"https:\\\/\\\/wp.kristdemokraterna.se\\\/sollentuna\\\/stort-fokus-pa-utbildning\\\/#breadcrumb\",\"itemListElement\":[{\"@type\":\"ListItem\",\"position\":1,\"name\":\"Hem\",\"item\":\"https:\\\/\\\/wp.kristdemokraterna.se\\\/sollentuna\\\/\"},{\"@type\":\"ListItem\",\"position\":2,\"name\":\"Stort fokus p\u00e5 utbildning i budgeten f\u00f6r Sollentuna\"}]},{\"@type\":\"WebSite\",\"@id\":\"https:\\\/\\\/wp.kristdemokraterna.se\\\/sollentuna\\\/#website\",\"url\":\"https:\\\/\\\/wp.kristdemokraterna.se\\\/sollentuna\\\/\",\"name\":\"Kristdemokraterna i Sollentuna\",\"description\":\"\",\"inLanguage\":\"sv-SE\"},{\"@type\":\"Person\",\"@id\":\"https:\\\/\\\/wp.kristdemokraterna.se\\\/sollentuna\\\/#\\\/schema\\\/person\\\/40a55bef1c75b5a2b5f5e22f7dba7bad\",\"name\":\"KD Sollentuna\",\"image\":{\"@type\":\"ImageObject\",\"inLanguage\":\"sv-SE\",\"@id\":\"https:\\\/\\\/secure.gravatar.com\\\/avatar\\\/18833c8a6166c23169f5fbbcfc06d547dde13c3030952e6fb64680b806332438?s=96&d=mm&r=g\",\"url\":\"https:\\\/\\\/secure.gravatar.com\\\/avatar\\\/18833c8a6166c23169f5fbbcfc06d547dde13c3030952e6fb64680b806332438?s=96&d=mm&r=g\",\"contentUrl\":\"https:\\\/\\\/secure.gravatar.com\\\/avatar\\\/18833c8a6166c23169f5fbbcfc06d547dde13c3030952e6fb64680b806332438?s=96&d=mm&r=g\",\"caption\":\"KD Sollentuna\"},\"url\":\"https:\\\/\\\/wp.kristdemokraterna.se\\\/sollentuna\\\/author\\\/sollentuna\\\/\"}]}<\/script>\n<!-- \/ Yoast SEO plugin. -->","yoast_head_json":{"title":"Stort fokus p\u00e5 utbildning i budgeten f\u00f6r Sollentuna - Kristdemokraterna i Sollentuna","robots":{"index":"index","follow":"follow","max-snippet":"max-snippet:-1","max-image-preview":"max-image-preview:large","max-video-preview":"max-video-preview:-1"},"canonical":"https:\/\/wp.kristdemokraterna.se\/sollentuna\/stort-fokus-pa-utbildning\/","og_locale":"sv_SE","og_type":"article","og_title":"Stort fokus p\u00e5 utbildning i budgeten f\u00f6r Sollentuna - Kristdemokraterna i Sollentuna","og_description":"Nya eller renoverade skolor planeras nu f\u00f6r fullt och kommer\u00a0och kommer att vara en av v\u00e5ra stora satsningar i kommunens budget de kommande \u00e5ren.","og_url":"https:\/\/wp.kristdemokraterna.se\/sollentuna\/stort-fokus-pa-utbildning\/","og_site_name":"Kristdemokraterna i Sollentuna","article_published_time":"2016-07-04T06:37:35+00:00","article_modified_time":"2016-10-08T18:00:27+00:00","og_image":[{"width":556,"height":279,"url":"https:\/\/wp.kristdemokraterna.se\/sollentuna\/files\/2016\/06\/skolaskiss.jpg","type":"image\/jpeg"}],"author":"KD Sollentuna","twitter_card":"summary_large_image","twitter_misc":{"Skriven av":"KD Sollentuna","Ber\u00e4knad l\u00e4stid":"1 minut"},"schema":{"@context":"https:\/\/schema.org","@graph":[{"@type":"Article","@id":"https:\/\/wp.kristdemokraterna.se\/sollentuna\/stort-fokus-pa-utbildning\/#article","isPartOf":{"@id":"https:\/\/wp.kristdemokraterna.se\/sollentuna\/stort-fokus-pa-utbildning\/"},"author":{"name":"KD Sollentuna","@id":"https:\/\/wp.kristdemokraterna.se\/sollentuna\/#\/schema\/person\/40a55bef1c75b5a2b5f5e22f7dba7bad"},"headline":"Stort fokus p\u00e5 utbildning i budgeten f\u00f6r Sollentuna","datePublished":"2016-07-04T06:37:35+00:00","dateModified":"2016-10-08T18:00:27+00:00","mainEntityOfPage":{"@id":"https:\/\/wp.kristdemokraterna.se\/sollentuna\/stort-fokus-pa-utbildning\/"},"wordCount":248,"image":{"@id":"https:\/\/wp.kristdemokraterna.se\/sollentuna\/stort-fokus-pa-utbildning\/#primaryimage"},"thumbnailUrl":"https:\/\/wp.kristdemokraterna.se\/sollentuna\/files\/2016\/06\/skolaskiss.jpg","keywords":["budget","carlos romero","idrottshall","investering","l\u00e4rare","l\u00e4rarlyft","skola","speciall\u00e4rare","t\u00f6jnanskolan","utbildning"],"inLanguage":"sv-SE"},{"@type":"WebPage","@id":"https:\/\/wp.kristdemokraterna.se\/sollentuna\/stort-fokus-pa-utbildning\/","url":"https:\/\/wp.kristdemokraterna.se\/sollentuna\/stort-fokus-pa-utbildning\/","name":"Stort fokus p\u00e5 utbildning i budgeten f\u00f6r Sollentuna - Kristdemokraterna i Sollentuna","isPartOf":{"@id":"https:\/\/wp.kristdemokraterna.se\/sollentuna\/#website"},"primaryImageOfPage":{"@id":"https:\/\/wp.kristdemokraterna.se\/sollentuna\/stort-fokus-pa-utbildning\/#primaryimage"},"image":{"@id":"https:\/\/wp.kristdemokraterna.se\/sollentuna\/stort-fokus-pa-utbildning\/#primaryimage"},"thumbnailUrl":"https:\/\/wp.kristdemokraterna.se\/sollentuna\/files\/2016\/06\/skolaskiss.jpg","datePublished":"2016-07-04T06:37:35+00:00","dateModified":"2016-10-08T18:00:27+00:00","author":{"@id":"https:\/\/wp.kristdemokraterna.se\/sollentuna\/#\/schema\/person\/40a55bef1c75b5a2b5f5e22f7dba7bad"},"breadcrumb":{"@id":"https:\/\/wp.kristdemokraterna.se\/sollentuna\/stort-fokus-pa-utbildning\/#breadcrumb"},"inLanguage":"sv-SE","potentialAction":[{"@type":"ReadAction","target":["https:\/\/wp.kristdemokraterna.se\/sollentuna\/stort-fokus-pa-utbildning\/"]}]},{"@type":"ImageObject","inLanguage":"sv-SE","@id":"https:\/\/wp.kristdemokraterna.se\/sollentuna\/stort-fokus-pa-utbildning\/#primaryimage","url":"https:\/\/wp.kristdemokraterna.se\/sollentuna\/files\/2016\/06\/skolaskiss.jpg","contentUrl":"https:\/\/wp.kristdemokraterna.se\/sollentuna\/files\/2016\/06\/skolaskiss.jpg","width":556,"height":279},{"@type":"BreadcrumbList","@id":"https:\/\/wp.kristdemokraterna.se\/sollentuna\/stort-fokus-pa-utbildning\/#breadcrumb","itemListElement":[{"@type":"ListItem","position":1,"name":"Hem","item":"https:\/\/wp.kristdemokraterna.se\/sollentuna\/"},{"@type":"ListItem","position":2,"name":"Stort fokus p\u00e5 utbildning i budgeten f\u00f6r Sollentuna"}]},{"@type":"WebSite","@id":"https:\/\/wp.kristdemokraterna.se\/sollentuna\/#website","url":"https:\/\/wp.kristdemokraterna.se\/sollentuna\/","name":"Kristdemokraterna i Sollentuna","description":"","inLanguage":"sv-SE"},{"@type":"Person","@id":"https:\/\/wp.kristdemokraterna.se\/sollentuna\/#\/schema\/person\/40a55bef1c75b5a2b5f5e22f7dba7bad","name":"KD Sollentuna","image":{"@type":"ImageObject","inLanguage":"sv-SE","@id":"https:\/\/secure.gravatar.com\/avatar\/18833c8a6166c23169f5fbbcfc06d547dde13c3030952e6fb64680b806332438?s=96&d=mm&r=g","url":"https:\/\/secure.gravatar.com\/avatar\/18833c8a6166c23169f5fbbcfc06d547dde13c3030952e6fb64680b806332438?s=96&d=mm&r=g","contentUrl":"https:\/\/secure.gravatar.com\/avatar\/18833c8a6166c23169f5fbbcfc06d547dde13c3030952e6fb64680b806332438?s=96&d=mm&r=g","caption":"KD Sollentuna"},"url":"https:\/\/wp.kristdemokraterna.se\/sollentuna\/author\/sollentuna\/"}]}},"_links":{"self":[{"href":"https:\/\/wp.kristdemokraterna.se\/sollentuna\/wp-json\/wp\/v2\/posts\/1173","targetHints":{"allow":["GET"]}}],"collection":[{"href":"https:\/\/wp.kristdemokraterna.se\/sollentuna\/wp-json\/wp\/v2\/posts"}],"about":[{"href":"https:\/\/wp.kristdemokraterna.se\/sollentuna\/wp-json\/wp\/v2\/types\/post"}],"author":[{"embeddable":true,"href":"https:\/\/wp.kristdemokraterna.se\/sollentuna\/wp-json\/wp\/v2\/users\/41"}],"replies":[{"embeddable":true,"href":"https:\/\/wp.kristdemokraterna.se\/sollentuna\/wp-json\/wp\/v2\/comments?post=1173"}],"version-history":[{"count":3,"href":"https:\/\/wp.kristdemokraterna.se\/sollentuna\/wp-json\/wp\/v2\/posts\/1173\/revisions"}],"predecessor-version":[{"id":1231,"href":"https:\/\/wp.kristdemokraterna.se\/sollentuna\/wp-json\/wp\/v2\/posts\/1173\/revisions\/1231"}],"wp:featuredmedia":[{"embeddable":true,"href":"https:\/\/wp.kristdemokraterna.se\/sollentuna\/wp-json\/wp\/v2\/media\/1174"}],"wp:attachment":[{"href":"https:\/\/wp.kristdemokraterna.se\/sollentuna\/wp-json\/wp\/v2\/media?parent=1173"}],"wp:term":[{"taxonomy":"category","embeddable":true,"href":"https:\/\/wp.kristdemokraterna.se\/sollentuna\/wp-json\/wp\/v2\/categories?post=1173"},{"taxonomy":"post_tag","embeddable":true,"href":"https:\/\/wp.kristdemokraterna.se\/sollentuna\/wp-json\/wp\/v2\/tags?post=1173"}],"curies":[{"name":"wp","href":"https:\/\/api.w.org\/{rel}","templated":true}]}}