{"id":1183,"date":"2016-07-11T20:22:19","date_gmt":"2016-07-11T18:22:19","guid":{"rendered":"http:\/\/wp.kristdemokraterna.se\/sollentuna\/?p=1183"},"modified":"2016-10-08T20:02:17","modified_gmt":"2016-10-08T18:02:17","slug":"polisen-maste-rensa-sollentuna-fran-illegala-vapen","status":"publish","type":"post","link":"https:\/\/wp.kristdemokraterna.se\/sollentuna\/polisen-maste-rensa-sollentuna-fran-illegala-vapen\/","title":{"rendered":"Polisen m\u00e5ste rensa Sollentuna fr\u00e5n illegala vapen"},"content":{"rendered":"<p><strong>Under ett par n\u00e4tter har de centrala delarna av Sollentuna, Tureberg, drabbats av skottlossningar, till och med anv\u00e4ndandet av automatvapen. Detta \u00e4r djupt oroande. Vi som bor i Sollentuna har h\u00f6ga f\u00f6rv\u00e4ntningar p\u00e5 att polisen klarar av att f\u00e5 fast f\u00f6r\u00f6varna o rensa kommunen fr\u00e5n illegala vapen.<\/strong><!--more--><\/p>\n<p>&#8211; 17000 av Sollentunas inv\u00e5nare bor i kommundelen Tureberg. Vi k\u00e4nner oro f\u00f6r v\u00e5ldet o att tunga vapen finns illegalt h\u00e4r, s\u00e4ger kommunalr\u00e5det Magnus Ramstrand, KD, ordf\u00f6rande i kommunens brottsf\u00f6rebyggande r\u00e5d.<br \/>\n&#8211; Som kommun f\u00e5r vi forts\u00e4tta utveckla, tillsammans med familjer, f\u00f6reningar o f\u00f6retag, det brottsf\u00f6rebyggande o trygghetsskapande arbetet.<\/p>\n<p>Tyv\u00e4rr \u00e4r det kriminella g\u00e4ng som gjort livet otryggare i en annars hyfsat trygg del av Sollentuna &#8211; v\u00e4stra Tureberg med miljonprogrammen kring Malmv\u00e4gen.<\/p>\n<p>&#8211; Polisens nya organisation med omr\u00e5despoliser m\u00e5ste implementeras snarast, s\u00e4ger Magnus Ramstrand. Enligt den plan polisen har ska det finnas en omr\u00e5despolis per 7000 inv\u00e5nare. Det skulle \u00f6ka polisens n\u00e4rvaro i lokalsamh\u00e4llet vilket \u00e4r en grundtanke i den nya polisorganisationen.<\/p>\n<p>Fr\u00e5nsett en liten grupp som valt den kriminella banan, \u00e4r turebergarna sk\u00f6tsamma o de allra flesta trivs i omr\u00e5det o k\u00e4nner trygghet. Kriminella g\u00e4ng som mutar in olika omr\u00e5den d\u00e4r ofta knark o stora pengar \u00e4r inblandade \u00e4r f\u00f6rh\u00e5llandevis f\u00e5 men f\u00f6rst\u00f6r f\u00f6r alla andra.<br \/>\n&#8211; Rekrytering av v\u00e4ldigt unga till g\u00e4ngen \u00e4r ett allvarligt problem d\u00e4r m\u00e5nga olika akt\u00f6rer beh\u00f6ver samverka. Vi kommer inte \u00f6verge eller ge upp. Det finns m\u00e5nga goda krafter ox\u00e5 i denna kommundel i v\u00e5r till antalet inv, 70000, stora kommun, s\u00e4ger Magnus Ramstrand.<\/p>\n<p>PS.<br \/>\nEtt kort klipp fr\u00e5n Magnus Ramstrands medverkan idag 11\/7 i P4 Stockholm.<br \/>\nOro i Sollentuna efter skottlossningarna &#8211; P4 Stockholm http:\/\/t.sr.se\/29PFDUB<\/p>\n","protected":false},"excerpt":{"rendered":"<p>Under ett par n\u00e4tter har de centrala delarna av Sollentuna, Tureberg, drabbats av skottlossningar, till och med anv\u00e4ndandet av automatvapen. Detta \u00e4r djupt oroande. Vi som bor i Sollentuna har h\u00f6ga f\u00f6rv\u00e4ntningar p\u00e5 att polisen klarar av att f\u00e5 fast f\u00f6r\u00f6varna o rensa kommunen fr\u00e5n illegala vapen.<\/p>\n","protected":false},"author":41,"featured_media":0,"comment_status":"closed","ping_status":"closed","sticky":false,"template":"","format":"standard","meta":{"_acf_changed":false,"footnotes":""},"categories":[1],"tags":[470,468,469,222],"class_list":["post-1183","post","type-post","status-publish","format-standard","hentry","category-okategoriserade","tag-kriminell","tag-polisen","tag-skottlossning","tag-sollentuna"],"acf":[],"yoast_head":"<!-- This site is optimized with the Yoast SEO plugin v27.5 - https:\/\/yoast.com\/product\/yoast-seo-wordpress\/ -->\n<title>Polisen m\u00e5ste rensa Sollentuna fr\u00e5n illegala vapen - Kristdemokraterna i Sollentuna<\/title>\n<meta name=\"robots\" content=\"index, follow, max-snippet:-1, max-image-preview:large, max-video-preview:-1\" \/>\n<link rel=\"canonical\" href=\"https:\/\/wp.kristdemokraterna.se\/sollentuna\/polisen-maste-rensa-sollentuna-fran-illegala-vapen\/\" \/>\n<meta property=\"og:locale\" content=\"sv_SE\" \/>\n<meta property=\"og:type\" content=\"article\" \/>\n<meta property=\"og:title\" content=\"Polisen m\u00e5ste rensa Sollentuna fr\u00e5n illegala vapen - Kristdemokraterna i Sollentuna\" \/>\n<meta property=\"og:description\" content=\"Under ett par n\u00e4tter har de centrala delarna av Sollentuna, Tureberg, drabbats av skottlossningar, till och med anv\u00e4ndandet av automatvapen. Detta \u00e4r djupt oroande. Vi som bor i Sollentuna har h\u00f6ga f\u00f6rv\u00e4ntningar p\u00e5 att polisen klarar av att f\u00e5 fast f\u00f6r\u00f6varna o rensa kommunen fr\u00e5n illegala vapen.\" \/>\n<meta property=\"og:url\" content=\"https:\/\/wp.kristdemokraterna.se\/sollentuna\/polisen-maste-rensa-sollentuna-fran-illegala-vapen\/\" \/>\n<meta property=\"og:site_name\" content=\"Kristdemokraterna i Sollentuna\" \/>\n<meta property=\"article:published_time\" content=\"2016-07-11T18:22:19+00:00\" \/>\n<meta property=\"article:modified_time\" content=\"2016-10-08T18:02:17+00:00\" \/>\n<meta name=\"author\" content=\"KD Sollentuna\" \/>\n<meta name=\"twitter:card\" content=\"summary_large_image\" \/>\n<meta name=\"twitter:label1\" content=\"Skriven av\" \/>\n\t<meta name=\"twitter:data1\" content=\"KD Sollentuna\" \/>\n\t<meta name=\"twitter:label2\" content=\"Ber\u00e4knad l\u00e4stid\" \/>\n\t<meta name=\"twitter:data2\" content=\"2 minuter\" \/>\n<script type=\"application\/ld+json\" class=\"yoast-schema-graph\">{\"@context\":\"https:\\\/\\\/schema.org\",\"@graph\":[{\"@type\":\"Article\",\"@id\":\"https:\\\/\\\/wp.kristdemokraterna.se\\\/sollentuna\\\/polisen-maste-rensa-sollentuna-fran-illegala-vapen\\\/#article\",\"isPartOf\":{\"@id\":\"https:\\\/\\\/wp.kristdemokraterna.se\\\/sollentuna\\\/polisen-maste-rensa-sollentuna-fran-illegala-vapen\\\/\"},\"author\":{\"name\":\"KD Sollentuna\",\"@id\":\"https:\\\/\\\/wp.kristdemokraterna.se\\\/sollentuna\\\/#\\\/schema\\\/person\\\/40a55bef1c75b5a2b5f5e22f7dba7bad\"},\"headline\":\"Polisen m\u00e5ste rensa Sollentuna fr\u00e5n illegala vapen\",\"datePublished\":\"2016-07-11T18:22:19+00:00\",\"dateModified\":\"2016-10-08T18:02:17+00:00\",\"mainEntityOfPage\":{\"@id\":\"https:\\\/\\\/wp.kristdemokraterna.se\\\/sollentuna\\\/polisen-maste-rensa-sollentuna-fran-illegala-vapen\\\/\"},\"wordCount\":336,\"keywords\":[\"kriminell\",\"polisen\",\"skottlossning\",\"sollentuna\"],\"inLanguage\":\"sv-SE\"},{\"@type\":\"WebPage\",\"@id\":\"https:\\\/\\\/wp.kristdemokraterna.se\\\/sollentuna\\\/polisen-maste-rensa-sollentuna-fran-illegala-vapen\\\/\",\"url\":\"https:\\\/\\\/wp.kristdemokraterna.se\\\/sollentuna\\\/polisen-maste-rensa-sollentuna-fran-illegala-vapen\\\/\",\"name\":\"Polisen m\u00e5ste rensa Sollentuna fr\u00e5n illegala vapen - Kristdemokraterna i Sollentuna\",\"isPartOf\":{\"@id\":\"https:\\\/\\\/wp.kristdemokraterna.se\\\/sollentuna\\\/#website\"},\"datePublished\":\"2016-07-11T18:22:19+00:00\",\"dateModified\":\"2016-10-08T18:02:17+00:00\",\"author\":{\"@id\":\"https:\\\/\\\/wp.kristdemokraterna.se\\\/sollentuna\\\/#\\\/schema\\\/person\\\/40a55bef1c75b5a2b5f5e22f7dba7bad\"},\"breadcrumb\":{\"@id\":\"https:\\\/\\\/wp.kristdemokraterna.se\\\/sollentuna\\\/polisen-maste-rensa-sollentuna-fran-illegala-vapen\\\/#breadcrumb\"},\"inLanguage\":\"sv-SE\",\"potentialAction\":[{\"@type\":\"ReadAction\",\"target\":[\"https:\\\/\\\/wp.kristdemokraterna.se\\\/sollentuna\\\/polisen-maste-rensa-sollentuna-fran-illegala-vapen\\\/\"]}]},{\"@type\":\"BreadcrumbList\",\"@id\":\"https:\\\/\\\/wp.kristdemokraterna.se\\\/sollentuna\\\/polisen-maste-rensa-sollentuna-fran-illegala-vapen\\\/#breadcrumb\",\"itemListElement\":[{\"@type\":\"ListItem\",\"position\":1,\"name\":\"Hem\",\"item\":\"https:\\\/\\\/wp.kristdemokraterna.se\\\/sollentuna\\\/\"},{\"@type\":\"ListItem\",\"position\":2,\"name\":\"Polisen m\u00e5ste rensa Sollentuna fr\u00e5n illegala vapen\"}]},{\"@type\":\"WebSite\",\"@id\":\"https:\\\/\\\/wp.kristdemokraterna.se\\\/sollentuna\\\/#website\",\"url\":\"https:\\\/\\\/wp.kristdemokraterna.se\\\/sollentuna\\\/\",\"name\":\"Kristdemokraterna i Sollentuna\",\"description\":\"\",\"inLanguage\":\"sv-SE\"},{\"@type\":\"Person\",\"@id\":\"https:\\\/\\\/wp.kristdemokraterna.se\\\/sollentuna\\\/#\\\/schema\\\/person\\\/40a55bef1c75b5a2b5f5e22f7dba7bad\",\"name\":\"KD Sollentuna\",\"image\":{\"@type\":\"ImageObject\",\"inLanguage\":\"sv-SE\",\"@id\":\"https:\\\/\\\/secure.gravatar.com\\\/avatar\\\/18833c8a6166c23169f5fbbcfc06d547dde13c3030952e6fb64680b806332438?s=96&d=mm&r=g\",\"url\":\"https:\\\/\\\/secure.gravatar.com\\\/avatar\\\/18833c8a6166c23169f5fbbcfc06d547dde13c3030952e6fb64680b806332438?s=96&d=mm&r=g\",\"contentUrl\":\"https:\\\/\\\/secure.gravatar.com\\\/avatar\\\/18833c8a6166c23169f5fbbcfc06d547dde13c3030952e6fb64680b806332438?s=96&d=mm&r=g\",\"caption\":\"KD Sollentuna\"},\"url\":\"https:\\\/\\\/wp.kristdemokraterna.se\\\/sollentuna\\\/author\\\/sollentuna\\\/\"}]}<\/script>\n<!-- \/ Yoast SEO plugin. -->","yoast_head_json":{"title":"Polisen m\u00e5ste rensa Sollentuna fr\u00e5n illegala vapen - Kristdemokraterna i Sollentuna","robots":{"index":"index","follow":"follow","max-snippet":"max-snippet:-1","max-image-preview":"max-image-preview:large","max-video-preview":"max-video-preview:-1"},"canonical":"https:\/\/wp.kristdemokraterna.se\/sollentuna\/polisen-maste-rensa-sollentuna-fran-illegala-vapen\/","og_locale":"sv_SE","og_type":"article","og_title":"Polisen m\u00e5ste rensa Sollentuna fr\u00e5n illegala vapen - Kristdemokraterna i Sollentuna","og_description":"Under ett par n\u00e4tter har de centrala delarna av Sollentuna, Tureberg, drabbats av skottlossningar, till och med anv\u00e4ndandet av automatvapen. Detta \u00e4r djupt oroande. Vi som bor i Sollentuna har h\u00f6ga f\u00f6rv\u00e4ntningar p\u00e5 att polisen klarar av att f\u00e5 fast f\u00f6r\u00f6varna o rensa kommunen fr\u00e5n illegala vapen.","og_url":"https:\/\/wp.kristdemokraterna.se\/sollentuna\/polisen-maste-rensa-sollentuna-fran-illegala-vapen\/","og_site_name":"Kristdemokraterna i Sollentuna","article_published_time":"2016-07-11T18:22:19+00:00","article_modified_time":"2016-10-08T18:02:17+00:00","author":"KD Sollentuna","twitter_card":"summary_large_image","twitter_misc":{"Skriven av":"KD Sollentuna","Ber\u00e4knad l\u00e4stid":"2 minuter"},"schema":{"@context":"https:\/\/schema.org","@graph":[{"@type":"Article","@id":"https:\/\/wp.kristdemokraterna.se\/sollentuna\/polisen-maste-rensa-sollentuna-fran-illegala-vapen\/#article","isPartOf":{"@id":"https:\/\/wp.kristdemokraterna.se\/sollentuna\/polisen-maste-rensa-sollentuna-fran-illegala-vapen\/"},"author":{"name":"KD Sollentuna","@id":"https:\/\/wp.kristdemokraterna.se\/sollentuna\/#\/schema\/person\/40a55bef1c75b5a2b5f5e22f7dba7bad"},"headline":"Polisen m\u00e5ste rensa Sollentuna fr\u00e5n illegala vapen","datePublished":"2016-07-11T18:22:19+00:00","dateModified":"2016-10-08T18:02:17+00:00","mainEntityOfPage":{"@id":"https:\/\/wp.kristdemokraterna.se\/sollentuna\/polisen-maste-rensa-sollentuna-fran-illegala-vapen\/"},"wordCount":336,"keywords":["kriminell","polisen","skottlossning","sollentuna"],"inLanguage":"sv-SE"},{"@type":"WebPage","@id":"https:\/\/wp.kristdemokraterna.se\/sollentuna\/polisen-maste-rensa-sollentuna-fran-illegala-vapen\/","url":"https:\/\/wp.kristdemokraterna.se\/sollentuna\/polisen-maste-rensa-sollentuna-fran-illegala-vapen\/","name":"Polisen m\u00e5ste rensa Sollentuna fr\u00e5n illegala vapen - Kristdemokraterna i Sollentuna","isPartOf":{"@id":"https:\/\/wp.kristdemokraterna.se\/sollentuna\/#website"},"datePublished":"2016-07-11T18:22:19+00:00","dateModified":"2016-10-08T18:02:17+00:00","author":{"@id":"https:\/\/wp.kristdemokraterna.se\/sollentuna\/#\/schema\/person\/40a55bef1c75b5a2b5f5e22f7dba7bad"},"breadcrumb":{"@id":"https:\/\/wp.kristdemokraterna.se\/sollentuna\/polisen-maste-rensa-sollentuna-fran-illegala-vapen\/#breadcrumb"},"inLanguage":"sv-SE","potentialAction":[{"@type":"ReadAction","target":["https:\/\/wp.kristdemokraterna.se\/sollentuna\/polisen-maste-rensa-sollentuna-fran-illegala-vapen\/"]}]},{"@type":"BreadcrumbList","@id":"https:\/\/wp.kristdemokraterna.se\/sollentuna\/polisen-maste-rensa-sollentuna-fran-illegala-vapen\/#breadcrumb","itemListElement":[{"@type":"ListItem","position":1,"name":"Hem","item":"https:\/\/wp.kristdemokraterna.se\/sollentuna\/"},{"@type":"ListItem","position":2,"name":"Polisen m\u00e5ste rensa Sollentuna fr\u00e5n illegala vapen"}]},{"@type":"WebSite","@id":"https:\/\/wp.kristdemokraterna.se\/sollentuna\/#website","url":"https:\/\/wp.kristdemokraterna.se\/sollentuna\/","name":"Kristdemokraterna i Sollentuna","description":"","inLanguage":"sv-SE"},{"@type":"Person","@id":"https:\/\/wp.kristdemokraterna.se\/sollentuna\/#\/schema\/person\/40a55bef1c75b5a2b5f5e22f7dba7bad","name":"KD Sollentuna","image":{"@type":"ImageObject","inLanguage":"sv-SE","@id":"https:\/\/secure.gravatar.com\/avatar\/18833c8a6166c23169f5fbbcfc06d547dde13c3030952e6fb64680b806332438?s=96&d=mm&r=g","url":"https:\/\/secure.gravatar.com\/avatar\/18833c8a6166c23169f5fbbcfc06d547dde13c3030952e6fb64680b806332438?s=96&d=mm&r=g","contentUrl":"https:\/\/secure.gravatar.com\/avatar\/18833c8a6166c23169f5fbbcfc06d547dde13c3030952e6fb64680b806332438?s=96&d=mm&r=g","caption":"KD Sollentuna"},"url":"https:\/\/wp.kristdemokraterna.se\/sollentuna\/author\/sollentuna\/"}]}},"_links":{"self":[{"href":"https:\/\/wp.kristdemokraterna.se\/sollentuna\/wp-json\/wp\/v2\/posts\/1183","targetHints":{"allow":["GET"]}}],"collection":[{"href":"https:\/\/wp.kristdemokraterna.se\/sollentuna\/wp-json\/wp\/v2\/posts"}],"about":[{"href":"https:\/\/wp.kristdemokraterna.se\/sollentuna\/wp-json\/wp\/v2\/types\/post"}],"author":[{"embeddable":true,"href":"https:\/\/wp.kristdemokraterna.se\/sollentuna\/wp-json\/wp\/v2\/users\/41"}],"replies":[{"embeddable":true,"href":"https:\/\/wp.kristdemokraterna.se\/sollentuna\/wp-json\/wp\/v2\/comments?post=1183"}],"version-history":[{"count":3,"href":"https:\/\/wp.kristdemokraterna.se\/sollentuna\/wp-json\/wp\/v2\/posts\/1183\/revisions"}],"predecessor-version":[{"id":1234,"href":"https:\/\/wp.kristdemokraterna.se\/sollentuna\/wp-json\/wp\/v2\/posts\/1183\/revisions\/1234"}],"wp:attachment":[{"href":"https:\/\/wp.kristdemokraterna.se\/sollentuna\/wp-json\/wp\/v2\/media?parent=1183"}],"wp:term":[{"taxonomy":"category","embeddable":true,"href":"https:\/\/wp.kristdemokraterna.se\/sollentuna\/wp-json\/wp\/v2\/categories?post=1183"},{"taxonomy":"post_tag","embeddable":true,"href":"https:\/\/wp.kristdemokraterna.se\/sollentuna\/wp-json\/wp\/v2\/tags?post=1183"}],"curies":[{"name":"wp","href":"https:\/\/api.w.org\/{rel}","templated":true}]}}