{"id":1250,"date":"2016-10-27T14:05:32","date_gmt":"2016-10-27T12:05:32","guid":{"rendered":"http:\/\/wp.kristdemokraterna.se\/sollentuna\/?p=1250"},"modified":"2016-10-27T14:08:53","modified_gmt":"2016-10-27T12:08:53","slug":"vi-bygger-fler-bostader-i-ett-vaxande-sollentuna","status":"publish","type":"post","link":"https:\/\/wp.kristdemokraterna.se\/sollentuna\/vi-bygger-fler-bostader-i-ett-vaxande-sollentuna\/","title":{"rendered":"Vi bygger fler bost\u00e4der i ett v\u00e4xande Sollentuna"},"content":{"rendered":"<p><strong>Sollentuna v\u00e4xer tack vare allt st\u00f6rre inflyttning och h\u00f6ga f\u00f6delsetal. Detta inneb\u00e4r att det beh\u00f6vs m\u00e5nga nya bost\u00e4der i kommunen. F\u00f6r att kunna bygga 1 500 nya kommunala hyresl\u00e4genheter och samtidigt m\u00f6ta det \u00f6kade behovet av investeringar och underh\u00e5ll av bland annat skolor, f\u00f6rskolor och omsorgsfastigheter kommer kommunstyrelsen besluta om att f\u00f6resl\u00e5 kommunfullm\u00e4ktige att besluta om att s\u00e4lja vissa kommunala hyresl\u00e4genheter. D\u00e4rtill inf\u00f6rs en effektivare styrning av kommunens bolag.<\/strong><!--more--><\/p>\n<p>\u2013 Sollentunahem kommer med detta beslut att bli en viktigare nyckel \u00e4n n\u00e5gonsin. De ska inte bara bygga ett fyrsiffrigt antal hyresr\u00e4tter de n\u00e4rmaste \u00e5ren. De ska ocks\u00e5 arbeta aktivt f\u00f6r trygghet och integration och p\u00e5 detta s\u00e4tt f\u00f6r\u00e4dla v\u00e4rdet av att bo i Sollentuna kommun, s\u00e4ger Magnus Ramstrand (KD), kommunalr\u00e5d.<\/p>\n<p>Sollentuna kommun v\u00e4xer. Under de kommande tio \u00e5ren \u00f6kar Sollentunas befolkning med omkring 15 000 inv\u00e5nare. Kommunen arbetar aktivt f\u00f6r att m\u00f6jligg\u00f6ra att fler bost\u00e4der byggs. F\u00f6r att m\u00f6ta de kommande behoven av fler bost\u00e4der kommer kommunstyrelsen besluta om att f\u00f6resl\u00e5 kommunfullm\u00e4ktige att besluta om att ge det kommunala bostadsbolaget AB Sollentunahem i uppdrag att bygga 1 500 nya hyresr\u00e4tter. F\u00f6r att frig\u00f6ra finansiella resurser till nybyggnation av hyresr\u00e4tter samt till investeringar i bland annat f\u00f6rskolor, skolor och omsorgsfastigheter kommer ett antal hyresl\u00e4genheter att s\u00e4ljas till akt\u00f6rer som har en uttalad aff\u00e4rsid\u00e9 att l\u00e5ngsiktigt \u00e4ga och f\u00f6rvalta hyresr\u00e4tter och som vill utveckla Sollentuna.\u00a0Sollentuna kommun \u00e4ger idag via AB Sollentunahem omkring 90 procent av de hyresl\u00e4genheter som finns i kommunen och kommer \u00e4ven efter genomf\u00f6rda f\u00f6rs\u00e4ljningar och bygget av 1 500 nya kommunala hyresl\u00e4genheter att \u00e4ga merparten av hyresl\u00e4genheterna i kommunen.<\/p>\n<p>\u2013 Sollentuna \u00e4r en attraktiv och snabbt v\u00e4xande kommun. Vi i den politiska majoriteten ser det som positivt att m\u00e4nniskor vill flytta hit och vara med och bidra till v\u00e5r gemensamma trygghet och v\u00e4lf\u00e4rd. Det finns en stor efterfr\u00e5gan p\u00e5 bost\u00e4der i kommunen och genom detta nya uppdrag kommer vi att m\u00f6jligg\u00f6ra f\u00f6r fler att bli Sollentunabor. Att renodla Sollentunahems uppdrag som kommunalt bostadsbolag och flytta verksamhetsfastigheter till ett separat bolag frig\u00f6r medel och m\u00f6jligg\u00f6r satsningar p\u00e5 kommunens k\u00e4rnverksamheter. Det inneb\u00e4r att medborgarnas skattepengar kommer att kunna anv\u00e4ndas mer optimalt, s\u00e4ger Magnus Ramstrand.<\/p>\n<p>Kommunstyrelsen kommer ocks\u00e5\u00a0att f\u00f6resl\u00e5 kommunfullm\u00e4ktige att ta beslut om att skapa en ny organisationsstruktur f\u00f6r kommunens bolag. En kommunkoncern kommer att skapas d\u00e4r Sollentuna Stadshus AB blir moderbolag med Sollentunahem, det nybildade bolaget Sollentuna Kommunfastigheter, samt de tv\u00e5 befintliga bolagen AB SOLOM och SEOM AB som dotterbolag. P\u00e5 detta s\u00e4tt s\u00e4nks kostnadsniv\u00e5erna f\u00f6r kommunen, bland annat genom s\u00e4nkta hyror.\u00a0Sollentuna Kommunfastigheter AB tar \u00f6ver ansvaret f\u00f6r skolor och andra kommunala verksamhetsfastigheter. Sollentunahem f\u00e5r ett mer renodlat uppdrag och kommer att \u00e4gna sig \u00e5t att bygga, f\u00f6rvalta och utveckla hyresbost\u00e4der samtidigt som de aktivt ska bidra till trygghets- och integrationsarbetet i bostadsomr\u00e5dena.<\/p>\n<p>Det formella besluten f\u00f6rv\u00e4ntas tas vid kommunfullm\u00e4ktiges sammantr\u00e4de torsdagen den 24 november 2016.<\/p>\n","protected":false},"excerpt":{"rendered":"<p>Sollentuna v\u00e4xer tack vare allt st\u00f6rre inflyttning och h\u00f6ga f\u00f6delsetal. Detta inneb\u00e4r att det beh\u00f6vs m\u00e5nga nya bost\u00e4der i kommunen. F\u00f6r att kunna bygga 1 500 nya kommunala hyresl\u00e4genheter och samtidigt m\u00f6ta det \u00f6kade behovet av investeringar och underh\u00e5ll av bland annat skolor, f\u00f6rskolor och omsorgsfastigheter kommer kommunstyrelsen besluta om att f\u00f6resl\u00e5 kommunfullm\u00e4ktige att <a class=\"read-more-link\" href=\"https:\/\/wp.kristdemokraterna.se\/sollentuna\/vi-bygger-fler-bostader-i-ett-vaxande-sollentuna\/\">mer<\/a><\/p>\n","protected":false},"author":41,"featured_media":1171,"comment_status":"closed","ping_status":"closed","sticky":false,"template":"","format":"standard","meta":{"_acf_changed":false,"footnotes":""},"categories":[1],"tags":[94,475,255,474,15,253],"class_list":["post-1250","post","type-post","status-publish","format-standard","hentry","category-okategoriserade","tag-bostader","tag-fastigheter","tag-hyresratt","tag-kommunala-bolag","tag-magnus-ramstrand","tag-sollentunahem"],"acf":[],"yoast_head":"<!-- This site is optimized with the Yoast SEO plugin v27.5 - https:\/\/yoast.com\/product\/yoast-seo-wordpress\/ -->\n<title>Vi bygger fler bost\u00e4der i ett v\u00e4xande Sollentuna - Kristdemokraterna i Sollentuna<\/title>\n<meta name=\"robots\" content=\"index, follow, max-snippet:-1, max-image-preview:large, max-video-preview:-1\" \/>\n<link rel=\"canonical\" href=\"https:\/\/wp.kristdemokraterna.se\/sollentuna\/vi-bygger-fler-bostader-i-ett-vaxande-sollentuna\/\" \/>\n<meta property=\"og:locale\" content=\"sv_SE\" \/>\n<meta property=\"og:type\" content=\"article\" \/>\n<meta property=\"og:title\" content=\"Vi bygger fler bost\u00e4der i ett v\u00e4xande Sollentuna - Kristdemokraterna i Sollentuna\" \/>\n<meta property=\"og:description\" content=\"Sollentuna v\u00e4xer tack vare allt st\u00f6rre inflyttning och h\u00f6ga f\u00f6delsetal. Detta inneb\u00e4r att det beh\u00f6vs m\u00e5nga nya bost\u00e4der i kommunen. F\u00f6r att kunna bygga 1 500 nya kommunala hyresl\u00e4genheter och samtidigt m\u00f6ta det \u00f6kade behovet av investeringar och underh\u00e5ll av bland annat skolor, f\u00f6rskolor och omsorgsfastigheter kommer kommunstyrelsen besluta om att f\u00f6resl\u00e5 kommunfullm\u00e4ktige att mer\" \/>\n<meta property=\"og:url\" content=\"https:\/\/wp.kristdemokraterna.se\/sollentuna\/vi-bygger-fler-bostader-i-ett-vaxande-sollentuna\/\" \/>\n<meta property=\"og:site_name\" content=\"Kristdemokraterna i Sollentuna\" \/>\n<meta property=\"article:published_time\" content=\"2016-10-27T12:05:32+00:00\" \/>\n<meta property=\"article:modified_time\" content=\"2016-10-27T12:08:53+00:00\" \/>\n<meta property=\"og:image\" content=\"https:\/\/wp.kristdemokraterna.se\/sollentuna\/files\/2016\/06\/byggmagnus.jpg\" \/>\n\t<meta property=\"og:image:width\" content=\"800\" \/>\n\t<meta property=\"og:image:height\" content=\"375\" \/>\n\t<meta property=\"og:image:type\" content=\"image\/jpeg\" \/>\n<meta name=\"author\" content=\"KD Sollentuna\" \/>\n<meta name=\"twitter:card\" content=\"summary_large_image\" \/>\n<meta name=\"twitter:label1\" content=\"Skriven av\" \/>\n\t<meta name=\"twitter:data1\" content=\"KD Sollentuna\" \/>\n\t<meta name=\"twitter:label2\" content=\"Ber\u00e4knad l\u00e4stid\" \/>\n\t<meta name=\"twitter:data2\" content=\"3 minuter\" \/>\n<script type=\"application\/ld+json\" class=\"yoast-schema-graph\">{\"@context\":\"https:\\\/\\\/schema.org\",\"@graph\":[{\"@type\":\"Article\",\"@id\":\"https:\\\/\\\/wp.kristdemokraterna.se\\\/sollentuna\\\/vi-bygger-fler-bostader-i-ett-vaxande-sollentuna\\\/#article\",\"isPartOf\":{\"@id\":\"https:\\\/\\\/wp.kristdemokraterna.se\\\/sollentuna\\\/vi-bygger-fler-bostader-i-ett-vaxande-sollentuna\\\/\"},\"author\":{\"name\":\"KD Sollentuna\",\"@id\":\"https:\\\/\\\/wp.kristdemokraterna.se\\\/sollentuna\\\/#\\\/schema\\\/person\\\/40a55bef1c75b5a2b5f5e22f7dba7bad\"},\"headline\":\"Vi bygger fler bost\u00e4der i ett v\u00e4xande Sollentuna\",\"datePublished\":\"2016-10-27T12:05:32+00:00\",\"dateModified\":\"2016-10-27T12:08:53+00:00\",\"mainEntityOfPage\":{\"@id\":\"https:\\\/\\\/wp.kristdemokraterna.se\\\/sollentuna\\\/vi-bygger-fler-bostader-i-ett-vaxande-sollentuna\\\/\"},\"wordCount\":559,\"image\":{\"@id\":\"https:\\\/\\\/wp.kristdemokraterna.se\\\/sollentuna\\\/vi-bygger-fler-bostader-i-ett-vaxande-sollentuna\\\/#primaryimage\"},\"thumbnailUrl\":\"https:\\\/\\\/wp.kristdemokraterna.se\\\/sollentuna\\\/files\\\/2016\\\/06\\\/byggmagnus.jpg\",\"keywords\":[\"bost\u00e4der\",\"fastigheter\",\"hyresr\u00e4tt\",\"kommunala bolag\",\"magnus ramstrand\",\"sollentunahem\"],\"inLanguage\":\"sv-SE\"},{\"@type\":\"WebPage\",\"@id\":\"https:\\\/\\\/wp.kristdemokraterna.se\\\/sollentuna\\\/vi-bygger-fler-bostader-i-ett-vaxande-sollentuna\\\/\",\"url\":\"https:\\\/\\\/wp.kristdemokraterna.se\\\/sollentuna\\\/vi-bygger-fler-bostader-i-ett-vaxande-sollentuna\\\/\",\"name\":\"Vi bygger fler bost\u00e4der i ett v\u00e4xande Sollentuna - Kristdemokraterna i Sollentuna\",\"isPartOf\":{\"@id\":\"https:\\\/\\\/wp.kristdemokraterna.se\\\/sollentuna\\\/#website\"},\"primaryImageOfPage\":{\"@id\":\"https:\\\/\\\/wp.kristdemokraterna.se\\\/sollentuna\\\/vi-bygger-fler-bostader-i-ett-vaxande-sollentuna\\\/#primaryimage\"},\"image\":{\"@id\":\"https:\\\/\\\/wp.kristdemokraterna.se\\\/sollentuna\\\/vi-bygger-fler-bostader-i-ett-vaxande-sollentuna\\\/#primaryimage\"},\"thumbnailUrl\":\"https:\\\/\\\/wp.kristdemokraterna.se\\\/sollentuna\\\/files\\\/2016\\\/06\\\/byggmagnus.jpg\",\"datePublished\":\"2016-10-27T12:05:32+00:00\",\"dateModified\":\"2016-10-27T12:08:53+00:00\",\"author\":{\"@id\":\"https:\\\/\\\/wp.kristdemokraterna.se\\\/sollentuna\\\/#\\\/schema\\\/person\\\/40a55bef1c75b5a2b5f5e22f7dba7bad\"},\"breadcrumb\":{\"@id\":\"https:\\\/\\\/wp.kristdemokraterna.se\\\/sollentuna\\\/vi-bygger-fler-bostader-i-ett-vaxande-sollentuna\\\/#breadcrumb\"},\"inLanguage\":\"sv-SE\",\"potentialAction\":[{\"@type\":\"ReadAction\",\"target\":[\"https:\\\/\\\/wp.kristdemokraterna.se\\\/sollentuna\\\/vi-bygger-fler-bostader-i-ett-vaxande-sollentuna\\\/\"]}]},{\"@type\":\"ImageObject\",\"inLanguage\":\"sv-SE\",\"@id\":\"https:\\\/\\\/wp.kristdemokraterna.se\\\/sollentuna\\\/vi-bygger-fler-bostader-i-ett-vaxande-sollentuna\\\/#primaryimage\",\"url\":\"https:\\\/\\\/wp.kristdemokraterna.se\\\/sollentuna\\\/files\\\/2016\\\/06\\\/byggmagnus.jpg\",\"contentUrl\":\"https:\\\/\\\/wp.kristdemokraterna.se\\\/sollentuna\\\/files\\\/2016\\\/06\\\/byggmagnus.jpg\",\"width\":800,\"height\":375},{\"@type\":\"BreadcrumbList\",\"@id\":\"https:\\\/\\\/wp.kristdemokraterna.se\\\/sollentuna\\\/vi-bygger-fler-bostader-i-ett-vaxande-sollentuna\\\/#breadcrumb\",\"itemListElement\":[{\"@type\":\"ListItem\",\"position\":1,\"name\":\"Hem\",\"item\":\"https:\\\/\\\/wp.kristdemokraterna.se\\\/sollentuna\\\/\"},{\"@type\":\"ListItem\",\"position\":2,\"name\":\"Vi bygger fler bost\u00e4der i ett v\u00e4xande Sollentuna\"}]},{\"@type\":\"WebSite\",\"@id\":\"https:\\\/\\\/wp.kristdemokraterna.se\\\/sollentuna\\\/#website\",\"url\":\"https:\\\/\\\/wp.kristdemokraterna.se\\\/sollentuna\\\/\",\"name\":\"Kristdemokraterna i Sollentuna\",\"description\":\"\",\"inLanguage\":\"sv-SE\"},{\"@type\":\"Person\",\"@id\":\"https:\\\/\\\/wp.kristdemokraterna.se\\\/sollentuna\\\/#\\\/schema\\\/person\\\/40a55bef1c75b5a2b5f5e22f7dba7bad\",\"name\":\"KD Sollentuna\",\"image\":{\"@type\":\"ImageObject\",\"inLanguage\":\"sv-SE\",\"@id\":\"https:\\\/\\\/secure.gravatar.com\\\/avatar\\\/18833c8a6166c23169f5fbbcfc06d547dde13c3030952e6fb64680b806332438?s=96&d=mm&r=g\",\"url\":\"https:\\\/\\\/secure.gravatar.com\\\/avatar\\\/18833c8a6166c23169f5fbbcfc06d547dde13c3030952e6fb64680b806332438?s=96&d=mm&r=g\",\"contentUrl\":\"https:\\\/\\\/secure.gravatar.com\\\/avatar\\\/18833c8a6166c23169f5fbbcfc06d547dde13c3030952e6fb64680b806332438?s=96&d=mm&r=g\",\"caption\":\"KD Sollentuna\"},\"url\":\"https:\\\/\\\/wp.kristdemokraterna.se\\\/sollentuna\\\/author\\\/sollentuna\\\/\"}]}<\/script>\n<!-- \/ Yoast SEO plugin. -->","yoast_head_json":{"title":"Vi bygger fler bost\u00e4der i ett v\u00e4xande Sollentuna - Kristdemokraterna i Sollentuna","robots":{"index":"index","follow":"follow","max-snippet":"max-snippet:-1","max-image-preview":"max-image-preview:large","max-video-preview":"max-video-preview:-1"},"canonical":"https:\/\/wp.kristdemokraterna.se\/sollentuna\/vi-bygger-fler-bostader-i-ett-vaxande-sollentuna\/","og_locale":"sv_SE","og_type":"article","og_title":"Vi bygger fler bost\u00e4der i ett v\u00e4xande Sollentuna - Kristdemokraterna i Sollentuna","og_description":"Sollentuna v\u00e4xer tack vare allt st\u00f6rre inflyttning och h\u00f6ga f\u00f6delsetal. Detta inneb\u00e4r att det beh\u00f6vs m\u00e5nga nya bost\u00e4der i kommunen. F\u00f6r att kunna bygga 1 500 nya kommunala hyresl\u00e4genheter och samtidigt m\u00f6ta det \u00f6kade behovet av investeringar och underh\u00e5ll av bland annat skolor, f\u00f6rskolor och omsorgsfastigheter kommer kommunstyrelsen besluta om att f\u00f6resl\u00e5 kommunfullm\u00e4ktige att mer","og_url":"https:\/\/wp.kristdemokraterna.se\/sollentuna\/vi-bygger-fler-bostader-i-ett-vaxande-sollentuna\/","og_site_name":"Kristdemokraterna i Sollentuna","article_published_time":"2016-10-27T12:05:32+00:00","article_modified_time":"2016-10-27T12:08:53+00:00","og_image":[{"width":800,"height":375,"url":"https:\/\/wp.kristdemokraterna.se\/sollentuna\/files\/2016\/06\/byggmagnus.jpg","type":"image\/jpeg"}],"author":"KD Sollentuna","twitter_card":"summary_large_image","twitter_misc":{"Skriven av":"KD Sollentuna","Ber\u00e4knad l\u00e4stid":"3 minuter"},"schema":{"@context":"https:\/\/schema.org","@graph":[{"@type":"Article","@id":"https:\/\/wp.kristdemokraterna.se\/sollentuna\/vi-bygger-fler-bostader-i-ett-vaxande-sollentuna\/#article","isPartOf":{"@id":"https:\/\/wp.kristdemokraterna.se\/sollentuna\/vi-bygger-fler-bostader-i-ett-vaxande-sollentuna\/"},"author":{"name":"KD Sollentuna","@id":"https:\/\/wp.kristdemokraterna.se\/sollentuna\/#\/schema\/person\/40a55bef1c75b5a2b5f5e22f7dba7bad"},"headline":"Vi bygger fler bost\u00e4der i ett v\u00e4xande Sollentuna","datePublished":"2016-10-27T12:05:32+00:00","dateModified":"2016-10-27T12:08:53+00:00","mainEntityOfPage":{"@id":"https:\/\/wp.kristdemokraterna.se\/sollentuna\/vi-bygger-fler-bostader-i-ett-vaxande-sollentuna\/"},"wordCount":559,"image":{"@id":"https:\/\/wp.kristdemokraterna.se\/sollentuna\/vi-bygger-fler-bostader-i-ett-vaxande-sollentuna\/#primaryimage"},"thumbnailUrl":"https:\/\/wp.kristdemokraterna.se\/sollentuna\/files\/2016\/06\/byggmagnus.jpg","keywords":["bost\u00e4der","fastigheter","hyresr\u00e4tt","kommunala bolag","magnus ramstrand","sollentunahem"],"inLanguage":"sv-SE"},{"@type":"WebPage","@id":"https:\/\/wp.kristdemokraterna.se\/sollentuna\/vi-bygger-fler-bostader-i-ett-vaxande-sollentuna\/","url":"https:\/\/wp.kristdemokraterna.se\/sollentuna\/vi-bygger-fler-bostader-i-ett-vaxande-sollentuna\/","name":"Vi bygger fler bost\u00e4der i ett v\u00e4xande Sollentuna - Kristdemokraterna i Sollentuna","isPartOf":{"@id":"https:\/\/wp.kristdemokraterna.se\/sollentuna\/#website"},"primaryImageOfPage":{"@id":"https:\/\/wp.kristdemokraterna.se\/sollentuna\/vi-bygger-fler-bostader-i-ett-vaxande-sollentuna\/#primaryimage"},"image":{"@id":"https:\/\/wp.kristdemokraterna.se\/sollentuna\/vi-bygger-fler-bostader-i-ett-vaxande-sollentuna\/#primaryimage"},"thumbnailUrl":"https:\/\/wp.kristdemokraterna.se\/sollentuna\/files\/2016\/06\/byggmagnus.jpg","datePublished":"2016-10-27T12:05:32+00:00","dateModified":"2016-10-27T12:08:53+00:00","author":{"@id":"https:\/\/wp.kristdemokraterna.se\/sollentuna\/#\/schema\/person\/40a55bef1c75b5a2b5f5e22f7dba7bad"},"breadcrumb":{"@id":"https:\/\/wp.kristdemokraterna.se\/sollentuna\/vi-bygger-fler-bostader-i-ett-vaxande-sollentuna\/#breadcrumb"},"inLanguage":"sv-SE","potentialAction":[{"@type":"ReadAction","target":["https:\/\/wp.kristdemokraterna.se\/sollentuna\/vi-bygger-fler-bostader-i-ett-vaxande-sollentuna\/"]}]},{"@type":"ImageObject","inLanguage":"sv-SE","@id":"https:\/\/wp.kristdemokraterna.se\/sollentuna\/vi-bygger-fler-bostader-i-ett-vaxande-sollentuna\/#primaryimage","url":"https:\/\/wp.kristdemokraterna.se\/sollentuna\/files\/2016\/06\/byggmagnus.jpg","contentUrl":"https:\/\/wp.kristdemokraterna.se\/sollentuna\/files\/2016\/06\/byggmagnus.jpg","width":800,"height":375},{"@type":"BreadcrumbList","@id":"https:\/\/wp.kristdemokraterna.se\/sollentuna\/vi-bygger-fler-bostader-i-ett-vaxande-sollentuna\/#breadcrumb","itemListElement":[{"@type":"ListItem","position":1,"name":"Hem","item":"https:\/\/wp.kristdemokraterna.se\/sollentuna\/"},{"@type":"ListItem","position":2,"name":"Vi bygger fler bost\u00e4der i ett v\u00e4xande Sollentuna"}]},{"@type":"WebSite","@id":"https:\/\/wp.kristdemokraterna.se\/sollentuna\/#website","url":"https:\/\/wp.kristdemokraterna.se\/sollentuna\/","name":"Kristdemokraterna i Sollentuna","description":"","inLanguage":"sv-SE"},{"@type":"Person","@id":"https:\/\/wp.kristdemokraterna.se\/sollentuna\/#\/schema\/person\/40a55bef1c75b5a2b5f5e22f7dba7bad","name":"KD Sollentuna","image":{"@type":"ImageObject","inLanguage":"sv-SE","@id":"https:\/\/secure.gravatar.com\/avatar\/18833c8a6166c23169f5fbbcfc06d547dde13c3030952e6fb64680b806332438?s=96&d=mm&r=g","url":"https:\/\/secure.gravatar.com\/avatar\/18833c8a6166c23169f5fbbcfc06d547dde13c3030952e6fb64680b806332438?s=96&d=mm&r=g","contentUrl":"https:\/\/secure.gravatar.com\/avatar\/18833c8a6166c23169f5fbbcfc06d547dde13c3030952e6fb64680b806332438?s=96&d=mm&r=g","caption":"KD Sollentuna"},"url":"https:\/\/wp.kristdemokraterna.se\/sollentuna\/author\/sollentuna\/"}]}},"_links":{"self":[{"href":"https:\/\/wp.kristdemokraterna.se\/sollentuna\/wp-json\/wp\/v2\/posts\/1250","targetHints":{"allow":["GET"]}}],"collection":[{"href":"https:\/\/wp.kristdemokraterna.se\/sollentuna\/wp-json\/wp\/v2\/posts"}],"about":[{"href":"https:\/\/wp.kristdemokraterna.se\/sollentuna\/wp-json\/wp\/v2\/types\/post"}],"author":[{"embeddable":true,"href":"https:\/\/wp.kristdemokraterna.se\/sollentuna\/wp-json\/wp\/v2\/users\/41"}],"replies":[{"embeddable":true,"href":"https:\/\/wp.kristdemokraterna.se\/sollentuna\/wp-json\/wp\/v2\/comments?post=1250"}],"version-history":[{"count":8,"href":"https:\/\/wp.kristdemokraterna.se\/sollentuna\/wp-json\/wp\/v2\/posts\/1250\/revisions"}],"predecessor-version":[{"id":1258,"href":"https:\/\/wp.kristdemokraterna.se\/sollentuna\/wp-json\/wp\/v2\/posts\/1250\/revisions\/1258"}],"wp:featuredmedia":[{"embeddable":true,"href":"https:\/\/wp.kristdemokraterna.se\/sollentuna\/wp-json\/wp\/v2\/media\/1171"}],"wp:attachment":[{"href":"https:\/\/wp.kristdemokraterna.se\/sollentuna\/wp-json\/wp\/v2\/media?parent=1250"}],"wp:term":[{"taxonomy":"category","embeddable":true,"href":"https:\/\/wp.kristdemokraterna.se\/sollentuna\/wp-json\/wp\/v2\/categories?post=1250"},{"taxonomy":"post_tag","embeddable":true,"href":"https:\/\/wp.kristdemokraterna.se\/sollentuna\/wp-json\/wp\/v2\/tags?post=1250"}],"curies":[{"name":"wp","href":"https:\/\/api.w.org\/{rel}","templated":true}]}}