{"id":1373,"date":"2017-11-02T09:06:16","date_gmt":"2017-11-02T08:06:16","guid":{"rendered":"http:\/\/wp.kristdemokraterna.se\/sollentuna\/?p=1373"},"modified":"2017-11-02T09:06:16","modified_gmt":"2017-11-02T08:06:16","slug":"skola-i-fagelsangsparken","status":"publish","type":"post","link":"https:\/\/wp.kristdemokraterna.se\/sollentuna\/skola-i-fagelsangsparken\/","title":{"rendered":"Skola i F\u00e5gels\u00e5ngsparken"},"content":{"rendered":"<p>Vi ska bygga en helt ny skola som ers\u00e4tter nuvarande T\u00f6jnanskolan. D\u00e4r kommer vi ocks\u00e5 att bygga en fullstor idrottshall. B\u00e5de skola och idrottshall beh\u00f6vs n\u00e4r de centrala delarna av kommunen v\u00e4xer.\u00a0 Under tiden den nya skolan byggs beh\u00f6ver vi plats f\u00f6r en\u00a0tillf\u00e4llig skola.<\/p>\n<p>Vi tycker, efter\u00a0att letat med ljus och lykta, att\u00a0den b\u00e4sta platsen \u00e4r v\u00e4stra delen\u00a0av F\u00e5gels\u00e5ngsparken. Vi f\u00f6rst\u00e5r att det h\u00e4r beslutet har inneburit en frustration f\u00f6r m\u00e5nga. En demokrati best\u00e5r av aktiva medlemmar. De som nu starkt engagerat sig mot placeringen av en tillf\u00e4llig skola i F\u00e5gels\u00e5ngsparken, har visat ett stort engagemang. De vill inte att vi bygger i parken och tar ned den all\u00e9 av granar som \u00e4r dominerande i den v\u00e4stra delen.<\/p>\n<p>M\u00e4ngder av \u00f6verklaganden har skett. Insamling till advokatkostnader har gjorts. Det visar ett enast\u00e5ende engagemang. Det \u00e4r demokratins k\u00e4rna. Men. Demokrati \u00e4r ocks\u00e5 att respektera majoriteten och fattade beslut. En klar majoritet i fullm\u00e4ktige har beslutat att genomf\u00f6ra beslutet om en tillf\u00e4llig skola i F\u00e5gels\u00e5ngsparken och att d\u00e4refter n\u00e4r nya T\u00f6jnanskolan \u00e4r klar, \u00e5terst\u00e4lla parken till en fin milj\u00f6, b\u00e4ttre \u00e4n den som \u00e4r nu.<\/p>\n<p>&#8211; Det blir en fin milj\u00f6 f\u00f6r elever och personal tills den nya skolan \u00e4r klar. Sedan ska parken \u00e5terst\u00e4llas och bli b\u00e4ttre \u00e4n den \u00e4r idag, s\u00e4ger Carlos Romero, KD,\u00a0vice ordf\u00f6rande i barn- och ungdomsn\u00e4mnden.<\/p>\n","protected":false},"excerpt":{"rendered":"<p>Vi ska bygga en helt ny skola som ers\u00e4tter nuvarande T\u00f6jnanskolan. D\u00e4r kommer vi ocks\u00e5 att bygga en fullstor idrottshall. B\u00e5de skola och idrottshall beh\u00f6vs n\u00e4r de centrala delarna av kommunen v\u00e4xer.\u00a0 Under tiden den nya skolan byggs beh\u00f6ver vi plats f\u00f6r en\u00a0tillf\u00e4llig skola. Vi tycker, efter\u00a0att letat med ljus och lykta, att\u00a0den b\u00e4sta <a class=\"read-more-link\" href=\"https:\/\/wp.kristdemokraterna.se\/sollentuna\/skola-i-fagelsangsparken\/\">mer<\/a><\/p>\n","protected":false},"author":41,"featured_media":0,"comment_status":"closed","ping_status":"closed","sticky":false,"template":"","format":"standard","meta":{"_acf_changed":false,"footnotes":""},"categories":[1],"tags":[],"class_list":["post-1373","post","type-post","status-publish","format-standard","hentry","category-okategoriserade"],"acf":[],"yoast_head":"<!-- This site is optimized with the Yoast SEO plugin v27.5 - https:\/\/yoast.com\/product\/yoast-seo-wordpress\/ -->\n<title>Skola i F\u00e5gels\u00e5ngsparken - Kristdemokraterna i Sollentuna<\/title>\n<meta name=\"robots\" content=\"index, follow, max-snippet:-1, max-image-preview:large, max-video-preview:-1\" \/>\n<link rel=\"canonical\" href=\"https:\/\/wp.kristdemokraterna.se\/sollentuna\/skola-i-fagelsangsparken\/\" \/>\n<meta property=\"og:locale\" content=\"sv_SE\" \/>\n<meta property=\"og:type\" content=\"article\" \/>\n<meta property=\"og:title\" content=\"Skola i F\u00e5gels\u00e5ngsparken - Kristdemokraterna i Sollentuna\" \/>\n<meta property=\"og:description\" content=\"Vi ska bygga en helt ny skola som ers\u00e4tter nuvarande T\u00f6jnanskolan. D\u00e4r kommer vi ocks\u00e5 att bygga en fullstor idrottshall. B\u00e5de skola och idrottshall beh\u00f6vs n\u00e4r de centrala delarna av kommunen v\u00e4xer.\u00a0 Under tiden den nya skolan byggs beh\u00f6ver vi plats f\u00f6r en\u00a0tillf\u00e4llig skola. Vi tycker, efter\u00a0att letat med ljus och lykta, att\u00a0den b\u00e4sta mer\" \/>\n<meta property=\"og:url\" content=\"https:\/\/wp.kristdemokraterna.se\/sollentuna\/skola-i-fagelsangsparken\/\" \/>\n<meta property=\"og:site_name\" content=\"Kristdemokraterna i Sollentuna\" \/>\n<meta property=\"article:published_time\" content=\"2017-11-02T08:06:16+00:00\" \/>\n<meta name=\"author\" content=\"KD Sollentuna\" \/>\n<meta name=\"twitter:card\" content=\"summary_large_image\" \/>\n<meta name=\"twitter:label1\" content=\"Skriven av\" \/>\n\t<meta name=\"twitter:data1\" content=\"KD Sollentuna\" \/>\n\t<meta name=\"twitter:label2\" content=\"Ber\u00e4knad l\u00e4stid\" \/>\n\t<meta name=\"twitter:data2\" content=\"1 minut\" \/>\n<script type=\"application\/ld+json\" class=\"yoast-schema-graph\">{\"@context\":\"https:\\\/\\\/schema.org\",\"@graph\":[{\"@type\":\"Article\",\"@id\":\"https:\\\/\\\/wp.kristdemokraterna.se\\\/sollentuna\\\/skola-i-fagelsangsparken\\\/#article\",\"isPartOf\":{\"@id\":\"https:\\\/\\\/wp.kristdemokraterna.se\\\/sollentuna\\\/skola-i-fagelsangsparken\\\/\"},\"author\":{\"name\":\"KD Sollentuna\",\"@id\":\"https:\\\/\\\/wp.kristdemokraterna.se\\\/sollentuna\\\/#\\\/schema\\\/person\\\/40a55bef1c75b5a2b5f5e22f7dba7bad\"},\"headline\":\"Skola i F\u00e5gels\u00e5ngsparken\",\"datePublished\":\"2017-11-02T08:06:16+00:00\",\"mainEntityOfPage\":{\"@id\":\"https:\\\/\\\/wp.kristdemokraterna.se\\\/sollentuna\\\/skola-i-fagelsangsparken\\\/\"},\"wordCount\":272,\"inLanguage\":\"sv-SE\"},{\"@type\":\"WebPage\",\"@id\":\"https:\\\/\\\/wp.kristdemokraterna.se\\\/sollentuna\\\/skola-i-fagelsangsparken\\\/\",\"url\":\"https:\\\/\\\/wp.kristdemokraterna.se\\\/sollentuna\\\/skola-i-fagelsangsparken\\\/\",\"name\":\"Skola i F\u00e5gels\u00e5ngsparken - Kristdemokraterna i Sollentuna\",\"isPartOf\":{\"@id\":\"https:\\\/\\\/wp.kristdemokraterna.se\\\/sollentuna\\\/#website\"},\"datePublished\":\"2017-11-02T08:06:16+00:00\",\"author\":{\"@id\":\"https:\\\/\\\/wp.kristdemokraterna.se\\\/sollentuna\\\/#\\\/schema\\\/person\\\/40a55bef1c75b5a2b5f5e22f7dba7bad\"},\"breadcrumb\":{\"@id\":\"https:\\\/\\\/wp.kristdemokraterna.se\\\/sollentuna\\\/skola-i-fagelsangsparken\\\/#breadcrumb\"},\"inLanguage\":\"sv-SE\",\"potentialAction\":[{\"@type\":\"ReadAction\",\"target\":[\"https:\\\/\\\/wp.kristdemokraterna.se\\\/sollentuna\\\/skola-i-fagelsangsparken\\\/\"]}]},{\"@type\":\"BreadcrumbList\",\"@id\":\"https:\\\/\\\/wp.kristdemokraterna.se\\\/sollentuna\\\/skola-i-fagelsangsparken\\\/#breadcrumb\",\"itemListElement\":[{\"@type\":\"ListItem\",\"position\":1,\"name\":\"Hem\",\"item\":\"https:\\\/\\\/wp.kristdemokraterna.se\\\/sollentuna\\\/\"},{\"@type\":\"ListItem\",\"position\":2,\"name\":\"Skola i F\u00e5gels\u00e5ngsparken\"}]},{\"@type\":\"WebSite\",\"@id\":\"https:\\\/\\\/wp.kristdemokraterna.se\\\/sollentuna\\\/#website\",\"url\":\"https:\\\/\\\/wp.kristdemokraterna.se\\\/sollentuna\\\/\",\"name\":\"Kristdemokraterna i Sollentuna\",\"description\":\"\",\"inLanguage\":\"sv-SE\"},{\"@type\":\"Person\",\"@id\":\"https:\\\/\\\/wp.kristdemokraterna.se\\\/sollentuna\\\/#\\\/schema\\\/person\\\/40a55bef1c75b5a2b5f5e22f7dba7bad\",\"name\":\"KD Sollentuna\",\"image\":{\"@type\":\"ImageObject\",\"inLanguage\":\"sv-SE\",\"@id\":\"https:\\\/\\\/secure.gravatar.com\\\/avatar\\\/18833c8a6166c23169f5fbbcfc06d547dde13c3030952e6fb64680b806332438?s=96&d=mm&r=g\",\"url\":\"https:\\\/\\\/secure.gravatar.com\\\/avatar\\\/18833c8a6166c23169f5fbbcfc06d547dde13c3030952e6fb64680b806332438?s=96&d=mm&r=g\",\"contentUrl\":\"https:\\\/\\\/secure.gravatar.com\\\/avatar\\\/18833c8a6166c23169f5fbbcfc06d547dde13c3030952e6fb64680b806332438?s=96&d=mm&r=g\",\"caption\":\"KD Sollentuna\"},\"url\":\"https:\\\/\\\/wp.kristdemokraterna.se\\\/sollentuna\\\/author\\\/sollentuna\\\/\"}]}<\/script>\n<!-- \/ Yoast SEO plugin. -->","yoast_head_json":{"title":"Skola i F\u00e5gels\u00e5ngsparken - Kristdemokraterna i Sollentuna","robots":{"index":"index","follow":"follow","max-snippet":"max-snippet:-1","max-image-preview":"max-image-preview:large","max-video-preview":"max-video-preview:-1"},"canonical":"https:\/\/wp.kristdemokraterna.se\/sollentuna\/skola-i-fagelsangsparken\/","og_locale":"sv_SE","og_type":"article","og_title":"Skola i F\u00e5gels\u00e5ngsparken - Kristdemokraterna i Sollentuna","og_description":"Vi ska bygga en helt ny skola som ers\u00e4tter nuvarande T\u00f6jnanskolan. D\u00e4r kommer vi ocks\u00e5 att bygga en fullstor idrottshall. B\u00e5de skola och idrottshall beh\u00f6vs n\u00e4r de centrala delarna av kommunen v\u00e4xer.\u00a0 Under tiden den nya skolan byggs beh\u00f6ver vi plats f\u00f6r en\u00a0tillf\u00e4llig skola. Vi tycker, efter\u00a0att letat med ljus och lykta, att\u00a0den b\u00e4sta mer","og_url":"https:\/\/wp.kristdemokraterna.se\/sollentuna\/skola-i-fagelsangsparken\/","og_site_name":"Kristdemokraterna i Sollentuna","article_published_time":"2017-11-02T08:06:16+00:00","author":"KD Sollentuna","twitter_card":"summary_large_image","twitter_misc":{"Skriven av":"KD Sollentuna","Ber\u00e4knad l\u00e4stid":"1 minut"},"schema":{"@context":"https:\/\/schema.org","@graph":[{"@type":"Article","@id":"https:\/\/wp.kristdemokraterna.se\/sollentuna\/skola-i-fagelsangsparken\/#article","isPartOf":{"@id":"https:\/\/wp.kristdemokraterna.se\/sollentuna\/skola-i-fagelsangsparken\/"},"author":{"name":"KD Sollentuna","@id":"https:\/\/wp.kristdemokraterna.se\/sollentuna\/#\/schema\/person\/40a55bef1c75b5a2b5f5e22f7dba7bad"},"headline":"Skola i F\u00e5gels\u00e5ngsparken","datePublished":"2017-11-02T08:06:16+00:00","mainEntityOfPage":{"@id":"https:\/\/wp.kristdemokraterna.se\/sollentuna\/skola-i-fagelsangsparken\/"},"wordCount":272,"inLanguage":"sv-SE"},{"@type":"WebPage","@id":"https:\/\/wp.kristdemokraterna.se\/sollentuna\/skola-i-fagelsangsparken\/","url":"https:\/\/wp.kristdemokraterna.se\/sollentuna\/skola-i-fagelsangsparken\/","name":"Skola i F\u00e5gels\u00e5ngsparken - Kristdemokraterna i Sollentuna","isPartOf":{"@id":"https:\/\/wp.kristdemokraterna.se\/sollentuna\/#website"},"datePublished":"2017-11-02T08:06:16+00:00","author":{"@id":"https:\/\/wp.kristdemokraterna.se\/sollentuna\/#\/schema\/person\/40a55bef1c75b5a2b5f5e22f7dba7bad"},"breadcrumb":{"@id":"https:\/\/wp.kristdemokraterna.se\/sollentuna\/skola-i-fagelsangsparken\/#breadcrumb"},"inLanguage":"sv-SE","potentialAction":[{"@type":"ReadAction","target":["https:\/\/wp.kristdemokraterna.se\/sollentuna\/skola-i-fagelsangsparken\/"]}]},{"@type":"BreadcrumbList","@id":"https:\/\/wp.kristdemokraterna.se\/sollentuna\/skola-i-fagelsangsparken\/#breadcrumb","itemListElement":[{"@type":"ListItem","position":1,"name":"Hem","item":"https:\/\/wp.kristdemokraterna.se\/sollentuna\/"},{"@type":"ListItem","position":2,"name":"Skola i F\u00e5gels\u00e5ngsparken"}]},{"@type":"WebSite","@id":"https:\/\/wp.kristdemokraterna.se\/sollentuna\/#website","url":"https:\/\/wp.kristdemokraterna.se\/sollentuna\/","name":"Kristdemokraterna i Sollentuna","description":"","inLanguage":"sv-SE"},{"@type":"Person","@id":"https:\/\/wp.kristdemokraterna.se\/sollentuna\/#\/schema\/person\/40a55bef1c75b5a2b5f5e22f7dba7bad","name":"KD Sollentuna","image":{"@type":"ImageObject","inLanguage":"sv-SE","@id":"https:\/\/secure.gravatar.com\/avatar\/18833c8a6166c23169f5fbbcfc06d547dde13c3030952e6fb64680b806332438?s=96&d=mm&r=g","url":"https:\/\/secure.gravatar.com\/avatar\/18833c8a6166c23169f5fbbcfc06d547dde13c3030952e6fb64680b806332438?s=96&d=mm&r=g","contentUrl":"https:\/\/secure.gravatar.com\/avatar\/18833c8a6166c23169f5fbbcfc06d547dde13c3030952e6fb64680b806332438?s=96&d=mm&r=g","caption":"KD Sollentuna"},"url":"https:\/\/wp.kristdemokraterna.se\/sollentuna\/author\/sollentuna\/"}]}},"_links":{"self":[{"href":"https:\/\/wp.kristdemokraterna.se\/sollentuna\/wp-json\/wp\/v2\/posts\/1373","targetHints":{"allow":["GET"]}}],"collection":[{"href":"https:\/\/wp.kristdemokraterna.se\/sollentuna\/wp-json\/wp\/v2\/posts"}],"about":[{"href":"https:\/\/wp.kristdemokraterna.se\/sollentuna\/wp-json\/wp\/v2\/types\/post"}],"author":[{"embeddable":true,"href":"https:\/\/wp.kristdemokraterna.se\/sollentuna\/wp-json\/wp\/v2\/users\/41"}],"replies":[{"embeddable":true,"href":"https:\/\/wp.kristdemokraterna.se\/sollentuna\/wp-json\/wp\/v2\/comments?post=1373"}],"version-history":[{"count":1,"href":"https:\/\/wp.kristdemokraterna.se\/sollentuna\/wp-json\/wp\/v2\/posts\/1373\/revisions"}],"predecessor-version":[{"id":1374,"href":"https:\/\/wp.kristdemokraterna.se\/sollentuna\/wp-json\/wp\/v2\/posts\/1373\/revisions\/1374"}],"wp:attachment":[{"href":"https:\/\/wp.kristdemokraterna.se\/sollentuna\/wp-json\/wp\/v2\/media?parent=1373"}],"wp:term":[{"taxonomy":"category","embeddable":true,"href":"https:\/\/wp.kristdemokraterna.se\/sollentuna\/wp-json\/wp\/v2\/categories?post=1373"},{"taxonomy":"post_tag","embeddable":true,"href":"https:\/\/wp.kristdemokraterna.se\/sollentuna\/wp-json\/wp\/v2\/tags?post=1373"}],"curies":[{"name":"wp","href":"https:\/\/api.w.org\/{rel}","templated":true}]}}