{"id":1448,"date":"2018-05-24T10:38:48","date_gmt":"2018-05-24T08:38:48","guid":{"rendered":"http:\/\/wp.kristdemokraterna.se\/sollentuna\/?p=1448"},"modified":"2018-05-24T10:38:48","modified_gmt":"2018-05-24T08:38:48","slug":"vi-vill-satsa-pa-hogre-livskvalitet-i-sollentuna","status":"publish","type":"post","link":"https:\/\/wp.kristdemokraterna.se\/sollentuna\/vi-vill-satsa-pa-hogre-livskvalitet-i-sollentuna\/","title":{"rendered":"Vi vill satsa p\u00e5 h\u00f6gre livskvalitet i Sollentuna"},"content":{"rendered":"<p><strong>Det \u00e4r mycket som ska st\u00e4mma f\u00f6r att vi ska f\u00e5\u00a0ihop livspusslet i en stressig vardag. H\u00e4r i v\u00e5r\u00a0kommun Sollentuna g\u00f6r KD en avg\u00f6rande\u00a0insats f\u00f6r att g\u00f6ra livet och vardagen betydligt\u00a0tryggare och enklare f\u00f6r oss alla \u2013 barnfamiljer,\u00a0ungdomar, m\u00e4nniskor i arbetslivet och \u00e4ldre.<\/strong><\/p>\n<p>\u2013 Vi fick starkt st\u00f6d fr\u00e5n Sollentunaborna redan f\u00f6rra valet och har hunnit genomf\u00f6ra en hel del,\u00a0s\u00e4ger kommunalr\u00e5det Magnus Ramstrand (KD).<\/p>\n<p>KD vill st\u00e4rka valm\u00f6jligheter som sp\u00e4nner \u00f6ver alla generationsgr\u00e4nser:<\/p>\n<ul>\n<li>F\u00f6rskola och skola med sj\u00e4lvklar syskonf\u00f6rtur.<\/li>\n<li>Privata och kommunala skolor av h\u00f6g kvalitet.<\/li>\n<li>\u00c4nnu fler m\u00f6jligheter f\u00f6r barns idrottande. Sollentuna\u00a0fotbollshall \u00e4r ett bra exempel p\u00e5 hur vi st\u00f6ttar ungdomars\u00a0fysiska h\u00e4lsa. Dessutom har vi seniortaxa i v\u00e5ra idrottshallar!<\/li>\n<li>Sjukhusv\u00e5rden ska f\u00f6rstatligas och en st\u00f6rre satsning g\u00f6rs f\u00f6r b\u00e4ttre \u00f6ppettider p\u00e5 v\u00e5rdcentraler.<\/li>\n<li>Kultur ger guldkant p\u00e5 tillvaron \u2013 allt fr\u00e5n kommunal kulturskola\u00a0till bibliotek och konserter i Edsbergs slott.<\/li>\n<li>Vi vill att f\u00f6r\u00e4ldrar ska kunna \u00f6verl\u00e4mna f\u00f6r\u00e4ldradagar exempelvis\u00a0till mor- och farf\u00f6r\u00e4ldrar.<\/li>\n<li>Det ska vara enkelt att f\u00f6rb\u00e4ttra sin bostad n\u00e4r familjen v\u00e4xer.\u00a0KD tog initiativ till Attefallshuset n\u00e4r Stefan Attefall, KD, var bostadsminister.<\/li>\n<\/ul>\n","protected":false},"excerpt":{"rendered":"<p>Det \u00e4r mycket som ska st\u00e4mma f\u00f6r att vi ska f\u00e5\u00a0ihop livspusslet i en stressig vardag. H\u00e4r i v\u00e5r\u00a0kommun Sollentuna g\u00f6r KD en avg\u00f6rande\u00a0insats f\u00f6r att g\u00f6ra livet och vardagen betydligt\u00a0tryggare och enklare f\u00f6r oss alla \u2013 barnfamiljer,\u00a0ungdomar, m\u00e4nniskor i arbetslivet och \u00e4ldre. \u2013 Vi fick starkt st\u00f6d fr\u00e5n Sollentunaborna redan f\u00f6rra valet och <a class=\"read-more-link\" href=\"https:\/\/wp.kristdemokraterna.se\/sollentuna\/vi-vill-satsa-pa-hogre-livskvalitet-i-sollentuna\/\">mer<\/a><\/p>\n","protected":false},"author":41,"featured_media":1449,"comment_status":"closed","ping_status":"closed","sticky":false,"template":"","format":"standard","meta":{"_acf_changed":false,"footnotes":""},"categories":[1],"tags":[],"class_list":["post-1448","post","type-post","status-publish","format-standard","hentry","category-okategoriserade"],"acf":[],"yoast_head":"<!-- This site is optimized with the Yoast SEO plugin v27.5 - https:\/\/yoast.com\/product\/yoast-seo-wordpress\/ -->\n<title>Vi vill satsa p\u00e5 h\u00f6gre livskvalitet i Sollentuna - Kristdemokraterna i Sollentuna<\/title>\n<meta name=\"robots\" content=\"index, follow, max-snippet:-1, max-image-preview:large, max-video-preview:-1\" \/>\n<link rel=\"canonical\" href=\"https:\/\/wp.kristdemokraterna.se\/sollentuna\/vi-vill-satsa-pa-hogre-livskvalitet-i-sollentuna\/\" \/>\n<meta property=\"og:locale\" content=\"sv_SE\" \/>\n<meta property=\"og:type\" content=\"article\" \/>\n<meta property=\"og:title\" content=\"Vi vill satsa p\u00e5 h\u00f6gre livskvalitet i Sollentuna - Kristdemokraterna i Sollentuna\" \/>\n<meta property=\"og:description\" content=\"Det \u00e4r mycket som ska st\u00e4mma f\u00f6r att vi ska f\u00e5\u00a0ihop livspusslet i en stressig vardag. H\u00e4r i v\u00e5r\u00a0kommun Sollentuna g\u00f6r KD en avg\u00f6rande\u00a0insats f\u00f6r att g\u00f6ra livet och vardagen betydligt\u00a0tryggare och enklare f\u00f6r oss alla \u2013 barnfamiljer,\u00a0ungdomar, m\u00e4nniskor i arbetslivet och \u00e4ldre. \u2013 Vi fick starkt st\u00f6d fr\u00e5n Sollentunaborna redan f\u00f6rra valet och mer\" \/>\n<meta property=\"og:url\" content=\"https:\/\/wp.kristdemokraterna.se\/sollentuna\/vi-vill-satsa-pa-hogre-livskvalitet-i-sollentuna\/\" \/>\n<meta property=\"og:site_name\" content=\"Kristdemokraterna i Sollentuna\" \/>\n<meta property=\"article:published_time\" content=\"2018-05-24T08:38:48+00:00\" \/>\n<meta property=\"og:image\" content=\"https:\/\/wp.kristdemokraterna.se\/sollentuna\/files\/2018\/05\/ditt-sollentuna-2018-2_1.jpg\" \/>\n\t<meta property=\"og:image:width\" content=\"478\" \/>\n\t<meta property=\"og:image:height\" content=\"262\" \/>\n\t<meta property=\"og:image:type\" content=\"image\/jpeg\" \/>\n<meta name=\"author\" content=\"KD Sollentuna\" \/>\n<meta name=\"twitter:card\" content=\"summary_large_image\" \/>\n<meta name=\"twitter:label1\" content=\"Skriven av\" \/>\n\t<meta name=\"twitter:data1\" content=\"KD Sollentuna\" \/>\n\t<meta name=\"twitter:label2\" content=\"Ber\u00e4knad l\u00e4stid\" \/>\n\t<meta name=\"twitter:data2\" content=\"1 minut\" \/>\n<script type=\"application\/ld+json\" class=\"yoast-schema-graph\">{\"@context\":\"https:\\\/\\\/schema.org\",\"@graph\":[{\"@type\":\"Article\",\"@id\":\"https:\\\/\\\/wp.kristdemokraterna.se\\\/sollentuna\\\/vi-vill-satsa-pa-hogre-livskvalitet-i-sollentuna\\\/#article\",\"isPartOf\":{\"@id\":\"https:\\\/\\\/wp.kristdemokraterna.se\\\/sollentuna\\\/vi-vill-satsa-pa-hogre-livskvalitet-i-sollentuna\\\/\"},\"author\":{\"name\":\"KD Sollentuna\",\"@id\":\"https:\\\/\\\/wp.kristdemokraterna.se\\\/sollentuna\\\/#\\\/schema\\\/person\\\/40a55bef1c75b5a2b5f5e22f7dba7bad\"},\"headline\":\"Vi vill satsa p\u00e5 h\u00f6gre livskvalitet i Sollentuna\",\"datePublished\":\"2018-05-24T08:38:48+00:00\",\"mainEntityOfPage\":{\"@id\":\"https:\\\/\\\/wp.kristdemokraterna.se\\\/sollentuna\\\/vi-vill-satsa-pa-hogre-livskvalitet-i-sollentuna\\\/\"},\"wordCount\":238,\"image\":{\"@id\":\"https:\\\/\\\/wp.kristdemokraterna.se\\\/sollentuna\\\/vi-vill-satsa-pa-hogre-livskvalitet-i-sollentuna\\\/#primaryimage\"},\"thumbnailUrl\":\"https:\\\/\\\/wp.kristdemokraterna.se\\\/sollentuna\\\/files\\\/2018\\\/05\\\/ditt-sollentuna-2018-2_1.jpg\",\"inLanguage\":\"sv-SE\"},{\"@type\":\"WebPage\",\"@id\":\"https:\\\/\\\/wp.kristdemokraterna.se\\\/sollentuna\\\/vi-vill-satsa-pa-hogre-livskvalitet-i-sollentuna\\\/\",\"url\":\"https:\\\/\\\/wp.kristdemokraterna.se\\\/sollentuna\\\/vi-vill-satsa-pa-hogre-livskvalitet-i-sollentuna\\\/\",\"name\":\"Vi vill satsa p\u00e5 h\u00f6gre livskvalitet i Sollentuna - Kristdemokraterna i Sollentuna\",\"isPartOf\":{\"@id\":\"https:\\\/\\\/wp.kristdemokraterna.se\\\/sollentuna\\\/#website\"},\"primaryImageOfPage\":{\"@id\":\"https:\\\/\\\/wp.kristdemokraterna.se\\\/sollentuna\\\/vi-vill-satsa-pa-hogre-livskvalitet-i-sollentuna\\\/#primaryimage\"},\"image\":{\"@id\":\"https:\\\/\\\/wp.kristdemokraterna.se\\\/sollentuna\\\/vi-vill-satsa-pa-hogre-livskvalitet-i-sollentuna\\\/#primaryimage\"},\"thumbnailUrl\":\"https:\\\/\\\/wp.kristdemokraterna.se\\\/sollentuna\\\/files\\\/2018\\\/05\\\/ditt-sollentuna-2018-2_1.jpg\",\"datePublished\":\"2018-05-24T08:38:48+00:00\",\"author\":{\"@id\":\"https:\\\/\\\/wp.kristdemokraterna.se\\\/sollentuna\\\/#\\\/schema\\\/person\\\/40a55bef1c75b5a2b5f5e22f7dba7bad\"},\"breadcrumb\":{\"@id\":\"https:\\\/\\\/wp.kristdemokraterna.se\\\/sollentuna\\\/vi-vill-satsa-pa-hogre-livskvalitet-i-sollentuna\\\/#breadcrumb\"},\"inLanguage\":\"sv-SE\",\"potentialAction\":[{\"@type\":\"ReadAction\",\"target\":[\"https:\\\/\\\/wp.kristdemokraterna.se\\\/sollentuna\\\/vi-vill-satsa-pa-hogre-livskvalitet-i-sollentuna\\\/\"]}]},{\"@type\":\"ImageObject\",\"inLanguage\":\"sv-SE\",\"@id\":\"https:\\\/\\\/wp.kristdemokraterna.se\\\/sollentuna\\\/vi-vill-satsa-pa-hogre-livskvalitet-i-sollentuna\\\/#primaryimage\",\"url\":\"https:\\\/\\\/wp.kristdemokraterna.se\\\/sollentuna\\\/files\\\/2018\\\/05\\\/ditt-sollentuna-2018-2_1.jpg\",\"contentUrl\":\"https:\\\/\\\/wp.kristdemokraterna.se\\\/sollentuna\\\/files\\\/2018\\\/05\\\/ditt-sollentuna-2018-2_1.jpg\",\"width\":478,\"height\":262},{\"@type\":\"BreadcrumbList\",\"@id\":\"https:\\\/\\\/wp.kristdemokraterna.se\\\/sollentuna\\\/vi-vill-satsa-pa-hogre-livskvalitet-i-sollentuna\\\/#breadcrumb\",\"itemListElement\":[{\"@type\":\"ListItem\",\"position\":1,\"name\":\"Hem\",\"item\":\"https:\\\/\\\/wp.kristdemokraterna.se\\\/sollentuna\\\/\"},{\"@type\":\"ListItem\",\"position\":2,\"name\":\"Vi vill satsa p\u00e5 h\u00f6gre livskvalitet i Sollentuna\"}]},{\"@type\":\"WebSite\",\"@id\":\"https:\\\/\\\/wp.kristdemokraterna.se\\\/sollentuna\\\/#website\",\"url\":\"https:\\\/\\\/wp.kristdemokraterna.se\\\/sollentuna\\\/\",\"name\":\"Kristdemokraterna i Sollentuna\",\"description\":\"\",\"inLanguage\":\"sv-SE\"},{\"@type\":\"Person\",\"@id\":\"https:\\\/\\\/wp.kristdemokraterna.se\\\/sollentuna\\\/#\\\/schema\\\/person\\\/40a55bef1c75b5a2b5f5e22f7dba7bad\",\"name\":\"KD Sollentuna\",\"image\":{\"@type\":\"ImageObject\",\"inLanguage\":\"sv-SE\",\"@id\":\"https:\\\/\\\/secure.gravatar.com\\\/avatar\\\/18833c8a6166c23169f5fbbcfc06d547dde13c3030952e6fb64680b806332438?s=96&d=mm&r=g\",\"url\":\"https:\\\/\\\/secure.gravatar.com\\\/avatar\\\/18833c8a6166c23169f5fbbcfc06d547dde13c3030952e6fb64680b806332438?s=96&d=mm&r=g\",\"contentUrl\":\"https:\\\/\\\/secure.gravatar.com\\\/avatar\\\/18833c8a6166c23169f5fbbcfc06d547dde13c3030952e6fb64680b806332438?s=96&d=mm&r=g\",\"caption\":\"KD Sollentuna\"},\"url\":\"https:\\\/\\\/wp.kristdemokraterna.se\\\/sollentuna\\\/author\\\/sollentuna\\\/\"}]}<\/script>\n<!-- \/ Yoast SEO plugin. -->","yoast_head_json":{"title":"Vi vill satsa p\u00e5 h\u00f6gre livskvalitet i Sollentuna - Kristdemokraterna i Sollentuna","robots":{"index":"index","follow":"follow","max-snippet":"max-snippet:-1","max-image-preview":"max-image-preview:large","max-video-preview":"max-video-preview:-1"},"canonical":"https:\/\/wp.kristdemokraterna.se\/sollentuna\/vi-vill-satsa-pa-hogre-livskvalitet-i-sollentuna\/","og_locale":"sv_SE","og_type":"article","og_title":"Vi vill satsa p\u00e5 h\u00f6gre livskvalitet i Sollentuna - Kristdemokraterna i Sollentuna","og_description":"Det \u00e4r mycket som ska st\u00e4mma f\u00f6r att vi ska f\u00e5\u00a0ihop livspusslet i en stressig vardag. H\u00e4r i v\u00e5r\u00a0kommun Sollentuna g\u00f6r KD en avg\u00f6rande\u00a0insats f\u00f6r att g\u00f6ra livet och vardagen betydligt\u00a0tryggare och enklare f\u00f6r oss alla \u2013 barnfamiljer,\u00a0ungdomar, m\u00e4nniskor i arbetslivet och \u00e4ldre. \u2013 Vi fick starkt st\u00f6d fr\u00e5n Sollentunaborna redan f\u00f6rra valet och mer","og_url":"https:\/\/wp.kristdemokraterna.se\/sollentuna\/vi-vill-satsa-pa-hogre-livskvalitet-i-sollentuna\/","og_site_name":"Kristdemokraterna i Sollentuna","article_published_time":"2018-05-24T08:38:48+00:00","og_image":[{"width":478,"height":262,"url":"https:\/\/wp.kristdemokraterna.se\/sollentuna\/files\/2018\/05\/ditt-sollentuna-2018-2_1.jpg","type":"image\/jpeg"}],"author":"KD Sollentuna","twitter_card":"summary_large_image","twitter_misc":{"Skriven av":"KD Sollentuna","Ber\u00e4knad l\u00e4stid":"1 minut"},"schema":{"@context":"https:\/\/schema.org","@graph":[{"@type":"Article","@id":"https:\/\/wp.kristdemokraterna.se\/sollentuna\/vi-vill-satsa-pa-hogre-livskvalitet-i-sollentuna\/#article","isPartOf":{"@id":"https:\/\/wp.kristdemokraterna.se\/sollentuna\/vi-vill-satsa-pa-hogre-livskvalitet-i-sollentuna\/"},"author":{"name":"KD Sollentuna","@id":"https:\/\/wp.kristdemokraterna.se\/sollentuna\/#\/schema\/person\/40a55bef1c75b5a2b5f5e22f7dba7bad"},"headline":"Vi vill satsa p\u00e5 h\u00f6gre livskvalitet i Sollentuna","datePublished":"2018-05-24T08:38:48+00:00","mainEntityOfPage":{"@id":"https:\/\/wp.kristdemokraterna.se\/sollentuna\/vi-vill-satsa-pa-hogre-livskvalitet-i-sollentuna\/"},"wordCount":238,"image":{"@id":"https:\/\/wp.kristdemokraterna.se\/sollentuna\/vi-vill-satsa-pa-hogre-livskvalitet-i-sollentuna\/#primaryimage"},"thumbnailUrl":"https:\/\/wp.kristdemokraterna.se\/sollentuna\/files\/2018\/05\/ditt-sollentuna-2018-2_1.jpg","inLanguage":"sv-SE"},{"@type":"WebPage","@id":"https:\/\/wp.kristdemokraterna.se\/sollentuna\/vi-vill-satsa-pa-hogre-livskvalitet-i-sollentuna\/","url":"https:\/\/wp.kristdemokraterna.se\/sollentuna\/vi-vill-satsa-pa-hogre-livskvalitet-i-sollentuna\/","name":"Vi vill satsa p\u00e5 h\u00f6gre livskvalitet i Sollentuna - Kristdemokraterna i Sollentuna","isPartOf":{"@id":"https:\/\/wp.kristdemokraterna.se\/sollentuna\/#website"},"primaryImageOfPage":{"@id":"https:\/\/wp.kristdemokraterna.se\/sollentuna\/vi-vill-satsa-pa-hogre-livskvalitet-i-sollentuna\/#primaryimage"},"image":{"@id":"https:\/\/wp.kristdemokraterna.se\/sollentuna\/vi-vill-satsa-pa-hogre-livskvalitet-i-sollentuna\/#primaryimage"},"thumbnailUrl":"https:\/\/wp.kristdemokraterna.se\/sollentuna\/files\/2018\/05\/ditt-sollentuna-2018-2_1.jpg","datePublished":"2018-05-24T08:38:48+00:00","author":{"@id":"https:\/\/wp.kristdemokraterna.se\/sollentuna\/#\/schema\/person\/40a55bef1c75b5a2b5f5e22f7dba7bad"},"breadcrumb":{"@id":"https:\/\/wp.kristdemokraterna.se\/sollentuna\/vi-vill-satsa-pa-hogre-livskvalitet-i-sollentuna\/#breadcrumb"},"inLanguage":"sv-SE","potentialAction":[{"@type":"ReadAction","target":["https:\/\/wp.kristdemokraterna.se\/sollentuna\/vi-vill-satsa-pa-hogre-livskvalitet-i-sollentuna\/"]}]},{"@type":"ImageObject","inLanguage":"sv-SE","@id":"https:\/\/wp.kristdemokraterna.se\/sollentuna\/vi-vill-satsa-pa-hogre-livskvalitet-i-sollentuna\/#primaryimage","url":"https:\/\/wp.kristdemokraterna.se\/sollentuna\/files\/2018\/05\/ditt-sollentuna-2018-2_1.jpg","contentUrl":"https:\/\/wp.kristdemokraterna.se\/sollentuna\/files\/2018\/05\/ditt-sollentuna-2018-2_1.jpg","width":478,"height":262},{"@type":"BreadcrumbList","@id":"https:\/\/wp.kristdemokraterna.se\/sollentuna\/vi-vill-satsa-pa-hogre-livskvalitet-i-sollentuna\/#breadcrumb","itemListElement":[{"@type":"ListItem","position":1,"name":"Hem","item":"https:\/\/wp.kristdemokraterna.se\/sollentuna\/"},{"@type":"ListItem","position":2,"name":"Vi vill satsa p\u00e5 h\u00f6gre livskvalitet i Sollentuna"}]},{"@type":"WebSite","@id":"https:\/\/wp.kristdemokraterna.se\/sollentuna\/#website","url":"https:\/\/wp.kristdemokraterna.se\/sollentuna\/","name":"Kristdemokraterna i Sollentuna","description":"","inLanguage":"sv-SE"},{"@type":"Person","@id":"https:\/\/wp.kristdemokraterna.se\/sollentuna\/#\/schema\/person\/40a55bef1c75b5a2b5f5e22f7dba7bad","name":"KD Sollentuna","image":{"@type":"ImageObject","inLanguage":"sv-SE","@id":"https:\/\/secure.gravatar.com\/avatar\/18833c8a6166c23169f5fbbcfc06d547dde13c3030952e6fb64680b806332438?s=96&d=mm&r=g","url":"https:\/\/secure.gravatar.com\/avatar\/18833c8a6166c23169f5fbbcfc06d547dde13c3030952e6fb64680b806332438?s=96&d=mm&r=g","contentUrl":"https:\/\/secure.gravatar.com\/avatar\/18833c8a6166c23169f5fbbcfc06d547dde13c3030952e6fb64680b806332438?s=96&d=mm&r=g","caption":"KD Sollentuna"},"url":"https:\/\/wp.kristdemokraterna.se\/sollentuna\/author\/sollentuna\/"}]}},"_links":{"self":[{"href":"https:\/\/wp.kristdemokraterna.se\/sollentuna\/wp-json\/wp\/v2\/posts\/1448","targetHints":{"allow":["GET"]}}],"collection":[{"href":"https:\/\/wp.kristdemokraterna.se\/sollentuna\/wp-json\/wp\/v2\/posts"}],"about":[{"href":"https:\/\/wp.kristdemokraterna.se\/sollentuna\/wp-json\/wp\/v2\/types\/post"}],"author":[{"embeddable":true,"href":"https:\/\/wp.kristdemokraterna.se\/sollentuna\/wp-json\/wp\/v2\/users\/41"}],"replies":[{"embeddable":true,"href":"https:\/\/wp.kristdemokraterna.se\/sollentuna\/wp-json\/wp\/v2\/comments?post=1448"}],"version-history":[{"count":1,"href":"https:\/\/wp.kristdemokraterna.se\/sollentuna\/wp-json\/wp\/v2\/posts\/1448\/revisions"}],"predecessor-version":[{"id":1451,"href":"https:\/\/wp.kristdemokraterna.se\/sollentuna\/wp-json\/wp\/v2\/posts\/1448\/revisions\/1451"}],"wp:featuredmedia":[{"embeddable":true,"href":"https:\/\/wp.kristdemokraterna.se\/sollentuna\/wp-json\/wp\/v2\/media\/1449"}],"wp:attachment":[{"href":"https:\/\/wp.kristdemokraterna.se\/sollentuna\/wp-json\/wp\/v2\/media?parent=1448"}],"wp:term":[{"taxonomy":"category","embeddable":true,"href":"https:\/\/wp.kristdemokraterna.se\/sollentuna\/wp-json\/wp\/v2\/categories?post=1448"},{"taxonomy":"post_tag","embeddable":true,"href":"https:\/\/wp.kristdemokraterna.se\/sollentuna\/wp-json\/wp\/v2\/tags?post=1448"}],"curies":[{"name":"wp","href":"https:\/\/api.w.org\/{rel}","templated":true}]}}