{"id":1452,"date":"2018-05-24T10:42:07","date_gmt":"2018-05-24T08:42:07","guid":{"rendered":"http:\/\/wp.kristdemokraterna.se\/sollentuna\/?p=1452"},"modified":"2018-05-24T10:42:17","modified_gmt":"2018-05-24T08:42:17","slug":"kd-riktar-satsningarna-till-dig-och-din-familj","status":"publish","type":"post","link":"https:\/\/wp.kristdemokraterna.se\/sollentuna\/kd-riktar-satsningarna-till-dig-och-din-familj\/","title":{"rendered":"KD riktar satsningarna till Dig och Din familj"},"content":{"rendered":"<p><strong>KD st\u00e5r f\u00f6r de mjuka och personliga fr\u00e5gorna. Ju fler v\u00e4ljare som\u00a0l\u00e4gger sin r\u00f6st p\u00e5 KD, desto mer inflytande f\u00e5r vi. Vid f\u00f6rra valet\u00a0tog drygt 3000 v\u00e4ljare i Sollentuna en kristdemokratisk valsedel. Ge oss ditt st\u00f6d i valet den 9 september som en hj\u00e4lp till sj\u00e4lvhj\u00e4lp.<\/strong><\/p>\n<p>Magnus Ramstrand, KDs kommunalr\u00e5d, ordf\u00f6rande i kultur- och fritidsn\u00e4mnden och Brottsf\u00f6rebyggande r\u00e5det, har varit med i ledningen f\u00f6r\u00a0kommunen under \u00e5tta \u00e5r.<\/p>\n<p>\u2013 Det \u00e4r enormt inspirerande att se hur Sollentuna utvecklats till en av de\u00a0mest attraktiva kommunerna i landet,\u00a0s\u00e4ger Magnus Ramstrand. Men det\u00a0finns mer att g\u00f6ra. B\u00e5de inom f\u00f6rskolan, skolan, v\u00e5rden och omsorgen men\u00a0\u00e4ven inom kultur och idrott.<\/p>\n<p><strong>Barnen:<\/strong><br \/>\nSyskonf\u00f6rtur i valet av skola.<br \/>\nF\u00e4rre barn i de yngsta grupperna i f\u00f6rskolan.<br \/>\nFler vuxna i skolan.<br \/>\nF\u00f6rst\u00e4rkt\u00a0sammanh\u00e5llen barn- och skol-h\u00e4lsov\u00e5rd.<\/p>\n<p><strong>Alla: <\/strong><br \/>\nF\u00f6rst\u00e4rk v\u00e5rdcentralerna med \u00f6ppettider p\u00e5 kv\u00e4llar och helger f\u00f6r att\u00a0avlasta akutsjukhusen.<br \/>\nBort med Skipstop f\u00f6r att bland annat underl\u00e4tta\u00a0familj och jobb.<\/p>\n<p><strong>\u00c4ldre:<\/strong><br \/>\nPension\u00e4rsskatten tas bort.<br \/>\nFler seniorboenden.<br \/>\n\u00d6kad trygghet med bonus till hemtj\u00e4nst som prioriterar\u00a0f\u00e4rre anst\u00e4llda som m\u00f6ter den \u00e4ldre\u00a0i hemmet.<\/p>\n","protected":false},"excerpt":{"rendered":"<p>KD st\u00e5r f\u00f6r de mjuka och personliga fr\u00e5gorna. Ju fler v\u00e4ljare som\u00a0l\u00e4gger sin r\u00f6st p\u00e5 KD, desto mer inflytande f\u00e5r vi. Vid f\u00f6rra valet\u00a0tog drygt 3000 v\u00e4ljare i Sollentuna en kristdemokratisk valsedel. Ge oss ditt st\u00f6d i valet den 9 september som en hj\u00e4lp till sj\u00e4lvhj\u00e4lp. Magnus Ramstrand, KDs kommunalr\u00e5d, ordf\u00f6rande i kultur- och <a class=\"read-more-link\" href=\"https:\/\/wp.kristdemokraterna.se\/sollentuna\/kd-riktar-satsningarna-till-dig-och-din-familj\/\">mer<\/a><\/p>\n","protected":false},"author":41,"featured_media":1450,"comment_status":"closed","ping_status":"closed","sticky":false,"template":"","format":"standard","meta":{"_acf_changed":false,"footnotes":""},"categories":[1],"tags":[],"class_list":["post-1452","post","type-post","status-publish","format-standard","hentry","category-okategoriserade"],"acf":[],"yoast_head":"<!-- This site is optimized with the Yoast SEO plugin v27.5 - https:\/\/yoast.com\/product\/yoast-seo-wordpress\/ -->\n<title>KD riktar satsningarna till Dig och Din familj - Kristdemokraterna i Sollentuna<\/title>\n<meta name=\"robots\" content=\"index, follow, max-snippet:-1, max-image-preview:large, max-video-preview:-1\" \/>\n<link rel=\"canonical\" href=\"https:\/\/wp.kristdemokraterna.se\/sollentuna\/kd-riktar-satsningarna-till-dig-och-din-familj\/\" \/>\n<meta property=\"og:locale\" content=\"sv_SE\" \/>\n<meta property=\"og:type\" content=\"article\" \/>\n<meta property=\"og:title\" content=\"KD riktar satsningarna till Dig och Din familj - Kristdemokraterna i Sollentuna\" \/>\n<meta property=\"og:description\" content=\"KD st\u00e5r f\u00f6r de mjuka och personliga fr\u00e5gorna. Ju fler v\u00e4ljare som\u00a0l\u00e4gger sin r\u00f6st p\u00e5 KD, desto mer inflytande f\u00e5r vi. Vid f\u00f6rra valet\u00a0tog drygt 3000 v\u00e4ljare i Sollentuna en kristdemokratisk valsedel. Ge oss ditt st\u00f6d i valet den 9 september som en hj\u00e4lp till sj\u00e4lvhj\u00e4lp. Magnus Ramstrand, KDs kommunalr\u00e5d, ordf\u00f6rande i kultur- och mer\" \/>\n<meta property=\"og:url\" content=\"https:\/\/wp.kristdemokraterna.se\/sollentuna\/kd-riktar-satsningarna-till-dig-och-din-familj\/\" \/>\n<meta property=\"og:site_name\" content=\"Kristdemokraterna i Sollentuna\" \/>\n<meta property=\"article:published_time\" content=\"2018-05-24T08:42:07+00:00\" \/>\n<meta property=\"article:modified_time\" content=\"2018-05-24T08:42:17+00:00\" \/>\n<meta property=\"og:image\" content=\"https:\/\/wp.kristdemokraterna.se\/sollentuna\/files\/2018\/05\/ditt-sollentuna-2018-2_2.jpg\" \/>\n\t<meta property=\"og:image:width\" content=\"478\" \/>\n\t<meta property=\"og:image:height\" content=\"262\" \/>\n\t<meta property=\"og:image:type\" content=\"image\/jpeg\" \/>\n<meta name=\"author\" content=\"KD Sollentuna\" \/>\n<meta name=\"twitter:card\" content=\"summary_large_image\" \/>\n<meta name=\"twitter:label1\" content=\"Skriven av\" \/>\n\t<meta name=\"twitter:data1\" content=\"KD Sollentuna\" \/>\n\t<meta name=\"twitter:label2\" content=\"Ber\u00e4knad l\u00e4stid\" \/>\n\t<meta name=\"twitter:data2\" content=\"1 minut\" \/>\n<script type=\"application\/ld+json\" class=\"yoast-schema-graph\">{\"@context\":\"https:\\\/\\\/schema.org\",\"@graph\":[{\"@type\":\"Article\",\"@id\":\"https:\\\/\\\/wp.kristdemokraterna.se\\\/sollentuna\\\/kd-riktar-satsningarna-till-dig-och-din-familj\\\/#article\",\"isPartOf\":{\"@id\":\"https:\\\/\\\/wp.kristdemokraterna.se\\\/sollentuna\\\/kd-riktar-satsningarna-till-dig-och-din-familj\\\/\"},\"author\":{\"name\":\"KD Sollentuna\",\"@id\":\"https:\\\/\\\/wp.kristdemokraterna.se\\\/sollentuna\\\/#\\\/schema\\\/person\\\/40a55bef1c75b5a2b5f5e22f7dba7bad\"},\"headline\":\"KD riktar satsningarna till Dig och Din familj\",\"datePublished\":\"2018-05-24T08:42:07+00:00\",\"dateModified\":\"2018-05-24T08:42:17+00:00\",\"mainEntityOfPage\":{\"@id\":\"https:\\\/\\\/wp.kristdemokraterna.se\\\/sollentuna\\\/kd-riktar-satsningarna-till-dig-och-din-familj\\\/\"},\"wordCount\":229,\"image\":{\"@id\":\"https:\\\/\\\/wp.kristdemokraterna.se\\\/sollentuna\\\/kd-riktar-satsningarna-till-dig-och-din-familj\\\/#primaryimage\"},\"thumbnailUrl\":\"https:\\\/\\\/wp.kristdemokraterna.se\\\/sollentuna\\\/files\\\/2018\\\/05\\\/ditt-sollentuna-2018-2_2.jpg\",\"inLanguage\":\"sv-SE\"},{\"@type\":\"WebPage\",\"@id\":\"https:\\\/\\\/wp.kristdemokraterna.se\\\/sollentuna\\\/kd-riktar-satsningarna-till-dig-och-din-familj\\\/\",\"url\":\"https:\\\/\\\/wp.kristdemokraterna.se\\\/sollentuna\\\/kd-riktar-satsningarna-till-dig-och-din-familj\\\/\",\"name\":\"KD riktar satsningarna till Dig och Din familj - Kristdemokraterna i Sollentuna\",\"isPartOf\":{\"@id\":\"https:\\\/\\\/wp.kristdemokraterna.se\\\/sollentuna\\\/#website\"},\"primaryImageOfPage\":{\"@id\":\"https:\\\/\\\/wp.kristdemokraterna.se\\\/sollentuna\\\/kd-riktar-satsningarna-till-dig-och-din-familj\\\/#primaryimage\"},\"image\":{\"@id\":\"https:\\\/\\\/wp.kristdemokraterna.se\\\/sollentuna\\\/kd-riktar-satsningarna-till-dig-och-din-familj\\\/#primaryimage\"},\"thumbnailUrl\":\"https:\\\/\\\/wp.kristdemokraterna.se\\\/sollentuna\\\/files\\\/2018\\\/05\\\/ditt-sollentuna-2018-2_2.jpg\",\"datePublished\":\"2018-05-24T08:42:07+00:00\",\"dateModified\":\"2018-05-24T08:42:17+00:00\",\"author\":{\"@id\":\"https:\\\/\\\/wp.kristdemokraterna.se\\\/sollentuna\\\/#\\\/schema\\\/person\\\/40a55bef1c75b5a2b5f5e22f7dba7bad\"},\"breadcrumb\":{\"@id\":\"https:\\\/\\\/wp.kristdemokraterna.se\\\/sollentuna\\\/kd-riktar-satsningarna-till-dig-och-din-familj\\\/#breadcrumb\"},\"inLanguage\":\"sv-SE\",\"potentialAction\":[{\"@type\":\"ReadAction\",\"target\":[\"https:\\\/\\\/wp.kristdemokraterna.se\\\/sollentuna\\\/kd-riktar-satsningarna-till-dig-och-din-familj\\\/\"]}]},{\"@type\":\"ImageObject\",\"inLanguage\":\"sv-SE\",\"@id\":\"https:\\\/\\\/wp.kristdemokraterna.se\\\/sollentuna\\\/kd-riktar-satsningarna-till-dig-och-din-familj\\\/#primaryimage\",\"url\":\"https:\\\/\\\/wp.kristdemokraterna.se\\\/sollentuna\\\/files\\\/2018\\\/05\\\/ditt-sollentuna-2018-2_2.jpg\",\"contentUrl\":\"https:\\\/\\\/wp.kristdemokraterna.se\\\/sollentuna\\\/files\\\/2018\\\/05\\\/ditt-sollentuna-2018-2_2.jpg\",\"width\":478,\"height\":262},{\"@type\":\"BreadcrumbList\",\"@id\":\"https:\\\/\\\/wp.kristdemokraterna.se\\\/sollentuna\\\/kd-riktar-satsningarna-till-dig-och-din-familj\\\/#breadcrumb\",\"itemListElement\":[{\"@type\":\"ListItem\",\"position\":1,\"name\":\"Hem\",\"item\":\"https:\\\/\\\/wp.kristdemokraterna.se\\\/sollentuna\\\/\"},{\"@type\":\"ListItem\",\"position\":2,\"name\":\"KD riktar satsningarna till Dig och Din familj\"}]},{\"@type\":\"WebSite\",\"@id\":\"https:\\\/\\\/wp.kristdemokraterna.se\\\/sollentuna\\\/#website\",\"url\":\"https:\\\/\\\/wp.kristdemokraterna.se\\\/sollentuna\\\/\",\"name\":\"Kristdemokraterna i Sollentuna\",\"description\":\"\",\"inLanguage\":\"sv-SE\"},{\"@type\":\"Person\",\"@id\":\"https:\\\/\\\/wp.kristdemokraterna.se\\\/sollentuna\\\/#\\\/schema\\\/person\\\/40a55bef1c75b5a2b5f5e22f7dba7bad\",\"name\":\"KD Sollentuna\",\"image\":{\"@type\":\"ImageObject\",\"inLanguage\":\"sv-SE\",\"@id\":\"https:\\\/\\\/secure.gravatar.com\\\/avatar\\\/18833c8a6166c23169f5fbbcfc06d547dde13c3030952e6fb64680b806332438?s=96&d=mm&r=g\",\"url\":\"https:\\\/\\\/secure.gravatar.com\\\/avatar\\\/18833c8a6166c23169f5fbbcfc06d547dde13c3030952e6fb64680b806332438?s=96&d=mm&r=g\",\"contentUrl\":\"https:\\\/\\\/secure.gravatar.com\\\/avatar\\\/18833c8a6166c23169f5fbbcfc06d547dde13c3030952e6fb64680b806332438?s=96&d=mm&r=g\",\"caption\":\"KD Sollentuna\"},\"url\":\"https:\\\/\\\/wp.kristdemokraterna.se\\\/sollentuna\\\/author\\\/sollentuna\\\/\"}]}<\/script>\n<!-- \/ Yoast SEO plugin. -->","yoast_head_json":{"title":"KD riktar satsningarna till Dig och Din familj - Kristdemokraterna i Sollentuna","robots":{"index":"index","follow":"follow","max-snippet":"max-snippet:-1","max-image-preview":"max-image-preview:large","max-video-preview":"max-video-preview:-1"},"canonical":"https:\/\/wp.kristdemokraterna.se\/sollentuna\/kd-riktar-satsningarna-till-dig-och-din-familj\/","og_locale":"sv_SE","og_type":"article","og_title":"KD riktar satsningarna till Dig och Din familj - Kristdemokraterna i Sollentuna","og_description":"KD st\u00e5r f\u00f6r de mjuka och personliga fr\u00e5gorna. Ju fler v\u00e4ljare som\u00a0l\u00e4gger sin r\u00f6st p\u00e5 KD, desto mer inflytande f\u00e5r vi. Vid f\u00f6rra valet\u00a0tog drygt 3000 v\u00e4ljare i Sollentuna en kristdemokratisk valsedel. Ge oss ditt st\u00f6d i valet den 9 september som en hj\u00e4lp till sj\u00e4lvhj\u00e4lp. Magnus Ramstrand, KDs kommunalr\u00e5d, ordf\u00f6rande i kultur- och mer","og_url":"https:\/\/wp.kristdemokraterna.se\/sollentuna\/kd-riktar-satsningarna-till-dig-och-din-familj\/","og_site_name":"Kristdemokraterna i Sollentuna","article_published_time":"2018-05-24T08:42:07+00:00","article_modified_time":"2018-05-24T08:42:17+00:00","og_image":[{"width":478,"height":262,"url":"https:\/\/wp.kristdemokraterna.se\/sollentuna\/files\/2018\/05\/ditt-sollentuna-2018-2_2.jpg","type":"image\/jpeg"}],"author":"KD Sollentuna","twitter_card":"summary_large_image","twitter_misc":{"Skriven av":"KD Sollentuna","Ber\u00e4knad l\u00e4stid":"1 minut"},"schema":{"@context":"https:\/\/schema.org","@graph":[{"@type":"Article","@id":"https:\/\/wp.kristdemokraterna.se\/sollentuna\/kd-riktar-satsningarna-till-dig-och-din-familj\/#article","isPartOf":{"@id":"https:\/\/wp.kristdemokraterna.se\/sollentuna\/kd-riktar-satsningarna-till-dig-och-din-familj\/"},"author":{"name":"KD Sollentuna","@id":"https:\/\/wp.kristdemokraterna.se\/sollentuna\/#\/schema\/person\/40a55bef1c75b5a2b5f5e22f7dba7bad"},"headline":"KD riktar satsningarna till Dig och Din familj","datePublished":"2018-05-24T08:42:07+00:00","dateModified":"2018-05-24T08:42:17+00:00","mainEntityOfPage":{"@id":"https:\/\/wp.kristdemokraterna.se\/sollentuna\/kd-riktar-satsningarna-till-dig-och-din-familj\/"},"wordCount":229,"image":{"@id":"https:\/\/wp.kristdemokraterna.se\/sollentuna\/kd-riktar-satsningarna-till-dig-och-din-familj\/#primaryimage"},"thumbnailUrl":"https:\/\/wp.kristdemokraterna.se\/sollentuna\/files\/2018\/05\/ditt-sollentuna-2018-2_2.jpg","inLanguage":"sv-SE"},{"@type":"WebPage","@id":"https:\/\/wp.kristdemokraterna.se\/sollentuna\/kd-riktar-satsningarna-till-dig-och-din-familj\/","url":"https:\/\/wp.kristdemokraterna.se\/sollentuna\/kd-riktar-satsningarna-till-dig-och-din-familj\/","name":"KD riktar satsningarna till Dig och Din familj - Kristdemokraterna i Sollentuna","isPartOf":{"@id":"https:\/\/wp.kristdemokraterna.se\/sollentuna\/#website"},"primaryImageOfPage":{"@id":"https:\/\/wp.kristdemokraterna.se\/sollentuna\/kd-riktar-satsningarna-till-dig-och-din-familj\/#primaryimage"},"image":{"@id":"https:\/\/wp.kristdemokraterna.se\/sollentuna\/kd-riktar-satsningarna-till-dig-och-din-familj\/#primaryimage"},"thumbnailUrl":"https:\/\/wp.kristdemokraterna.se\/sollentuna\/files\/2018\/05\/ditt-sollentuna-2018-2_2.jpg","datePublished":"2018-05-24T08:42:07+00:00","dateModified":"2018-05-24T08:42:17+00:00","author":{"@id":"https:\/\/wp.kristdemokraterna.se\/sollentuna\/#\/schema\/person\/40a55bef1c75b5a2b5f5e22f7dba7bad"},"breadcrumb":{"@id":"https:\/\/wp.kristdemokraterna.se\/sollentuna\/kd-riktar-satsningarna-till-dig-och-din-familj\/#breadcrumb"},"inLanguage":"sv-SE","potentialAction":[{"@type":"ReadAction","target":["https:\/\/wp.kristdemokraterna.se\/sollentuna\/kd-riktar-satsningarna-till-dig-och-din-familj\/"]}]},{"@type":"ImageObject","inLanguage":"sv-SE","@id":"https:\/\/wp.kristdemokraterna.se\/sollentuna\/kd-riktar-satsningarna-till-dig-och-din-familj\/#primaryimage","url":"https:\/\/wp.kristdemokraterna.se\/sollentuna\/files\/2018\/05\/ditt-sollentuna-2018-2_2.jpg","contentUrl":"https:\/\/wp.kristdemokraterna.se\/sollentuna\/files\/2018\/05\/ditt-sollentuna-2018-2_2.jpg","width":478,"height":262},{"@type":"BreadcrumbList","@id":"https:\/\/wp.kristdemokraterna.se\/sollentuna\/kd-riktar-satsningarna-till-dig-och-din-familj\/#breadcrumb","itemListElement":[{"@type":"ListItem","position":1,"name":"Hem","item":"https:\/\/wp.kristdemokraterna.se\/sollentuna\/"},{"@type":"ListItem","position":2,"name":"KD riktar satsningarna till Dig och Din familj"}]},{"@type":"WebSite","@id":"https:\/\/wp.kristdemokraterna.se\/sollentuna\/#website","url":"https:\/\/wp.kristdemokraterna.se\/sollentuna\/","name":"Kristdemokraterna i Sollentuna","description":"","inLanguage":"sv-SE"},{"@type":"Person","@id":"https:\/\/wp.kristdemokraterna.se\/sollentuna\/#\/schema\/person\/40a55bef1c75b5a2b5f5e22f7dba7bad","name":"KD Sollentuna","image":{"@type":"ImageObject","inLanguage":"sv-SE","@id":"https:\/\/secure.gravatar.com\/avatar\/18833c8a6166c23169f5fbbcfc06d547dde13c3030952e6fb64680b806332438?s=96&d=mm&r=g","url":"https:\/\/secure.gravatar.com\/avatar\/18833c8a6166c23169f5fbbcfc06d547dde13c3030952e6fb64680b806332438?s=96&d=mm&r=g","contentUrl":"https:\/\/secure.gravatar.com\/avatar\/18833c8a6166c23169f5fbbcfc06d547dde13c3030952e6fb64680b806332438?s=96&d=mm&r=g","caption":"KD Sollentuna"},"url":"https:\/\/wp.kristdemokraterna.se\/sollentuna\/author\/sollentuna\/"}]}},"_links":{"self":[{"href":"https:\/\/wp.kristdemokraterna.se\/sollentuna\/wp-json\/wp\/v2\/posts\/1452","targetHints":{"allow":["GET"]}}],"collection":[{"href":"https:\/\/wp.kristdemokraterna.se\/sollentuna\/wp-json\/wp\/v2\/posts"}],"about":[{"href":"https:\/\/wp.kristdemokraterna.se\/sollentuna\/wp-json\/wp\/v2\/types\/post"}],"author":[{"embeddable":true,"href":"https:\/\/wp.kristdemokraterna.se\/sollentuna\/wp-json\/wp\/v2\/users\/41"}],"replies":[{"embeddable":true,"href":"https:\/\/wp.kristdemokraterna.se\/sollentuna\/wp-json\/wp\/v2\/comments?post=1452"}],"version-history":[{"count":2,"href":"https:\/\/wp.kristdemokraterna.se\/sollentuna\/wp-json\/wp\/v2\/posts\/1452\/revisions"}],"predecessor-version":[{"id":1454,"href":"https:\/\/wp.kristdemokraterna.se\/sollentuna\/wp-json\/wp\/v2\/posts\/1452\/revisions\/1454"}],"wp:featuredmedia":[{"embeddable":true,"href":"https:\/\/wp.kristdemokraterna.se\/sollentuna\/wp-json\/wp\/v2\/media\/1450"}],"wp:attachment":[{"href":"https:\/\/wp.kristdemokraterna.se\/sollentuna\/wp-json\/wp\/v2\/media?parent=1452"}],"wp:term":[{"taxonomy":"category","embeddable":true,"href":"https:\/\/wp.kristdemokraterna.se\/sollentuna\/wp-json\/wp\/v2\/categories?post=1452"},{"taxonomy":"post_tag","embeddable":true,"href":"https:\/\/wp.kristdemokraterna.se\/sollentuna\/wp-json\/wp\/v2\/tags?post=1452"}],"curies":[{"name":"wp","href":"https:\/\/api.w.org\/{rel}","templated":true}]}}