{"id":1878,"date":"2022-08-23T15:38:28","date_gmt":"2022-08-23T13:38:28","guid":{"rendered":"https:\/\/wp.kristdemokraterna.se\/sollentuna\/?p=1878"},"modified":"2022-08-23T15:42:46","modified_gmt":"2022-08-23T13:42:46","slug":"arets-andra-upplaga-av-kd-tidningen-ditt-sollentuna","status":"publish","type":"post","link":"https:\/\/wp.kristdemokraterna.se\/sollentuna\/arets-andra-upplaga-av-kd-tidningen-ditt-sollentuna\/","title":{"rendered":"\u00c5rets andra upplaga av KD-tidningen Ditt Sollentuna"},"content":{"rendered":"<p>\u00c5rets andra upplaga av Kristdemokraterna i Sollentunas egna tidning, Ditt Sollentuna, har publicerats som bilaga i lokaltidningen Mitt i Sollentuna. Har du inte f\u00e5tt tidningen s\u00e5 h\u00f6r av dig till sollentuna@kristdemokraterna.se eller ladda ner den via l\u00e4nken nedan<\/p>\n<p>Tidningen inneh\u00e5ller artiklar om:<\/p>\n<ul>\n<li>Trygghetscenter i Satelliten<\/li>\n<li>Samtliga toppkandidater och deras hj\u00e4rtefr\u00e5gor<\/li>\n<li>Prioritera kvinnosjukv\u00e5rden<\/li>\n<li>Redo f\u00f6r en ny regering<\/li>\n<\/ul>\n<p>L\u00e4s tidningen h\u00e4r: <a href=\"https:\/\/wp.kristdemokraterna.se\/sollentuna\/files\/2022\/08\/ditt-sollentuna-nr-2-2022.pdf\">https:\/\/wp.kristdemokraterna.se\/sollentuna\/files\/2022\/08\/ditt-sollentuna-nr-2-2022.pdf<\/a><\/p>\n","protected":false},"excerpt":{"rendered":"<p>\u00c5rets andra upplaga av Kristdemokraterna i Sollentunas egna tidning, Ditt Sollentuna, har publicerats som bilaga i lokaltidningen Mitt i Sollentuna. Har du inte f\u00e5tt tidningen s\u00e5 h\u00f6r av dig till sollentuna@kristdemokraterna.se eller ladda ner den via l\u00e4nken nedan Tidningen inneh\u00e5ller artiklar om: Trygghetscenter i Satelliten Samtliga toppkandidater och deras hj\u00e4rtefr\u00e5gor Prioritera kvinnosjukv\u00e5rden Redo f\u00f6r <a class=\"read-more-link\" href=\"https:\/\/wp.kristdemokraterna.se\/sollentuna\/arets-andra-upplaga-av-kd-tidningen-ditt-sollentuna\/\">mer<\/a><\/p>\n","protected":false},"author":903,"featured_media":0,"comment_status":"closed","ping_status":"closed","sticky":false,"template":"","format":"standard","meta":{"_acf_changed":false,"footnotes":""},"categories":[1],"tags":[],"class_list":["post-1878","post","type-post","status-publish","format-standard","hentry","category-okategoriserade"],"acf":[],"yoast_head":"<!-- This site is optimized with the Yoast SEO plugin v27.4 - https:\/\/yoast.com\/product\/yoast-seo-wordpress\/ -->\n<title>\u00c5rets andra upplaga av KD-tidningen Ditt Sollentuna - Kristdemokraterna i Sollentuna<\/title>\n<meta name=\"robots\" content=\"index, follow, max-snippet:-1, max-image-preview:large, max-video-preview:-1\" \/>\n<link rel=\"canonical\" href=\"https:\/\/wp.kristdemokraterna.se\/sollentuna\/arets-andra-upplaga-av-kd-tidningen-ditt-sollentuna\/\" \/>\n<meta property=\"og:locale\" content=\"sv_SE\" \/>\n<meta property=\"og:type\" content=\"article\" \/>\n<meta property=\"og:title\" content=\"\u00c5rets andra upplaga av KD-tidningen Ditt Sollentuna - Kristdemokraterna i Sollentuna\" \/>\n<meta property=\"og:description\" content=\"\u00c5rets andra upplaga av Kristdemokraterna i Sollentunas egna tidning, Ditt Sollentuna, har publicerats som bilaga i lokaltidningen Mitt i Sollentuna. Har du inte f\u00e5tt tidningen s\u00e5 h\u00f6r av dig till sollentuna@kristdemokraterna.se eller ladda ner den via l\u00e4nken nedan Tidningen inneh\u00e5ller artiklar om: Trygghetscenter i Satelliten Samtliga toppkandidater och deras hj\u00e4rtefr\u00e5gor Prioritera kvinnosjukv\u00e5rden Redo f\u00f6r mer\" \/>\n<meta property=\"og:url\" content=\"https:\/\/wp.kristdemokraterna.se\/sollentuna\/arets-andra-upplaga-av-kd-tidningen-ditt-sollentuna\/\" \/>\n<meta property=\"og:site_name\" content=\"Kristdemokraterna i Sollentuna\" \/>\n<meta property=\"article:published_time\" content=\"2022-08-23T13:38:28+00:00\" \/>\n<meta property=\"article:modified_time\" content=\"2022-08-23T13:42:46+00:00\" \/>\n<meta name=\"author\" content=\"Robin Boij\" \/>\n<meta name=\"twitter:card\" content=\"summary_large_image\" \/>\n<meta name=\"twitter:label1\" content=\"Skriven av\" \/>\n\t<meta name=\"twitter:data1\" content=\"Robin Boij\" \/>\n<script type=\"application\/ld+json\" class=\"yoast-schema-graph\">{\"@context\":\"https:\\\/\\\/schema.org\",\"@graph\":[{\"@type\":\"Article\",\"@id\":\"https:\\\/\\\/wp.kristdemokraterna.se\\\/sollentuna\\\/arets-andra-upplaga-av-kd-tidningen-ditt-sollentuna\\\/#article\",\"isPartOf\":{\"@id\":\"https:\\\/\\\/wp.kristdemokraterna.se\\\/sollentuna\\\/arets-andra-upplaga-av-kd-tidningen-ditt-sollentuna\\\/\"},\"author\":{\"name\":\"Robin Boij\",\"@id\":\"https:\\\/\\\/wp.kristdemokraterna.se\\\/sollentuna\\\/#\\\/schema\\\/person\\\/1243e7cc283713857c4319360d385958\"},\"headline\":\"\u00c5rets andra upplaga av KD-tidningen Ditt Sollentuna\",\"datePublished\":\"2022-08-23T13:38:28+00:00\",\"dateModified\":\"2022-08-23T13:42:46+00:00\",\"mainEntityOfPage\":{\"@id\":\"https:\\\/\\\/wp.kristdemokraterna.se\\\/sollentuna\\\/arets-andra-upplaga-av-kd-tidningen-ditt-sollentuna\\\/\"},\"wordCount\":88,\"inLanguage\":\"sv-SE\"},{\"@type\":\"WebPage\",\"@id\":\"https:\\\/\\\/wp.kristdemokraterna.se\\\/sollentuna\\\/arets-andra-upplaga-av-kd-tidningen-ditt-sollentuna\\\/\",\"url\":\"https:\\\/\\\/wp.kristdemokraterna.se\\\/sollentuna\\\/arets-andra-upplaga-av-kd-tidningen-ditt-sollentuna\\\/\",\"name\":\"\u00c5rets andra upplaga av KD-tidningen Ditt Sollentuna - Kristdemokraterna i Sollentuna\",\"isPartOf\":{\"@id\":\"https:\\\/\\\/wp.kristdemokraterna.se\\\/sollentuna\\\/#website\"},\"datePublished\":\"2022-08-23T13:38:28+00:00\",\"dateModified\":\"2022-08-23T13:42:46+00:00\",\"author\":{\"@id\":\"https:\\\/\\\/wp.kristdemokraterna.se\\\/sollentuna\\\/#\\\/schema\\\/person\\\/1243e7cc283713857c4319360d385958\"},\"breadcrumb\":{\"@id\":\"https:\\\/\\\/wp.kristdemokraterna.se\\\/sollentuna\\\/arets-andra-upplaga-av-kd-tidningen-ditt-sollentuna\\\/#breadcrumb\"},\"inLanguage\":\"sv-SE\",\"potentialAction\":[{\"@type\":\"ReadAction\",\"target\":[\"https:\\\/\\\/wp.kristdemokraterna.se\\\/sollentuna\\\/arets-andra-upplaga-av-kd-tidningen-ditt-sollentuna\\\/\"]}]},{\"@type\":\"BreadcrumbList\",\"@id\":\"https:\\\/\\\/wp.kristdemokraterna.se\\\/sollentuna\\\/arets-andra-upplaga-av-kd-tidningen-ditt-sollentuna\\\/#breadcrumb\",\"itemListElement\":[{\"@type\":\"ListItem\",\"position\":1,\"name\":\"Hem\",\"item\":\"https:\\\/\\\/wp.kristdemokraterna.se\\\/sollentuna\\\/\"},{\"@type\":\"ListItem\",\"position\":2,\"name\":\"\u00c5rets andra upplaga av KD-tidningen Ditt Sollentuna\"}]},{\"@type\":\"WebSite\",\"@id\":\"https:\\\/\\\/wp.kristdemokraterna.se\\\/sollentuna\\\/#website\",\"url\":\"https:\\\/\\\/wp.kristdemokraterna.se\\\/sollentuna\\\/\",\"name\":\"Kristdemokraterna i Sollentuna\",\"description\":\"\",\"inLanguage\":\"sv-SE\"},{\"@type\":\"Person\",\"@id\":\"https:\\\/\\\/wp.kristdemokraterna.se\\\/sollentuna\\\/#\\\/schema\\\/person\\\/1243e7cc283713857c4319360d385958\",\"name\":\"Robin Boij\",\"image\":{\"@type\":\"ImageObject\",\"inLanguage\":\"sv-SE\",\"@id\":\"https:\\\/\\\/secure.gravatar.com\\\/avatar\\\/9bbe9ed86af97eee9fc127a54afecb6bd6f9a4f20876315ee37289ef1a64b290?s=96&d=mm&r=g\",\"url\":\"https:\\\/\\\/secure.gravatar.com\\\/avatar\\\/9bbe9ed86af97eee9fc127a54afecb6bd6f9a4f20876315ee37289ef1a64b290?s=96&d=mm&r=g\",\"contentUrl\":\"https:\\\/\\\/secure.gravatar.com\\\/avatar\\\/9bbe9ed86af97eee9fc127a54afecb6bd6f9a4f20876315ee37289ef1a64b290?s=96&d=mm&r=g\",\"caption\":\"Robin Boij\"},\"url\":\"https:\\\/\\\/wp.kristdemokraterna.se\\\/sollentuna\\\/author\\\/boij\\\/\"}]}<\/script>\n<!-- \/ Yoast SEO plugin. -->","yoast_head_json":{"title":"\u00c5rets andra upplaga av KD-tidningen Ditt Sollentuna - Kristdemokraterna i Sollentuna","robots":{"index":"index","follow":"follow","max-snippet":"max-snippet:-1","max-image-preview":"max-image-preview:large","max-video-preview":"max-video-preview:-1"},"canonical":"https:\/\/wp.kristdemokraterna.se\/sollentuna\/arets-andra-upplaga-av-kd-tidningen-ditt-sollentuna\/","og_locale":"sv_SE","og_type":"article","og_title":"\u00c5rets andra upplaga av KD-tidningen Ditt Sollentuna - Kristdemokraterna i Sollentuna","og_description":"\u00c5rets andra upplaga av Kristdemokraterna i Sollentunas egna tidning, Ditt Sollentuna, har publicerats som bilaga i lokaltidningen Mitt i Sollentuna. Har du inte f\u00e5tt tidningen s\u00e5 h\u00f6r av dig till sollentuna@kristdemokraterna.se eller ladda ner den via l\u00e4nken nedan Tidningen inneh\u00e5ller artiklar om: Trygghetscenter i Satelliten Samtliga toppkandidater och deras hj\u00e4rtefr\u00e5gor Prioritera kvinnosjukv\u00e5rden Redo f\u00f6r mer","og_url":"https:\/\/wp.kristdemokraterna.se\/sollentuna\/arets-andra-upplaga-av-kd-tidningen-ditt-sollentuna\/","og_site_name":"Kristdemokraterna i Sollentuna","article_published_time":"2022-08-23T13:38:28+00:00","article_modified_time":"2022-08-23T13:42:46+00:00","author":"Robin Boij","twitter_card":"summary_large_image","twitter_misc":{"Skriven av":"Robin Boij"},"schema":{"@context":"https:\/\/schema.org","@graph":[{"@type":"Article","@id":"https:\/\/wp.kristdemokraterna.se\/sollentuna\/arets-andra-upplaga-av-kd-tidningen-ditt-sollentuna\/#article","isPartOf":{"@id":"https:\/\/wp.kristdemokraterna.se\/sollentuna\/arets-andra-upplaga-av-kd-tidningen-ditt-sollentuna\/"},"author":{"name":"Robin Boij","@id":"https:\/\/wp.kristdemokraterna.se\/sollentuna\/#\/schema\/person\/1243e7cc283713857c4319360d385958"},"headline":"\u00c5rets andra upplaga av KD-tidningen Ditt Sollentuna","datePublished":"2022-08-23T13:38:28+00:00","dateModified":"2022-08-23T13:42:46+00:00","mainEntityOfPage":{"@id":"https:\/\/wp.kristdemokraterna.se\/sollentuna\/arets-andra-upplaga-av-kd-tidningen-ditt-sollentuna\/"},"wordCount":88,"inLanguage":"sv-SE"},{"@type":"WebPage","@id":"https:\/\/wp.kristdemokraterna.se\/sollentuna\/arets-andra-upplaga-av-kd-tidningen-ditt-sollentuna\/","url":"https:\/\/wp.kristdemokraterna.se\/sollentuna\/arets-andra-upplaga-av-kd-tidningen-ditt-sollentuna\/","name":"\u00c5rets andra upplaga av KD-tidningen Ditt Sollentuna - Kristdemokraterna i Sollentuna","isPartOf":{"@id":"https:\/\/wp.kristdemokraterna.se\/sollentuna\/#website"},"datePublished":"2022-08-23T13:38:28+00:00","dateModified":"2022-08-23T13:42:46+00:00","author":{"@id":"https:\/\/wp.kristdemokraterna.se\/sollentuna\/#\/schema\/person\/1243e7cc283713857c4319360d385958"},"breadcrumb":{"@id":"https:\/\/wp.kristdemokraterna.se\/sollentuna\/arets-andra-upplaga-av-kd-tidningen-ditt-sollentuna\/#breadcrumb"},"inLanguage":"sv-SE","potentialAction":[{"@type":"ReadAction","target":["https:\/\/wp.kristdemokraterna.se\/sollentuna\/arets-andra-upplaga-av-kd-tidningen-ditt-sollentuna\/"]}]},{"@type":"BreadcrumbList","@id":"https:\/\/wp.kristdemokraterna.se\/sollentuna\/arets-andra-upplaga-av-kd-tidningen-ditt-sollentuna\/#breadcrumb","itemListElement":[{"@type":"ListItem","position":1,"name":"Hem","item":"https:\/\/wp.kristdemokraterna.se\/sollentuna\/"},{"@type":"ListItem","position":2,"name":"\u00c5rets andra upplaga av KD-tidningen Ditt Sollentuna"}]},{"@type":"WebSite","@id":"https:\/\/wp.kristdemokraterna.se\/sollentuna\/#website","url":"https:\/\/wp.kristdemokraterna.se\/sollentuna\/","name":"Kristdemokraterna i Sollentuna","description":"","inLanguage":"sv-SE"},{"@type":"Person","@id":"https:\/\/wp.kristdemokraterna.se\/sollentuna\/#\/schema\/person\/1243e7cc283713857c4319360d385958","name":"Robin Boij","image":{"@type":"ImageObject","inLanguage":"sv-SE","@id":"https:\/\/secure.gravatar.com\/avatar\/9bbe9ed86af97eee9fc127a54afecb6bd6f9a4f20876315ee37289ef1a64b290?s=96&d=mm&r=g","url":"https:\/\/secure.gravatar.com\/avatar\/9bbe9ed86af97eee9fc127a54afecb6bd6f9a4f20876315ee37289ef1a64b290?s=96&d=mm&r=g","contentUrl":"https:\/\/secure.gravatar.com\/avatar\/9bbe9ed86af97eee9fc127a54afecb6bd6f9a4f20876315ee37289ef1a64b290?s=96&d=mm&r=g","caption":"Robin Boij"},"url":"https:\/\/wp.kristdemokraterna.se\/sollentuna\/author\/boij\/"}]}},"_links":{"self":[{"href":"https:\/\/wp.kristdemokraterna.se\/sollentuna\/wp-json\/wp\/v2\/posts\/1878","targetHints":{"allow":["GET"]}}],"collection":[{"href":"https:\/\/wp.kristdemokraterna.se\/sollentuna\/wp-json\/wp\/v2\/posts"}],"about":[{"href":"https:\/\/wp.kristdemokraterna.se\/sollentuna\/wp-json\/wp\/v2\/types\/post"}],"author":[{"embeddable":true,"href":"https:\/\/wp.kristdemokraterna.se\/sollentuna\/wp-json\/wp\/v2\/users\/903"}],"replies":[{"embeddable":true,"href":"https:\/\/wp.kristdemokraterna.se\/sollentuna\/wp-json\/wp\/v2\/comments?post=1878"}],"version-history":[{"count":4,"href":"https:\/\/wp.kristdemokraterna.se\/sollentuna\/wp-json\/wp\/v2\/posts\/1878\/revisions"}],"predecessor-version":[{"id":1885,"href":"https:\/\/wp.kristdemokraterna.se\/sollentuna\/wp-json\/wp\/v2\/posts\/1878\/revisions\/1885"}],"wp:attachment":[{"href":"https:\/\/wp.kristdemokraterna.se\/sollentuna\/wp-json\/wp\/v2\/media?parent=1878"}],"wp:term":[{"taxonomy":"category","embeddable":true,"href":"https:\/\/wp.kristdemokraterna.se\/sollentuna\/wp-json\/wp\/v2\/categories?post=1878"},{"taxonomy":"post_tag","embeddable":true,"href":"https:\/\/wp.kristdemokraterna.se\/sollentuna\/wp-json\/wp\/v2\/tags?post=1878"}],"curies":[{"name":"wp","href":"https:\/\/api.w.org\/{rel}","templated":true}]}}