{"id":1898,"date":"2022-08-30T15:57:43","date_gmt":"2022-08-30T13:57:43","guid":{"rendered":"https:\/\/wp.kristdemokraterna.se\/sollentuna\/?p=1898"},"modified":"2022-08-30T15:57:43","modified_gmt":"2022-08-30T13:57:43","slug":"nu-inleder-vi-byggnationen-av-nya-sjosportcenter-norrviken","status":"publish","type":"post","link":"https:\/\/wp.kristdemokraterna.se\/sollentuna\/nu-inleder-vi-byggnationen-av-nya-sjosportcenter-norrviken\/","title":{"rendered":"Nu inleder vi byggnationen av nya Sj\u00f6sportcenter Norrviken"},"content":{"rendered":"<p>Idag 30 augusti inleddes projektet Sj\u00f6sportcenter Norrviken med att ordf. i kultur- och fritidsn\u00e4mnden Thomas Nyman (KD) tillsammans med kollegor tog f\u00f6rsta spadtaget.<\/p>\n<p>Sj\u00f6sportcenter Norrviken \u00e4r ett popul\u00e4rt fritidsomr\u00e5de d\u00e4r Sollentuna kanots\u00e4llskap och Sollentuna skridskos\u00e4llskap bedriver sin verksamhet. Den nya byggnationen kommer ge f\u00f6reningarna och allm\u00e4nheten en ny och fr\u00e4sch anl\u00e4ggning.<\/p>\n<p>Ut\u00f6ver nya bryggor och parkeringsplatser uppf\u00f6rs byggnader som inkluderar omkl\u00e4dningsrum, caf\u00e9, kajakf\u00f6rr\u00e5d och skridskouthyrning. Sj\u00f6sportcentret ska st\u00e5 klart under h\u00f6sten 2023.<\/p>\n<ul>\n<li>Det \u00e4r gl\u00e4djande att vi nu p\u00e5b\u00f6rjar bygget av en anl\u00e4ggning till en v\u00e4lfungerande och viktig f\u00f6rening. Sollentuna ska ha ett varierat utbud av kultur- och fritidsaktiviteter f\u00f6r unga och \u00e4ldre, sommar och vinter, s\u00e4ger Thomas Nyman (KD), ordf\u00f6rande i kultur- och fritidsn\u00e4mnden.<\/li>\n<\/ul>\n","protected":false},"excerpt":{"rendered":"<p>Idag 30 augusti inleddes projektet Sj\u00f6sportcenter Norrviken med att ordf. i kultur- och fritidsn\u00e4mnden Thomas Nyman (KD) tillsammans med kollegor tog f\u00f6rsta spadtaget. Sj\u00f6sportcenter Norrviken \u00e4r ett popul\u00e4rt fritidsomr\u00e5de d\u00e4r Sollentuna kanots\u00e4llskap och Sollentuna skridskos\u00e4llskap bedriver sin verksamhet. Den nya byggnationen kommer ge f\u00f6reningarna och allm\u00e4nheten en ny och fr\u00e4sch anl\u00e4ggning. Ut\u00f6ver nya bryggor <a class=\"read-more-link\" href=\"https:\/\/wp.kristdemokraterna.se\/sollentuna\/nu-inleder-vi-byggnationen-av-nya-sjosportcenter-norrviken\/\">mer<\/a><\/p>\n","protected":false},"author":903,"featured_media":0,"comment_status":"closed","ping_status":"closed","sticky":false,"template":"","format":"standard","meta":{"_acf_changed":false,"footnotes":""},"categories":[1],"tags":[],"class_list":["post-1898","post","type-post","status-publish","format-standard","hentry","category-okategoriserade"],"acf":[],"yoast_head":"<!-- This site is optimized with the Yoast SEO plugin v27.4 - https:\/\/yoast.com\/product\/yoast-seo-wordpress\/ -->\n<title>Nu inleder vi byggnationen av nya Sj\u00f6sportcenter Norrviken - Kristdemokraterna i Sollentuna<\/title>\n<meta name=\"robots\" content=\"index, follow, max-snippet:-1, max-image-preview:large, max-video-preview:-1\" \/>\n<link rel=\"canonical\" href=\"https:\/\/wp.kristdemokraterna.se\/sollentuna\/nu-inleder-vi-byggnationen-av-nya-sjosportcenter-norrviken\/\" \/>\n<meta property=\"og:locale\" content=\"sv_SE\" \/>\n<meta property=\"og:type\" content=\"article\" \/>\n<meta property=\"og:title\" content=\"Nu inleder vi byggnationen av nya Sj\u00f6sportcenter Norrviken - Kristdemokraterna i Sollentuna\" \/>\n<meta property=\"og:description\" content=\"Idag 30 augusti inleddes projektet Sj\u00f6sportcenter Norrviken med att ordf. i kultur- och fritidsn\u00e4mnden Thomas Nyman (KD) tillsammans med kollegor tog f\u00f6rsta spadtaget. Sj\u00f6sportcenter Norrviken \u00e4r ett popul\u00e4rt fritidsomr\u00e5de d\u00e4r Sollentuna kanots\u00e4llskap och Sollentuna skridskos\u00e4llskap bedriver sin verksamhet. Den nya byggnationen kommer ge f\u00f6reningarna och allm\u00e4nheten en ny och fr\u00e4sch anl\u00e4ggning. Ut\u00f6ver nya bryggor mer\" \/>\n<meta property=\"og:url\" content=\"https:\/\/wp.kristdemokraterna.se\/sollentuna\/nu-inleder-vi-byggnationen-av-nya-sjosportcenter-norrviken\/\" \/>\n<meta property=\"og:site_name\" content=\"Kristdemokraterna i Sollentuna\" \/>\n<meta property=\"article:published_time\" content=\"2022-08-30T13:57:43+00:00\" \/>\n<meta name=\"author\" content=\"Robin Boij\" \/>\n<meta name=\"twitter:card\" content=\"summary_large_image\" \/>\n<meta name=\"twitter:label1\" content=\"Skriven av\" \/>\n\t<meta name=\"twitter:data1\" content=\"Robin Boij\" \/>\n\t<meta name=\"twitter:label2\" content=\"Ber\u00e4knad l\u00e4stid\" \/>\n\t<meta name=\"twitter:data2\" content=\"1 minut\" \/>\n<script type=\"application\/ld+json\" class=\"yoast-schema-graph\">{\"@context\":\"https:\\\/\\\/schema.org\",\"@graph\":[{\"@type\":\"Article\",\"@id\":\"https:\\\/\\\/wp.kristdemokraterna.se\\\/sollentuna\\\/nu-inleder-vi-byggnationen-av-nya-sjosportcenter-norrviken\\\/#article\",\"isPartOf\":{\"@id\":\"https:\\\/\\\/wp.kristdemokraterna.se\\\/sollentuna\\\/nu-inleder-vi-byggnationen-av-nya-sjosportcenter-norrviken\\\/\"},\"author\":{\"name\":\"Robin Boij\",\"@id\":\"https:\\\/\\\/wp.kristdemokraterna.se\\\/sollentuna\\\/#\\\/schema\\\/person\\\/1243e7cc283713857c4319360d385958\"},\"headline\":\"Nu inleder vi byggnationen av nya Sj\u00f6sportcenter Norrviken\",\"datePublished\":\"2022-08-30T13:57:43+00:00\",\"mainEntityOfPage\":{\"@id\":\"https:\\\/\\\/wp.kristdemokraterna.se\\\/sollentuna\\\/nu-inleder-vi-byggnationen-av-nya-sjosportcenter-norrviken\\\/\"},\"wordCount\":152,\"inLanguage\":\"sv-SE\"},{\"@type\":\"WebPage\",\"@id\":\"https:\\\/\\\/wp.kristdemokraterna.se\\\/sollentuna\\\/nu-inleder-vi-byggnationen-av-nya-sjosportcenter-norrviken\\\/\",\"url\":\"https:\\\/\\\/wp.kristdemokraterna.se\\\/sollentuna\\\/nu-inleder-vi-byggnationen-av-nya-sjosportcenter-norrviken\\\/\",\"name\":\"Nu inleder vi byggnationen av nya Sj\u00f6sportcenter Norrviken - Kristdemokraterna i Sollentuna\",\"isPartOf\":{\"@id\":\"https:\\\/\\\/wp.kristdemokraterna.se\\\/sollentuna\\\/#website\"},\"datePublished\":\"2022-08-30T13:57:43+00:00\",\"author\":{\"@id\":\"https:\\\/\\\/wp.kristdemokraterna.se\\\/sollentuna\\\/#\\\/schema\\\/person\\\/1243e7cc283713857c4319360d385958\"},\"breadcrumb\":{\"@id\":\"https:\\\/\\\/wp.kristdemokraterna.se\\\/sollentuna\\\/nu-inleder-vi-byggnationen-av-nya-sjosportcenter-norrviken\\\/#breadcrumb\"},\"inLanguage\":\"sv-SE\",\"potentialAction\":[{\"@type\":\"ReadAction\",\"target\":[\"https:\\\/\\\/wp.kristdemokraterna.se\\\/sollentuna\\\/nu-inleder-vi-byggnationen-av-nya-sjosportcenter-norrviken\\\/\"]}]},{\"@type\":\"BreadcrumbList\",\"@id\":\"https:\\\/\\\/wp.kristdemokraterna.se\\\/sollentuna\\\/nu-inleder-vi-byggnationen-av-nya-sjosportcenter-norrviken\\\/#breadcrumb\",\"itemListElement\":[{\"@type\":\"ListItem\",\"position\":1,\"name\":\"Hem\",\"item\":\"https:\\\/\\\/wp.kristdemokraterna.se\\\/sollentuna\\\/\"},{\"@type\":\"ListItem\",\"position\":2,\"name\":\"Nu inleder vi byggnationen av nya Sj\u00f6sportcenter Norrviken\"}]},{\"@type\":\"WebSite\",\"@id\":\"https:\\\/\\\/wp.kristdemokraterna.se\\\/sollentuna\\\/#website\",\"url\":\"https:\\\/\\\/wp.kristdemokraterna.se\\\/sollentuna\\\/\",\"name\":\"Kristdemokraterna i Sollentuna\",\"description\":\"\",\"inLanguage\":\"sv-SE\"},{\"@type\":\"Person\",\"@id\":\"https:\\\/\\\/wp.kristdemokraterna.se\\\/sollentuna\\\/#\\\/schema\\\/person\\\/1243e7cc283713857c4319360d385958\",\"name\":\"Robin Boij\",\"image\":{\"@type\":\"ImageObject\",\"inLanguage\":\"sv-SE\",\"@id\":\"https:\\\/\\\/secure.gravatar.com\\\/avatar\\\/9bbe9ed86af97eee9fc127a54afecb6bd6f9a4f20876315ee37289ef1a64b290?s=96&d=mm&r=g\",\"url\":\"https:\\\/\\\/secure.gravatar.com\\\/avatar\\\/9bbe9ed86af97eee9fc127a54afecb6bd6f9a4f20876315ee37289ef1a64b290?s=96&d=mm&r=g\",\"contentUrl\":\"https:\\\/\\\/secure.gravatar.com\\\/avatar\\\/9bbe9ed86af97eee9fc127a54afecb6bd6f9a4f20876315ee37289ef1a64b290?s=96&d=mm&r=g\",\"caption\":\"Robin Boij\"},\"url\":\"https:\\\/\\\/wp.kristdemokraterna.se\\\/sollentuna\\\/author\\\/boij\\\/\"}]}<\/script>\n<!-- \/ Yoast SEO plugin. -->","yoast_head_json":{"title":"Nu inleder vi byggnationen av nya Sj\u00f6sportcenter Norrviken - Kristdemokraterna i Sollentuna","robots":{"index":"index","follow":"follow","max-snippet":"max-snippet:-1","max-image-preview":"max-image-preview:large","max-video-preview":"max-video-preview:-1"},"canonical":"https:\/\/wp.kristdemokraterna.se\/sollentuna\/nu-inleder-vi-byggnationen-av-nya-sjosportcenter-norrviken\/","og_locale":"sv_SE","og_type":"article","og_title":"Nu inleder vi byggnationen av nya Sj\u00f6sportcenter Norrviken - Kristdemokraterna i Sollentuna","og_description":"Idag 30 augusti inleddes projektet Sj\u00f6sportcenter Norrviken med att ordf. i kultur- och fritidsn\u00e4mnden Thomas Nyman (KD) tillsammans med kollegor tog f\u00f6rsta spadtaget. Sj\u00f6sportcenter Norrviken \u00e4r ett popul\u00e4rt fritidsomr\u00e5de d\u00e4r Sollentuna kanots\u00e4llskap och Sollentuna skridskos\u00e4llskap bedriver sin verksamhet. Den nya byggnationen kommer ge f\u00f6reningarna och allm\u00e4nheten en ny och fr\u00e4sch anl\u00e4ggning. Ut\u00f6ver nya bryggor mer","og_url":"https:\/\/wp.kristdemokraterna.se\/sollentuna\/nu-inleder-vi-byggnationen-av-nya-sjosportcenter-norrviken\/","og_site_name":"Kristdemokraterna i Sollentuna","article_published_time":"2022-08-30T13:57:43+00:00","author":"Robin Boij","twitter_card":"summary_large_image","twitter_misc":{"Skriven av":"Robin Boij","Ber\u00e4knad l\u00e4stid":"1 minut"},"schema":{"@context":"https:\/\/schema.org","@graph":[{"@type":"Article","@id":"https:\/\/wp.kristdemokraterna.se\/sollentuna\/nu-inleder-vi-byggnationen-av-nya-sjosportcenter-norrviken\/#article","isPartOf":{"@id":"https:\/\/wp.kristdemokraterna.se\/sollentuna\/nu-inleder-vi-byggnationen-av-nya-sjosportcenter-norrviken\/"},"author":{"name":"Robin Boij","@id":"https:\/\/wp.kristdemokraterna.se\/sollentuna\/#\/schema\/person\/1243e7cc283713857c4319360d385958"},"headline":"Nu inleder vi byggnationen av nya Sj\u00f6sportcenter Norrviken","datePublished":"2022-08-30T13:57:43+00:00","mainEntityOfPage":{"@id":"https:\/\/wp.kristdemokraterna.se\/sollentuna\/nu-inleder-vi-byggnationen-av-nya-sjosportcenter-norrviken\/"},"wordCount":152,"inLanguage":"sv-SE"},{"@type":"WebPage","@id":"https:\/\/wp.kristdemokraterna.se\/sollentuna\/nu-inleder-vi-byggnationen-av-nya-sjosportcenter-norrviken\/","url":"https:\/\/wp.kristdemokraterna.se\/sollentuna\/nu-inleder-vi-byggnationen-av-nya-sjosportcenter-norrviken\/","name":"Nu inleder vi byggnationen av nya Sj\u00f6sportcenter Norrviken - Kristdemokraterna i Sollentuna","isPartOf":{"@id":"https:\/\/wp.kristdemokraterna.se\/sollentuna\/#website"},"datePublished":"2022-08-30T13:57:43+00:00","author":{"@id":"https:\/\/wp.kristdemokraterna.se\/sollentuna\/#\/schema\/person\/1243e7cc283713857c4319360d385958"},"breadcrumb":{"@id":"https:\/\/wp.kristdemokraterna.se\/sollentuna\/nu-inleder-vi-byggnationen-av-nya-sjosportcenter-norrviken\/#breadcrumb"},"inLanguage":"sv-SE","potentialAction":[{"@type":"ReadAction","target":["https:\/\/wp.kristdemokraterna.se\/sollentuna\/nu-inleder-vi-byggnationen-av-nya-sjosportcenter-norrviken\/"]}]},{"@type":"BreadcrumbList","@id":"https:\/\/wp.kristdemokraterna.se\/sollentuna\/nu-inleder-vi-byggnationen-av-nya-sjosportcenter-norrviken\/#breadcrumb","itemListElement":[{"@type":"ListItem","position":1,"name":"Hem","item":"https:\/\/wp.kristdemokraterna.se\/sollentuna\/"},{"@type":"ListItem","position":2,"name":"Nu inleder vi byggnationen av nya Sj\u00f6sportcenter Norrviken"}]},{"@type":"WebSite","@id":"https:\/\/wp.kristdemokraterna.se\/sollentuna\/#website","url":"https:\/\/wp.kristdemokraterna.se\/sollentuna\/","name":"Kristdemokraterna i Sollentuna","description":"","inLanguage":"sv-SE"},{"@type":"Person","@id":"https:\/\/wp.kristdemokraterna.se\/sollentuna\/#\/schema\/person\/1243e7cc283713857c4319360d385958","name":"Robin Boij","image":{"@type":"ImageObject","inLanguage":"sv-SE","@id":"https:\/\/secure.gravatar.com\/avatar\/9bbe9ed86af97eee9fc127a54afecb6bd6f9a4f20876315ee37289ef1a64b290?s=96&d=mm&r=g","url":"https:\/\/secure.gravatar.com\/avatar\/9bbe9ed86af97eee9fc127a54afecb6bd6f9a4f20876315ee37289ef1a64b290?s=96&d=mm&r=g","contentUrl":"https:\/\/secure.gravatar.com\/avatar\/9bbe9ed86af97eee9fc127a54afecb6bd6f9a4f20876315ee37289ef1a64b290?s=96&d=mm&r=g","caption":"Robin Boij"},"url":"https:\/\/wp.kristdemokraterna.se\/sollentuna\/author\/boij\/"}]}},"_links":{"self":[{"href":"https:\/\/wp.kristdemokraterna.se\/sollentuna\/wp-json\/wp\/v2\/posts\/1898","targetHints":{"allow":["GET"]}}],"collection":[{"href":"https:\/\/wp.kristdemokraterna.se\/sollentuna\/wp-json\/wp\/v2\/posts"}],"about":[{"href":"https:\/\/wp.kristdemokraterna.se\/sollentuna\/wp-json\/wp\/v2\/types\/post"}],"author":[{"embeddable":true,"href":"https:\/\/wp.kristdemokraterna.se\/sollentuna\/wp-json\/wp\/v2\/users\/903"}],"replies":[{"embeddable":true,"href":"https:\/\/wp.kristdemokraterna.se\/sollentuna\/wp-json\/wp\/v2\/comments?post=1898"}],"version-history":[{"count":2,"href":"https:\/\/wp.kristdemokraterna.se\/sollentuna\/wp-json\/wp\/v2\/posts\/1898\/revisions"}],"predecessor-version":[{"id":1902,"href":"https:\/\/wp.kristdemokraterna.se\/sollentuna\/wp-json\/wp\/v2\/posts\/1898\/revisions\/1902"}],"wp:attachment":[{"href":"https:\/\/wp.kristdemokraterna.se\/sollentuna\/wp-json\/wp\/v2\/media?parent=1898"}],"wp:term":[{"taxonomy":"category","embeddable":true,"href":"https:\/\/wp.kristdemokraterna.se\/sollentuna\/wp-json\/wp\/v2\/categories?post=1898"},{"taxonomy":"post_tag","embeddable":true,"href":"https:\/\/wp.kristdemokraterna.se\/sollentuna\/wp-json\/wp\/v2\/tags?post=1898"}],"curies":[{"name":"wp","href":"https:\/\/api.w.org\/{rel}","templated":true}]}}