{"id":1912,"date":"2022-12-13T16:29:15","date_gmt":"2022-12-13T15:29:15","guid":{"rendered":"https:\/\/wp.kristdemokraterna.se\/sollentuna\/?p=1912"},"modified":"2022-12-13T16:29:15","modified_gmt":"2022-12-13T15:29:15","slug":"invigning-av-nytt-aldreboende","status":"publish","type":"post","link":"https:\/\/wp.kristdemokraterna.se\/sollentuna\/invigning-av-nytt-aldreboende\/","title":{"rendered":"Invigning av nytt \u00e4ldreboende"},"content":{"rendered":"<p>Eva Ireblad, KD, vice ordf\u00f6rande i v\u00e5rd- och omsorgsn\u00e4mnden fick \u00e4ran att inviga det senaste, vackra \u00e4ldreboendet i centrala Sollentuna \u2013 Villa Tureberg. Boendet drivs av f\u00f6retaget Vardaga.<\/p>\n<p>&#8211; Jag \u00e4r glad \u00f6ver att vi f\u00e5tt ett nytt fint \u00e4ldreboende i Sollentuna. Boende f\u00f6r seniorer \u00e4r en mycket angel\u00e4gen fr\u00e5ga f\u00f6r oss kristdemokrater, s\u00e4ger Eva Ireblad.<\/p>\n<p>H\u00f6gst upp i det nybyggda \u00e4ldreboendet Villa Tureberg finns \u201dThe Penthouse\u201d. En festlokal<br \/>\nmed stor terrass och med en fantastisk utsikt \u00f6ver Sollentuna. The Penthouse var fullt n\u00e4r boendet invigdes. Ut\u00f6ver Eva Ireblad fanns andra f\u00f6retr\u00e4dare fr\u00e5n Sollentuna kommun, Vardaga, Nytida, Skanska som byggt huset och fastighets\u00e4garen Altura. Det fanns ocks\u00e5 intresseorganisationer som t ex<br \/>\nDemensf\u00f6reningen i Sollentuna representerade.<\/p>\n<p>I samma hus finns ocks\u00e5 ett LSS-boende som drivs av Nytida. B\u00e5da verksamhetscheferna<br \/>\nLouise T\u00f6rnqvist och Ann-Sofie \u00d6vergaard v\u00e4lkomnade alla.<\/p>\n<p>Boendet energif\u00f6rs\u00f6rjs med solceller p\u00e5 taket och \u00e4r byggt med i material med l\u00e5g<br \/>\nklimatp\u00e5verkan, t ex tr\u00e4 och \u00e5tervunnet tegel i fasaden. Huset \u00e4r byggt p\u00e5 den numera rivna<br \/>\nSollentunam\u00e4ssan och d\u00e4rifr\u00e5n \u00e4r det underjordiska garaget sparat och kommer att<br \/>\nanv\u00e4ndas.<\/p>\n<p>Eva Ireblad (KD), tackade alla inblandade och gratulerade Sollentuna kommun till ett fint<br \/>\n\u00e4ldreboende.<\/p>\n","protected":false},"excerpt":{"rendered":"<p>Eva Ireblad, KD, vice ordf\u00f6rande i v\u00e5rd- och omsorgsn\u00e4mnden fick \u00e4ran att inviga det senaste, vackra \u00e4ldreboendet i centrala Sollentuna \u2013 Villa Tureberg. Boendet drivs av f\u00f6retaget Vardaga. &#8211; Jag \u00e4r glad \u00f6ver att vi f\u00e5tt ett nytt fint \u00e4ldreboende i Sollentuna. Boende f\u00f6r seniorer \u00e4r en mycket angel\u00e4gen fr\u00e5ga f\u00f6r oss kristdemokrater, s\u00e4ger <a class=\"read-more-link\" href=\"https:\/\/wp.kristdemokraterna.se\/sollentuna\/invigning-av-nytt-aldreboende\/\">mer<\/a><\/p>\n","protected":false},"author":903,"featured_media":0,"comment_status":"closed","ping_status":"closed","sticky":false,"template":"","format":"standard","meta":{"_acf_changed":false,"footnotes":""},"categories":[1],"tags":[],"class_list":["post-1912","post","type-post","status-publish","format-standard","hentry","category-okategoriserade"],"acf":[],"yoast_head":"<!-- This site is optimized with the Yoast SEO plugin v27.4 - https:\/\/yoast.com\/product\/yoast-seo-wordpress\/ -->\n<title>Invigning av nytt \u00e4ldreboende - Kristdemokraterna i Sollentuna<\/title>\n<meta name=\"robots\" content=\"index, follow, max-snippet:-1, max-image-preview:large, max-video-preview:-1\" \/>\n<link rel=\"canonical\" href=\"https:\/\/wp.kristdemokraterna.se\/sollentuna\/invigning-av-nytt-aldreboende\/\" \/>\n<meta property=\"og:locale\" content=\"sv_SE\" \/>\n<meta property=\"og:type\" content=\"article\" \/>\n<meta property=\"og:title\" content=\"Invigning av nytt \u00e4ldreboende - Kristdemokraterna i Sollentuna\" \/>\n<meta property=\"og:description\" content=\"Eva Ireblad, KD, vice ordf\u00f6rande i v\u00e5rd- och omsorgsn\u00e4mnden fick \u00e4ran att inviga det senaste, vackra \u00e4ldreboendet i centrala Sollentuna \u2013 Villa Tureberg. Boendet drivs av f\u00f6retaget Vardaga. &#8211; Jag \u00e4r glad \u00f6ver att vi f\u00e5tt ett nytt fint \u00e4ldreboende i Sollentuna. Boende f\u00f6r seniorer \u00e4r en mycket angel\u00e4gen fr\u00e5ga f\u00f6r oss kristdemokrater, s\u00e4ger mer\" \/>\n<meta property=\"og:url\" content=\"https:\/\/wp.kristdemokraterna.se\/sollentuna\/invigning-av-nytt-aldreboende\/\" \/>\n<meta property=\"og:site_name\" content=\"Kristdemokraterna i Sollentuna\" \/>\n<meta property=\"article:published_time\" content=\"2022-12-13T15:29:15+00:00\" \/>\n<meta name=\"author\" content=\"Robin Boij\" \/>\n<meta name=\"twitter:card\" content=\"summary_large_image\" \/>\n<meta name=\"twitter:label1\" content=\"Skriven av\" \/>\n\t<meta name=\"twitter:data1\" content=\"Robin Boij\" \/>\n\t<meta name=\"twitter:label2\" content=\"Ber\u00e4knad l\u00e4stid\" \/>\n\t<meta name=\"twitter:data2\" content=\"1 minut\" \/>\n<script type=\"application\/ld+json\" class=\"yoast-schema-graph\">{\"@context\":\"https:\\\/\\\/schema.org\",\"@graph\":[{\"@type\":\"Article\",\"@id\":\"https:\\\/\\\/wp.kristdemokraterna.se\\\/sollentuna\\\/invigning-av-nytt-aldreboende\\\/#article\",\"isPartOf\":{\"@id\":\"https:\\\/\\\/wp.kristdemokraterna.se\\\/sollentuna\\\/invigning-av-nytt-aldreboende\\\/\"},\"author\":{\"name\":\"Robin Boij\",\"@id\":\"https:\\\/\\\/wp.kristdemokraterna.se\\\/sollentuna\\\/#\\\/schema\\\/person\\\/1243e7cc283713857c4319360d385958\"},\"headline\":\"Invigning av nytt \u00e4ldreboende\",\"datePublished\":\"2022-12-13T15:29:15+00:00\",\"mainEntityOfPage\":{\"@id\":\"https:\\\/\\\/wp.kristdemokraterna.se\\\/sollentuna\\\/invigning-av-nytt-aldreboende\\\/\"},\"wordCount\":223,\"inLanguage\":\"sv-SE\"},{\"@type\":\"WebPage\",\"@id\":\"https:\\\/\\\/wp.kristdemokraterna.se\\\/sollentuna\\\/invigning-av-nytt-aldreboende\\\/\",\"url\":\"https:\\\/\\\/wp.kristdemokraterna.se\\\/sollentuna\\\/invigning-av-nytt-aldreboende\\\/\",\"name\":\"Invigning av nytt \u00e4ldreboende - Kristdemokraterna i Sollentuna\",\"isPartOf\":{\"@id\":\"https:\\\/\\\/wp.kristdemokraterna.se\\\/sollentuna\\\/#website\"},\"datePublished\":\"2022-12-13T15:29:15+00:00\",\"author\":{\"@id\":\"https:\\\/\\\/wp.kristdemokraterna.se\\\/sollentuna\\\/#\\\/schema\\\/person\\\/1243e7cc283713857c4319360d385958\"},\"breadcrumb\":{\"@id\":\"https:\\\/\\\/wp.kristdemokraterna.se\\\/sollentuna\\\/invigning-av-nytt-aldreboende\\\/#breadcrumb\"},\"inLanguage\":\"sv-SE\",\"potentialAction\":[{\"@type\":\"ReadAction\",\"target\":[\"https:\\\/\\\/wp.kristdemokraterna.se\\\/sollentuna\\\/invigning-av-nytt-aldreboende\\\/\"]}]},{\"@type\":\"BreadcrumbList\",\"@id\":\"https:\\\/\\\/wp.kristdemokraterna.se\\\/sollentuna\\\/invigning-av-nytt-aldreboende\\\/#breadcrumb\",\"itemListElement\":[{\"@type\":\"ListItem\",\"position\":1,\"name\":\"Hem\",\"item\":\"https:\\\/\\\/wp.kristdemokraterna.se\\\/sollentuna\\\/\"},{\"@type\":\"ListItem\",\"position\":2,\"name\":\"Invigning av nytt \u00e4ldreboende\"}]},{\"@type\":\"WebSite\",\"@id\":\"https:\\\/\\\/wp.kristdemokraterna.se\\\/sollentuna\\\/#website\",\"url\":\"https:\\\/\\\/wp.kristdemokraterna.se\\\/sollentuna\\\/\",\"name\":\"Kristdemokraterna i Sollentuna\",\"description\":\"\",\"inLanguage\":\"sv-SE\"},{\"@type\":\"Person\",\"@id\":\"https:\\\/\\\/wp.kristdemokraterna.se\\\/sollentuna\\\/#\\\/schema\\\/person\\\/1243e7cc283713857c4319360d385958\",\"name\":\"Robin Boij\",\"image\":{\"@type\":\"ImageObject\",\"inLanguage\":\"sv-SE\",\"@id\":\"https:\\\/\\\/secure.gravatar.com\\\/avatar\\\/9bbe9ed86af97eee9fc127a54afecb6bd6f9a4f20876315ee37289ef1a64b290?s=96&d=mm&r=g\",\"url\":\"https:\\\/\\\/secure.gravatar.com\\\/avatar\\\/9bbe9ed86af97eee9fc127a54afecb6bd6f9a4f20876315ee37289ef1a64b290?s=96&d=mm&r=g\",\"contentUrl\":\"https:\\\/\\\/secure.gravatar.com\\\/avatar\\\/9bbe9ed86af97eee9fc127a54afecb6bd6f9a4f20876315ee37289ef1a64b290?s=96&d=mm&r=g\",\"caption\":\"Robin Boij\"},\"url\":\"https:\\\/\\\/wp.kristdemokraterna.se\\\/sollentuna\\\/author\\\/boij\\\/\"}]}<\/script>\n<!-- \/ Yoast SEO plugin. -->","yoast_head_json":{"title":"Invigning av nytt \u00e4ldreboende - Kristdemokraterna i Sollentuna","robots":{"index":"index","follow":"follow","max-snippet":"max-snippet:-1","max-image-preview":"max-image-preview:large","max-video-preview":"max-video-preview:-1"},"canonical":"https:\/\/wp.kristdemokraterna.se\/sollentuna\/invigning-av-nytt-aldreboende\/","og_locale":"sv_SE","og_type":"article","og_title":"Invigning av nytt \u00e4ldreboende - Kristdemokraterna i Sollentuna","og_description":"Eva Ireblad, KD, vice ordf\u00f6rande i v\u00e5rd- och omsorgsn\u00e4mnden fick \u00e4ran att inviga det senaste, vackra \u00e4ldreboendet i centrala Sollentuna \u2013 Villa Tureberg. Boendet drivs av f\u00f6retaget Vardaga. &#8211; Jag \u00e4r glad \u00f6ver att vi f\u00e5tt ett nytt fint \u00e4ldreboende i Sollentuna. Boende f\u00f6r seniorer \u00e4r en mycket angel\u00e4gen fr\u00e5ga f\u00f6r oss kristdemokrater, s\u00e4ger mer","og_url":"https:\/\/wp.kristdemokraterna.se\/sollentuna\/invigning-av-nytt-aldreboende\/","og_site_name":"Kristdemokraterna i Sollentuna","article_published_time":"2022-12-13T15:29:15+00:00","author":"Robin Boij","twitter_card":"summary_large_image","twitter_misc":{"Skriven av":"Robin Boij","Ber\u00e4knad l\u00e4stid":"1 minut"},"schema":{"@context":"https:\/\/schema.org","@graph":[{"@type":"Article","@id":"https:\/\/wp.kristdemokraterna.se\/sollentuna\/invigning-av-nytt-aldreboende\/#article","isPartOf":{"@id":"https:\/\/wp.kristdemokraterna.se\/sollentuna\/invigning-av-nytt-aldreboende\/"},"author":{"name":"Robin Boij","@id":"https:\/\/wp.kristdemokraterna.se\/sollentuna\/#\/schema\/person\/1243e7cc283713857c4319360d385958"},"headline":"Invigning av nytt \u00e4ldreboende","datePublished":"2022-12-13T15:29:15+00:00","mainEntityOfPage":{"@id":"https:\/\/wp.kristdemokraterna.se\/sollentuna\/invigning-av-nytt-aldreboende\/"},"wordCount":223,"inLanguage":"sv-SE"},{"@type":"WebPage","@id":"https:\/\/wp.kristdemokraterna.se\/sollentuna\/invigning-av-nytt-aldreboende\/","url":"https:\/\/wp.kristdemokraterna.se\/sollentuna\/invigning-av-nytt-aldreboende\/","name":"Invigning av nytt \u00e4ldreboende - Kristdemokraterna i Sollentuna","isPartOf":{"@id":"https:\/\/wp.kristdemokraterna.se\/sollentuna\/#website"},"datePublished":"2022-12-13T15:29:15+00:00","author":{"@id":"https:\/\/wp.kristdemokraterna.se\/sollentuna\/#\/schema\/person\/1243e7cc283713857c4319360d385958"},"breadcrumb":{"@id":"https:\/\/wp.kristdemokraterna.se\/sollentuna\/invigning-av-nytt-aldreboende\/#breadcrumb"},"inLanguage":"sv-SE","potentialAction":[{"@type":"ReadAction","target":["https:\/\/wp.kristdemokraterna.se\/sollentuna\/invigning-av-nytt-aldreboende\/"]}]},{"@type":"BreadcrumbList","@id":"https:\/\/wp.kristdemokraterna.se\/sollentuna\/invigning-av-nytt-aldreboende\/#breadcrumb","itemListElement":[{"@type":"ListItem","position":1,"name":"Hem","item":"https:\/\/wp.kristdemokraterna.se\/sollentuna\/"},{"@type":"ListItem","position":2,"name":"Invigning av nytt \u00e4ldreboende"}]},{"@type":"WebSite","@id":"https:\/\/wp.kristdemokraterna.se\/sollentuna\/#website","url":"https:\/\/wp.kristdemokraterna.se\/sollentuna\/","name":"Kristdemokraterna i Sollentuna","description":"","inLanguage":"sv-SE"},{"@type":"Person","@id":"https:\/\/wp.kristdemokraterna.se\/sollentuna\/#\/schema\/person\/1243e7cc283713857c4319360d385958","name":"Robin Boij","image":{"@type":"ImageObject","inLanguage":"sv-SE","@id":"https:\/\/secure.gravatar.com\/avatar\/9bbe9ed86af97eee9fc127a54afecb6bd6f9a4f20876315ee37289ef1a64b290?s=96&d=mm&r=g","url":"https:\/\/secure.gravatar.com\/avatar\/9bbe9ed86af97eee9fc127a54afecb6bd6f9a4f20876315ee37289ef1a64b290?s=96&d=mm&r=g","contentUrl":"https:\/\/secure.gravatar.com\/avatar\/9bbe9ed86af97eee9fc127a54afecb6bd6f9a4f20876315ee37289ef1a64b290?s=96&d=mm&r=g","caption":"Robin Boij"},"url":"https:\/\/wp.kristdemokraterna.se\/sollentuna\/author\/boij\/"}]}},"_links":{"self":[{"href":"https:\/\/wp.kristdemokraterna.se\/sollentuna\/wp-json\/wp\/v2\/posts\/1912","targetHints":{"allow":["GET"]}}],"collection":[{"href":"https:\/\/wp.kristdemokraterna.se\/sollentuna\/wp-json\/wp\/v2\/posts"}],"about":[{"href":"https:\/\/wp.kristdemokraterna.se\/sollentuna\/wp-json\/wp\/v2\/types\/post"}],"author":[{"embeddable":true,"href":"https:\/\/wp.kristdemokraterna.se\/sollentuna\/wp-json\/wp\/v2\/users\/903"}],"replies":[{"embeddable":true,"href":"https:\/\/wp.kristdemokraterna.se\/sollentuna\/wp-json\/wp\/v2\/comments?post=1912"}],"version-history":[{"count":2,"href":"https:\/\/wp.kristdemokraterna.se\/sollentuna\/wp-json\/wp\/v2\/posts\/1912\/revisions"}],"predecessor-version":[{"id":1915,"href":"https:\/\/wp.kristdemokraterna.se\/sollentuna\/wp-json\/wp\/v2\/posts\/1912\/revisions\/1915"}],"wp:attachment":[{"href":"https:\/\/wp.kristdemokraterna.se\/sollentuna\/wp-json\/wp\/v2\/media?parent=1912"}],"wp:term":[{"taxonomy":"category","embeddable":true,"href":"https:\/\/wp.kristdemokraterna.se\/sollentuna\/wp-json\/wp\/v2\/categories?post=1912"},{"taxonomy":"post_tag","embeddable":true,"href":"https:\/\/wp.kristdemokraterna.se\/sollentuna\/wp-json\/wp\/v2\/tags?post=1912"}],"curies":[{"name":"wp","href":"https:\/\/api.w.org\/{rel}","templated":true}]}}