{"id":202,"date":"2013-03-08T10:53:12","date_gmt":"2013-03-08T09:53:12","guid":{"rendered":"http:\/\/wp.kristdemokraterna.se\/sollentuna\/?p=202"},"modified":"2013-03-24T10:53:28","modified_gmt":"2013-03-24T09:53:28","slug":"kd-firade-kvinnodagen-med-kvinnojouren","status":"publish","type":"post","link":"https:\/\/wp.kristdemokraterna.se\/sollentuna\/kd-firade-kvinnodagen-med-kvinnojouren\/","title":{"rendered":"KD firade Kvinnodagen med Kvinnojouren"},"content":{"rendered":"<p align=\"left\">Sonia Lunnerg\u00e5rd \u00e4r sedan m\u00e5nga \u00e5r djupt engagerad i Sollentuna kvinnojour. P\u00e5 Kvinnodagen anordnades en manifestation f\u00f6r att p\u00e5minna om den m\u00f6rka baksida i v\u00e5rt samh\u00e4lle som heter m\u00e4ns v\u00e5ld mot kvinnor.<\/p>\n<p align=\"left\">F\u00f6rfattarinnan Elisabet Nemert \u00e4r en av eldsj\u00e4larna i Kvinnojouren. Hennes bok Ljusets dotter \u00e4r en stark ber\u00e4ttelse om v\u00e5ld mot kvinnor p\u00e5 1700-talet. Samma f\u00f6rnedrande v\u00e5ld d\u00e5 som nu.<\/p>\n<p align=\"left\">Tillsammans l\u00e4ste vi upp 201 namn p\u00e5 kvinnor som blivit m\u00f6rdade sedan \u00e5r 200 av en man som de levt tillsammans med. Kring varje namn finns en kort ber\u00e4ttelse. Och sedan t\u00e4nde vi tillsammans ett ljus f\u00f6r varje kvinna som m\u00f6rdats.<\/p>\n<p align=\"left\">Det var en v\u00e4rdig och fin manifestation som ocks\u00e5 gav hopp. Vi vet att \u00e4ven imorgon kommer v\u00e5ld mot kvinnor att f\u00f6rekomma. Men det g\u00e5r att strukturerat jobba f\u00f6rebyggande. Det har stiftelsen Tryggare Sverige visat. Det kr\u00e4vs samlade resurser och att man tar hj\u00e4lp av riksfaktorer och s\u00e5rbarhetsfaktorer hos kvinnan.<\/p>\n<p align=\"left\">50 procent av kvinnornas liv hade kunnat r\u00e4ddats genom ett mer systematiskt arbete fr\u00e5n b\u00e5de polis, socialtj\u00e4nst och sjukv\u00e5rden samt av anh\u00f6riga och v\u00e4nner.<\/p>\n<p align=\"left\">Det \u00e5terst\u00e5r en hel del f\u00f6r att vi ska ha ett j\u00e4mst\u00e4llt och \u00f6ppet och bejakande samh\u00e4lle fritt fr\u00e5n fruktan.<\/p>\n","protected":false},"excerpt":{"rendered":"<p>Sonia Lunnerg\u00e5rd \u00e4r sedan m\u00e5nga \u00e5r djupt engagerad i Sollentuna kvinnojour. P\u00e5 Kvinnodagen anordnades en manifestation f\u00f6r att p\u00e5minna om den m\u00f6rka baksida i v\u00e5rt samh\u00e4lle som heter m\u00e4ns v\u00e5ld mot kvinnor. F\u00f6rfattarinnan Elisabet Nemert \u00e4r en av eldsj\u00e4larna i Kvinnojouren. Hennes bok Ljusets dotter \u00e4r en stark ber\u00e4ttelse om v\u00e5ld mot kvinnor p\u00e5 <a class=\"read-more-link\" href=\"https:\/\/wp.kristdemokraterna.se\/sollentuna\/kd-firade-kvinnodagen-med-kvinnojouren\/\">mer<\/a><\/p>\n","protected":false},"author":41,"featured_media":0,"comment_status":"closed","ping_status":"open","sticky":false,"template":"","format":"standard","meta":{"_acf_changed":false,"footnotes":""},"categories":[5],"tags":[26,25,27,17],"class_list":["post-202","post","type-post","status-publish","format-standard","hentry","category-aktiviteter","tag-8-mars","tag-kvinnodagen","tag-kvinnojourer","tag-sonia-lunnergard"],"acf":[],"yoast_head":"<!-- This site is optimized with the Yoast SEO plugin v27.5 - https:\/\/yoast.com\/product\/yoast-seo-wordpress\/ -->\n<title>KD firade Kvinnodagen med Kvinnojouren - Kristdemokraterna i Sollentuna<\/title>\n<meta name=\"robots\" content=\"index, follow, max-snippet:-1, max-image-preview:large, max-video-preview:-1\" \/>\n<link rel=\"canonical\" href=\"https:\/\/wp.kristdemokraterna.se\/sollentuna\/kd-firade-kvinnodagen-med-kvinnojouren\/\" \/>\n<meta property=\"og:locale\" content=\"sv_SE\" \/>\n<meta property=\"og:type\" content=\"article\" \/>\n<meta property=\"og:title\" content=\"KD firade Kvinnodagen med Kvinnojouren - Kristdemokraterna i Sollentuna\" \/>\n<meta property=\"og:description\" content=\"Sonia Lunnerg\u00e5rd \u00e4r sedan m\u00e5nga \u00e5r djupt engagerad i Sollentuna kvinnojour. P\u00e5 Kvinnodagen anordnades en manifestation f\u00f6r att p\u00e5minna om den m\u00f6rka baksida i v\u00e5rt samh\u00e4lle som heter m\u00e4ns v\u00e5ld mot kvinnor. F\u00f6rfattarinnan Elisabet Nemert \u00e4r en av eldsj\u00e4larna i Kvinnojouren. Hennes bok Ljusets dotter \u00e4r en stark ber\u00e4ttelse om v\u00e5ld mot kvinnor p\u00e5 mer\" \/>\n<meta property=\"og:url\" content=\"https:\/\/wp.kristdemokraterna.se\/sollentuna\/kd-firade-kvinnodagen-med-kvinnojouren\/\" \/>\n<meta property=\"og:site_name\" content=\"Kristdemokraterna i Sollentuna\" \/>\n<meta property=\"article:published_time\" content=\"2013-03-08T09:53:12+00:00\" \/>\n<meta property=\"article:modified_time\" content=\"2013-03-24T09:53:28+00:00\" \/>\n<meta name=\"author\" content=\"KD Sollentuna\" \/>\n<meta name=\"twitter:card\" content=\"summary_large_image\" \/>\n<meta name=\"twitter:label1\" content=\"Skriven av\" \/>\n\t<meta name=\"twitter:data1\" content=\"KD Sollentuna\" \/>\n\t<meta name=\"twitter:label2\" content=\"Ber\u00e4knad l\u00e4stid\" \/>\n\t<meta name=\"twitter:data2\" content=\"1 minut\" \/>\n<script type=\"application\/ld+json\" class=\"yoast-schema-graph\">{\"@context\":\"https:\\\/\\\/schema.org\",\"@graph\":[{\"@type\":\"Article\",\"@id\":\"https:\\\/\\\/wp.kristdemokraterna.se\\\/sollentuna\\\/kd-firade-kvinnodagen-med-kvinnojouren\\\/#article\",\"isPartOf\":{\"@id\":\"https:\\\/\\\/wp.kristdemokraterna.se\\\/sollentuna\\\/kd-firade-kvinnodagen-med-kvinnojouren\\\/\"},\"author\":{\"name\":\"KD Sollentuna\",\"@id\":\"https:\\\/\\\/wp.kristdemokraterna.se\\\/sollentuna\\\/#\\\/schema\\\/person\\\/40a55bef1c75b5a2b5f5e22f7dba7bad\"},\"headline\":\"KD firade Kvinnodagen med Kvinnojouren\",\"datePublished\":\"2013-03-08T09:53:12+00:00\",\"dateModified\":\"2013-03-24T09:53:28+00:00\",\"mainEntityOfPage\":{\"@id\":\"https:\\\/\\\/wp.kristdemokraterna.se\\\/sollentuna\\\/kd-firade-kvinnodagen-med-kvinnojouren\\\/\"},\"wordCount\":240,\"keywords\":[\"8 mars\",\"kvinnodagen\",\"kvinnojourer\",\"sonia lunnerg\u00e5rd\"],\"articleSection\":[\"Aktiviteter vi genomf\u00f6rt\"],\"inLanguage\":\"sv-SE\"},{\"@type\":\"WebPage\",\"@id\":\"https:\\\/\\\/wp.kristdemokraterna.se\\\/sollentuna\\\/kd-firade-kvinnodagen-med-kvinnojouren\\\/\",\"url\":\"https:\\\/\\\/wp.kristdemokraterna.se\\\/sollentuna\\\/kd-firade-kvinnodagen-med-kvinnojouren\\\/\",\"name\":\"KD firade Kvinnodagen med Kvinnojouren - Kristdemokraterna i Sollentuna\",\"isPartOf\":{\"@id\":\"https:\\\/\\\/wp.kristdemokraterna.se\\\/sollentuna\\\/#website\"},\"datePublished\":\"2013-03-08T09:53:12+00:00\",\"dateModified\":\"2013-03-24T09:53:28+00:00\",\"author\":{\"@id\":\"https:\\\/\\\/wp.kristdemokraterna.se\\\/sollentuna\\\/#\\\/schema\\\/person\\\/40a55bef1c75b5a2b5f5e22f7dba7bad\"},\"breadcrumb\":{\"@id\":\"https:\\\/\\\/wp.kristdemokraterna.se\\\/sollentuna\\\/kd-firade-kvinnodagen-med-kvinnojouren\\\/#breadcrumb\"},\"inLanguage\":\"sv-SE\",\"potentialAction\":[{\"@type\":\"ReadAction\",\"target\":[\"https:\\\/\\\/wp.kristdemokraterna.se\\\/sollentuna\\\/kd-firade-kvinnodagen-med-kvinnojouren\\\/\"]}]},{\"@type\":\"BreadcrumbList\",\"@id\":\"https:\\\/\\\/wp.kristdemokraterna.se\\\/sollentuna\\\/kd-firade-kvinnodagen-med-kvinnojouren\\\/#breadcrumb\",\"itemListElement\":[{\"@type\":\"ListItem\",\"position\":1,\"name\":\"Hem\",\"item\":\"https:\\\/\\\/wp.kristdemokraterna.se\\\/sollentuna\\\/\"},{\"@type\":\"ListItem\",\"position\":2,\"name\":\"KD firade Kvinnodagen med Kvinnojouren\"}]},{\"@type\":\"WebSite\",\"@id\":\"https:\\\/\\\/wp.kristdemokraterna.se\\\/sollentuna\\\/#website\",\"url\":\"https:\\\/\\\/wp.kristdemokraterna.se\\\/sollentuna\\\/\",\"name\":\"Kristdemokraterna i Sollentuna\",\"description\":\"\",\"inLanguage\":\"sv-SE\"},{\"@type\":\"Person\",\"@id\":\"https:\\\/\\\/wp.kristdemokraterna.se\\\/sollentuna\\\/#\\\/schema\\\/person\\\/40a55bef1c75b5a2b5f5e22f7dba7bad\",\"name\":\"KD Sollentuna\",\"image\":{\"@type\":\"ImageObject\",\"inLanguage\":\"sv-SE\",\"@id\":\"https:\\\/\\\/secure.gravatar.com\\\/avatar\\\/18833c8a6166c23169f5fbbcfc06d547dde13c3030952e6fb64680b806332438?s=96&d=mm&r=g\",\"url\":\"https:\\\/\\\/secure.gravatar.com\\\/avatar\\\/18833c8a6166c23169f5fbbcfc06d547dde13c3030952e6fb64680b806332438?s=96&d=mm&r=g\",\"contentUrl\":\"https:\\\/\\\/secure.gravatar.com\\\/avatar\\\/18833c8a6166c23169f5fbbcfc06d547dde13c3030952e6fb64680b806332438?s=96&d=mm&r=g\",\"caption\":\"KD Sollentuna\"},\"url\":\"https:\\\/\\\/wp.kristdemokraterna.se\\\/sollentuna\\\/author\\\/sollentuna\\\/\"}]}<\/script>\n<!-- \/ Yoast SEO plugin. -->","yoast_head_json":{"title":"KD firade Kvinnodagen med Kvinnojouren - Kristdemokraterna i Sollentuna","robots":{"index":"index","follow":"follow","max-snippet":"max-snippet:-1","max-image-preview":"max-image-preview:large","max-video-preview":"max-video-preview:-1"},"canonical":"https:\/\/wp.kristdemokraterna.se\/sollentuna\/kd-firade-kvinnodagen-med-kvinnojouren\/","og_locale":"sv_SE","og_type":"article","og_title":"KD firade Kvinnodagen med Kvinnojouren - Kristdemokraterna i Sollentuna","og_description":"Sonia Lunnerg\u00e5rd \u00e4r sedan m\u00e5nga \u00e5r djupt engagerad i Sollentuna kvinnojour. P\u00e5 Kvinnodagen anordnades en manifestation f\u00f6r att p\u00e5minna om den m\u00f6rka baksida i v\u00e5rt samh\u00e4lle som heter m\u00e4ns v\u00e5ld mot kvinnor. F\u00f6rfattarinnan Elisabet Nemert \u00e4r en av eldsj\u00e4larna i Kvinnojouren. Hennes bok Ljusets dotter \u00e4r en stark ber\u00e4ttelse om v\u00e5ld mot kvinnor p\u00e5 mer","og_url":"https:\/\/wp.kristdemokraterna.se\/sollentuna\/kd-firade-kvinnodagen-med-kvinnojouren\/","og_site_name":"Kristdemokraterna i Sollentuna","article_published_time":"2013-03-08T09:53:12+00:00","article_modified_time":"2013-03-24T09:53:28+00:00","author":"KD Sollentuna","twitter_card":"summary_large_image","twitter_misc":{"Skriven av":"KD Sollentuna","Ber\u00e4knad l\u00e4stid":"1 minut"},"schema":{"@context":"https:\/\/schema.org","@graph":[{"@type":"Article","@id":"https:\/\/wp.kristdemokraterna.se\/sollentuna\/kd-firade-kvinnodagen-med-kvinnojouren\/#article","isPartOf":{"@id":"https:\/\/wp.kristdemokraterna.se\/sollentuna\/kd-firade-kvinnodagen-med-kvinnojouren\/"},"author":{"name":"KD Sollentuna","@id":"https:\/\/wp.kristdemokraterna.se\/sollentuna\/#\/schema\/person\/40a55bef1c75b5a2b5f5e22f7dba7bad"},"headline":"KD firade Kvinnodagen med Kvinnojouren","datePublished":"2013-03-08T09:53:12+00:00","dateModified":"2013-03-24T09:53:28+00:00","mainEntityOfPage":{"@id":"https:\/\/wp.kristdemokraterna.se\/sollentuna\/kd-firade-kvinnodagen-med-kvinnojouren\/"},"wordCount":240,"keywords":["8 mars","kvinnodagen","kvinnojourer","sonia lunnerg\u00e5rd"],"articleSection":["Aktiviteter vi genomf\u00f6rt"],"inLanguage":"sv-SE"},{"@type":"WebPage","@id":"https:\/\/wp.kristdemokraterna.se\/sollentuna\/kd-firade-kvinnodagen-med-kvinnojouren\/","url":"https:\/\/wp.kristdemokraterna.se\/sollentuna\/kd-firade-kvinnodagen-med-kvinnojouren\/","name":"KD firade Kvinnodagen med Kvinnojouren - Kristdemokraterna i Sollentuna","isPartOf":{"@id":"https:\/\/wp.kristdemokraterna.se\/sollentuna\/#website"},"datePublished":"2013-03-08T09:53:12+00:00","dateModified":"2013-03-24T09:53:28+00:00","author":{"@id":"https:\/\/wp.kristdemokraterna.se\/sollentuna\/#\/schema\/person\/40a55bef1c75b5a2b5f5e22f7dba7bad"},"breadcrumb":{"@id":"https:\/\/wp.kristdemokraterna.se\/sollentuna\/kd-firade-kvinnodagen-med-kvinnojouren\/#breadcrumb"},"inLanguage":"sv-SE","potentialAction":[{"@type":"ReadAction","target":["https:\/\/wp.kristdemokraterna.se\/sollentuna\/kd-firade-kvinnodagen-med-kvinnojouren\/"]}]},{"@type":"BreadcrumbList","@id":"https:\/\/wp.kristdemokraterna.se\/sollentuna\/kd-firade-kvinnodagen-med-kvinnojouren\/#breadcrumb","itemListElement":[{"@type":"ListItem","position":1,"name":"Hem","item":"https:\/\/wp.kristdemokraterna.se\/sollentuna\/"},{"@type":"ListItem","position":2,"name":"KD firade Kvinnodagen med Kvinnojouren"}]},{"@type":"WebSite","@id":"https:\/\/wp.kristdemokraterna.se\/sollentuna\/#website","url":"https:\/\/wp.kristdemokraterna.se\/sollentuna\/","name":"Kristdemokraterna i Sollentuna","description":"","inLanguage":"sv-SE"},{"@type":"Person","@id":"https:\/\/wp.kristdemokraterna.se\/sollentuna\/#\/schema\/person\/40a55bef1c75b5a2b5f5e22f7dba7bad","name":"KD Sollentuna","image":{"@type":"ImageObject","inLanguage":"sv-SE","@id":"https:\/\/secure.gravatar.com\/avatar\/18833c8a6166c23169f5fbbcfc06d547dde13c3030952e6fb64680b806332438?s=96&d=mm&r=g","url":"https:\/\/secure.gravatar.com\/avatar\/18833c8a6166c23169f5fbbcfc06d547dde13c3030952e6fb64680b806332438?s=96&d=mm&r=g","contentUrl":"https:\/\/secure.gravatar.com\/avatar\/18833c8a6166c23169f5fbbcfc06d547dde13c3030952e6fb64680b806332438?s=96&d=mm&r=g","caption":"KD Sollentuna"},"url":"https:\/\/wp.kristdemokraterna.se\/sollentuna\/author\/sollentuna\/"}]}},"_links":{"self":[{"href":"https:\/\/wp.kristdemokraterna.se\/sollentuna\/wp-json\/wp\/v2\/posts\/202","targetHints":{"allow":["GET"]}}],"collection":[{"href":"https:\/\/wp.kristdemokraterna.se\/sollentuna\/wp-json\/wp\/v2\/posts"}],"about":[{"href":"https:\/\/wp.kristdemokraterna.se\/sollentuna\/wp-json\/wp\/v2\/types\/post"}],"author":[{"embeddable":true,"href":"https:\/\/wp.kristdemokraterna.se\/sollentuna\/wp-json\/wp\/v2\/users\/41"}],"replies":[{"embeddable":true,"href":"https:\/\/wp.kristdemokraterna.se\/sollentuna\/wp-json\/wp\/v2\/comments?post=202"}],"version-history":[{"count":2,"href":"https:\/\/wp.kristdemokraterna.se\/sollentuna\/wp-json\/wp\/v2\/posts\/202\/revisions"}],"predecessor-version":[{"id":204,"href":"https:\/\/wp.kristdemokraterna.se\/sollentuna\/wp-json\/wp\/v2\/posts\/202\/revisions\/204"}],"wp:attachment":[{"href":"https:\/\/wp.kristdemokraterna.se\/sollentuna\/wp-json\/wp\/v2\/media?parent=202"}],"wp:term":[{"taxonomy":"category","embeddable":true,"href":"https:\/\/wp.kristdemokraterna.se\/sollentuna\/wp-json\/wp\/v2\/categories?post=202"},{"taxonomy":"post_tag","embeddable":true,"href":"https:\/\/wp.kristdemokraterna.se\/sollentuna\/wp-json\/wp\/v2\/tags?post=202"}],"curies":[{"name":"wp","href":"https:\/\/api.w.org\/{rel}","templated":true}]}}