{"id":289,"date":"2011-10-11T12:56:10","date_gmt":"2011-10-11T10:56:10","guid":{"rendered":"http:\/\/wp.kristdemokraterna.se\/sollentuna\/?p=289"},"modified":"2013-03-24T12:58:21","modified_gmt":"2013-03-24T11:58:21","slug":"succe-for-foreningsmassan-i-stinsen","status":"publish","type":"post","link":"https:\/\/wp.kristdemokraterna.se\/sollentuna\/succe-for-foreningsmassan-i-stinsen\/","title":{"rendered":"Succ\u00e9 f\u00f6r F\u00f6reningsm\u00e4ssan i Stinsen"},"content":{"rendered":"<p>Ett 50-tal f\u00f6reningar deltog med information och framtr\u00e4danden fr\u00e5n scenen under F\u00f6reningsm\u00e4ssan.<\/p>\n<p>&#8211; Vi vill \u00e5rligen ordna en F\u00f6reningsm\u00e4ssa f\u00f6r att visa kommunens st\u00f6d till f\u00f6reningslivet och g\u00f6ra f\u00f6reningslivet synligt. Dels tror vi det finns ett v\u00e4rde att f\u00f6reningar l\u00e4r k\u00e4nna varandra och kanske kan samverka i olika fr\u00e5gor, s\u00e4ger Magnus Ramstrand.<\/p>\n<p>I den politiska plattformen som allianspartierna i Sollentuna skrev under och som \u00e4r ett styrdokument f\u00f6r kommunens arbete under den innevarande mandatperioden, s\u00e5 finns det ett tydligt uppdrag att samverka med den ideella sektorn.<\/p>\n<p>&#8211; Just nu jobbar vi med budgeten f\u00f6r \u00e5r 2012. Jag kan inte avsl\u00f6ja n\u00e5gra detaljer men s\u00e5 mycket kan jag s\u00e4ga att det kommer att synas ocks\u00e5 i budgeten att vi menar allvar med den politiska plattformen, s\u00e4ger Magnus Ramstrand.<\/p>\n<p>Magnus Ramstrand tycker att det \u00e4r positivt att F\u00f6reningsm\u00e4ssan \u00e4ger rum i ett k\u00f6pcentrum som Stinsen.<\/p>\n<p>&#8211; Samh\u00e4llet kan delas in i tre sektorer \u2013 civilsamh\u00e4llet (ideella sektorn), n\u00e4ringslivet och kommunen\/staten. Under F\u00f6reningsm\u00e4ssan i Stinsen m\u00f6ts dessa sektorer till ett kreativt m\u00f6te. Jag vill passa p\u00e5 att tacka centrumledningen i Stinsen f\u00f6r deras tillm\u00f6tesg\u00e5ende attityd, s\u00e4ger Magnus Ramstrand.<\/p>\n<p>&nbsp;<\/p>\n<p>Fakta:<\/p>\n<p>Tre miljoner svenskar jobbar frivilligt.<\/p>\n<p>De l\u00e4gger cirka 480 miljoner timmar per \u00e5r, 13 timmar per person och m\u00e5nad i arbetet inom 200 000 organisationer.<\/p>\n<p>V\u00e4rdet av det frivilliga arbetet ber\u00e4knas till 70 miljarder kronor.<\/p>\n<p>Den redovisade oms\u00e4ttningen i frivilligsektorn \u00e4r drygt 60 miljarder per \u00e5r.<\/p>\n<p>Arbetet motsvarar 300 000 heltidstj\u00e4nster.<\/p>\n<p>Den st\u00f6rsta gruppen bland frivilligarbetare \u00e4r f\u00f6rv\u00e4rvsarbetande 35-49-\u00e5ringar.10% av frivilligarbetarna uppfattar att deras arbete ers\u00e4tter &#8221;riktiga jobb&#8221;. Arbetet best\u00e5r till exempel i att h\u00e5lla sociala m\u00f6tesplatser \u00f6ppna med kaffe och te, k\u00f6ra ut fika till uteliggare, f\u00f6lja med p\u00e5 sjukbes\u00f6k, ing\u00e5 i telefonjourer, v\u00e4ntj\u00e4nster, anh\u00f6rigst\u00f6df\u00f6reningar, idrotts- f\u00f6reningar.<\/p>\n<p>Attityden till frivilligarbete i Sverige \u00e4r att det \u00e4r ett engagemang som ger de frivilligarbetande minst lika mycket utdelning som dem som de st\u00e4ller upp f\u00f6r.<\/p>\n","protected":false},"excerpt":{"rendered":"<p>Ett 50-tal f\u00f6reningar deltog med information och framtr\u00e4danden fr\u00e5n scenen under F\u00f6reningsm\u00e4ssan. &#8211; Vi vill \u00e5rligen ordna en F\u00f6reningsm\u00e4ssa f\u00f6r att visa kommunens st\u00f6d till f\u00f6reningslivet och g\u00f6ra f\u00f6reningslivet synligt. Dels tror vi det finns ett v\u00e4rde att f\u00f6reningar l\u00e4r k\u00e4nna varandra och kanske kan samverka i olika fr\u00e5gor, s\u00e4ger Magnus Ramstrand. I den <a class=\"read-more-link\" href=\"https:\/\/wp.kristdemokraterna.se\/sollentuna\/succe-for-foreningsmassan-i-stinsen\/\">mer<\/a><\/p>\n","protected":false},"author":41,"featured_media":0,"comment_status":"closed","ping_status":"open","sticky":false,"template":"","format":"standard","meta":{"_acf_changed":false,"footnotes":""},"categories":[5,7],"tags":[118,14,15,119],"class_list":["post-289","post","type-post","status-publish","format-standard","hentry","category-aktiviteter","category-aktuell-politik","tag-foreningsmassan","tag-kultur-och-fritidsnamnden","tag-magnus-ramstrand","tag-stinsen"],"acf":[],"yoast_head":"<!-- This site is optimized with the Yoast SEO plugin v27.5 - https:\/\/yoast.com\/product\/yoast-seo-wordpress\/ -->\n<title>Succ\u00e9 f\u00f6r F\u00f6reningsm\u00e4ssan i Stinsen - Kristdemokraterna i Sollentuna<\/title>\n<meta name=\"robots\" content=\"index, follow, max-snippet:-1, max-image-preview:large, max-video-preview:-1\" \/>\n<link rel=\"canonical\" href=\"https:\/\/wp.kristdemokraterna.se\/sollentuna\/succe-for-foreningsmassan-i-stinsen\/\" \/>\n<meta property=\"og:locale\" content=\"sv_SE\" \/>\n<meta property=\"og:type\" content=\"article\" \/>\n<meta property=\"og:title\" content=\"Succ\u00e9 f\u00f6r F\u00f6reningsm\u00e4ssan i Stinsen - Kristdemokraterna i Sollentuna\" \/>\n<meta property=\"og:description\" content=\"Ett 50-tal f\u00f6reningar deltog med information och framtr\u00e4danden fr\u00e5n scenen under F\u00f6reningsm\u00e4ssan. &#8211; Vi vill \u00e5rligen ordna en F\u00f6reningsm\u00e4ssa f\u00f6r att visa kommunens st\u00f6d till f\u00f6reningslivet och g\u00f6ra f\u00f6reningslivet synligt. Dels tror vi det finns ett v\u00e4rde att f\u00f6reningar l\u00e4r k\u00e4nna varandra och kanske kan samverka i olika fr\u00e5gor, s\u00e4ger Magnus Ramstrand. I den mer\" \/>\n<meta property=\"og:url\" content=\"https:\/\/wp.kristdemokraterna.se\/sollentuna\/succe-for-foreningsmassan-i-stinsen\/\" \/>\n<meta property=\"og:site_name\" content=\"Kristdemokraterna i Sollentuna\" \/>\n<meta property=\"article:published_time\" content=\"2011-10-11T10:56:10+00:00\" \/>\n<meta property=\"article:modified_time\" content=\"2013-03-24T11:58:21+00:00\" \/>\n<meta name=\"author\" content=\"KD Sollentuna\" \/>\n<meta name=\"twitter:card\" content=\"summary_large_image\" \/>\n<meta name=\"twitter:label1\" content=\"Skriven av\" \/>\n\t<meta name=\"twitter:data1\" content=\"KD Sollentuna\" \/>\n\t<meta name=\"twitter:label2\" content=\"Ber\u00e4knad l\u00e4stid\" \/>\n\t<meta name=\"twitter:data2\" content=\"2 minuter\" \/>\n<script type=\"application\/ld+json\" class=\"yoast-schema-graph\">{\"@context\":\"https:\\\/\\\/schema.org\",\"@graph\":[{\"@type\":\"Article\",\"@id\":\"https:\\\/\\\/wp.kristdemokraterna.se\\\/sollentuna\\\/succe-for-foreningsmassan-i-stinsen\\\/#article\",\"isPartOf\":{\"@id\":\"https:\\\/\\\/wp.kristdemokraterna.se\\\/sollentuna\\\/succe-for-foreningsmassan-i-stinsen\\\/\"},\"author\":{\"name\":\"KD Sollentuna\",\"@id\":\"https:\\\/\\\/wp.kristdemokraterna.se\\\/sollentuna\\\/#\\\/schema\\\/person\\\/40a55bef1c75b5a2b5f5e22f7dba7bad\"},\"headline\":\"Succ\u00e9 f\u00f6r F\u00f6reningsm\u00e4ssan i Stinsen\",\"datePublished\":\"2011-10-11T10:56:10+00:00\",\"dateModified\":\"2013-03-24T11:58:21+00:00\",\"mainEntityOfPage\":{\"@id\":\"https:\\\/\\\/wp.kristdemokraterna.se\\\/sollentuna\\\/succe-for-foreningsmassan-i-stinsen\\\/\"},\"wordCount\":374,\"keywords\":[\"f\u00f6reningsm\u00e4ssan\",\"kultur- och fritidsn\u00e4mnden\",\"magnus ramstrand\",\"stinsen\"],\"articleSection\":[\"Aktiviteter vi genomf\u00f6rt\",\"Aktuell politik\"],\"inLanguage\":\"sv-SE\"},{\"@type\":\"WebPage\",\"@id\":\"https:\\\/\\\/wp.kristdemokraterna.se\\\/sollentuna\\\/succe-for-foreningsmassan-i-stinsen\\\/\",\"url\":\"https:\\\/\\\/wp.kristdemokraterna.se\\\/sollentuna\\\/succe-for-foreningsmassan-i-stinsen\\\/\",\"name\":\"Succ\u00e9 f\u00f6r F\u00f6reningsm\u00e4ssan i Stinsen - Kristdemokraterna i Sollentuna\",\"isPartOf\":{\"@id\":\"https:\\\/\\\/wp.kristdemokraterna.se\\\/sollentuna\\\/#website\"},\"datePublished\":\"2011-10-11T10:56:10+00:00\",\"dateModified\":\"2013-03-24T11:58:21+00:00\",\"author\":{\"@id\":\"https:\\\/\\\/wp.kristdemokraterna.se\\\/sollentuna\\\/#\\\/schema\\\/person\\\/40a55bef1c75b5a2b5f5e22f7dba7bad\"},\"breadcrumb\":{\"@id\":\"https:\\\/\\\/wp.kristdemokraterna.se\\\/sollentuna\\\/succe-for-foreningsmassan-i-stinsen\\\/#breadcrumb\"},\"inLanguage\":\"sv-SE\",\"potentialAction\":[{\"@type\":\"ReadAction\",\"target\":[\"https:\\\/\\\/wp.kristdemokraterna.se\\\/sollentuna\\\/succe-for-foreningsmassan-i-stinsen\\\/\"]}]},{\"@type\":\"BreadcrumbList\",\"@id\":\"https:\\\/\\\/wp.kristdemokraterna.se\\\/sollentuna\\\/succe-for-foreningsmassan-i-stinsen\\\/#breadcrumb\",\"itemListElement\":[{\"@type\":\"ListItem\",\"position\":1,\"name\":\"Hem\",\"item\":\"https:\\\/\\\/wp.kristdemokraterna.se\\\/sollentuna\\\/\"},{\"@type\":\"ListItem\",\"position\":2,\"name\":\"Succ\u00e9 f\u00f6r F\u00f6reningsm\u00e4ssan i Stinsen\"}]},{\"@type\":\"WebSite\",\"@id\":\"https:\\\/\\\/wp.kristdemokraterna.se\\\/sollentuna\\\/#website\",\"url\":\"https:\\\/\\\/wp.kristdemokraterna.se\\\/sollentuna\\\/\",\"name\":\"Kristdemokraterna i Sollentuna\",\"description\":\"\",\"inLanguage\":\"sv-SE\"},{\"@type\":\"Person\",\"@id\":\"https:\\\/\\\/wp.kristdemokraterna.se\\\/sollentuna\\\/#\\\/schema\\\/person\\\/40a55bef1c75b5a2b5f5e22f7dba7bad\",\"name\":\"KD Sollentuna\",\"image\":{\"@type\":\"ImageObject\",\"inLanguage\":\"sv-SE\",\"@id\":\"https:\\\/\\\/secure.gravatar.com\\\/avatar\\\/18833c8a6166c23169f5fbbcfc06d547dde13c3030952e6fb64680b806332438?s=96&d=mm&r=g\",\"url\":\"https:\\\/\\\/secure.gravatar.com\\\/avatar\\\/18833c8a6166c23169f5fbbcfc06d547dde13c3030952e6fb64680b806332438?s=96&d=mm&r=g\",\"contentUrl\":\"https:\\\/\\\/secure.gravatar.com\\\/avatar\\\/18833c8a6166c23169f5fbbcfc06d547dde13c3030952e6fb64680b806332438?s=96&d=mm&r=g\",\"caption\":\"KD Sollentuna\"},\"url\":\"https:\\\/\\\/wp.kristdemokraterna.se\\\/sollentuna\\\/author\\\/sollentuna\\\/\"}]}<\/script>\n<!-- \/ Yoast SEO plugin. -->","yoast_head_json":{"title":"Succ\u00e9 f\u00f6r F\u00f6reningsm\u00e4ssan i Stinsen - Kristdemokraterna i Sollentuna","robots":{"index":"index","follow":"follow","max-snippet":"max-snippet:-1","max-image-preview":"max-image-preview:large","max-video-preview":"max-video-preview:-1"},"canonical":"https:\/\/wp.kristdemokraterna.se\/sollentuna\/succe-for-foreningsmassan-i-stinsen\/","og_locale":"sv_SE","og_type":"article","og_title":"Succ\u00e9 f\u00f6r F\u00f6reningsm\u00e4ssan i Stinsen - Kristdemokraterna i Sollentuna","og_description":"Ett 50-tal f\u00f6reningar deltog med information och framtr\u00e4danden fr\u00e5n scenen under F\u00f6reningsm\u00e4ssan. &#8211; Vi vill \u00e5rligen ordna en F\u00f6reningsm\u00e4ssa f\u00f6r att visa kommunens st\u00f6d till f\u00f6reningslivet och g\u00f6ra f\u00f6reningslivet synligt. Dels tror vi det finns ett v\u00e4rde att f\u00f6reningar l\u00e4r k\u00e4nna varandra och kanske kan samverka i olika fr\u00e5gor, s\u00e4ger Magnus Ramstrand. I den mer","og_url":"https:\/\/wp.kristdemokraterna.se\/sollentuna\/succe-for-foreningsmassan-i-stinsen\/","og_site_name":"Kristdemokraterna i Sollentuna","article_published_time":"2011-10-11T10:56:10+00:00","article_modified_time":"2013-03-24T11:58:21+00:00","author":"KD Sollentuna","twitter_card":"summary_large_image","twitter_misc":{"Skriven av":"KD Sollentuna","Ber\u00e4knad l\u00e4stid":"2 minuter"},"schema":{"@context":"https:\/\/schema.org","@graph":[{"@type":"Article","@id":"https:\/\/wp.kristdemokraterna.se\/sollentuna\/succe-for-foreningsmassan-i-stinsen\/#article","isPartOf":{"@id":"https:\/\/wp.kristdemokraterna.se\/sollentuna\/succe-for-foreningsmassan-i-stinsen\/"},"author":{"name":"KD Sollentuna","@id":"https:\/\/wp.kristdemokraterna.se\/sollentuna\/#\/schema\/person\/40a55bef1c75b5a2b5f5e22f7dba7bad"},"headline":"Succ\u00e9 f\u00f6r F\u00f6reningsm\u00e4ssan i Stinsen","datePublished":"2011-10-11T10:56:10+00:00","dateModified":"2013-03-24T11:58:21+00:00","mainEntityOfPage":{"@id":"https:\/\/wp.kristdemokraterna.se\/sollentuna\/succe-for-foreningsmassan-i-stinsen\/"},"wordCount":374,"keywords":["f\u00f6reningsm\u00e4ssan","kultur- och fritidsn\u00e4mnden","magnus ramstrand","stinsen"],"articleSection":["Aktiviteter vi genomf\u00f6rt","Aktuell politik"],"inLanguage":"sv-SE"},{"@type":"WebPage","@id":"https:\/\/wp.kristdemokraterna.se\/sollentuna\/succe-for-foreningsmassan-i-stinsen\/","url":"https:\/\/wp.kristdemokraterna.se\/sollentuna\/succe-for-foreningsmassan-i-stinsen\/","name":"Succ\u00e9 f\u00f6r F\u00f6reningsm\u00e4ssan i Stinsen - Kristdemokraterna i Sollentuna","isPartOf":{"@id":"https:\/\/wp.kristdemokraterna.se\/sollentuna\/#website"},"datePublished":"2011-10-11T10:56:10+00:00","dateModified":"2013-03-24T11:58:21+00:00","author":{"@id":"https:\/\/wp.kristdemokraterna.se\/sollentuna\/#\/schema\/person\/40a55bef1c75b5a2b5f5e22f7dba7bad"},"breadcrumb":{"@id":"https:\/\/wp.kristdemokraterna.se\/sollentuna\/succe-for-foreningsmassan-i-stinsen\/#breadcrumb"},"inLanguage":"sv-SE","potentialAction":[{"@type":"ReadAction","target":["https:\/\/wp.kristdemokraterna.se\/sollentuna\/succe-for-foreningsmassan-i-stinsen\/"]}]},{"@type":"BreadcrumbList","@id":"https:\/\/wp.kristdemokraterna.se\/sollentuna\/succe-for-foreningsmassan-i-stinsen\/#breadcrumb","itemListElement":[{"@type":"ListItem","position":1,"name":"Hem","item":"https:\/\/wp.kristdemokraterna.se\/sollentuna\/"},{"@type":"ListItem","position":2,"name":"Succ\u00e9 f\u00f6r F\u00f6reningsm\u00e4ssan i Stinsen"}]},{"@type":"WebSite","@id":"https:\/\/wp.kristdemokraterna.se\/sollentuna\/#website","url":"https:\/\/wp.kristdemokraterna.se\/sollentuna\/","name":"Kristdemokraterna i Sollentuna","description":"","inLanguage":"sv-SE"},{"@type":"Person","@id":"https:\/\/wp.kristdemokraterna.se\/sollentuna\/#\/schema\/person\/40a55bef1c75b5a2b5f5e22f7dba7bad","name":"KD Sollentuna","image":{"@type":"ImageObject","inLanguage":"sv-SE","@id":"https:\/\/secure.gravatar.com\/avatar\/18833c8a6166c23169f5fbbcfc06d547dde13c3030952e6fb64680b806332438?s=96&d=mm&r=g","url":"https:\/\/secure.gravatar.com\/avatar\/18833c8a6166c23169f5fbbcfc06d547dde13c3030952e6fb64680b806332438?s=96&d=mm&r=g","contentUrl":"https:\/\/secure.gravatar.com\/avatar\/18833c8a6166c23169f5fbbcfc06d547dde13c3030952e6fb64680b806332438?s=96&d=mm&r=g","caption":"KD Sollentuna"},"url":"https:\/\/wp.kristdemokraterna.se\/sollentuna\/author\/sollentuna\/"}]}},"_links":{"self":[{"href":"https:\/\/wp.kristdemokraterna.se\/sollentuna\/wp-json\/wp\/v2\/posts\/289","targetHints":{"allow":["GET"]}}],"collection":[{"href":"https:\/\/wp.kristdemokraterna.se\/sollentuna\/wp-json\/wp\/v2\/posts"}],"about":[{"href":"https:\/\/wp.kristdemokraterna.se\/sollentuna\/wp-json\/wp\/v2\/types\/post"}],"author":[{"embeddable":true,"href":"https:\/\/wp.kristdemokraterna.se\/sollentuna\/wp-json\/wp\/v2\/users\/41"}],"replies":[{"embeddable":true,"href":"https:\/\/wp.kristdemokraterna.se\/sollentuna\/wp-json\/wp\/v2\/comments?post=289"}],"version-history":[{"count":1,"href":"https:\/\/wp.kristdemokraterna.se\/sollentuna\/wp-json\/wp\/v2\/posts\/289\/revisions"}],"predecessor-version":[{"id":290,"href":"https:\/\/wp.kristdemokraterna.se\/sollentuna\/wp-json\/wp\/v2\/posts\/289\/revisions\/290"}],"wp:attachment":[{"href":"https:\/\/wp.kristdemokraterna.se\/sollentuna\/wp-json\/wp\/v2\/media?parent=289"}],"wp:term":[{"taxonomy":"category","embeddable":true,"href":"https:\/\/wp.kristdemokraterna.se\/sollentuna\/wp-json\/wp\/v2\/categories?post=289"},{"taxonomy":"post_tag","embeddable":true,"href":"https:\/\/wp.kristdemokraterna.se\/sollentuna\/wp-json\/wp\/v2\/tags?post=289"}],"curies":[{"name":"wp","href":"https:\/\/api.w.org\/{rel}","templated":true}]}}