{"id":306,"date":"2013-05-21T17:58:45","date_gmt":"2013-05-21T15:58:45","guid":{"rendered":"http:\/\/wp.kristdemokraterna.se\/sollentuna\/?p=306"},"modified":"2013-05-21T18:00:06","modified_gmt":"2013-05-21T16:00:06","slug":"manga-ville-prata-om-att-vara-ung-i-sollentuna","status":"publish","type":"post","link":"https:\/\/wp.kristdemokraterna.se\/sollentuna\/manga-ville-prata-om-att-vara-ung-i-sollentuna\/","title":{"rendered":"M\u00e5nga ville prata om att vara ung i Sollentuna"},"content":{"rendered":"<p style=\"text-align: center\"><a href=\"http:\/\/wp.kristdemokraterna.se\/sollentuna\/files\/2013\/05\/biblioteketsollentuna.jpg\"><img loading=\"lazy\" decoding=\"async\" class=\"aligncenter size-full wp-image-308\" title=\"Anna Magnusson talar p\u00e5 samtalskv\u00e4llen i Sollentuna bibliotek.\" alt=\"Anna Magnusson talar p\u00e5 samtalskv\u00e4llen i Sollentuna bibliotek.\" src=\"http:\/\/wp.kristdemokraterna.se\/sollentuna\/files\/2013\/05\/biblioteketsollentuna.jpg\" width=\"320\" height=\"240\" srcset=\"https:\/\/wp.kristdemokraterna.se\/sollentuna\/files\/2013\/05\/biblioteketsollentuna.jpg 320w, https:\/\/wp.kristdemokraterna.se\/sollentuna\/files\/2013\/05\/biblioteketsollentuna-300x225.jpg 300w, https:\/\/wp.kristdemokraterna.se\/sollentuna\/files\/2013\/05\/biblioteketsollentuna-149x112.jpg 149w\" sizes=\"auto, (max-width: 320px) 100vw, 320px\" \/><\/a><\/p>\n<p>Kristdemokraternas samtalskv\u00e4ll den 15 maj om hur Sollentuna ska bli en b\u00e4ttre ungdomskommun blev v\u00e4lbes\u00f6kt. Och publiken var med p\u00e5 noterna. Fr\u00e5gorna till panelen handlade om allt fr\u00e5n hur kommunen kan hj\u00e4lpa till att starta en f\u00f6rening till hj\u00e4lp med att f\u00e5 loss en boll som fastnat i ett n\u00e4t.<\/p>\n<p>Kultur- och fritidsn\u00e4mndens ordf\u00f6rande Magnus Ramstrand (KD), som ocks\u00e5 \u00e4r ordf\u00f6rande f\u00f6r Brottsf\u00f6rebyggande r\u00e5det, var moderator.<\/p>\n<p>&#8211; Kristdemokraterna har som ett tydligt fokusomr\u00e5de barn- och ungdomars uppv\u00e4xtvillkor. D\u00e4rf\u00f6r var det naturligt f\u00f6r oss att ta upp den fr\u00e5gan till samtal, s\u00e4ger han. Jag har varit i kontakt med KFUM som genomf\u00f6rt en kommunranking p\u00e5 hur bra kommunerna \u00e4r att v\u00e4xa upp i som ungdom. (unders\u00f6kningen finns p\u00e5 <a href=\"http:\/\/kfum.se\/vad-vi-gor\/hallbarhet\/ungdomskommunranking\/\" target=\"_blank\">kfum.se<\/a>). D\u00e4r hamnar v\u00e5r kommun v\u00e4ldigt l\u00e5ngt nere. Man ska alltid vara skeptisk till den h\u00e4r typen av unders\u00f6kningar. Men deras fr\u00e5gest\u00e4llningar var viktiga och eftersom tidningen Vi i Sollentuna skrivit en hel del om detta, ville vi ha med dem ocks\u00e5.<\/p>\n<p>Anna Magnusson fr\u00e5n KFUM ber\u00e4ttade om den rankingen organisationen hade gjort. Det viktiga \u00e4r inte statistiken eller siffror, menade hon, utan att man medvetet f\u00f6rs\u00f6ker arbeta f\u00f6rebyggande och vill f\u00f6r\u00e4ndra. F\u00f6reningslivet \u00e4r till exempel j\u00e4tteviktigt. Det offentliga st\u00f6det \u00e4r viktigt f\u00f6r f\u00f6reningar.<\/p>\n<p>P\u00e5 riksniv\u00e5 prioriteras t\u00e4vlingsidrott v\u00e4ldigt mycket. KFUM vill ist\u00e4llet se mer av m\u00f6tesplatser och att man inte bara ska konsumera upplevelser utan ocks\u00e5 vara delaktig och skapa sj\u00e4lv.\u00a0P\u00e5 ett antal variabler kommer Sollentuna p\u00e5 mindre bra plats n\u00e4r man j\u00e4mf\u00f6r med andra kommuner. P\u00e5 vissa omr\u00e5den kan man l\u00e4ra en del av exempelvis grannkommunen Upplands V\u00e4sby.<\/p>\n<p>Anna Magnusson uppmuntrade till att l\u00e5ta Sollentuna Ungdomsr\u00e5d vara med och best\u00e4mma mer och lyssna p\u00e5 vad de har att s\u00e4ga. Hon upprepade sin uppmaning att satsa p\u00e5 f\u00f6reningslivet och po\u00e4ngterade vikten av vuxna f\u00f6rebilder och att det finns vuxna som tar ansvar.<\/p>\n<p>Kristdemokraternas ordf\u00f6rande Carin Lindell, som varit i kontakt med Arbetsf\u00f6rmedlingen och bjudit in Hans Wernberg som \u00e4r chef p\u00e5 kontoret i Sollentuna, \u00e4r n\u00f6jd med kv\u00e4llen.<\/p>\n<p>&#8211; Vi fick ett bra och \u00f6ppet samtal som vi ska f\u00f6lja upp. Att cirka 40 personer kom till biblioteket tycker jag var v\u00e4ldigt kul, s\u00e4ger Carin Lindell.<\/p>\n","protected":false},"excerpt":{"rendered":"<p>Kristdemokraternas samtalskv\u00e4ll den 15 maj om hur Sollentuna ska bli en b\u00e4ttre ungdomskommun blev v\u00e4lbes\u00f6kt. Och publiken var med p\u00e5 noterna. Fr\u00e5gorna till panelen handlade om allt fr\u00e5n hur kommunen kan hj\u00e4lpa till att starta en f\u00f6rening till hj\u00e4lp med att f\u00e5 loss en boll som fastnat i ett n\u00e4t. Kultur- och fritidsn\u00e4mndens ordf\u00f6rande <a class=\"read-more-link\" href=\"https:\/\/wp.kristdemokraterna.se\/sollentuna\/manga-ville-prata-om-att-vara-ung-i-sollentuna\/\">mer<\/a><\/p>\n","protected":false},"author":41,"featured_media":0,"comment_status":"closed","ping_status":"open","sticky":false,"template":"","format":"standard","meta":{"_acf_changed":false,"footnotes":""},"categories":[5],"tags":[127,123,124,125,126,122],"class_list":["post-306","post","type-post","status-publish","format-standard","hentry","category-aktiviteter","tag-biblioteket","tag-diskussionskvall","tag-framtid","tag-kfum","tag-ranking","tag-ungdomar"],"acf":[],"yoast_head":"<!-- This site is optimized with the Yoast SEO plugin v27.5 - https:\/\/yoast.com\/product\/yoast-seo-wordpress\/ -->\n<title>M\u00e5nga ville prata om att vara ung i Sollentuna - Kristdemokraterna i Sollentuna<\/title>\n<meta name=\"robots\" content=\"index, follow, max-snippet:-1, max-image-preview:large, max-video-preview:-1\" \/>\n<link rel=\"canonical\" href=\"https:\/\/wp.kristdemokraterna.se\/sollentuna\/manga-ville-prata-om-att-vara-ung-i-sollentuna\/\" \/>\n<meta property=\"og:locale\" content=\"sv_SE\" \/>\n<meta property=\"og:type\" content=\"article\" \/>\n<meta property=\"og:title\" content=\"M\u00e5nga ville prata om att vara ung i Sollentuna - Kristdemokraterna i Sollentuna\" \/>\n<meta property=\"og:description\" content=\"Kristdemokraternas samtalskv\u00e4ll den 15 maj om hur Sollentuna ska bli en b\u00e4ttre ungdomskommun blev v\u00e4lbes\u00f6kt. Och publiken var med p\u00e5 noterna. Fr\u00e5gorna till panelen handlade om allt fr\u00e5n hur kommunen kan hj\u00e4lpa till att starta en f\u00f6rening till hj\u00e4lp med att f\u00e5 loss en boll som fastnat i ett n\u00e4t. Kultur- och fritidsn\u00e4mndens ordf\u00f6rande mer\" \/>\n<meta property=\"og:url\" content=\"https:\/\/wp.kristdemokraterna.se\/sollentuna\/manga-ville-prata-om-att-vara-ung-i-sollentuna\/\" \/>\n<meta property=\"og:site_name\" content=\"Kristdemokraterna i Sollentuna\" \/>\n<meta property=\"article:published_time\" content=\"2013-05-21T15:58:45+00:00\" \/>\n<meta property=\"article:modified_time\" content=\"2013-05-21T16:00:06+00:00\" \/>\n<meta property=\"og:image\" content=\"http:\/\/wp.kristdemokraterna.se\/sollentuna\/files\/2013\/05\/biblioteketsollentuna.jpg\" \/>\n<meta name=\"author\" content=\"KD Sollentuna\" \/>\n<meta name=\"twitter:card\" content=\"summary_large_image\" \/>\n<meta name=\"twitter:label1\" content=\"Skriven av\" \/>\n\t<meta name=\"twitter:data1\" content=\"KD Sollentuna\" \/>\n\t<meta name=\"twitter:label2\" content=\"Ber\u00e4knad l\u00e4stid\" \/>\n\t<meta name=\"twitter:data2\" content=\"2 minuter\" \/>\n<script type=\"application\/ld+json\" class=\"yoast-schema-graph\">{\"@context\":\"https:\\\/\\\/schema.org\",\"@graph\":[{\"@type\":\"Article\",\"@id\":\"https:\\\/\\\/wp.kristdemokraterna.se\\\/sollentuna\\\/manga-ville-prata-om-att-vara-ung-i-sollentuna\\\/#article\",\"isPartOf\":{\"@id\":\"https:\\\/\\\/wp.kristdemokraterna.se\\\/sollentuna\\\/manga-ville-prata-om-att-vara-ung-i-sollentuna\\\/\"},\"author\":{\"name\":\"KD Sollentuna\",\"@id\":\"https:\\\/\\\/wp.kristdemokraterna.se\\\/sollentuna\\\/#\\\/schema\\\/person\\\/40a55bef1c75b5a2b5f5e22f7dba7bad\"},\"headline\":\"M\u00e5nga ville prata om att vara ung i Sollentuna\",\"datePublished\":\"2013-05-21T15:58:45+00:00\",\"dateModified\":\"2013-05-21T16:00:06+00:00\",\"mainEntityOfPage\":{\"@id\":\"https:\\\/\\\/wp.kristdemokraterna.se\\\/sollentuna\\\/manga-ville-prata-om-att-vara-ung-i-sollentuna\\\/\"},\"wordCount\":435,\"image\":{\"@id\":\"https:\\\/\\\/wp.kristdemokraterna.se\\\/sollentuna\\\/manga-ville-prata-om-att-vara-ung-i-sollentuna\\\/#primaryimage\"},\"thumbnailUrl\":\"http:\\\/\\\/wp.kristdemokraterna.se\\\/sollentuna\\\/files\\\/2013\\\/05\\\/biblioteketsollentuna.jpg\",\"keywords\":[\"biblioteket\",\"diskussionskv\u00e4ll\",\"framtid\",\"kfum\",\"ranking\",\"ungdomar\"],\"articleSection\":[\"Aktiviteter vi genomf\u00f6rt\"],\"inLanguage\":\"sv-SE\"},{\"@type\":\"WebPage\",\"@id\":\"https:\\\/\\\/wp.kristdemokraterna.se\\\/sollentuna\\\/manga-ville-prata-om-att-vara-ung-i-sollentuna\\\/\",\"url\":\"https:\\\/\\\/wp.kristdemokraterna.se\\\/sollentuna\\\/manga-ville-prata-om-att-vara-ung-i-sollentuna\\\/\",\"name\":\"M\u00e5nga ville prata om att vara ung i Sollentuna - Kristdemokraterna i Sollentuna\",\"isPartOf\":{\"@id\":\"https:\\\/\\\/wp.kristdemokraterna.se\\\/sollentuna\\\/#website\"},\"primaryImageOfPage\":{\"@id\":\"https:\\\/\\\/wp.kristdemokraterna.se\\\/sollentuna\\\/manga-ville-prata-om-att-vara-ung-i-sollentuna\\\/#primaryimage\"},\"image\":{\"@id\":\"https:\\\/\\\/wp.kristdemokraterna.se\\\/sollentuna\\\/manga-ville-prata-om-att-vara-ung-i-sollentuna\\\/#primaryimage\"},\"thumbnailUrl\":\"http:\\\/\\\/wp.kristdemokraterna.se\\\/sollentuna\\\/files\\\/2013\\\/05\\\/biblioteketsollentuna.jpg\",\"datePublished\":\"2013-05-21T15:58:45+00:00\",\"dateModified\":\"2013-05-21T16:00:06+00:00\",\"author\":{\"@id\":\"https:\\\/\\\/wp.kristdemokraterna.se\\\/sollentuna\\\/#\\\/schema\\\/person\\\/40a55bef1c75b5a2b5f5e22f7dba7bad\"},\"breadcrumb\":{\"@id\":\"https:\\\/\\\/wp.kristdemokraterna.se\\\/sollentuna\\\/manga-ville-prata-om-att-vara-ung-i-sollentuna\\\/#breadcrumb\"},\"inLanguage\":\"sv-SE\",\"potentialAction\":[{\"@type\":\"ReadAction\",\"target\":[\"https:\\\/\\\/wp.kristdemokraterna.se\\\/sollentuna\\\/manga-ville-prata-om-att-vara-ung-i-sollentuna\\\/\"]}]},{\"@type\":\"ImageObject\",\"inLanguage\":\"sv-SE\",\"@id\":\"https:\\\/\\\/wp.kristdemokraterna.se\\\/sollentuna\\\/manga-ville-prata-om-att-vara-ung-i-sollentuna\\\/#primaryimage\",\"url\":\"https:\\\/\\\/wp.kristdemokraterna.se\\\/sollentuna\\\/files\\\/2013\\\/05\\\/biblioteketsollentuna.jpg\",\"contentUrl\":\"https:\\\/\\\/wp.kristdemokraterna.se\\\/sollentuna\\\/files\\\/2013\\\/05\\\/biblioteketsollentuna.jpg\",\"width\":320,\"height\":240},{\"@type\":\"BreadcrumbList\",\"@id\":\"https:\\\/\\\/wp.kristdemokraterna.se\\\/sollentuna\\\/manga-ville-prata-om-att-vara-ung-i-sollentuna\\\/#breadcrumb\",\"itemListElement\":[{\"@type\":\"ListItem\",\"position\":1,\"name\":\"Hem\",\"item\":\"https:\\\/\\\/wp.kristdemokraterna.se\\\/sollentuna\\\/\"},{\"@type\":\"ListItem\",\"position\":2,\"name\":\"M\u00e5nga ville prata om att vara ung i Sollentuna\"}]},{\"@type\":\"WebSite\",\"@id\":\"https:\\\/\\\/wp.kristdemokraterna.se\\\/sollentuna\\\/#website\",\"url\":\"https:\\\/\\\/wp.kristdemokraterna.se\\\/sollentuna\\\/\",\"name\":\"Kristdemokraterna i Sollentuna\",\"description\":\"\",\"inLanguage\":\"sv-SE\"},{\"@type\":\"Person\",\"@id\":\"https:\\\/\\\/wp.kristdemokraterna.se\\\/sollentuna\\\/#\\\/schema\\\/person\\\/40a55bef1c75b5a2b5f5e22f7dba7bad\",\"name\":\"KD Sollentuna\",\"image\":{\"@type\":\"ImageObject\",\"inLanguage\":\"sv-SE\",\"@id\":\"https:\\\/\\\/secure.gravatar.com\\\/avatar\\\/18833c8a6166c23169f5fbbcfc06d547dde13c3030952e6fb64680b806332438?s=96&d=mm&r=g\",\"url\":\"https:\\\/\\\/secure.gravatar.com\\\/avatar\\\/18833c8a6166c23169f5fbbcfc06d547dde13c3030952e6fb64680b806332438?s=96&d=mm&r=g\",\"contentUrl\":\"https:\\\/\\\/secure.gravatar.com\\\/avatar\\\/18833c8a6166c23169f5fbbcfc06d547dde13c3030952e6fb64680b806332438?s=96&d=mm&r=g\",\"caption\":\"KD Sollentuna\"},\"url\":\"https:\\\/\\\/wp.kristdemokraterna.se\\\/sollentuna\\\/author\\\/sollentuna\\\/\"}]}<\/script>\n<!-- \/ Yoast SEO plugin. -->","yoast_head_json":{"title":"M\u00e5nga ville prata om att vara ung i Sollentuna - Kristdemokraterna i Sollentuna","robots":{"index":"index","follow":"follow","max-snippet":"max-snippet:-1","max-image-preview":"max-image-preview:large","max-video-preview":"max-video-preview:-1"},"canonical":"https:\/\/wp.kristdemokraterna.se\/sollentuna\/manga-ville-prata-om-att-vara-ung-i-sollentuna\/","og_locale":"sv_SE","og_type":"article","og_title":"M\u00e5nga ville prata om att vara ung i Sollentuna - Kristdemokraterna i Sollentuna","og_description":"Kristdemokraternas samtalskv\u00e4ll den 15 maj om hur Sollentuna ska bli en b\u00e4ttre ungdomskommun blev v\u00e4lbes\u00f6kt. Och publiken var med p\u00e5 noterna. Fr\u00e5gorna till panelen handlade om allt fr\u00e5n hur kommunen kan hj\u00e4lpa till att starta en f\u00f6rening till hj\u00e4lp med att f\u00e5 loss en boll som fastnat i ett n\u00e4t. Kultur- och fritidsn\u00e4mndens ordf\u00f6rande mer","og_url":"https:\/\/wp.kristdemokraterna.se\/sollentuna\/manga-ville-prata-om-att-vara-ung-i-sollentuna\/","og_site_name":"Kristdemokraterna i Sollentuna","article_published_time":"2013-05-21T15:58:45+00:00","article_modified_time":"2013-05-21T16:00:06+00:00","og_image":[{"url":"http:\/\/wp.kristdemokraterna.se\/sollentuna\/files\/2013\/05\/biblioteketsollentuna.jpg","type":"","width":"","height":""}],"author":"KD Sollentuna","twitter_card":"summary_large_image","twitter_misc":{"Skriven av":"KD Sollentuna","Ber\u00e4knad l\u00e4stid":"2 minuter"},"schema":{"@context":"https:\/\/schema.org","@graph":[{"@type":"Article","@id":"https:\/\/wp.kristdemokraterna.se\/sollentuna\/manga-ville-prata-om-att-vara-ung-i-sollentuna\/#article","isPartOf":{"@id":"https:\/\/wp.kristdemokraterna.se\/sollentuna\/manga-ville-prata-om-att-vara-ung-i-sollentuna\/"},"author":{"name":"KD Sollentuna","@id":"https:\/\/wp.kristdemokraterna.se\/sollentuna\/#\/schema\/person\/40a55bef1c75b5a2b5f5e22f7dba7bad"},"headline":"M\u00e5nga ville prata om att vara ung i Sollentuna","datePublished":"2013-05-21T15:58:45+00:00","dateModified":"2013-05-21T16:00:06+00:00","mainEntityOfPage":{"@id":"https:\/\/wp.kristdemokraterna.se\/sollentuna\/manga-ville-prata-om-att-vara-ung-i-sollentuna\/"},"wordCount":435,"image":{"@id":"https:\/\/wp.kristdemokraterna.se\/sollentuna\/manga-ville-prata-om-att-vara-ung-i-sollentuna\/#primaryimage"},"thumbnailUrl":"http:\/\/wp.kristdemokraterna.se\/sollentuna\/files\/2013\/05\/biblioteketsollentuna.jpg","keywords":["biblioteket","diskussionskv\u00e4ll","framtid","kfum","ranking","ungdomar"],"articleSection":["Aktiviteter vi genomf\u00f6rt"],"inLanguage":"sv-SE"},{"@type":"WebPage","@id":"https:\/\/wp.kristdemokraterna.se\/sollentuna\/manga-ville-prata-om-att-vara-ung-i-sollentuna\/","url":"https:\/\/wp.kristdemokraterna.se\/sollentuna\/manga-ville-prata-om-att-vara-ung-i-sollentuna\/","name":"M\u00e5nga ville prata om att vara ung i Sollentuna - Kristdemokraterna i Sollentuna","isPartOf":{"@id":"https:\/\/wp.kristdemokraterna.se\/sollentuna\/#website"},"primaryImageOfPage":{"@id":"https:\/\/wp.kristdemokraterna.se\/sollentuna\/manga-ville-prata-om-att-vara-ung-i-sollentuna\/#primaryimage"},"image":{"@id":"https:\/\/wp.kristdemokraterna.se\/sollentuna\/manga-ville-prata-om-att-vara-ung-i-sollentuna\/#primaryimage"},"thumbnailUrl":"http:\/\/wp.kristdemokraterna.se\/sollentuna\/files\/2013\/05\/biblioteketsollentuna.jpg","datePublished":"2013-05-21T15:58:45+00:00","dateModified":"2013-05-21T16:00:06+00:00","author":{"@id":"https:\/\/wp.kristdemokraterna.se\/sollentuna\/#\/schema\/person\/40a55bef1c75b5a2b5f5e22f7dba7bad"},"breadcrumb":{"@id":"https:\/\/wp.kristdemokraterna.se\/sollentuna\/manga-ville-prata-om-att-vara-ung-i-sollentuna\/#breadcrumb"},"inLanguage":"sv-SE","potentialAction":[{"@type":"ReadAction","target":["https:\/\/wp.kristdemokraterna.se\/sollentuna\/manga-ville-prata-om-att-vara-ung-i-sollentuna\/"]}]},{"@type":"ImageObject","inLanguage":"sv-SE","@id":"https:\/\/wp.kristdemokraterna.se\/sollentuna\/manga-ville-prata-om-att-vara-ung-i-sollentuna\/#primaryimage","url":"https:\/\/wp.kristdemokraterna.se\/sollentuna\/files\/2013\/05\/biblioteketsollentuna.jpg","contentUrl":"https:\/\/wp.kristdemokraterna.se\/sollentuna\/files\/2013\/05\/biblioteketsollentuna.jpg","width":320,"height":240},{"@type":"BreadcrumbList","@id":"https:\/\/wp.kristdemokraterna.se\/sollentuna\/manga-ville-prata-om-att-vara-ung-i-sollentuna\/#breadcrumb","itemListElement":[{"@type":"ListItem","position":1,"name":"Hem","item":"https:\/\/wp.kristdemokraterna.se\/sollentuna\/"},{"@type":"ListItem","position":2,"name":"M\u00e5nga ville prata om att vara ung i Sollentuna"}]},{"@type":"WebSite","@id":"https:\/\/wp.kristdemokraterna.se\/sollentuna\/#website","url":"https:\/\/wp.kristdemokraterna.se\/sollentuna\/","name":"Kristdemokraterna i Sollentuna","description":"","inLanguage":"sv-SE"},{"@type":"Person","@id":"https:\/\/wp.kristdemokraterna.se\/sollentuna\/#\/schema\/person\/40a55bef1c75b5a2b5f5e22f7dba7bad","name":"KD Sollentuna","image":{"@type":"ImageObject","inLanguage":"sv-SE","@id":"https:\/\/secure.gravatar.com\/avatar\/18833c8a6166c23169f5fbbcfc06d547dde13c3030952e6fb64680b806332438?s=96&d=mm&r=g","url":"https:\/\/secure.gravatar.com\/avatar\/18833c8a6166c23169f5fbbcfc06d547dde13c3030952e6fb64680b806332438?s=96&d=mm&r=g","contentUrl":"https:\/\/secure.gravatar.com\/avatar\/18833c8a6166c23169f5fbbcfc06d547dde13c3030952e6fb64680b806332438?s=96&d=mm&r=g","caption":"KD Sollentuna"},"url":"https:\/\/wp.kristdemokraterna.se\/sollentuna\/author\/sollentuna\/"}]}},"_links":{"self":[{"href":"https:\/\/wp.kristdemokraterna.se\/sollentuna\/wp-json\/wp\/v2\/posts\/306","targetHints":{"allow":["GET"]}}],"collection":[{"href":"https:\/\/wp.kristdemokraterna.se\/sollentuna\/wp-json\/wp\/v2\/posts"}],"about":[{"href":"https:\/\/wp.kristdemokraterna.se\/sollentuna\/wp-json\/wp\/v2\/types\/post"}],"author":[{"embeddable":true,"href":"https:\/\/wp.kristdemokraterna.se\/sollentuna\/wp-json\/wp\/v2\/users\/41"}],"replies":[{"embeddable":true,"href":"https:\/\/wp.kristdemokraterna.se\/sollentuna\/wp-json\/wp\/v2\/comments?post=306"}],"version-history":[{"count":3,"href":"https:\/\/wp.kristdemokraterna.se\/sollentuna\/wp-json\/wp\/v2\/posts\/306\/revisions"}],"predecessor-version":[{"id":309,"href":"https:\/\/wp.kristdemokraterna.se\/sollentuna\/wp-json\/wp\/v2\/posts\/306\/revisions\/309"}],"wp:attachment":[{"href":"https:\/\/wp.kristdemokraterna.se\/sollentuna\/wp-json\/wp\/v2\/media?parent=306"}],"wp:term":[{"taxonomy":"category","embeddable":true,"href":"https:\/\/wp.kristdemokraterna.se\/sollentuna\/wp-json\/wp\/v2\/categories?post=306"},{"taxonomy":"post_tag","embeddable":true,"href":"https:\/\/wp.kristdemokraterna.se\/sollentuna\/wp-json\/wp\/v2\/tags?post=306"}],"curies":[{"name":"wp","href":"https:\/\/api.w.org\/{rel}","templated":true}]}}