{"id":318,"date":"2013-06-20T23:51:29","date_gmt":"2013-06-20T21:51:29","guid":{"rendered":"http:\/\/wp.kristdemokraterna.se\/sollentuna\/?p=318"},"modified":"2013-06-20T23:51:29","modified_gmt":"2013-06-20T21:51:29","slug":"glad-midsommar","status":"publish","type":"post","link":"https:\/\/wp.kristdemokraterna.se\/sollentuna\/glad-midsommar\/","title":{"rendered":"Glad midsommar!"},"content":{"rendered":"<p><a href=\"http:\/\/wp.kristdemokraterna.se\/sollentuna\/files\/2013\/06\/midsommar.jpg\"><img loading=\"lazy\" decoding=\"async\" src=\"http:\/\/wp.kristdemokraterna.se\/sollentuna\/files\/2013\/06\/midsommar.jpg\" alt=\"midsommar\" width=\"588\" height=\"415\" class=\"aligncenter size-full wp-image-319\" srcset=\"https:\/\/wp.kristdemokraterna.se\/sollentuna\/files\/2013\/06\/midsommar.jpg 588w, https:\/\/wp.kristdemokraterna.se\/sollentuna\/files\/2013\/06\/midsommar-300x211.jpg 300w, https:\/\/wp.kristdemokraterna.se\/sollentuna\/files\/2013\/06\/midsommar-490x346.jpg 490w, https:\/\/wp.kristdemokraterna.se\/sollentuna\/files\/2013\/06\/midsommar-158x112.jpg 158w\" sizes=\"auto, (max-width: 588px) 100vw, 588px\" \/><\/a><br \/>\nEn h\u00e4rlig Midsommar till\u00f6nskar vi fr\u00e5n Kristdemokraterna i Sollentuna.<br \/>\n&#8211; N\u00e4r jag dagen innan midsommarafton cyklade f\u00f6rbi Malmparken, blev jag riktigt glad, s\u00e4ger gruppledaren Magnus Ramstrand. Sollentuna folkdansgille och Familjecentralen hade bjudit dit alla f\u00f6rskolor i centrala Tureberg! En fantastisk fest kring midsommarst\u00e5ngen med de svenskaste av alla svenskar, folkdansarna som sj\u00f6ng de traditionella s\u00e5ngerna i en m\u00e5ngkulturell milj\u00f6. Det var h\u00e4rligt roligt att se.<\/p>\n<p>M\u00e5nga av barnen har inte en susning av Sm\u00e5 grodorna och andra h\u00e4rliga midsommarl\u00e5tar, men de sj\u00f6ng med f\u00f6r full hals och hade hur kul som helst.<br \/>\nDet visade sig att den h\u00e4r samlingen i Malmparken har blivit en tradition.<br \/>\n&#8211; Det \u00e4r sjunde \u00e5ret vi har den h\u00e4r samlingen, ber\u00e4ttar en av folkdansarna ikl\u00e4dd folkdr\u00e4kt. Han var riktigt glad \u00e5t arrangemanget. P\u00e5 sj\u00e4lva midsommaraftonen \u00e4r Sollentuna folkdansgille, som \u00e4r riktigt proffsiga kring midsommarst\u00e5ngen, vara p\u00e5 Hersby. D\u00e4r samlades f\u00f6rra \u00e5ret cirka 6 000 personer!<\/p>\n<p>S\u00e5 gott folk. Glad midsommar!<\/p>\n","protected":false},"excerpt":{"rendered":"<p>En h\u00e4rlig Midsommar till\u00f6nskar vi fr\u00e5n Kristdemokraterna i Sollentuna. &#8211; N\u00e4r jag dagen innan midsommarafton cyklade f\u00f6rbi Malmparken, blev jag riktigt glad, s\u00e4ger gruppledaren Magnus Ramstrand. Sollentuna folkdansgille och Familjecentralen hade bjudit dit alla f\u00f6rskolor i centrala Tureberg! En fantastisk fest kring midsommarst\u00e5ngen med de svenskaste av alla svenskar, folkdansarna som sj\u00f6ng de traditionella <a class=\"read-more-link\" href=\"https:\/\/wp.kristdemokraterna.se\/sollentuna\/glad-midsommar\/\">mer<\/a><\/p>\n","protected":false},"author":41,"featured_media":0,"comment_status":"closed","ping_status":"open","sticky":false,"template":"","format":"standard","meta":{"_acf_changed":false,"footnotes":""},"categories":[1],"tags":[],"class_list":["post-318","post","type-post","status-publish","format-standard","hentry","category-okategoriserade"],"acf":[],"yoast_head":"<!-- This site is optimized with the Yoast SEO plugin v27.5 - https:\/\/yoast.com\/product\/yoast-seo-wordpress\/ -->\n<title>Glad midsommar! - Kristdemokraterna i Sollentuna<\/title>\n<meta name=\"robots\" content=\"index, follow, max-snippet:-1, max-image-preview:large, max-video-preview:-1\" \/>\n<link rel=\"canonical\" href=\"https:\/\/wp.kristdemokraterna.se\/sollentuna\/glad-midsommar\/\" \/>\n<meta property=\"og:locale\" content=\"sv_SE\" \/>\n<meta property=\"og:type\" content=\"article\" \/>\n<meta property=\"og:title\" content=\"Glad midsommar! - Kristdemokraterna i Sollentuna\" \/>\n<meta property=\"og:description\" content=\"En h\u00e4rlig Midsommar till\u00f6nskar vi fr\u00e5n Kristdemokraterna i Sollentuna. &#8211; N\u00e4r jag dagen innan midsommarafton cyklade f\u00f6rbi Malmparken, blev jag riktigt glad, s\u00e4ger gruppledaren Magnus Ramstrand. Sollentuna folkdansgille och Familjecentralen hade bjudit dit alla f\u00f6rskolor i centrala Tureberg! En fantastisk fest kring midsommarst\u00e5ngen med de svenskaste av alla svenskar, folkdansarna som sj\u00f6ng de traditionella mer\" \/>\n<meta property=\"og:url\" content=\"https:\/\/wp.kristdemokraterna.se\/sollentuna\/glad-midsommar\/\" \/>\n<meta property=\"og:site_name\" content=\"Kristdemokraterna i Sollentuna\" \/>\n<meta property=\"article:published_time\" content=\"2013-06-20T21:51:29+00:00\" \/>\n<meta property=\"og:image\" content=\"http:\/\/wp.kristdemokraterna.se\/sollentuna\/files\/2013\/06\/midsommar.jpg\" \/>\n<meta name=\"author\" content=\"KD Sollentuna\" \/>\n<meta name=\"twitter:card\" content=\"summary_large_image\" \/>\n<meta name=\"twitter:label1\" content=\"Skriven av\" \/>\n\t<meta name=\"twitter:data1\" content=\"KD Sollentuna\" \/>\n\t<meta name=\"twitter:label2\" content=\"Ber\u00e4knad l\u00e4stid\" \/>\n\t<meta name=\"twitter:data2\" content=\"1 minut\" \/>\n<script type=\"application\/ld+json\" class=\"yoast-schema-graph\">{\"@context\":\"https:\\\/\\\/schema.org\",\"@graph\":[{\"@type\":\"Article\",\"@id\":\"https:\\\/\\\/wp.kristdemokraterna.se\\\/sollentuna\\\/glad-midsommar\\\/#article\",\"isPartOf\":{\"@id\":\"https:\\\/\\\/wp.kristdemokraterna.se\\\/sollentuna\\\/glad-midsommar\\\/\"},\"author\":{\"name\":\"KD Sollentuna\",\"@id\":\"https:\\\/\\\/wp.kristdemokraterna.se\\\/sollentuna\\\/#\\\/schema\\\/person\\\/40a55bef1c75b5a2b5f5e22f7dba7bad\"},\"headline\":\"Glad midsommar!\",\"datePublished\":\"2013-06-20T21:51:29+00:00\",\"mainEntityOfPage\":{\"@id\":\"https:\\\/\\\/wp.kristdemokraterna.se\\\/sollentuna\\\/glad-midsommar\\\/\"},\"wordCount\":181,\"image\":{\"@id\":\"https:\\\/\\\/wp.kristdemokraterna.se\\\/sollentuna\\\/glad-midsommar\\\/#primaryimage\"},\"thumbnailUrl\":\"http:\\\/\\\/wp.kristdemokraterna.se\\\/sollentuna\\\/files\\\/2013\\\/06\\\/midsommar.jpg\",\"inLanguage\":\"sv-SE\"},{\"@type\":\"WebPage\",\"@id\":\"https:\\\/\\\/wp.kristdemokraterna.se\\\/sollentuna\\\/glad-midsommar\\\/\",\"url\":\"https:\\\/\\\/wp.kristdemokraterna.se\\\/sollentuna\\\/glad-midsommar\\\/\",\"name\":\"Glad midsommar! - Kristdemokraterna i Sollentuna\",\"isPartOf\":{\"@id\":\"https:\\\/\\\/wp.kristdemokraterna.se\\\/sollentuna\\\/#website\"},\"primaryImageOfPage\":{\"@id\":\"https:\\\/\\\/wp.kristdemokraterna.se\\\/sollentuna\\\/glad-midsommar\\\/#primaryimage\"},\"image\":{\"@id\":\"https:\\\/\\\/wp.kristdemokraterna.se\\\/sollentuna\\\/glad-midsommar\\\/#primaryimage\"},\"thumbnailUrl\":\"http:\\\/\\\/wp.kristdemokraterna.se\\\/sollentuna\\\/files\\\/2013\\\/06\\\/midsommar.jpg\",\"datePublished\":\"2013-06-20T21:51:29+00:00\",\"author\":{\"@id\":\"https:\\\/\\\/wp.kristdemokraterna.se\\\/sollentuna\\\/#\\\/schema\\\/person\\\/40a55bef1c75b5a2b5f5e22f7dba7bad\"},\"breadcrumb\":{\"@id\":\"https:\\\/\\\/wp.kristdemokraterna.se\\\/sollentuna\\\/glad-midsommar\\\/#breadcrumb\"},\"inLanguage\":\"sv-SE\",\"potentialAction\":[{\"@type\":\"ReadAction\",\"target\":[\"https:\\\/\\\/wp.kristdemokraterna.se\\\/sollentuna\\\/glad-midsommar\\\/\"]}]},{\"@type\":\"ImageObject\",\"inLanguage\":\"sv-SE\",\"@id\":\"https:\\\/\\\/wp.kristdemokraterna.se\\\/sollentuna\\\/glad-midsommar\\\/#primaryimage\",\"url\":\"https:\\\/\\\/wp.kristdemokraterna.se\\\/sollentuna\\\/files\\\/2013\\\/06\\\/midsommar.jpg\",\"contentUrl\":\"https:\\\/\\\/wp.kristdemokraterna.se\\\/sollentuna\\\/files\\\/2013\\\/06\\\/midsommar.jpg\",\"width\":588,\"height\":415},{\"@type\":\"BreadcrumbList\",\"@id\":\"https:\\\/\\\/wp.kristdemokraterna.se\\\/sollentuna\\\/glad-midsommar\\\/#breadcrumb\",\"itemListElement\":[{\"@type\":\"ListItem\",\"position\":1,\"name\":\"Hem\",\"item\":\"https:\\\/\\\/wp.kristdemokraterna.se\\\/sollentuna\\\/\"},{\"@type\":\"ListItem\",\"position\":2,\"name\":\"Glad midsommar!\"}]},{\"@type\":\"WebSite\",\"@id\":\"https:\\\/\\\/wp.kristdemokraterna.se\\\/sollentuna\\\/#website\",\"url\":\"https:\\\/\\\/wp.kristdemokraterna.se\\\/sollentuna\\\/\",\"name\":\"Kristdemokraterna i Sollentuna\",\"description\":\"\",\"inLanguage\":\"sv-SE\"},{\"@type\":\"Person\",\"@id\":\"https:\\\/\\\/wp.kristdemokraterna.se\\\/sollentuna\\\/#\\\/schema\\\/person\\\/40a55bef1c75b5a2b5f5e22f7dba7bad\",\"name\":\"KD Sollentuna\",\"image\":{\"@type\":\"ImageObject\",\"inLanguage\":\"sv-SE\",\"@id\":\"https:\\\/\\\/secure.gravatar.com\\\/avatar\\\/18833c8a6166c23169f5fbbcfc06d547dde13c3030952e6fb64680b806332438?s=96&d=mm&r=g\",\"url\":\"https:\\\/\\\/secure.gravatar.com\\\/avatar\\\/18833c8a6166c23169f5fbbcfc06d547dde13c3030952e6fb64680b806332438?s=96&d=mm&r=g\",\"contentUrl\":\"https:\\\/\\\/secure.gravatar.com\\\/avatar\\\/18833c8a6166c23169f5fbbcfc06d547dde13c3030952e6fb64680b806332438?s=96&d=mm&r=g\",\"caption\":\"KD Sollentuna\"},\"url\":\"https:\\\/\\\/wp.kristdemokraterna.se\\\/sollentuna\\\/author\\\/sollentuna\\\/\"}]}<\/script>\n<!-- \/ Yoast SEO plugin. -->","yoast_head_json":{"title":"Glad midsommar! - Kristdemokraterna i Sollentuna","robots":{"index":"index","follow":"follow","max-snippet":"max-snippet:-1","max-image-preview":"max-image-preview:large","max-video-preview":"max-video-preview:-1"},"canonical":"https:\/\/wp.kristdemokraterna.se\/sollentuna\/glad-midsommar\/","og_locale":"sv_SE","og_type":"article","og_title":"Glad midsommar! - Kristdemokraterna i Sollentuna","og_description":"En h\u00e4rlig Midsommar till\u00f6nskar vi fr\u00e5n Kristdemokraterna i Sollentuna. &#8211; N\u00e4r jag dagen innan midsommarafton cyklade f\u00f6rbi Malmparken, blev jag riktigt glad, s\u00e4ger gruppledaren Magnus Ramstrand. Sollentuna folkdansgille och Familjecentralen hade bjudit dit alla f\u00f6rskolor i centrala Tureberg! En fantastisk fest kring midsommarst\u00e5ngen med de svenskaste av alla svenskar, folkdansarna som sj\u00f6ng de traditionella mer","og_url":"https:\/\/wp.kristdemokraterna.se\/sollentuna\/glad-midsommar\/","og_site_name":"Kristdemokraterna i Sollentuna","article_published_time":"2013-06-20T21:51:29+00:00","og_image":[{"url":"http:\/\/wp.kristdemokraterna.se\/sollentuna\/files\/2013\/06\/midsommar.jpg","type":"","width":"","height":""}],"author":"KD Sollentuna","twitter_card":"summary_large_image","twitter_misc":{"Skriven av":"KD Sollentuna","Ber\u00e4knad l\u00e4stid":"1 minut"},"schema":{"@context":"https:\/\/schema.org","@graph":[{"@type":"Article","@id":"https:\/\/wp.kristdemokraterna.se\/sollentuna\/glad-midsommar\/#article","isPartOf":{"@id":"https:\/\/wp.kristdemokraterna.se\/sollentuna\/glad-midsommar\/"},"author":{"name":"KD Sollentuna","@id":"https:\/\/wp.kristdemokraterna.se\/sollentuna\/#\/schema\/person\/40a55bef1c75b5a2b5f5e22f7dba7bad"},"headline":"Glad midsommar!","datePublished":"2013-06-20T21:51:29+00:00","mainEntityOfPage":{"@id":"https:\/\/wp.kristdemokraterna.se\/sollentuna\/glad-midsommar\/"},"wordCount":181,"image":{"@id":"https:\/\/wp.kristdemokraterna.se\/sollentuna\/glad-midsommar\/#primaryimage"},"thumbnailUrl":"http:\/\/wp.kristdemokraterna.se\/sollentuna\/files\/2013\/06\/midsommar.jpg","inLanguage":"sv-SE"},{"@type":"WebPage","@id":"https:\/\/wp.kristdemokraterna.se\/sollentuna\/glad-midsommar\/","url":"https:\/\/wp.kristdemokraterna.se\/sollentuna\/glad-midsommar\/","name":"Glad midsommar! - Kristdemokraterna i Sollentuna","isPartOf":{"@id":"https:\/\/wp.kristdemokraterna.se\/sollentuna\/#website"},"primaryImageOfPage":{"@id":"https:\/\/wp.kristdemokraterna.se\/sollentuna\/glad-midsommar\/#primaryimage"},"image":{"@id":"https:\/\/wp.kristdemokraterna.se\/sollentuna\/glad-midsommar\/#primaryimage"},"thumbnailUrl":"http:\/\/wp.kristdemokraterna.se\/sollentuna\/files\/2013\/06\/midsommar.jpg","datePublished":"2013-06-20T21:51:29+00:00","author":{"@id":"https:\/\/wp.kristdemokraterna.se\/sollentuna\/#\/schema\/person\/40a55bef1c75b5a2b5f5e22f7dba7bad"},"breadcrumb":{"@id":"https:\/\/wp.kristdemokraterna.se\/sollentuna\/glad-midsommar\/#breadcrumb"},"inLanguage":"sv-SE","potentialAction":[{"@type":"ReadAction","target":["https:\/\/wp.kristdemokraterna.se\/sollentuna\/glad-midsommar\/"]}]},{"@type":"ImageObject","inLanguage":"sv-SE","@id":"https:\/\/wp.kristdemokraterna.se\/sollentuna\/glad-midsommar\/#primaryimage","url":"https:\/\/wp.kristdemokraterna.se\/sollentuna\/files\/2013\/06\/midsommar.jpg","contentUrl":"https:\/\/wp.kristdemokraterna.se\/sollentuna\/files\/2013\/06\/midsommar.jpg","width":588,"height":415},{"@type":"BreadcrumbList","@id":"https:\/\/wp.kristdemokraterna.se\/sollentuna\/glad-midsommar\/#breadcrumb","itemListElement":[{"@type":"ListItem","position":1,"name":"Hem","item":"https:\/\/wp.kristdemokraterna.se\/sollentuna\/"},{"@type":"ListItem","position":2,"name":"Glad midsommar!"}]},{"@type":"WebSite","@id":"https:\/\/wp.kristdemokraterna.se\/sollentuna\/#website","url":"https:\/\/wp.kristdemokraterna.se\/sollentuna\/","name":"Kristdemokraterna i Sollentuna","description":"","inLanguage":"sv-SE"},{"@type":"Person","@id":"https:\/\/wp.kristdemokraterna.se\/sollentuna\/#\/schema\/person\/40a55bef1c75b5a2b5f5e22f7dba7bad","name":"KD Sollentuna","image":{"@type":"ImageObject","inLanguage":"sv-SE","@id":"https:\/\/secure.gravatar.com\/avatar\/18833c8a6166c23169f5fbbcfc06d547dde13c3030952e6fb64680b806332438?s=96&d=mm&r=g","url":"https:\/\/secure.gravatar.com\/avatar\/18833c8a6166c23169f5fbbcfc06d547dde13c3030952e6fb64680b806332438?s=96&d=mm&r=g","contentUrl":"https:\/\/secure.gravatar.com\/avatar\/18833c8a6166c23169f5fbbcfc06d547dde13c3030952e6fb64680b806332438?s=96&d=mm&r=g","caption":"KD Sollentuna"},"url":"https:\/\/wp.kristdemokraterna.se\/sollentuna\/author\/sollentuna\/"}]}},"_links":{"self":[{"href":"https:\/\/wp.kristdemokraterna.se\/sollentuna\/wp-json\/wp\/v2\/posts\/318","targetHints":{"allow":["GET"]}}],"collection":[{"href":"https:\/\/wp.kristdemokraterna.se\/sollentuna\/wp-json\/wp\/v2\/posts"}],"about":[{"href":"https:\/\/wp.kristdemokraterna.se\/sollentuna\/wp-json\/wp\/v2\/types\/post"}],"author":[{"embeddable":true,"href":"https:\/\/wp.kristdemokraterna.se\/sollentuna\/wp-json\/wp\/v2\/users\/41"}],"replies":[{"embeddable":true,"href":"https:\/\/wp.kristdemokraterna.se\/sollentuna\/wp-json\/wp\/v2\/comments?post=318"}],"version-history":[{"count":2,"href":"https:\/\/wp.kristdemokraterna.se\/sollentuna\/wp-json\/wp\/v2\/posts\/318\/revisions"}],"predecessor-version":[{"id":321,"href":"https:\/\/wp.kristdemokraterna.se\/sollentuna\/wp-json\/wp\/v2\/posts\/318\/revisions\/321"}],"wp:attachment":[{"href":"https:\/\/wp.kristdemokraterna.se\/sollentuna\/wp-json\/wp\/v2\/media?parent=318"}],"wp:term":[{"taxonomy":"category","embeddable":true,"href":"https:\/\/wp.kristdemokraterna.se\/sollentuna\/wp-json\/wp\/v2\/categories?post=318"},{"taxonomy":"post_tag","embeddable":true,"href":"https:\/\/wp.kristdemokraterna.se\/sollentuna\/wp-json\/wp\/v2\/tags?post=318"}],"curies":[{"name":"wp","href":"https:\/\/api.w.org\/{rel}","templated":true}]}}