{"id":350,"date":"2013-10-07T14:15:09","date_gmt":"2013-10-07T12:15:09","guid":{"rendered":"http:\/\/wp.kristdemokraterna.se\/sollentuna\/?p=350"},"modified":"2013-10-07T14:18:54","modified_gmt":"2013-10-07T12:18:54","slug":"sikte-pa-framtiden-efter-kristdemokraternas-riksting","status":"publish","type":"post","link":"https:\/\/wp.kristdemokraterna.se\/sollentuna\/sikte-pa-framtiden-efter-kristdemokraternas-riksting\/","title":{"rendered":"Sikte p\u00e5 framtiden efter Kristdemokraternas riksting"},"content":{"rendered":"<p>Sonia Lunnerg\u00e5rd och Magnus Ramstrand var Sollentunas bidrag n\u00e4r Kristdemokraterna samlade ett 300-tal engagerade medlemmar i Karlstad f\u00f6r sitt riksting. Bland de hundratals f\u00f6rslag som debatterades och beslutades fanns framf\u00f6r allt de som handlade om barn och unga.<\/p>\n<p>Sverige ska bli v\u00e4rldens b\u00e4sta land att v\u00e4xa upp i. Vi i Kristdemokraterna i Sollentuna f\u00f6rs\u00f6ker g\u00f6ra v\u00e5r del f\u00f6r att det ska bli verklighet. Vi s\u00e4tter barnen f\u00f6rst med fler st\u00f6djande \u00e5tg\u00e4rder f\u00f6r familjer, satsningar f\u00f6r att fler elever ska klara skolan och \u00e5tg\u00e4rder f\u00f6r att f\u00e5 in fler unga p\u00e5 arbetsmarknaden.<\/p>\n<p>Magnus Ramstrand var delegationsledare f\u00f6r Stockholms l\u00e4ns distrikt. <a href=\"http:\/\/ramstrand.eu\/index.php\/2013\/09\/ett-riksting-som-tar-sikte-pa-framtiden\/\" target=\"_blank\">Han sammanfattar intrycken fr\u00e5n rikstinget p\u00e5 sin blogg.<\/a><\/p>\n<p><a href=\"http:\/\/www.kristdemokraterna.se\/Media\/Nyhetsarkiv\/Vi-ska-vara-varldens-basta-land-for-unga\/\" target=\"_blank\">H\u00e4r kan du l\u00e4sa besluten om barns och ungas uppv\u00e4xtvillkor i sin helhet.<\/a><\/p>\n<p>H\u00e4r \u00e4r Sonia Lunnerg\u00e5rd (till v\u00e4nster) och Magnus Ramstrand p\u00e5 plats i Karlstad tillsammans med Uppsalas &#8221;kommunpamp&#8221; Ebba Busch Thor, som p\u00e5 rikstinget valdes in i partistyrelsen:<\/p>\n<p style=\"text-align: center\"><a href=\"http:\/\/wp.kristdemokraterna.se\/sollentuna\/files\/2013\/10\/riksting-sollentuna.jpg\"><img loading=\"lazy\" decoding=\"async\" class=\"aligncenter  wp-image-354\" title=\"Sonia Lunnerg\u00e5rd, Ebba Busch Thor och Magnus Ramstrand p\u00e5 Kristdemokraternas riksting.\" alt=\"Sonia Lunnerg\u00e5rd, Ebba Busch Thor och Magnus Ramstrand p\u00e5 Kristdemokraternas riksting.\" src=\"http:\/\/wp.kristdemokraterna.se\/sollentuna\/files\/2013\/10\/riksting-sollentuna-1024x768.jpg\" width=\"584\" height=\"438\" srcset=\"https:\/\/wp.kristdemokraterna.se\/sollentuna\/files\/2013\/10\/riksting-sollentuna-1024x768.jpg 1024w, https:\/\/wp.kristdemokraterna.se\/sollentuna\/files\/2013\/10\/riksting-sollentuna-300x225.jpg 300w, https:\/\/wp.kristdemokraterna.se\/sollentuna\/files\/2013\/10\/riksting-sollentuna-600x450.jpg 600w, https:\/\/wp.kristdemokraterna.se\/sollentuna\/files\/2013\/10\/riksting-sollentuna-461x346.jpg 461w, https:\/\/wp.kristdemokraterna.se\/sollentuna\/files\/2013\/10\/riksting-sollentuna-149x112.jpg 149w, https:\/\/wp.kristdemokraterna.se\/sollentuna\/files\/2013\/10\/riksting-sollentuna.jpg 1632w\" sizes=\"auto, (max-width: 584px) 100vw, 584px\" \/><\/a><\/p>\n","protected":false},"excerpt":{"rendered":"<p>Sonia Lunnerg\u00e5rd och Magnus Ramstrand var Sollentunas bidrag n\u00e4r Kristdemokraterna samlade ett 300-tal engagerade medlemmar i Karlstad f\u00f6r sitt riksting. Bland de hundratals f\u00f6rslag som debatterades och beslutades fanns framf\u00f6r allt de som handlade om barn och unga. Sverige ska bli v\u00e4rldens b\u00e4sta land att v\u00e4xa upp i. Vi i Kristdemokraterna i Sollentuna f\u00f6rs\u00f6ker <a class=\"read-more-link\" href=\"https:\/\/wp.kristdemokraterna.se\/sollentuna\/sikte-pa-framtiden-efter-kristdemokraternas-riksting\/\">mer<\/a><\/p>\n","protected":false},"author":41,"featured_media":0,"comment_status":"closed","ping_status":"open","sticky":false,"template":"","format":"standard","meta":{"_acf_changed":false,"footnotes":""},"categories":[3],"tags":[11,61,147,15,136,146,17,97],"class_list":["post-350","post","type-post","status-publish","format-standard","hentry","category-dethander","tag-arbete","tag-barn","tag-familj","tag-magnus-ramstrand","tag-riksting","tag-skola","tag-sonia-lunnergard","tag-unga"],"acf":[],"yoast_head":"<!-- This site is optimized with the Yoast SEO plugin v27.4 - https:\/\/yoast.com\/product\/yoast-seo-wordpress\/ -->\n<title>Sikte p\u00e5 framtiden efter Kristdemokraternas riksting - Kristdemokraterna i Sollentuna<\/title>\n<meta name=\"robots\" content=\"index, follow, max-snippet:-1, max-image-preview:large, max-video-preview:-1\" \/>\n<link rel=\"canonical\" href=\"https:\/\/wp.kristdemokraterna.se\/sollentuna\/sikte-pa-framtiden-efter-kristdemokraternas-riksting\/\" \/>\n<meta property=\"og:locale\" content=\"sv_SE\" \/>\n<meta property=\"og:type\" content=\"article\" \/>\n<meta property=\"og:title\" content=\"Sikte p\u00e5 framtiden efter Kristdemokraternas riksting - Kristdemokraterna i Sollentuna\" \/>\n<meta property=\"og:description\" content=\"Sonia Lunnerg\u00e5rd och Magnus Ramstrand var Sollentunas bidrag n\u00e4r Kristdemokraterna samlade ett 300-tal engagerade medlemmar i Karlstad f\u00f6r sitt riksting. Bland de hundratals f\u00f6rslag som debatterades och beslutades fanns framf\u00f6r allt de som handlade om barn och unga. Sverige ska bli v\u00e4rldens b\u00e4sta land att v\u00e4xa upp i. Vi i Kristdemokraterna i Sollentuna f\u00f6rs\u00f6ker mer\" \/>\n<meta property=\"og:url\" content=\"https:\/\/wp.kristdemokraterna.se\/sollentuna\/sikte-pa-framtiden-efter-kristdemokraternas-riksting\/\" \/>\n<meta property=\"og:site_name\" content=\"Kristdemokraterna i Sollentuna\" \/>\n<meta property=\"article:published_time\" content=\"2013-10-07T12:15:09+00:00\" \/>\n<meta property=\"article:modified_time\" content=\"2013-10-07T12:18:54+00:00\" \/>\n<meta property=\"og:image\" content=\"http:\/\/wp.kristdemokraterna.se\/sollentuna\/files\/2013\/10\/riksting-sollentuna-1024x768.jpg\" \/>\n<meta name=\"author\" content=\"KD Sollentuna\" \/>\n<meta name=\"twitter:card\" content=\"summary_large_image\" \/>\n<meta name=\"twitter:label1\" content=\"Skriven av\" \/>\n\t<meta name=\"twitter:data1\" content=\"KD Sollentuna\" \/>\n\t<meta name=\"twitter:label2\" content=\"Ber\u00e4knad l\u00e4stid\" \/>\n\t<meta name=\"twitter:data2\" content=\"1 minut\" \/>\n<script type=\"application\/ld+json\" class=\"yoast-schema-graph\">{\"@context\":\"https:\\\/\\\/schema.org\",\"@graph\":[{\"@type\":\"Article\",\"@id\":\"https:\\\/\\\/wp.kristdemokraterna.se\\\/sollentuna\\\/sikte-pa-framtiden-efter-kristdemokraternas-riksting\\\/#article\",\"isPartOf\":{\"@id\":\"https:\\\/\\\/wp.kristdemokraterna.se\\\/sollentuna\\\/sikte-pa-framtiden-efter-kristdemokraternas-riksting\\\/\"},\"author\":{\"name\":\"KD Sollentuna\",\"@id\":\"https:\\\/\\\/wp.kristdemokraterna.se\\\/sollentuna\\\/#\\\/schema\\\/person\\\/40a55bef1c75b5a2b5f5e22f7dba7bad\"},\"headline\":\"Sikte p\u00e5 framtiden efter Kristdemokraternas riksting\",\"datePublished\":\"2013-10-07T12:15:09+00:00\",\"dateModified\":\"2013-10-07T12:18:54+00:00\",\"mainEntityOfPage\":{\"@id\":\"https:\\\/\\\/wp.kristdemokraterna.se\\\/sollentuna\\\/sikte-pa-framtiden-efter-kristdemokraternas-riksting\\\/\"},\"wordCount\":183,\"image\":{\"@id\":\"https:\\\/\\\/wp.kristdemokraterna.se\\\/sollentuna\\\/sikte-pa-framtiden-efter-kristdemokraternas-riksting\\\/#primaryimage\"},\"thumbnailUrl\":\"http:\\\/\\\/wp.kristdemokraterna.se\\\/sollentuna\\\/files\\\/2013\\\/10\\\/riksting-sollentuna-1024x768.jpg\",\"keywords\":[\"arbete\",\"barn\",\"familj\",\"magnus ramstrand\",\"riksting\",\"skola\",\"sonia lunnerg\u00e5rd\",\"unga\"],\"articleSection\":[\"Det h\u00e4nder\"],\"inLanguage\":\"sv-SE\"},{\"@type\":\"WebPage\",\"@id\":\"https:\\\/\\\/wp.kristdemokraterna.se\\\/sollentuna\\\/sikte-pa-framtiden-efter-kristdemokraternas-riksting\\\/\",\"url\":\"https:\\\/\\\/wp.kristdemokraterna.se\\\/sollentuna\\\/sikte-pa-framtiden-efter-kristdemokraternas-riksting\\\/\",\"name\":\"Sikte p\u00e5 framtiden efter Kristdemokraternas riksting - Kristdemokraterna i Sollentuna\",\"isPartOf\":{\"@id\":\"https:\\\/\\\/wp.kristdemokraterna.se\\\/sollentuna\\\/#website\"},\"primaryImageOfPage\":{\"@id\":\"https:\\\/\\\/wp.kristdemokraterna.se\\\/sollentuna\\\/sikte-pa-framtiden-efter-kristdemokraternas-riksting\\\/#primaryimage\"},\"image\":{\"@id\":\"https:\\\/\\\/wp.kristdemokraterna.se\\\/sollentuna\\\/sikte-pa-framtiden-efter-kristdemokraternas-riksting\\\/#primaryimage\"},\"thumbnailUrl\":\"http:\\\/\\\/wp.kristdemokraterna.se\\\/sollentuna\\\/files\\\/2013\\\/10\\\/riksting-sollentuna-1024x768.jpg\",\"datePublished\":\"2013-10-07T12:15:09+00:00\",\"dateModified\":\"2013-10-07T12:18:54+00:00\",\"author\":{\"@id\":\"https:\\\/\\\/wp.kristdemokraterna.se\\\/sollentuna\\\/#\\\/schema\\\/person\\\/40a55bef1c75b5a2b5f5e22f7dba7bad\"},\"breadcrumb\":{\"@id\":\"https:\\\/\\\/wp.kristdemokraterna.se\\\/sollentuna\\\/sikte-pa-framtiden-efter-kristdemokraternas-riksting\\\/#breadcrumb\"},\"inLanguage\":\"sv-SE\",\"potentialAction\":[{\"@type\":\"ReadAction\",\"target\":[\"https:\\\/\\\/wp.kristdemokraterna.se\\\/sollentuna\\\/sikte-pa-framtiden-efter-kristdemokraternas-riksting\\\/\"]}]},{\"@type\":\"ImageObject\",\"inLanguage\":\"sv-SE\",\"@id\":\"https:\\\/\\\/wp.kristdemokraterna.se\\\/sollentuna\\\/sikte-pa-framtiden-efter-kristdemokraternas-riksting\\\/#primaryimage\",\"url\":\"https:\\\/\\\/wp.kristdemokraterna.se\\\/sollentuna\\\/files\\\/2013\\\/10\\\/riksting-sollentuna.jpg\",\"contentUrl\":\"https:\\\/\\\/wp.kristdemokraterna.se\\\/sollentuna\\\/files\\\/2013\\\/10\\\/riksting-sollentuna.jpg\",\"width\":1632,\"height\":1224},{\"@type\":\"BreadcrumbList\",\"@id\":\"https:\\\/\\\/wp.kristdemokraterna.se\\\/sollentuna\\\/sikte-pa-framtiden-efter-kristdemokraternas-riksting\\\/#breadcrumb\",\"itemListElement\":[{\"@type\":\"ListItem\",\"position\":1,\"name\":\"Hem\",\"item\":\"https:\\\/\\\/wp.kristdemokraterna.se\\\/sollentuna\\\/\"},{\"@type\":\"ListItem\",\"position\":2,\"name\":\"Sikte p\u00e5 framtiden efter Kristdemokraternas riksting\"}]},{\"@type\":\"WebSite\",\"@id\":\"https:\\\/\\\/wp.kristdemokraterna.se\\\/sollentuna\\\/#website\",\"url\":\"https:\\\/\\\/wp.kristdemokraterna.se\\\/sollentuna\\\/\",\"name\":\"Kristdemokraterna i Sollentuna\",\"description\":\"\",\"inLanguage\":\"sv-SE\"},{\"@type\":\"Person\",\"@id\":\"https:\\\/\\\/wp.kristdemokraterna.se\\\/sollentuna\\\/#\\\/schema\\\/person\\\/40a55bef1c75b5a2b5f5e22f7dba7bad\",\"name\":\"KD Sollentuna\",\"image\":{\"@type\":\"ImageObject\",\"inLanguage\":\"sv-SE\",\"@id\":\"https:\\\/\\\/secure.gravatar.com\\\/avatar\\\/18833c8a6166c23169f5fbbcfc06d547dde13c3030952e6fb64680b806332438?s=96&d=mm&r=g\",\"url\":\"https:\\\/\\\/secure.gravatar.com\\\/avatar\\\/18833c8a6166c23169f5fbbcfc06d547dde13c3030952e6fb64680b806332438?s=96&d=mm&r=g\",\"contentUrl\":\"https:\\\/\\\/secure.gravatar.com\\\/avatar\\\/18833c8a6166c23169f5fbbcfc06d547dde13c3030952e6fb64680b806332438?s=96&d=mm&r=g\",\"caption\":\"KD Sollentuna\"},\"url\":\"https:\\\/\\\/wp.kristdemokraterna.se\\\/sollentuna\\\/author\\\/sollentuna\\\/\"}]}<\/script>\n<!-- \/ Yoast SEO plugin. -->","yoast_head_json":{"title":"Sikte p\u00e5 framtiden efter Kristdemokraternas riksting - Kristdemokraterna i Sollentuna","robots":{"index":"index","follow":"follow","max-snippet":"max-snippet:-1","max-image-preview":"max-image-preview:large","max-video-preview":"max-video-preview:-1"},"canonical":"https:\/\/wp.kristdemokraterna.se\/sollentuna\/sikte-pa-framtiden-efter-kristdemokraternas-riksting\/","og_locale":"sv_SE","og_type":"article","og_title":"Sikte p\u00e5 framtiden efter Kristdemokraternas riksting - Kristdemokraterna i Sollentuna","og_description":"Sonia Lunnerg\u00e5rd och Magnus Ramstrand var Sollentunas bidrag n\u00e4r Kristdemokraterna samlade ett 300-tal engagerade medlemmar i Karlstad f\u00f6r sitt riksting. Bland de hundratals f\u00f6rslag som debatterades och beslutades fanns framf\u00f6r allt de som handlade om barn och unga. Sverige ska bli v\u00e4rldens b\u00e4sta land att v\u00e4xa upp i. Vi i Kristdemokraterna i Sollentuna f\u00f6rs\u00f6ker mer","og_url":"https:\/\/wp.kristdemokraterna.se\/sollentuna\/sikte-pa-framtiden-efter-kristdemokraternas-riksting\/","og_site_name":"Kristdemokraterna i Sollentuna","article_published_time":"2013-10-07T12:15:09+00:00","article_modified_time":"2013-10-07T12:18:54+00:00","og_image":[{"url":"http:\/\/wp.kristdemokraterna.se\/sollentuna\/files\/2013\/10\/riksting-sollentuna-1024x768.jpg","type":"","width":"","height":""}],"author":"KD Sollentuna","twitter_card":"summary_large_image","twitter_misc":{"Skriven av":"KD Sollentuna","Ber\u00e4knad l\u00e4stid":"1 minut"},"schema":{"@context":"https:\/\/schema.org","@graph":[{"@type":"Article","@id":"https:\/\/wp.kristdemokraterna.se\/sollentuna\/sikte-pa-framtiden-efter-kristdemokraternas-riksting\/#article","isPartOf":{"@id":"https:\/\/wp.kristdemokraterna.se\/sollentuna\/sikte-pa-framtiden-efter-kristdemokraternas-riksting\/"},"author":{"name":"KD Sollentuna","@id":"https:\/\/wp.kristdemokraterna.se\/sollentuna\/#\/schema\/person\/40a55bef1c75b5a2b5f5e22f7dba7bad"},"headline":"Sikte p\u00e5 framtiden efter Kristdemokraternas riksting","datePublished":"2013-10-07T12:15:09+00:00","dateModified":"2013-10-07T12:18:54+00:00","mainEntityOfPage":{"@id":"https:\/\/wp.kristdemokraterna.se\/sollentuna\/sikte-pa-framtiden-efter-kristdemokraternas-riksting\/"},"wordCount":183,"image":{"@id":"https:\/\/wp.kristdemokraterna.se\/sollentuna\/sikte-pa-framtiden-efter-kristdemokraternas-riksting\/#primaryimage"},"thumbnailUrl":"http:\/\/wp.kristdemokraterna.se\/sollentuna\/files\/2013\/10\/riksting-sollentuna-1024x768.jpg","keywords":["arbete","barn","familj","magnus ramstrand","riksting","skola","sonia lunnerg\u00e5rd","unga"],"articleSection":["Det h\u00e4nder"],"inLanguage":"sv-SE"},{"@type":"WebPage","@id":"https:\/\/wp.kristdemokraterna.se\/sollentuna\/sikte-pa-framtiden-efter-kristdemokraternas-riksting\/","url":"https:\/\/wp.kristdemokraterna.se\/sollentuna\/sikte-pa-framtiden-efter-kristdemokraternas-riksting\/","name":"Sikte p\u00e5 framtiden efter Kristdemokraternas riksting - Kristdemokraterna i Sollentuna","isPartOf":{"@id":"https:\/\/wp.kristdemokraterna.se\/sollentuna\/#website"},"primaryImageOfPage":{"@id":"https:\/\/wp.kristdemokraterna.se\/sollentuna\/sikte-pa-framtiden-efter-kristdemokraternas-riksting\/#primaryimage"},"image":{"@id":"https:\/\/wp.kristdemokraterna.se\/sollentuna\/sikte-pa-framtiden-efter-kristdemokraternas-riksting\/#primaryimage"},"thumbnailUrl":"http:\/\/wp.kristdemokraterna.se\/sollentuna\/files\/2013\/10\/riksting-sollentuna-1024x768.jpg","datePublished":"2013-10-07T12:15:09+00:00","dateModified":"2013-10-07T12:18:54+00:00","author":{"@id":"https:\/\/wp.kristdemokraterna.se\/sollentuna\/#\/schema\/person\/40a55bef1c75b5a2b5f5e22f7dba7bad"},"breadcrumb":{"@id":"https:\/\/wp.kristdemokraterna.se\/sollentuna\/sikte-pa-framtiden-efter-kristdemokraternas-riksting\/#breadcrumb"},"inLanguage":"sv-SE","potentialAction":[{"@type":"ReadAction","target":["https:\/\/wp.kristdemokraterna.se\/sollentuna\/sikte-pa-framtiden-efter-kristdemokraternas-riksting\/"]}]},{"@type":"ImageObject","inLanguage":"sv-SE","@id":"https:\/\/wp.kristdemokraterna.se\/sollentuna\/sikte-pa-framtiden-efter-kristdemokraternas-riksting\/#primaryimage","url":"https:\/\/wp.kristdemokraterna.se\/sollentuna\/files\/2013\/10\/riksting-sollentuna.jpg","contentUrl":"https:\/\/wp.kristdemokraterna.se\/sollentuna\/files\/2013\/10\/riksting-sollentuna.jpg","width":1632,"height":1224},{"@type":"BreadcrumbList","@id":"https:\/\/wp.kristdemokraterna.se\/sollentuna\/sikte-pa-framtiden-efter-kristdemokraternas-riksting\/#breadcrumb","itemListElement":[{"@type":"ListItem","position":1,"name":"Hem","item":"https:\/\/wp.kristdemokraterna.se\/sollentuna\/"},{"@type":"ListItem","position":2,"name":"Sikte p\u00e5 framtiden efter Kristdemokraternas riksting"}]},{"@type":"WebSite","@id":"https:\/\/wp.kristdemokraterna.se\/sollentuna\/#website","url":"https:\/\/wp.kristdemokraterna.se\/sollentuna\/","name":"Kristdemokraterna i Sollentuna","description":"","inLanguage":"sv-SE"},{"@type":"Person","@id":"https:\/\/wp.kristdemokraterna.se\/sollentuna\/#\/schema\/person\/40a55bef1c75b5a2b5f5e22f7dba7bad","name":"KD Sollentuna","image":{"@type":"ImageObject","inLanguage":"sv-SE","@id":"https:\/\/secure.gravatar.com\/avatar\/18833c8a6166c23169f5fbbcfc06d547dde13c3030952e6fb64680b806332438?s=96&d=mm&r=g","url":"https:\/\/secure.gravatar.com\/avatar\/18833c8a6166c23169f5fbbcfc06d547dde13c3030952e6fb64680b806332438?s=96&d=mm&r=g","contentUrl":"https:\/\/secure.gravatar.com\/avatar\/18833c8a6166c23169f5fbbcfc06d547dde13c3030952e6fb64680b806332438?s=96&d=mm&r=g","caption":"KD Sollentuna"},"url":"https:\/\/wp.kristdemokraterna.se\/sollentuna\/author\/sollentuna\/"}]}},"_links":{"self":[{"href":"https:\/\/wp.kristdemokraterna.se\/sollentuna\/wp-json\/wp\/v2\/posts\/350","targetHints":{"allow":["GET"]}}],"collection":[{"href":"https:\/\/wp.kristdemokraterna.se\/sollentuna\/wp-json\/wp\/v2\/posts"}],"about":[{"href":"https:\/\/wp.kristdemokraterna.se\/sollentuna\/wp-json\/wp\/v2\/types\/post"}],"author":[{"embeddable":true,"href":"https:\/\/wp.kristdemokraterna.se\/sollentuna\/wp-json\/wp\/v2\/users\/41"}],"replies":[{"embeddable":true,"href":"https:\/\/wp.kristdemokraterna.se\/sollentuna\/wp-json\/wp\/v2\/comments?post=350"}],"version-history":[{"count":4,"href":"https:\/\/wp.kristdemokraterna.se\/sollentuna\/wp-json\/wp\/v2\/posts\/350\/revisions"}],"predecessor-version":[{"id":356,"href":"https:\/\/wp.kristdemokraterna.se\/sollentuna\/wp-json\/wp\/v2\/posts\/350\/revisions\/356"}],"wp:attachment":[{"href":"https:\/\/wp.kristdemokraterna.se\/sollentuna\/wp-json\/wp\/v2\/media?parent=350"}],"wp:term":[{"taxonomy":"category","embeddable":true,"href":"https:\/\/wp.kristdemokraterna.se\/sollentuna\/wp-json\/wp\/v2\/categories?post=350"},{"taxonomy":"post_tag","embeddable":true,"href":"https:\/\/wp.kristdemokraterna.se\/sollentuna\/wp-json\/wp\/v2\/tags?post=350"}],"curies":[{"name":"wp","href":"https:\/\/api.w.org\/{rel}","templated":true}]}}