{"id":394,"date":"2013-12-04T14:27:01","date_gmt":"2013-12-04T13:27:01","guid":{"rendered":"http:\/\/wp.kristdemokraterna.se\/sollentuna\/?p=394"},"modified":"2013-12-04T14:27:01","modified_gmt":"2013-12-04T13:27:01","slug":"bullerskydd-mojliggor-ytterligare-bostader-i-silverdal","status":"publish","type":"post","link":"https:\/\/wp.kristdemokraterna.se\/sollentuna\/bullerskydd-mojliggor-ytterligare-bostader-i-silverdal\/","title":{"rendered":"Bullerskydd m\u00f6jligg\u00f6r ytterligare bost\u00e4der i Silverdal"},"content":{"rendered":"<p>&#8211; F\u00f6r oss \u00e4r det viktigt att vidta alla de \u00e5tg\u00e4rder vi kan f\u00f6r att minska bullerst\u00f6rningarna i Silverdal. Dels f\u00f6r att skydda de m\u00e5nga kommuninv\u00e5nare som finns i detta attraktiva och omtyckta omr\u00e5de, och dels f\u00f6r att kunna bygga fler bost\u00e4der, s\u00e4ger Magnus Ramstrand, KD, vice ordf\u00f6rande i kommunstyrelsens milj\u00f6utskott.<\/p>\n<p>&#8211; Det handlar om att minska buller fr\u00e5n j\u00e4rnv\u00e4gen men ocks\u00e5 fr\u00e5n E4:an och den nya sammanl\u00e4nkningen av E18 och E4:an vid Kista.<\/p>\n<p>Den styrande\u00a0majoriteten i Sollentuna kommun best\u00e5ende av\u00a0Moderaterna, Folkpartiet och Kristdemokraterna har gett\u00a0kommunledningskontoret konkreta uppdrag f\u00f6r att minska bullret i Silverdal samt m\u00f6jligg\u00f6randet av ytterligare bost\u00e4der.<\/p>\n<p>\u00a0&#8211; Vi fr\u00e5n majoriteten har \u00e4r oerh\u00f6rt glada \u00f6ver att ha gett skarpa uppdrag till kommunledningskontoret att verka f\u00f6r bullersk\u00e4rmande \u00e5tg\u00e4rder i Silverdal samt inleda f\u00f6rhandlingar med Trafikverket att minska bullret fr\u00e5n j\u00e4rnv\u00e4g och E4. Minskat buller m\u00f6jligg\u00f6r byggandet av ytterligare bost\u00e4der i Silverdal.<\/p>\n<p>&#8211; Kommunledningskontoret har, av majoriteten, f\u00e5tt uppdrag att \u00e4ndra g\u00e4llande detaljplaner utmed Sollentunav\u00e4gen vid Pfizer och s\u00f6derut f\u00f6r att medge bullers\u00e4krade bost\u00e4der.\u00a0 Nya bost\u00e4der i detta omr\u00e5de reducerar bullerst\u00f6rningarna fr\u00e5n v\u00e4g och j\u00e4rnv\u00e4g inom stora delar av Silverdal,\u00a0s\u00e4ger majoriteten i kommunstyrelsens plan- och exploateringsutskott samt milj\u00f6utskott i ett gemensamt pressmeddelande.<\/p>\n<p>Fakta:<\/p>\n<p>Kommunstyrelsens milj\u00f6utskott har gett kommunledningskontoret i uppdrag att verka f\u00f6r att bullersk\u00e4rmande \u00e5tg\u00e4rder \u00f6ster om Sollentunav\u00e4gen. Milj\u00f6utskottet gav \u00e4ven kommunledningskontoret att inleda f\u00f6rhandlingar med Trafikverket om att genomf\u00f6ra ljudreducerade v\u00e4gbel\u00e4ggning p\u00e5 E4 och sp\u00e5rn\u00e4ra sk\u00e4rmar inom j\u00e4rnv\u00e4gsomr\u00e5det.<\/p>\n<p>Kommunstyrelsens plan- och exploateringsutskott har gett kommunledningskontoret i uppdrag\u00a0att \u00e4ndra g\u00e4llande detaljplaner f\u00f6r kvarteret Marginalen och f\u00f6r del av kvarteret Malten i Silverdal till att medge bost\u00e4der.<\/p>\n","protected":false},"excerpt":{"rendered":"<p>&#8211; F\u00f6r oss \u00e4r det viktigt att vidta alla de \u00e5tg\u00e4rder vi kan f\u00f6r att minska bullerst\u00f6rningarna i Silverdal. Dels f\u00f6r att skydda de m\u00e5nga kommuninv\u00e5nare som finns i detta attraktiva och omtyckta omr\u00e5de, och dels f\u00f6r att kunna bygga fler bost\u00e4der, s\u00e4ger Magnus Ramstrand, KD, vice ordf\u00f6rande i kommunstyrelsens milj\u00f6utskott. &#8211; Det handlar <a class=\"read-more-link\" href=\"https:\/\/wp.kristdemokraterna.se\/sollentuna\/bullerskydd-mojliggor-ytterligare-bostader-i-silverdal\/\">mer<\/a><\/p>\n","protected":false},"author":41,"featured_media":0,"comment_status":"closed","ping_status":"open","sticky":false,"template":"","format":"standard","meta":{"_acf_changed":false,"footnotes":""},"categories":[1],"tags":[],"class_list":["post-394","post","type-post","status-publish","format-standard","hentry","category-okategoriserade"],"acf":[],"yoast_head":"<!-- This site is optimized with the Yoast SEO plugin v27.5 - https:\/\/yoast.com\/product\/yoast-seo-wordpress\/ -->\n<title>Bullerskydd m\u00f6jligg\u00f6r ytterligare bost\u00e4der i Silverdal - Kristdemokraterna i Sollentuna<\/title>\n<meta name=\"robots\" content=\"index, follow, max-snippet:-1, max-image-preview:large, max-video-preview:-1\" \/>\n<link rel=\"canonical\" href=\"https:\/\/wp.kristdemokraterna.se\/sollentuna\/bullerskydd-mojliggor-ytterligare-bostader-i-silverdal\/\" \/>\n<meta property=\"og:locale\" content=\"sv_SE\" \/>\n<meta property=\"og:type\" content=\"article\" \/>\n<meta property=\"og:title\" content=\"Bullerskydd m\u00f6jligg\u00f6r ytterligare bost\u00e4der i Silverdal - Kristdemokraterna i Sollentuna\" \/>\n<meta property=\"og:description\" content=\"&#8211; F\u00f6r oss \u00e4r det viktigt att vidta alla de \u00e5tg\u00e4rder vi kan f\u00f6r att minska bullerst\u00f6rningarna i Silverdal. Dels f\u00f6r att skydda de m\u00e5nga kommuninv\u00e5nare som finns i detta attraktiva och omtyckta omr\u00e5de, och dels f\u00f6r att kunna bygga fler bost\u00e4der, s\u00e4ger Magnus Ramstrand, KD, vice ordf\u00f6rande i kommunstyrelsens milj\u00f6utskott. &#8211; Det handlar mer\" \/>\n<meta property=\"og:url\" content=\"https:\/\/wp.kristdemokraterna.se\/sollentuna\/bullerskydd-mojliggor-ytterligare-bostader-i-silverdal\/\" \/>\n<meta property=\"og:site_name\" content=\"Kristdemokraterna i Sollentuna\" \/>\n<meta property=\"article:published_time\" content=\"2013-12-04T13:27:01+00:00\" \/>\n<meta name=\"author\" content=\"KD Sollentuna\" \/>\n<meta name=\"twitter:card\" content=\"summary_large_image\" \/>\n<meta name=\"twitter:label1\" content=\"Skriven av\" \/>\n\t<meta name=\"twitter:data1\" content=\"KD Sollentuna\" \/>\n\t<meta name=\"twitter:label2\" content=\"Ber\u00e4knad l\u00e4stid\" \/>\n\t<meta name=\"twitter:data2\" content=\"2 minuter\" \/>\n<script type=\"application\/ld+json\" class=\"yoast-schema-graph\">{\"@context\":\"https:\\\/\\\/schema.org\",\"@graph\":[{\"@type\":\"Article\",\"@id\":\"https:\\\/\\\/wp.kristdemokraterna.se\\\/sollentuna\\\/bullerskydd-mojliggor-ytterligare-bostader-i-silverdal\\\/#article\",\"isPartOf\":{\"@id\":\"https:\\\/\\\/wp.kristdemokraterna.se\\\/sollentuna\\\/bullerskydd-mojliggor-ytterligare-bostader-i-silverdal\\\/\"},\"author\":{\"name\":\"KD Sollentuna\",\"@id\":\"https:\\\/\\\/wp.kristdemokraterna.se\\\/sollentuna\\\/#\\\/schema\\\/person\\\/40a55bef1c75b5a2b5f5e22f7dba7bad\"},\"headline\":\"Bullerskydd m\u00f6jligg\u00f6r ytterligare bost\u00e4der i Silverdal\",\"datePublished\":\"2013-12-04T13:27:01+00:00\",\"mainEntityOfPage\":{\"@id\":\"https:\\\/\\\/wp.kristdemokraterna.se\\\/sollentuna\\\/bullerskydd-mojliggor-ytterligare-bostader-i-silverdal\\\/\"},\"wordCount\":345,\"inLanguage\":\"sv-SE\"},{\"@type\":\"WebPage\",\"@id\":\"https:\\\/\\\/wp.kristdemokraterna.se\\\/sollentuna\\\/bullerskydd-mojliggor-ytterligare-bostader-i-silverdal\\\/\",\"url\":\"https:\\\/\\\/wp.kristdemokraterna.se\\\/sollentuna\\\/bullerskydd-mojliggor-ytterligare-bostader-i-silverdal\\\/\",\"name\":\"Bullerskydd m\u00f6jligg\u00f6r ytterligare bost\u00e4der i Silverdal - Kristdemokraterna i Sollentuna\",\"isPartOf\":{\"@id\":\"https:\\\/\\\/wp.kristdemokraterna.se\\\/sollentuna\\\/#website\"},\"datePublished\":\"2013-12-04T13:27:01+00:00\",\"author\":{\"@id\":\"https:\\\/\\\/wp.kristdemokraterna.se\\\/sollentuna\\\/#\\\/schema\\\/person\\\/40a55bef1c75b5a2b5f5e22f7dba7bad\"},\"breadcrumb\":{\"@id\":\"https:\\\/\\\/wp.kristdemokraterna.se\\\/sollentuna\\\/bullerskydd-mojliggor-ytterligare-bostader-i-silverdal\\\/#breadcrumb\"},\"inLanguage\":\"sv-SE\",\"potentialAction\":[{\"@type\":\"ReadAction\",\"target\":[\"https:\\\/\\\/wp.kristdemokraterna.se\\\/sollentuna\\\/bullerskydd-mojliggor-ytterligare-bostader-i-silverdal\\\/\"]}]},{\"@type\":\"BreadcrumbList\",\"@id\":\"https:\\\/\\\/wp.kristdemokraterna.se\\\/sollentuna\\\/bullerskydd-mojliggor-ytterligare-bostader-i-silverdal\\\/#breadcrumb\",\"itemListElement\":[{\"@type\":\"ListItem\",\"position\":1,\"name\":\"Hem\",\"item\":\"https:\\\/\\\/wp.kristdemokraterna.se\\\/sollentuna\\\/\"},{\"@type\":\"ListItem\",\"position\":2,\"name\":\"Bullerskydd m\u00f6jligg\u00f6r ytterligare bost\u00e4der i Silverdal\"}]},{\"@type\":\"WebSite\",\"@id\":\"https:\\\/\\\/wp.kristdemokraterna.se\\\/sollentuna\\\/#website\",\"url\":\"https:\\\/\\\/wp.kristdemokraterna.se\\\/sollentuna\\\/\",\"name\":\"Kristdemokraterna i Sollentuna\",\"description\":\"\",\"inLanguage\":\"sv-SE\"},{\"@type\":\"Person\",\"@id\":\"https:\\\/\\\/wp.kristdemokraterna.se\\\/sollentuna\\\/#\\\/schema\\\/person\\\/40a55bef1c75b5a2b5f5e22f7dba7bad\",\"name\":\"KD Sollentuna\",\"image\":{\"@type\":\"ImageObject\",\"inLanguage\":\"sv-SE\",\"@id\":\"https:\\\/\\\/secure.gravatar.com\\\/avatar\\\/18833c8a6166c23169f5fbbcfc06d547dde13c3030952e6fb64680b806332438?s=96&d=mm&r=g\",\"url\":\"https:\\\/\\\/secure.gravatar.com\\\/avatar\\\/18833c8a6166c23169f5fbbcfc06d547dde13c3030952e6fb64680b806332438?s=96&d=mm&r=g\",\"contentUrl\":\"https:\\\/\\\/secure.gravatar.com\\\/avatar\\\/18833c8a6166c23169f5fbbcfc06d547dde13c3030952e6fb64680b806332438?s=96&d=mm&r=g\",\"caption\":\"KD Sollentuna\"},\"url\":\"https:\\\/\\\/wp.kristdemokraterna.se\\\/sollentuna\\\/author\\\/sollentuna\\\/\"}]}<\/script>\n<!-- \/ Yoast SEO plugin. -->","yoast_head_json":{"title":"Bullerskydd m\u00f6jligg\u00f6r ytterligare bost\u00e4der i Silverdal - Kristdemokraterna i Sollentuna","robots":{"index":"index","follow":"follow","max-snippet":"max-snippet:-1","max-image-preview":"max-image-preview:large","max-video-preview":"max-video-preview:-1"},"canonical":"https:\/\/wp.kristdemokraterna.se\/sollentuna\/bullerskydd-mojliggor-ytterligare-bostader-i-silverdal\/","og_locale":"sv_SE","og_type":"article","og_title":"Bullerskydd m\u00f6jligg\u00f6r ytterligare bost\u00e4der i Silverdal - Kristdemokraterna i Sollentuna","og_description":"&#8211; F\u00f6r oss \u00e4r det viktigt att vidta alla de \u00e5tg\u00e4rder vi kan f\u00f6r att minska bullerst\u00f6rningarna i Silverdal. Dels f\u00f6r att skydda de m\u00e5nga kommuninv\u00e5nare som finns i detta attraktiva och omtyckta omr\u00e5de, och dels f\u00f6r att kunna bygga fler bost\u00e4der, s\u00e4ger Magnus Ramstrand, KD, vice ordf\u00f6rande i kommunstyrelsens milj\u00f6utskott. &#8211; Det handlar mer","og_url":"https:\/\/wp.kristdemokraterna.se\/sollentuna\/bullerskydd-mojliggor-ytterligare-bostader-i-silverdal\/","og_site_name":"Kristdemokraterna i Sollentuna","article_published_time":"2013-12-04T13:27:01+00:00","author":"KD Sollentuna","twitter_card":"summary_large_image","twitter_misc":{"Skriven av":"KD Sollentuna","Ber\u00e4knad l\u00e4stid":"2 minuter"},"schema":{"@context":"https:\/\/schema.org","@graph":[{"@type":"Article","@id":"https:\/\/wp.kristdemokraterna.se\/sollentuna\/bullerskydd-mojliggor-ytterligare-bostader-i-silverdal\/#article","isPartOf":{"@id":"https:\/\/wp.kristdemokraterna.se\/sollentuna\/bullerskydd-mojliggor-ytterligare-bostader-i-silverdal\/"},"author":{"name":"KD Sollentuna","@id":"https:\/\/wp.kristdemokraterna.se\/sollentuna\/#\/schema\/person\/40a55bef1c75b5a2b5f5e22f7dba7bad"},"headline":"Bullerskydd m\u00f6jligg\u00f6r ytterligare bost\u00e4der i Silverdal","datePublished":"2013-12-04T13:27:01+00:00","mainEntityOfPage":{"@id":"https:\/\/wp.kristdemokraterna.se\/sollentuna\/bullerskydd-mojliggor-ytterligare-bostader-i-silverdal\/"},"wordCount":345,"inLanguage":"sv-SE"},{"@type":"WebPage","@id":"https:\/\/wp.kristdemokraterna.se\/sollentuna\/bullerskydd-mojliggor-ytterligare-bostader-i-silverdal\/","url":"https:\/\/wp.kristdemokraterna.se\/sollentuna\/bullerskydd-mojliggor-ytterligare-bostader-i-silverdal\/","name":"Bullerskydd m\u00f6jligg\u00f6r ytterligare bost\u00e4der i Silverdal - Kristdemokraterna i Sollentuna","isPartOf":{"@id":"https:\/\/wp.kristdemokraterna.se\/sollentuna\/#website"},"datePublished":"2013-12-04T13:27:01+00:00","author":{"@id":"https:\/\/wp.kristdemokraterna.se\/sollentuna\/#\/schema\/person\/40a55bef1c75b5a2b5f5e22f7dba7bad"},"breadcrumb":{"@id":"https:\/\/wp.kristdemokraterna.se\/sollentuna\/bullerskydd-mojliggor-ytterligare-bostader-i-silverdal\/#breadcrumb"},"inLanguage":"sv-SE","potentialAction":[{"@type":"ReadAction","target":["https:\/\/wp.kristdemokraterna.se\/sollentuna\/bullerskydd-mojliggor-ytterligare-bostader-i-silverdal\/"]}]},{"@type":"BreadcrumbList","@id":"https:\/\/wp.kristdemokraterna.se\/sollentuna\/bullerskydd-mojliggor-ytterligare-bostader-i-silverdal\/#breadcrumb","itemListElement":[{"@type":"ListItem","position":1,"name":"Hem","item":"https:\/\/wp.kristdemokraterna.se\/sollentuna\/"},{"@type":"ListItem","position":2,"name":"Bullerskydd m\u00f6jligg\u00f6r ytterligare bost\u00e4der i Silverdal"}]},{"@type":"WebSite","@id":"https:\/\/wp.kristdemokraterna.se\/sollentuna\/#website","url":"https:\/\/wp.kristdemokraterna.se\/sollentuna\/","name":"Kristdemokraterna i Sollentuna","description":"","inLanguage":"sv-SE"},{"@type":"Person","@id":"https:\/\/wp.kristdemokraterna.se\/sollentuna\/#\/schema\/person\/40a55bef1c75b5a2b5f5e22f7dba7bad","name":"KD Sollentuna","image":{"@type":"ImageObject","inLanguage":"sv-SE","@id":"https:\/\/secure.gravatar.com\/avatar\/18833c8a6166c23169f5fbbcfc06d547dde13c3030952e6fb64680b806332438?s=96&d=mm&r=g","url":"https:\/\/secure.gravatar.com\/avatar\/18833c8a6166c23169f5fbbcfc06d547dde13c3030952e6fb64680b806332438?s=96&d=mm&r=g","contentUrl":"https:\/\/secure.gravatar.com\/avatar\/18833c8a6166c23169f5fbbcfc06d547dde13c3030952e6fb64680b806332438?s=96&d=mm&r=g","caption":"KD Sollentuna"},"url":"https:\/\/wp.kristdemokraterna.se\/sollentuna\/author\/sollentuna\/"}]}},"_links":{"self":[{"href":"https:\/\/wp.kristdemokraterna.se\/sollentuna\/wp-json\/wp\/v2\/posts\/394","targetHints":{"allow":["GET"]}}],"collection":[{"href":"https:\/\/wp.kristdemokraterna.se\/sollentuna\/wp-json\/wp\/v2\/posts"}],"about":[{"href":"https:\/\/wp.kristdemokraterna.se\/sollentuna\/wp-json\/wp\/v2\/types\/post"}],"author":[{"embeddable":true,"href":"https:\/\/wp.kristdemokraterna.se\/sollentuna\/wp-json\/wp\/v2\/users\/41"}],"replies":[{"embeddable":true,"href":"https:\/\/wp.kristdemokraterna.se\/sollentuna\/wp-json\/wp\/v2\/comments?post=394"}],"version-history":[{"count":1,"href":"https:\/\/wp.kristdemokraterna.se\/sollentuna\/wp-json\/wp\/v2\/posts\/394\/revisions"}],"predecessor-version":[{"id":395,"href":"https:\/\/wp.kristdemokraterna.se\/sollentuna\/wp-json\/wp\/v2\/posts\/394\/revisions\/395"}],"wp:attachment":[{"href":"https:\/\/wp.kristdemokraterna.se\/sollentuna\/wp-json\/wp\/v2\/media?parent=394"}],"wp:term":[{"taxonomy":"category","embeddable":true,"href":"https:\/\/wp.kristdemokraterna.se\/sollentuna\/wp-json\/wp\/v2\/categories?post=394"},{"taxonomy":"post_tag","embeddable":true,"href":"https:\/\/wp.kristdemokraterna.se\/sollentuna\/wp-json\/wp\/v2\/tags?post=394"}],"curies":[{"name":"wp","href":"https:\/\/api.w.org\/{rel}","templated":true}]}}