{"id":411,"date":"2013-12-31T11:44:13","date_gmt":"2013-12-31T10:44:13","guid":{"rendered":"http:\/\/wp.kristdemokraterna.se\/sollentuna\/?p=411"},"modified":"2013-12-31T11:44:13","modified_gmt":"2013-12-31T10:44:13","slug":"gott-nytt-ar-2","status":"publish","type":"post","link":"https:\/\/wp.kristdemokraterna.se\/sollentuna\/gott-nytt-ar-2\/","title":{"rendered":"Gott Nytt \u00c5r!"},"content":{"rendered":"<p><a href=\"http:\/\/wp.kristdemokraterna.se\/sollentuna\/files\/2013\/12\/ny\u00e5r.jpg\"><img loading=\"lazy\" decoding=\"async\" class=\"aligncenter size-full wp-image-412\" alt=\"ny\u00e5r\" src=\"http:\/\/wp.kristdemokraterna.se\/sollentuna\/files\/2013\/12\/ny\u00e5r.jpg\" width=\"960\" height=\"625\" srcset=\"https:\/\/wp.kristdemokraterna.se\/sollentuna\/files\/2013\/12\/ny\u00e5r.jpg 960w, https:\/\/wp.kristdemokraterna.se\/sollentuna\/files\/2013\/12\/ny\u00e5r-300x195.jpg 300w, https:\/\/wp.kristdemokraterna.se\/sollentuna\/files\/2013\/12\/ny\u00e5r-600x390.jpg 600w, https:\/\/wp.kristdemokraterna.se\/sollentuna\/files\/2013\/12\/ny\u00e5r-531x346.jpg 531w, https:\/\/wp.kristdemokraterna.se\/sollentuna\/files\/2013\/12\/ny\u00e5r-172x112.jpg 172w\" sizes=\"auto, (max-width: 960px) 100vw, 960px\" \/><\/a>Vi g\u00e5r in i 2014 med f\u00f6rv\u00e4ntan och arbetslust. EU-valet i maj och kommun-, landsting- och riksdagsval i september kommer att pr\u00e4gla \u00e5ret.<br \/>\nVi vet nu vilka personer som kommer att toppa partiets listor i b\u00e5de EU-valet (Lars Adaktusson, Ebba Busch,), riksdag (G\u00f6ran H\u00e4gglund, Emma Henriksson)- och landstingsvalet (Ella Bohlin, Eva Lanner\u00f6). Listan f\u00f6r kommunvalet i Sollentuna spikas p\u00e5 \u00e5rsm\u00f6tet den 10 februari.<\/p>\n<p>I Sollentuna, som \u00e4r en av de ekonomiskt starkaste kommunerna i regionen, kan vi se tillbaka p\u00e5 en bra befolknings\u00f6kning &#8211; cirka 1000 personer per \u00e5r. Vi \u00e4r snart uppe i 70 000 inv\u00e5nare.<\/p>\n<p>Men expansion, s\u00e4rskilt i kommunikationsn\u00e4ra l\u00e4gen, skapar utmaningar. Tack vare en offensiv kristdemokratisk bostadsminister, Stefan Attefall, skapas l\u00e5ngsiktigt f\u00f6ruts\u00e4ttningar f\u00f6r att bygga i bullerutsatta l\u00e4gen. Buller och partiklar \u00e4r ett av v\u00e5ra stora utmaningar f\u00f6r framtiden. Sollentuna genomkorsas av E4:an med en ny anslutning av E18. F\u00f6rbifart Stockholm kommer att mynna ut i H\u00e4ggvik. Vi har Norrortsleden och St\u00e4ketleden. Dessutom stambanan med allt fler t\u00e5g och inflygningarna till Arlanda.<\/p>\n<p>Efter diskussioner med Trafikverket kommer vi nu att f\u00e5 tyst asfalt i Rotebro som ett test. Vi kommer ocks\u00e5 att intensifiera v\u00e5rt bullerskydd i de s\u00f6dra delarna av kommunen.<\/p>\n<p>En bra skola \u00e4r en av anledningarna till att vi i Sollentuna f\u00e5r allt fler som vill bo i kommunen. Vi har bland de b\u00e4sta skolorna i landet. Ett h\u00e5rt arbete och fokus p\u00e5 utbildningsuppdraget och en stark digitalisering av skolan \u00e4r faktorer som bidragit till detta.<\/p>\n<p>Som ordf\u00f6rande i kultur- och fritidsn\u00e4mnden har Magnus Ramstrand ansvar f\u00f6r en expansiv del av kommunens liv. Ny friidrottshall har b\u00f6rjat byggas, likas\u00e5 \u00e4r tv\u00e5 fullstora idrottshallar l\u00e5ngt framme i planeringen. Likas\u00e5 en elvamanna fotbollshall.<\/p>\n<p>Inom kulturlivet \u00e4r det Edsviksprojektet som sticker ut d\u00e4r vi nu drar ig\u00e5ng en slottsteater p\u00e5 ny\u00e5ret. F\u00f6rsta upps\u00e4ttningen \u00e4r Malla och k\u00e4rleken. Samtliga f\u00f6rest\u00e4llningar \u00e4r sluts\u00e5lda. Med v\u00e5ra grannkommuner i norrort har vi ett befolkningsunderlag p\u00e5 cirka 250 000 inv\u00e5nare. Nog b\u00f6r det finnas utrymme f\u00f6r kultur h\u00e4r ocks\u00e5, inte bara inne i Stockholm city!<\/p>\n<p>Inom \u00e4ldreomsorgen har vi kristdemokrater varit drivande f\u00f6r att f\u00e5 fram en v\u00e4rdighetsgaranti &#8211; en slags ribba p\u00e5 vad brukare och anh\u00f6riga ska kunna f\u00f6rv\u00e4nta sig att kommunen st\u00e4ller upp med. Denna v\u00e4rdighetsgaranti h\u00e5ller som b\u00e4st p\u00e5 att implementeras just nu.<\/p>\n<p>Som ordf\u00f6rande i kultur- och fritidsn\u00e4mnden har Magnus Ramstrand ocks\u00e5 satt ett s\u00e4rskilt fokus p\u00e5 att barn med funktionsneds\u00e4ttning ska erbjudas bra fritidssyssels\u00e4ttningar. Vi har g\u00e5tt med i ett regionalt digitalt n\u00e4t som visar var i regionen det finns aktiviteter f\u00f6r barn och ungdomar. Kommuner beh\u00f6ver samverka f\u00f6r att skapa fler m\u00f6jligheter. H\u00e4r i Sollentuna har vi b\u00e5de dans och musikcaf\u00e9 samt Sollentuna melodifestival f\u00f6r personer med funktionsneds\u00e4ttning.<\/p>\n<p>Magnus Ramstrand \u00e4r ordf\u00f6rande i Brottsf\u00f6rebyggande r\u00e5det i Sollentuna. Vi kan se tillbaka p\u00e5 ett bra 2013 som ger hopp inf\u00f6r 2014. Den trygghetsm\u00e4tning vi gjorde under \u00e5ret visar att allt fler k\u00e4nner sig trygga i v\u00e5r kommun. Vi har m\u00e5nga frivilliga som nattvandrar och tar bort klotter, \u00e4r med i grannsamverkansf\u00f6reningar och deltar som frivilliga chauff\u00f6rer i grannsamverkansbilen, st\u00f6der skolorna som rastfaddrar. Det civila samh\u00e4llet g\u00e5r inte att \u00f6verskatta!<\/p>\n<p>I teamet av kristdemokrater i Sollentuna finns m\u00e5nga duktiga och engagerade personer som \u00e4r taggade inf\u00f6r val\u00e5ret 2014. Vi st\u00e5r inf\u00f6r stora utmaningar, men ser fram emot \u00e5ret med tillf\u00f6rsikt.<\/p>\n<p>Gott Nytt \u00c5r!<\/p>\n","protected":false},"excerpt":{"rendered":"<p>Vi g\u00e5r in i 2014 med f\u00f6rv\u00e4ntan och arbetslust. EU-valet i maj och kommun-, landsting- och riksdagsval i september kommer att pr\u00e4gla \u00e5ret. Vi vet nu vilka personer som kommer att toppa partiets listor i b\u00e5de EU-valet (Lars Adaktusson, Ebba Busch,), riksdag (G\u00f6ran H\u00e4gglund, Emma Henriksson)- och landstingsvalet (Ella Bohlin, Eva Lanner\u00f6). Listan f\u00f6r <a class=\"read-more-link\" href=\"https:\/\/wp.kristdemokraterna.se\/sollentuna\/gott-nytt-ar-2\/\">mer<\/a><\/p>\n","protected":false},"author":41,"featured_media":0,"comment_status":"closed","ping_status":"open","sticky":false,"template":"","format":"standard","meta":{"_acf_changed":false,"footnotes":""},"categories":[1],"tags":[129,45,49,72,53,14,15],"class_list":["post-411","post","type-post","status-publish","format-standard","hentry","category-okategoriserade","tag-aldreomsorg","tag-alliansen","tag-brottsforebyggande-radet","tag-edsviken","tag-funktionsnedsattningar","tag-kultur-och-fritidsnamnden","tag-magnus-ramstrand"],"acf":[],"yoast_head":"<!-- This site is optimized with the Yoast SEO plugin v27.5 - https:\/\/yoast.com\/product\/yoast-seo-wordpress\/ -->\n<title>Gott Nytt \u00c5r! - Kristdemokraterna i Sollentuna<\/title>\n<meta name=\"robots\" content=\"index, follow, max-snippet:-1, max-image-preview:large, max-video-preview:-1\" \/>\n<link rel=\"canonical\" href=\"https:\/\/wp.kristdemokraterna.se\/sollentuna\/gott-nytt-ar-2\/\" \/>\n<meta property=\"og:locale\" content=\"sv_SE\" \/>\n<meta property=\"og:type\" content=\"article\" \/>\n<meta property=\"og:title\" content=\"Gott Nytt \u00c5r! - Kristdemokraterna i Sollentuna\" \/>\n<meta property=\"og:description\" content=\"Vi g\u00e5r in i 2014 med f\u00f6rv\u00e4ntan och arbetslust. EU-valet i maj och kommun-, landsting- och riksdagsval i september kommer att pr\u00e4gla \u00e5ret. Vi vet nu vilka personer som kommer att toppa partiets listor i b\u00e5de EU-valet (Lars Adaktusson, Ebba Busch,), riksdag (G\u00f6ran H\u00e4gglund, Emma Henriksson)- och landstingsvalet (Ella Bohlin, Eva Lanner\u00f6). Listan f\u00f6r mer\" \/>\n<meta property=\"og:url\" content=\"https:\/\/wp.kristdemokraterna.se\/sollentuna\/gott-nytt-ar-2\/\" \/>\n<meta property=\"og:site_name\" content=\"Kristdemokraterna i Sollentuna\" \/>\n<meta property=\"article:published_time\" content=\"2013-12-31T10:44:13+00:00\" \/>\n<meta property=\"og:image\" content=\"http:\/\/wp.kristdemokraterna.se\/sollentuna\/files\/2013\/12\/ny\u00e5r.jpg\" \/>\n<meta name=\"author\" content=\"KD Sollentuna\" \/>\n<meta name=\"twitter:card\" content=\"summary_large_image\" \/>\n<meta name=\"twitter:label1\" content=\"Skriven av\" \/>\n\t<meta name=\"twitter:data1\" content=\"KD Sollentuna\" \/>\n\t<meta name=\"twitter:label2\" content=\"Ber\u00e4knad l\u00e4stid\" \/>\n\t<meta name=\"twitter:data2\" content=\"3 minuter\" \/>\n<script type=\"application\/ld+json\" class=\"yoast-schema-graph\">{\"@context\":\"https:\\\/\\\/schema.org\",\"@graph\":[{\"@type\":\"Article\",\"@id\":\"https:\\\/\\\/wp.kristdemokraterna.se\\\/sollentuna\\\/gott-nytt-ar-2\\\/#article\",\"isPartOf\":{\"@id\":\"https:\\\/\\\/wp.kristdemokraterna.se\\\/sollentuna\\\/gott-nytt-ar-2\\\/\"},\"author\":{\"name\":\"KD Sollentuna\",\"@id\":\"https:\\\/\\\/wp.kristdemokraterna.se\\\/sollentuna\\\/#\\\/schema\\\/person\\\/40a55bef1c75b5a2b5f5e22f7dba7bad\"},\"headline\":\"Gott Nytt \u00c5r!\",\"datePublished\":\"2013-12-31T10:44:13+00:00\",\"mainEntityOfPage\":{\"@id\":\"https:\\\/\\\/wp.kristdemokraterna.se\\\/sollentuna\\\/gott-nytt-ar-2\\\/\"},\"wordCount\":632,\"keywords\":[\"\u00c4ldreomsorg\",\"alliansen\",\"brottsf\u00f6rebyggande r\u00e5det\",\"edsviken\",\"funktionsneds\u00e4ttningar\",\"kultur- och fritidsn\u00e4mnden\",\"magnus ramstrand\"],\"inLanguage\":\"sv-SE\"},{\"@type\":\"WebPage\",\"@id\":\"https:\\\/\\\/wp.kristdemokraterna.se\\\/sollentuna\\\/gott-nytt-ar-2\\\/\",\"url\":\"https:\\\/\\\/wp.kristdemokraterna.se\\\/sollentuna\\\/gott-nytt-ar-2\\\/\",\"name\":\"Gott Nytt \u00c5r! - Kristdemokraterna i Sollentuna\",\"isPartOf\":{\"@id\":\"https:\\\/\\\/wp.kristdemokraterna.se\\\/sollentuna\\\/#website\"},\"datePublished\":\"2013-12-31T10:44:13+00:00\",\"author\":{\"@id\":\"https:\\\/\\\/wp.kristdemokraterna.se\\\/sollentuna\\\/#\\\/schema\\\/person\\\/40a55bef1c75b5a2b5f5e22f7dba7bad\"},\"breadcrumb\":{\"@id\":\"https:\\\/\\\/wp.kristdemokraterna.se\\\/sollentuna\\\/gott-nytt-ar-2\\\/#breadcrumb\"},\"inLanguage\":\"sv-SE\",\"potentialAction\":[{\"@type\":\"ReadAction\",\"target\":[\"https:\\\/\\\/wp.kristdemokraterna.se\\\/sollentuna\\\/gott-nytt-ar-2\\\/\"]}]},{\"@type\":\"BreadcrumbList\",\"@id\":\"https:\\\/\\\/wp.kristdemokraterna.se\\\/sollentuna\\\/gott-nytt-ar-2\\\/#breadcrumb\",\"itemListElement\":[{\"@type\":\"ListItem\",\"position\":1,\"name\":\"Hem\",\"item\":\"https:\\\/\\\/wp.kristdemokraterna.se\\\/sollentuna\\\/\"},{\"@type\":\"ListItem\",\"position\":2,\"name\":\"Gott Nytt \u00c5r!\"}]},{\"@type\":\"WebSite\",\"@id\":\"https:\\\/\\\/wp.kristdemokraterna.se\\\/sollentuna\\\/#website\",\"url\":\"https:\\\/\\\/wp.kristdemokraterna.se\\\/sollentuna\\\/\",\"name\":\"Kristdemokraterna i Sollentuna\",\"description\":\"\",\"inLanguage\":\"sv-SE\"},{\"@type\":\"Person\",\"@id\":\"https:\\\/\\\/wp.kristdemokraterna.se\\\/sollentuna\\\/#\\\/schema\\\/person\\\/40a55bef1c75b5a2b5f5e22f7dba7bad\",\"name\":\"KD Sollentuna\",\"image\":{\"@type\":\"ImageObject\",\"inLanguage\":\"sv-SE\",\"@id\":\"https:\\\/\\\/secure.gravatar.com\\\/avatar\\\/18833c8a6166c23169f5fbbcfc06d547dde13c3030952e6fb64680b806332438?s=96&d=mm&r=g\",\"url\":\"https:\\\/\\\/secure.gravatar.com\\\/avatar\\\/18833c8a6166c23169f5fbbcfc06d547dde13c3030952e6fb64680b806332438?s=96&d=mm&r=g\",\"contentUrl\":\"https:\\\/\\\/secure.gravatar.com\\\/avatar\\\/18833c8a6166c23169f5fbbcfc06d547dde13c3030952e6fb64680b806332438?s=96&d=mm&r=g\",\"caption\":\"KD Sollentuna\"},\"url\":\"https:\\\/\\\/wp.kristdemokraterna.se\\\/sollentuna\\\/author\\\/sollentuna\\\/\"}]}<\/script>\n<!-- \/ Yoast SEO plugin. -->","yoast_head_json":{"title":"Gott Nytt \u00c5r! - Kristdemokraterna i Sollentuna","robots":{"index":"index","follow":"follow","max-snippet":"max-snippet:-1","max-image-preview":"max-image-preview:large","max-video-preview":"max-video-preview:-1"},"canonical":"https:\/\/wp.kristdemokraterna.se\/sollentuna\/gott-nytt-ar-2\/","og_locale":"sv_SE","og_type":"article","og_title":"Gott Nytt \u00c5r! - Kristdemokraterna i Sollentuna","og_description":"Vi g\u00e5r in i 2014 med f\u00f6rv\u00e4ntan och arbetslust. EU-valet i maj och kommun-, landsting- och riksdagsval i september kommer att pr\u00e4gla \u00e5ret. Vi vet nu vilka personer som kommer att toppa partiets listor i b\u00e5de EU-valet (Lars Adaktusson, Ebba Busch,), riksdag (G\u00f6ran H\u00e4gglund, Emma Henriksson)- och landstingsvalet (Ella Bohlin, Eva Lanner\u00f6). Listan f\u00f6r mer","og_url":"https:\/\/wp.kristdemokraterna.se\/sollentuna\/gott-nytt-ar-2\/","og_site_name":"Kristdemokraterna i Sollentuna","article_published_time":"2013-12-31T10:44:13+00:00","og_image":[{"url":"http:\/\/wp.kristdemokraterna.se\/sollentuna\/files\/2013\/12\/ny\u00e5r.jpg","type":"","width":"","height":""}],"author":"KD Sollentuna","twitter_card":"summary_large_image","twitter_misc":{"Skriven av":"KD Sollentuna","Ber\u00e4knad l\u00e4stid":"3 minuter"},"schema":{"@context":"https:\/\/schema.org","@graph":[{"@type":"Article","@id":"https:\/\/wp.kristdemokraterna.se\/sollentuna\/gott-nytt-ar-2\/#article","isPartOf":{"@id":"https:\/\/wp.kristdemokraterna.se\/sollentuna\/gott-nytt-ar-2\/"},"author":{"name":"KD Sollentuna","@id":"https:\/\/wp.kristdemokraterna.se\/sollentuna\/#\/schema\/person\/40a55bef1c75b5a2b5f5e22f7dba7bad"},"headline":"Gott Nytt \u00c5r!","datePublished":"2013-12-31T10:44:13+00:00","mainEntityOfPage":{"@id":"https:\/\/wp.kristdemokraterna.se\/sollentuna\/gott-nytt-ar-2\/"},"wordCount":632,"keywords":["\u00c4ldreomsorg","alliansen","brottsf\u00f6rebyggande r\u00e5det","edsviken","funktionsneds\u00e4ttningar","kultur- och fritidsn\u00e4mnden","magnus ramstrand"],"inLanguage":"sv-SE"},{"@type":"WebPage","@id":"https:\/\/wp.kristdemokraterna.se\/sollentuna\/gott-nytt-ar-2\/","url":"https:\/\/wp.kristdemokraterna.se\/sollentuna\/gott-nytt-ar-2\/","name":"Gott Nytt \u00c5r! - Kristdemokraterna i Sollentuna","isPartOf":{"@id":"https:\/\/wp.kristdemokraterna.se\/sollentuna\/#website"},"datePublished":"2013-12-31T10:44:13+00:00","author":{"@id":"https:\/\/wp.kristdemokraterna.se\/sollentuna\/#\/schema\/person\/40a55bef1c75b5a2b5f5e22f7dba7bad"},"breadcrumb":{"@id":"https:\/\/wp.kristdemokraterna.se\/sollentuna\/gott-nytt-ar-2\/#breadcrumb"},"inLanguage":"sv-SE","potentialAction":[{"@type":"ReadAction","target":["https:\/\/wp.kristdemokraterna.se\/sollentuna\/gott-nytt-ar-2\/"]}]},{"@type":"BreadcrumbList","@id":"https:\/\/wp.kristdemokraterna.se\/sollentuna\/gott-nytt-ar-2\/#breadcrumb","itemListElement":[{"@type":"ListItem","position":1,"name":"Hem","item":"https:\/\/wp.kristdemokraterna.se\/sollentuna\/"},{"@type":"ListItem","position":2,"name":"Gott Nytt \u00c5r!"}]},{"@type":"WebSite","@id":"https:\/\/wp.kristdemokraterna.se\/sollentuna\/#website","url":"https:\/\/wp.kristdemokraterna.se\/sollentuna\/","name":"Kristdemokraterna i Sollentuna","description":"","inLanguage":"sv-SE"},{"@type":"Person","@id":"https:\/\/wp.kristdemokraterna.se\/sollentuna\/#\/schema\/person\/40a55bef1c75b5a2b5f5e22f7dba7bad","name":"KD Sollentuna","image":{"@type":"ImageObject","inLanguage":"sv-SE","@id":"https:\/\/secure.gravatar.com\/avatar\/18833c8a6166c23169f5fbbcfc06d547dde13c3030952e6fb64680b806332438?s=96&d=mm&r=g","url":"https:\/\/secure.gravatar.com\/avatar\/18833c8a6166c23169f5fbbcfc06d547dde13c3030952e6fb64680b806332438?s=96&d=mm&r=g","contentUrl":"https:\/\/secure.gravatar.com\/avatar\/18833c8a6166c23169f5fbbcfc06d547dde13c3030952e6fb64680b806332438?s=96&d=mm&r=g","caption":"KD Sollentuna"},"url":"https:\/\/wp.kristdemokraterna.se\/sollentuna\/author\/sollentuna\/"}]}},"_links":{"self":[{"href":"https:\/\/wp.kristdemokraterna.se\/sollentuna\/wp-json\/wp\/v2\/posts\/411","targetHints":{"allow":["GET"]}}],"collection":[{"href":"https:\/\/wp.kristdemokraterna.se\/sollentuna\/wp-json\/wp\/v2\/posts"}],"about":[{"href":"https:\/\/wp.kristdemokraterna.se\/sollentuna\/wp-json\/wp\/v2\/types\/post"}],"author":[{"embeddable":true,"href":"https:\/\/wp.kristdemokraterna.se\/sollentuna\/wp-json\/wp\/v2\/users\/41"}],"replies":[{"embeddable":true,"href":"https:\/\/wp.kristdemokraterna.se\/sollentuna\/wp-json\/wp\/v2\/comments?post=411"}],"version-history":[{"count":1,"href":"https:\/\/wp.kristdemokraterna.se\/sollentuna\/wp-json\/wp\/v2\/posts\/411\/revisions"}],"predecessor-version":[{"id":413,"href":"https:\/\/wp.kristdemokraterna.se\/sollentuna\/wp-json\/wp\/v2\/posts\/411\/revisions\/413"}],"wp:attachment":[{"href":"https:\/\/wp.kristdemokraterna.se\/sollentuna\/wp-json\/wp\/v2\/media?parent=411"}],"wp:term":[{"taxonomy":"category","embeddable":true,"href":"https:\/\/wp.kristdemokraterna.se\/sollentuna\/wp-json\/wp\/v2\/categories?post=411"},{"taxonomy":"post_tag","embeddable":true,"href":"https:\/\/wp.kristdemokraterna.se\/sollentuna\/wp-json\/wp\/v2\/tags?post=411"}],"curies":[{"name":"wp","href":"https:\/\/api.w.org\/{rel}","templated":true}]}}