{"id":489,"date":"2014-04-16T13:54:21","date_gmt":"2014-04-16T11:54:21","guid":{"rendered":"http:\/\/wp.kristdemokraterna.se\/sollentuna\/?p=489"},"modified":"2014-04-16T13:54:21","modified_gmt":"2014-04-16T11:54:21","slug":"bra-staddag-i-kommunen-okar-tryggheten","status":"publish","type":"post","link":"https:\/\/wp.kristdemokraterna.se\/sollentuna\/bra-staddag-i-kommunen-okar-tryggheten\/","title":{"rendered":"Bra st\u00e4ddag i kommunen \u00f6kar tryggheten"},"content":{"rendered":"<div id=\"attachment_490\" style=\"width: 1290px\" class=\"wp-caption aligncenter\"><a href=\"http:\/\/wp.kristdemokraterna.se\/sollentuna\/files\/2014\/04\/staddeag-2014.jpg\"><img loading=\"lazy\" decoding=\"async\" aria-describedby=\"caption-attachment-490\" class=\"size-full wp-image-490\" alt=\"Sollentuna fotboll hj\u00e4lper till att st\u00e4da kommunen\" src=\"http:\/\/wp.kristdemokraterna.se\/sollentuna\/files\/2014\/04\/staddeag-2014.jpg\" width=\"1280\" height=\"960\" srcset=\"https:\/\/wp.kristdemokraterna.se\/sollentuna\/files\/2014\/04\/staddeag-2014.jpg 1280w, https:\/\/wp.kristdemokraterna.se\/sollentuna\/files\/2014\/04\/staddeag-2014-300x225.jpg 300w, https:\/\/wp.kristdemokraterna.se\/sollentuna\/files\/2014\/04\/staddeag-2014-1024x768.jpg 1024w, https:\/\/wp.kristdemokraterna.se\/sollentuna\/files\/2014\/04\/staddeag-2014-600x450.jpg 600w, https:\/\/wp.kristdemokraterna.se\/sollentuna\/files\/2014\/04\/staddeag-2014-461x346.jpg 461w, https:\/\/wp.kristdemokraterna.se\/sollentuna\/files\/2014\/04\/staddeag-2014-149x112.jpg 149w\" sizes=\"auto, (max-width: 1280px) 100vw, 1280px\" \/><\/a><p id=\"caption-attachment-490\" class=\"wp-caption-text\">Sollentuna fotboll hj\u00e4lper till att st\u00e4da kommunen<\/p><\/div>\n<p>L\u00f6rdagen den 12 april hade vi allm\u00e4n st\u00e4ddag i kommunen. P\u00e5 tio olika platser, centrum, i kommundelarna var vi p\u00e5 plats. Politiker hade f\u00e5tt ansvar f\u00f6r olika delar. Och till sin hj\u00e4lp hade vi ett fotbollslag fr\u00e5n Sollentuna fotboll.<br \/>\n&#8211; Jag var vid Edsbergs centrum, ber\u00e4ttar Magnus Ramstrand, gruppledare f\u00f6r Kristdemokraterna. Ett h\u00e4rligt g\u00e4ng 14-\u00e5riga grabbar fr\u00e5n v\u00e5r stora fotbollsklubb var d\u00e4r tillsammans med deras tr\u00e4nare &#8211; Niklas.<br \/>\n&#8211; De st\u00e4dade torget och v\u00e4garna runt om i centrum. Mest skr\u00e4p var det ner mot Edsbergsskolan.<\/p>\n<p>Edsberg upplevs som ett tryggt omr\u00e5de visar v\u00e5r senaste trygghetsm\u00e4tning. Trots de skottlossningar som skett d\u00e4r.<br \/>\n&#8211; De jag pratade med h\u00e4vdar att det r\u00f6r sig om skottlossning riktad mot enskilda personer. Det p\u00e5verkar inte kommundelens upplevelse av trygghet, s\u00e4ger Magnus Ramstrand.<\/p>\n<p>St\u00e4ddagen \u00e4r en \u00e5terkommande h\u00e4ndelse. Sollentuna fotboll st\u00e4ller g\u00e4rna upp p\u00e5 denna sociala insats, intygar tr\u00e4naren Niklas.<br \/>\n&#8211; Vi vill ta ett socialt ansvar ocks\u00e5, samtidigt som vi f\u00e5r in lite pengar till v\u00e5r reskassa.<\/p>\n","protected":false},"excerpt":{"rendered":"<p>L\u00f6rdagen den 12 april hade vi allm\u00e4n st\u00e4ddag i kommunen. P\u00e5 tio olika platser, centrum, i kommundelarna var vi p\u00e5 plats. Politiker hade f\u00e5tt ansvar f\u00f6r olika delar. Och till sin hj\u00e4lp hade vi ett fotbollslag fr\u00e5n Sollentuna fotboll. &#8211; Jag var vid Edsbergs centrum, ber\u00e4ttar Magnus Ramstrand, gruppledare f\u00f6r Kristdemokraterna. Ett h\u00e4rligt g\u00e4ng <a class=\"read-more-link\" href=\"https:\/\/wp.kristdemokraterna.se\/sollentuna\/bra-staddag-i-kommunen-okar-tryggheten\/\">mer<\/a><\/p>\n","protected":false},"author":41,"featured_media":0,"comment_status":"closed","ping_status":"closed","sticky":false,"template":"","format":"standard","meta":{"_acf_changed":false,"footnotes":""},"categories":[1],"tags":[49,40,140,144,44,209,122],"class_list":["post-489","post","type-post","status-publish","format-standard","hentry","category-okategoriserade","tag-brottsforebyggande-radet","tag-foreningsliv","tag-fotboll","tag-fritid","tag-idrott","tag-tryggt-och-snyggt","tag-ungdomar"],"acf":[],"yoast_head":"<!-- This site is optimized with the Yoast SEO plugin v27.4 - https:\/\/yoast.com\/product\/yoast-seo-wordpress\/ -->\n<title>Bra st\u00e4ddag i kommunen \u00f6kar tryggheten - Kristdemokraterna i Sollentuna<\/title>\n<meta name=\"robots\" content=\"index, follow, max-snippet:-1, max-image-preview:large, max-video-preview:-1\" \/>\n<link rel=\"canonical\" href=\"https:\/\/wp.kristdemokraterna.se\/sollentuna\/bra-staddag-i-kommunen-okar-tryggheten\/\" \/>\n<meta property=\"og:locale\" content=\"sv_SE\" \/>\n<meta property=\"og:type\" content=\"article\" \/>\n<meta property=\"og:title\" content=\"Bra st\u00e4ddag i kommunen \u00f6kar tryggheten - Kristdemokraterna i Sollentuna\" \/>\n<meta property=\"og:description\" content=\"L\u00f6rdagen den 12 april hade vi allm\u00e4n st\u00e4ddag i kommunen. P\u00e5 tio olika platser, centrum, i kommundelarna var vi p\u00e5 plats. Politiker hade f\u00e5tt ansvar f\u00f6r olika delar. Och till sin hj\u00e4lp hade vi ett fotbollslag fr\u00e5n Sollentuna fotboll. &#8211; Jag var vid Edsbergs centrum, ber\u00e4ttar Magnus Ramstrand, gruppledare f\u00f6r Kristdemokraterna. Ett h\u00e4rligt g\u00e4ng mer\" \/>\n<meta property=\"og:url\" content=\"https:\/\/wp.kristdemokraterna.se\/sollentuna\/bra-staddag-i-kommunen-okar-tryggheten\/\" \/>\n<meta property=\"og:site_name\" content=\"Kristdemokraterna i Sollentuna\" \/>\n<meta property=\"article:published_time\" content=\"2014-04-16T11:54:21+00:00\" \/>\n<meta property=\"og:image\" content=\"http:\/\/wp.kristdemokraterna.se\/sollentuna\/files\/2014\/04\/staddeag-2014.jpg\" \/>\n<meta name=\"author\" content=\"KD Sollentuna\" \/>\n<meta name=\"twitter:card\" content=\"summary_large_image\" \/>\n<meta name=\"twitter:label1\" content=\"Skriven av\" \/>\n\t<meta name=\"twitter:data1\" content=\"KD Sollentuna\" \/>\n\t<meta name=\"twitter:label2\" content=\"Ber\u00e4knad l\u00e4stid\" \/>\n\t<meta name=\"twitter:data2\" content=\"1 minut\" \/>\n<script type=\"application\/ld+json\" class=\"yoast-schema-graph\">{\"@context\":\"https:\\\/\\\/schema.org\",\"@graph\":[{\"@type\":\"Article\",\"@id\":\"https:\\\/\\\/wp.kristdemokraterna.se\\\/sollentuna\\\/bra-staddag-i-kommunen-okar-tryggheten\\\/#article\",\"isPartOf\":{\"@id\":\"https:\\\/\\\/wp.kristdemokraterna.se\\\/sollentuna\\\/bra-staddag-i-kommunen-okar-tryggheten\\\/\"},\"author\":{\"name\":\"KD Sollentuna\",\"@id\":\"https:\\\/\\\/wp.kristdemokraterna.se\\\/sollentuna\\\/#\\\/schema\\\/person\\\/40a55bef1c75b5a2b5f5e22f7dba7bad\"},\"headline\":\"Bra st\u00e4ddag i kommunen \u00f6kar tryggheten\",\"datePublished\":\"2014-04-16T11:54:21+00:00\",\"mainEntityOfPage\":{\"@id\":\"https:\\\/\\\/wp.kristdemokraterna.se\\\/sollentuna\\\/bra-staddag-i-kommunen-okar-tryggheten\\\/\"},\"wordCount\":218,\"image\":{\"@id\":\"https:\\\/\\\/wp.kristdemokraterna.se\\\/sollentuna\\\/bra-staddag-i-kommunen-okar-tryggheten\\\/#primaryimage\"},\"thumbnailUrl\":\"http:\\\/\\\/wp.kristdemokraterna.se\\\/sollentuna\\\/files\\\/2014\\\/04\\\/staddeag-2014.jpg\",\"keywords\":[\"brottsf\u00f6rebyggande r\u00e5det\",\"f\u00f6reningsliv\",\"fotboll\",\"fritid\",\"idrott\",\"tryggt och snyggt\",\"ungdomar\"],\"inLanguage\":\"sv-SE\"},{\"@type\":\"WebPage\",\"@id\":\"https:\\\/\\\/wp.kristdemokraterna.se\\\/sollentuna\\\/bra-staddag-i-kommunen-okar-tryggheten\\\/\",\"url\":\"https:\\\/\\\/wp.kristdemokraterna.se\\\/sollentuna\\\/bra-staddag-i-kommunen-okar-tryggheten\\\/\",\"name\":\"Bra st\u00e4ddag i kommunen \u00f6kar tryggheten - Kristdemokraterna i Sollentuna\",\"isPartOf\":{\"@id\":\"https:\\\/\\\/wp.kristdemokraterna.se\\\/sollentuna\\\/#website\"},\"primaryImageOfPage\":{\"@id\":\"https:\\\/\\\/wp.kristdemokraterna.se\\\/sollentuna\\\/bra-staddag-i-kommunen-okar-tryggheten\\\/#primaryimage\"},\"image\":{\"@id\":\"https:\\\/\\\/wp.kristdemokraterna.se\\\/sollentuna\\\/bra-staddag-i-kommunen-okar-tryggheten\\\/#primaryimage\"},\"thumbnailUrl\":\"http:\\\/\\\/wp.kristdemokraterna.se\\\/sollentuna\\\/files\\\/2014\\\/04\\\/staddeag-2014.jpg\",\"datePublished\":\"2014-04-16T11:54:21+00:00\",\"author\":{\"@id\":\"https:\\\/\\\/wp.kristdemokraterna.se\\\/sollentuna\\\/#\\\/schema\\\/person\\\/40a55bef1c75b5a2b5f5e22f7dba7bad\"},\"breadcrumb\":{\"@id\":\"https:\\\/\\\/wp.kristdemokraterna.se\\\/sollentuna\\\/bra-staddag-i-kommunen-okar-tryggheten\\\/#breadcrumb\"},\"inLanguage\":\"sv-SE\",\"potentialAction\":[{\"@type\":\"ReadAction\",\"target\":[\"https:\\\/\\\/wp.kristdemokraterna.se\\\/sollentuna\\\/bra-staddag-i-kommunen-okar-tryggheten\\\/\"]}]},{\"@type\":\"ImageObject\",\"inLanguage\":\"sv-SE\",\"@id\":\"https:\\\/\\\/wp.kristdemokraterna.se\\\/sollentuna\\\/bra-staddag-i-kommunen-okar-tryggheten\\\/#primaryimage\",\"url\":\"https:\\\/\\\/wp.kristdemokraterna.se\\\/sollentuna\\\/files\\\/2014\\\/04\\\/staddeag-2014.jpg\",\"contentUrl\":\"https:\\\/\\\/wp.kristdemokraterna.se\\\/sollentuna\\\/files\\\/2014\\\/04\\\/staddeag-2014.jpg\",\"width\":1280,\"height\":960,\"caption\":\"Sollentuna fotboll hj\u00e4lper till att st\u00e4da kommunen\"},{\"@type\":\"BreadcrumbList\",\"@id\":\"https:\\\/\\\/wp.kristdemokraterna.se\\\/sollentuna\\\/bra-staddag-i-kommunen-okar-tryggheten\\\/#breadcrumb\",\"itemListElement\":[{\"@type\":\"ListItem\",\"position\":1,\"name\":\"Hem\",\"item\":\"https:\\\/\\\/wp.kristdemokraterna.se\\\/sollentuna\\\/\"},{\"@type\":\"ListItem\",\"position\":2,\"name\":\"Bra st\u00e4ddag i kommunen \u00f6kar tryggheten\"}]},{\"@type\":\"WebSite\",\"@id\":\"https:\\\/\\\/wp.kristdemokraterna.se\\\/sollentuna\\\/#website\",\"url\":\"https:\\\/\\\/wp.kristdemokraterna.se\\\/sollentuna\\\/\",\"name\":\"Kristdemokraterna i Sollentuna\",\"description\":\"\",\"inLanguage\":\"sv-SE\"},{\"@type\":\"Person\",\"@id\":\"https:\\\/\\\/wp.kristdemokraterna.se\\\/sollentuna\\\/#\\\/schema\\\/person\\\/40a55bef1c75b5a2b5f5e22f7dba7bad\",\"name\":\"KD Sollentuna\",\"image\":{\"@type\":\"ImageObject\",\"inLanguage\":\"sv-SE\",\"@id\":\"https:\\\/\\\/secure.gravatar.com\\\/avatar\\\/18833c8a6166c23169f5fbbcfc06d547dde13c3030952e6fb64680b806332438?s=96&d=mm&r=g\",\"url\":\"https:\\\/\\\/secure.gravatar.com\\\/avatar\\\/18833c8a6166c23169f5fbbcfc06d547dde13c3030952e6fb64680b806332438?s=96&d=mm&r=g\",\"contentUrl\":\"https:\\\/\\\/secure.gravatar.com\\\/avatar\\\/18833c8a6166c23169f5fbbcfc06d547dde13c3030952e6fb64680b806332438?s=96&d=mm&r=g\",\"caption\":\"KD Sollentuna\"},\"url\":\"https:\\\/\\\/wp.kristdemokraterna.se\\\/sollentuna\\\/author\\\/sollentuna\\\/\"}]}<\/script>\n<!-- \/ Yoast SEO plugin. -->","yoast_head_json":{"title":"Bra st\u00e4ddag i kommunen \u00f6kar tryggheten - Kristdemokraterna i Sollentuna","robots":{"index":"index","follow":"follow","max-snippet":"max-snippet:-1","max-image-preview":"max-image-preview:large","max-video-preview":"max-video-preview:-1"},"canonical":"https:\/\/wp.kristdemokraterna.se\/sollentuna\/bra-staddag-i-kommunen-okar-tryggheten\/","og_locale":"sv_SE","og_type":"article","og_title":"Bra st\u00e4ddag i kommunen \u00f6kar tryggheten - Kristdemokraterna i Sollentuna","og_description":"L\u00f6rdagen den 12 april hade vi allm\u00e4n st\u00e4ddag i kommunen. P\u00e5 tio olika platser, centrum, i kommundelarna var vi p\u00e5 plats. Politiker hade f\u00e5tt ansvar f\u00f6r olika delar. Och till sin hj\u00e4lp hade vi ett fotbollslag fr\u00e5n Sollentuna fotboll. &#8211; Jag var vid Edsbergs centrum, ber\u00e4ttar Magnus Ramstrand, gruppledare f\u00f6r Kristdemokraterna. Ett h\u00e4rligt g\u00e4ng mer","og_url":"https:\/\/wp.kristdemokraterna.se\/sollentuna\/bra-staddag-i-kommunen-okar-tryggheten\/","og_site_name":"Kristdemokraterna i Sollentuna","article_published_time":"2014-04-16T11:54:21+00:00","og_image":[{"url":"http:\/\/wp.kristdemokraterna.se\/sollentuna\/files\/2014\/04\/staddeag-2014.jpg","type":"","width":"","height":""}],"author":"KD Sollentuna","twitter_card":"summary_large_image","twitter_misc":{"Skriven av":"KD Sollentuna","Ber\u00e4knad l\u00e4stid":"1 minut"},"schema":{"@context":"https:\/\/schema.org","@graph":[{"@type":"Article","@id":"https:\/\/wp.kristdemokraterna.se\/sollentuna\/bra-staddag-i-kommunen-okar-tryggheten\/#article","isPartOf":{"@id":"https:\/\/wp.kristdemokraterna.se\/sollentuna\/bra-staddag-i-kommunen-okar-tryggheten\/"},"author":{"name":"KD Sollentuna","@id":"https:\/\/wp.kristdemokraterna.se\/sollentuna\/#\/schema\/person\/40a55bef1c75b5a2b5f5e22f7dba7bad"},"headline":"Bra st\u00e4ddag i kommunen \u00f6kar tryggheten","datePublished":"2014-04-16T11:54:21+00:00","mainEntityOfPage":{"@id":"https:\/\/wp.kristdemokraterna.se\/sollentuna\/bra-staddag-i-kommunen-okar-tryggheten\/"},"wordCount":218,"image":{"@id":"https:\/\/wp.kristdemokraterna.se\/sollentuna\/bra-staddag-i-kommunen-okar-tryggheten\/#primaryimage"},"thumbnailUrl":"http:\/\/wp.kristdemokraterna.se\/sollentuna\/files\/2014\/04\/staddeag-2014.jpg","keywords":["brottsf\u00f6rebyggande r\u00e5det","f\u00f6reningsliv","fotboll","fritid","idrott","tryggt och snyggt","ungdomar"],"inLanguage":"sv-SE"},{"@type":"WebPage","@id":"https:\/\/wp.kristdemokraterna.se\/sollentuna\/bra-staddag-i-kommunen-okar-tryggheten\/","url":"https:\/\/wp.kristdemokraterna.se\/sollentuna\/bra-staddag-i-kommunen-okar-tryggheten\/","name":"Bra st\u00e4ddag i kommunen \u00f6kar tryggheten - Kristdemokraterna i Sollentuna","isPartOf":{"@id":"https:\/\/wp.kristdemokraterna.se\/sollentuna\/#website"},"primaryImageOfPage":{"@id":"https:\/\/wp.kristdemokraterna.se\/sollentuna\/bra-staddag-i-kommunen-okar-tryggheten\/#primaryimage"},"image":{"@id":"https:\/\/wp.kristdemokraterna.se\/sollentuna\/bra-staddag-i-kommunen-okar-tryggheten\/#primaryimage"},"thumbnailUrl":"http:\/\/wp.kristdemokraterna.se\/sollentuna\/files\/2014\/04\/staddeag-2014.jpg","datePublished":"2014-04-16T11:54:21+00:00","author":{"@id":"https:\/\/wp.kristdemokraterna.se\/sollentuna\/#\/schema\/person\/40a55bef1c75b5a2b5f5e22f7dba7bad"},"breadcrumb":{"@id":"https:\/\/wp.kristdemokraterna.se\/sollentuna\/bra-staddag-i-kommunen-okar-tryggheten\/#breadcrumb"},"inLanguage":"sv-SE","potentialAction":[{"@type":"ReadAction","target":["https:\/\/wp.kristdemokraterna.se\/sollentuna\/bra-staddag-i-kommunen-okar-tryggheten\/"]}]},{"@type":"ImageObject","inLanguage":"sv-SE","@id":"https:\/\/wp.kristdemokraterna.se\/sollentuna\/bra-staddag-i-kommunen-okar-tryggheten\/#primaryimage","url":"https:\/\/wp.kristdemokraterna.se\/sollentuna\/files\/2014\/04\/staddeag-2014.jpg","contentUrl":"https:\/\/wp.kristdemokraterna.se\/sollentuna\/files\/2014\/04\/staddeag-2014.jpg","width":1280,"height":960,"caption":"Sollentuna fotboll hj\u00e4lper till att st\u00e4da kommunen"},{"@type":"BreadcrumbList","@id":"https:\/\/wp.kristdemokraterna.se\/sollentuna\/bra-staddag-i-kommunen-okar-tryggheten\/#breadcrumb","itemListElement":[{"@type":"ListItem","position":1,"name":"Hem","item":"https:\/\/wp.kristdemokraterna.se\/sollentuna\/"},{"@type":"ListItem","position":2,"name":"Bra st\u00e4ddag i kommunen \u00f6kar tryggheten"}]},{"@type":"WebSite","@id":"https:\/\/wp.kristdemokraterna.se\/sollentuna\/#website","url":"https:\/\/wp.kristdemokraterna.se\/sollentuna\/","name":"Kristdemokraterna i Sollentuna","description":"","inLanguage":"sv-SE"},{"@type":"Person","@id":"https:\/\/wp.kristdemokraterna.se\/sollentuna\/#\/schema\/person\/40a55bef1c75b5a2b5f5e22f7dba7bad","name":"KD Sollentuna","image":{"@type":"ImageObject","inLanguage":"sv-SE","@id":"https:\/\/secure.gravatar.com\/avatar\/18833c8a6166c23169f5fbbcfc06d547dde13c3030952e6fb64680b806332438?s=96&d=mm&r=g","url":"https:\/\/secure.gravatar.com\/avatar\/18833c8a6166c23169f5fbbcfc06d547dde13c3030952e6fb64680b806332438?s=96&d=mm&r=g","contentUrl":"https:\/\/secure.gravatar.com\/avatar\/18833c8a6166c23169f5fbbcfc06d547dde13c3030952e6fb64680b806332438?s=96&d=mm&r=g","caption":"KD Sollentuna"},"url":"https:\/\/wp.kristdemokraterna.se\/sollentuna\/author\/sollentuna\/"}]}},"_links":{"self":[{"href":"https:\/\/wp.kristdemokraterna.se\/sollentuna\/wp-json\/wp\/v2\/posts\/489","targetHints":{"allow":["GET"]}}],"collection":[{"href":"https:\/\/wp.kristdemokraterna.se\/sollentuna\/wp-json\/wp\/v2\/posts"}],"about":[{"href":"https:\/\/wp.kristdemokraterna.se\/sollentuna\/wp-json\/wp\/v2\/types\/post"}],"author":[{"embeddable":true,"href":"https:\/\/wp.kristdemokraterna.se\/sollentuna\/wp-json\/wp\/v2\/users\/41"}],"replies":[{"embeddable":true,"href":"https:\/\/wp.kristdemokraterna.se\/sollentuna\/wp-json\/wp\/v2\/comments?post=489"}],"version-history":[{"count":1,"href":"https:\/\/wp.kristdemokraterna.se\/sollentuna\/wp-json\/wp\/v2\/posts\/489\/revisions"}],"predecessor-version":[{"id":491,"href":"https:\/\/wp.kristdemokraterna.se\/sollentuna\/wp-json\/wp\/v2\/posts\/489\/revisions\/491"}],"wp:attachment":[{"href":"https:\/\/wp.kristdemokraterna.se\/sollentuna\/wp-json\/wp\/v2\/media?parent=489"}],"wp:term":[{"taxonomy":"category","embeddable":true,"href":"https:\/\/wp.kristdemokraterna.se\/sollentuna\/wp-json\/wp\/v2\/categories?post=489"},{"taxonomy":"post_tag","embeddable":true,"href":"https:\/\/wp.kristdemokraterna.se\/sollentuna\/wp-json\/wp\/v2\/tags?post=489"}],"curies":[{"name":"wp","href":"https:\/\/api.w.org\/{rel}","templated":true}]}}