{"id":516,"date":"2014-04-29T15:20:54","date_gmt":"2014-04-29T13:20:54","guid":{"rendered":"http:\/\/wp.kristdemokraterna.se\/sollentuna\/?p=516"},"modified":"2014-04-25T13:50:56","modified_gmt":"2014-04-25T11:50:56","slug":"harliga-valborgstider","status":"publish","type":"post","link":"https:\/\/wp.kristdemokraterna.se\/sollentuna\/harliga-valborgstider\/","title":{"rendered":"H\u00e4rliga valborgstider!!!"},"content":{"rendered":"<p><div id=\"attachment_518\" style=\"width: 310px\" class=\"wp-caption alignleft\"><a href=\"http:\/\/wp.kristdemokraterna.se\/sollentuna\/files\/2014\/04\/valborg1.jpg\"><img loading=\"lazy\" decoding=\"async\" aria-describedby=\"caption-attachment-518\" src=\"http:\/\/wp.kristdemokraterna.se\/sollentuna\/files\/2014\/04\/valborg1-300x225.jpg\" alt=\"Valborg p\u00e5 Stallbacken\" width=\"300\" height=\"225\" class=\"size-medium wp-image-518\" srcset=\"https:\/\/wp.kristdemokraterna.se\/sollentuna\/files\/2014\/04\/valborg1-300x225.jpg 300w, https:\/\/wp.kristdemokraterna.se\/sollentuna\/files\/2014\/04\/valborg1-1024x768.jpg 1024w, https:\/\/wp.kristdemokraterna.se\/sollentuna\/files\/2014\/04\/valborg1-461x346.jpg 461w, https:\/\/wp.kristdemokraterna.se\/sollentuna\/files\/2014\/04\/valborg1-149x112.jpg 149w, https:\/\/wp.kristdemokraterna.se\/sollentuna\/files\/2014\/04\/valborg1.jpg 1824w\" sizes=\"auto, (max-width: 300px) 100vw, 300px\" \/><\/a><p id=\"caption-attachment-518\" class=\"wp-caption-text\">Valborg p\u00e5 Stallbacken<\/p><\/div><br \/>\nKristdemokraterna \u00f6nskar dig en riktigt sk\u00f6n Valborg! I Sollentuna \u00e4r vi berikade med flera eldar och diverse trevligheter f\u00f6r familjerna. Det tackar vi de ideella f\u00f6reningarna och deras ledare f\u00f6r! Utan detta enormt viktiga ideella arbete skulle kommunen vara fattig, \u00e4ven om den \u00e4r rik!<\/p>\n<p>Magnus Ramstrand kommer att i \u00e5r vara i Viby p\u00e5 deras valborgsm\u00e4ssofirande som Viby basket har ansvar f\u00f6r. Vid v\u00e5rt vackra Stallbacken kommer den trationella elden att t\u00e4ndas av elddansare! D\u00e4r \u00e4r det Stallbackens v\u00e4nner som arrangerar. Och i Tegelhagen \u00e4r det Sollentuna S\u00f6dra Scoutk\u00e5r, som f\u00f6r 60:e g\u00e5ngen arrangerar ett trevligt och v\u00e4lbes\u00f6kt arrangemang! <\/p>\n<p>&#8211; Maj \u00e4r en fartfylld m\u00e5nad och vi har aldrig haft s\u00e5 mycket p\u00e5 g\u00e5ng som nu, s\u00e4ger Magnus Ramstrand, ordf\u00f6rande i kultur- och fritidsn\u00e4mnden (p\u00e5 <a href=\"www.edsvik.se\">www.edsvik.se<\/a> finns mycket info):<\/p>\n<p>Teatersalonger i Edsbergs slott 12 och 19 maj<br \/>\nTisdagsprogram i Edsbergs slott med kammarmusik och litteratur, 6, 13 och 20 maj.<br \/>\nLoppis p\u00e5 stallbacken och Hundens dag 18 maj<br \/>\nKonsert med Sollentuna Symfoniorkester i aulan p\u00e5 nyrenoverade H\u00e4ggviksskolans aula 13 maj kl 19.30<br \/>\nInvigning av utegym p\u00e5 Strandv\u00e4gen 15 maj kl 16-18<br \/>\nKulturskolans dag i och runt Sollentuna centrum 17 maj kl 11-14<br \/>\nDansshower i aulan p\u00e5 Rudbeck den  21 och 22 maj kl 18.30<\/p>\n","protected":false},"excerpt":{"rendered":"<p>Kristdemokraterna \u00f6nskar dig en riktigt sk\u00f6n Valborg! I Sollentuna \u00e4r vi berikade med flera eldar och diverse trevligheter f\u00f6r familjerna. Det tackar vi de ideella f\u00f6reningarna och deras ledare f\u00f6r! Utan detta enormt viktiga ideella arbete skulle kommunen vara fattig, \u00e4ven om den \u00e4r rik! Magnus Ramstrand kommer att i \u00e5r vara i Viby <a class=\"read-more-link\" href=\"https:\/\/wp.kristdemokraterna.se\/sollentuna\/harliga-valborgstider\/\">mer<\/a><\/p>\n","protected":false},"author":41,"featured_media":0,"comment_status":"closed","ping_status":"closed","sticky":false,"template":"","format":"standard","meta":{"_acf_changed":false,"footnotes":""},"categories":[1],"tags":[],"class_list":["post-516","post","type-post","status-publish","format-standard","hentry","category-okategoriserade"],"acf":[],"yoast_head":"<!-- This site is optimized with the Yoast SEO plugin v27.5 - https:\/\/yoast.com\/product\/yoast-seo-wordpress\/ -->\n<title>H\u00e4rliga valborgstider!!! - Kristdemokraterna i Sollentuna<\/title>\n<meta name=\"robots\" content=\"index, follow, max-snippet:-1, max-image-preview:large, max-video-preview:-1\" \/>\n<link rel=\"canonical\" href=\"https:\/\/wp.kristdemokraterna.se\/sollentuna\/harliga-valborgstider\/\" \/>\n<meta property=\"og:locale\" content=\"sv_SE\" \/>\n<meta property=\"og:type\" content=\"article\" \/>\n<meta property=\"og:title\" content=\"H\u00e4rliga valborgstider!!! - Kristdemokraterna i Sollentuna\" \/>\n<meta property=\"og:description\" content=\"Kristdemokraterna \u00f6nskar dig en riktigt sk\u00f6n Valborg! I Sollentuna \u00e4r vi berikade med flera eldar och diverse trevligheter f\u00f6r familjerna. Det tackar vi de ideella f\u00f6reningarna och deras ledare f\u00f6r! Utan detta enormt viktiga ideella arbete skulle kommunen vara fattig, \u00e4ven om den \u00e4r rik! Magnus Ramstrand kommer att i \u00e5r vara i Viby mer\" \/>\n<meta property=\"og:url\" content=\"https:\/\/wp.kristdemokraterna.se\/sollentuna\/harliga-valborgstider\/\" \/>\n<meta property=\"og:site_name\" content=\"Kristdemokraterna i Sollentuna\" \/>\n<meta property=\"article:published_time\" content=\"2014-04-29T13:20:54+00:00\" \/>\n<meta property=\"og:image\" content=\"http:\/\/wp.kristdemokraterna.se\/sollentuna\/files\/2014\/04\/valborg1-300x225.jpg\" \/>\n<meta name=\"author\" content=\"KD Sollentuna\" \/>\n<meta name=\"twitter:card\" content=\"summary_large_image\" \/>\n<meta name=\"twitter:label1\" content=\"Skriven av\" \/>\n\t<meta name=\"twitter:data1\" content=\"KD Sollentuna\" \/>\n\t<meta name=\"twitter:label2\" content=\"Ber\u00e4knad l\u00e4stid\" \/>\n\t<meta name=\"twitter:data2\" content=\"1 minut\" \/>\n<script type=\"application\/ld+json\" class=\"yoast-schema-graph\">{\"@context\":\"https:\\\/\\\/schema.org\",\"@graph\":[{\"@type\":\"Article\",\"@id\":\"https:\\\/\\\/wp.kristdemokraterna.se\\\/sollentuna\\\/harliga-valborgstider\\\/#article\",\"isPartOf\":{\"@id\":\"https:\\\/\\\/wp.kristdemokraterna.se\\\/sollentuna\\\/harliga-valborgstider\\\/\"},\"author\":{\"name\":\"KD Sollentuna\",\"@id\":\"https:\\\/\\\/wp.kristdemokraterna.se\\\/sollentuna\\\/#\\\/schema\\\/person\\\/40a55bef1c75b5a2b5f5e22f7dba7bad\"},\"headline\":\"H\u00e4rliga valborgstider!!!\",\"datePublished\":\"2014-04-29T13:20:54+00:00\",\"mainEntityOfPage\":{\"@id\":\"https:\\\/\\\/wp.kristdemokraterna.se\\\/sollentuna\\\/harliga-valborgstider\\\/\"},\"wordCount\":230,\"image\":{\"@id\":\"https:\\\/\\\/wp.kristdemokraterna.se\\\/sollentuna\\\/harliga-valborgstider\\\/#primaryimage\"},\"thumbnailUrl\":\"http:\\\/\\\/wp.kristdemokraterna.se\\\/sollentuna\\\/files\\\/2014\\\/04\\\/valborg1-300x225.jpg\",\"inLanguage\":\"sv-SE\"},{\"@type\":\"WebPage\",\"@id\":\"https:\\\/\\\/wp.kristdemokraterna.se\\\/sollentuna\\\/harliga-valborgstider\\\/\",\"url\":\"https:\\\/\\\/wp.kristdemokraterna.se\\\/sollentuna\\\/harliga-valborgstider\\\/\",\"name\":\"H\u00e4rliga valborgstider!!! - Kristdemokraterna i Sollentuna\",\"isPartOf\":{\"@id\":\"https:\\\/\\\/wp.kristdemokraterna.se\\\/sollentuna\\\/#website\"},\"primaryImageOfPage\":{\"@id\":\"https:\\\/\\\/wp.kristdemokraterna.se\\\/sollentuna\\\/harliga-valborgstider\\\/#primaryimage\"},\"image\":{\"@id\":\"https:\\\/\\\/wp.kristdemokraterna.se\\\/sollentuna\\\/harliga-valborgstider\\\/#primaryimage\"},\"thumbnailUrl\":\"http:\\\/\\\/wp.kristdemokraterna.se\\\/sollentuna\\\/files\\\/2014\\\/04\\\/valborg1-300x225.jpg\",\"datePublished\":\"2014-04-29T13:20:54+00:00\",\"author\":{\"@id\":\"https:\\\/\\\/wp.kristdemokraterna.se\\\/sollentuna\\\/#\\\/schema\\\/person\\\/40a55bef1c75b5a2b5f5e22f7dba7bad\"},\"breadcrumb\":{\"@id\":\"https:\\\/\\\/wp.kristdemokraterna.se\\\/sollentuna\\\/harliga-valborgstider\\\/#breadcrumb\"},\"inLanguage\":\"sv-SE\",\"potentialAction\":[{\"@type\":\"ReadAction\",\"target\":[\"https:\\\/\\\/wp.kristdemokraterna.se\\\/sollentuna\\\/harliga-valborgstider\\\/\"]}]},{\"@type\":\"ImageObject\",\"inLanguage\":\"sv-SE\",\"@id\":\"https:\\\/\\\/wp.kristdemokraterna.se\\\/sollentuna\\\/harliga-valborgstider\\\/#primaryimage\",\"url\":\"https:\\\/\\\/wp.kristdemokraterna.se\\\/sollentuna\\\/files\\\/2014\\\/04\\\/valborg1.jpg\",\"contentUrl\":\"https:\\\/\\\/wp.kristdemokraterna.se\\\/sollentuna\\\/files\\\/2014\\\/04\\\/valborg1.jpg\",\"width\":1824,\"height\":1368,\"caption\":\"Valborg p\u00e5 Stallbacken\"},{\"@type\":\"BreadcrumbList\",\"@id\":\"https:\\\/\\\/wp.kristdemokraterna.se\\\/sollentuna\\\/harliga-valborgstider\\\/#breadcrumb\",\"itemListElement\":[{\"@type\":\"ListItem\",\"position\":1,\"name\":\"Hem\",\"item\":\"https:\\\/\\\/wp.kristdemokraterna.se\\\/sollentuna\\\/\"},{\"@type\":\"ListItem\",\"position\":2,\"name\":\"H\u00e4rliga valborgstider!!!\"}]},{\"@type\":\"WebSite\",\"@id\":\"https:\\\/\\\/wp.kristdemokraterna.se\\\/sollentuna\\\/#website\",\"url\":\"https:\\\/\\\/wp.kristdemokraterna.se\\\/sollentuna\\\/\",\"name\":\"Kristdemokraterna i Sollentuna\",\"description\":\"\",\"inLanguage\":\"sv-SE\"},{\"@type\":\"Person\",\"@id\":\"https:\\\/\\\/wp.kristdemokraterna.se\\\/sollentuna\\\/#\\\/schema\\\/person\\\/40a55bef1c75b5a2b5f5e22f7dba7bad\",\"name\":\"KD Sollentuna\",\"image\":{\"@type\":\"ImageObject\",\"inLanguage\":\"sv-SE\",\"@id\":\"https:\\\/\\\/secure.gravatar.com\\\/avatar\\\/18833c8a6166c23169f5fbbcfc06d547dde13c3030952e6fb64680b806332438?s=96&d=mm&r=g\",\"url\":\"https:\\\/\\\/secure.gravatar.com\\\/avatar\\\/18833c8a6166c23169f5fbbcfc06d547dde13c3030952e6fb64680b806332438?s=96&d=mm&r=g\",\"contentUrl\":\"https:\\\/\\\/secure.gravatar.com\\\/avatar\\\/18833c8a6166c23169f5fbbcfc06d547dde13c3030952e6fb64680b806332438?s=96&d=mm&r=g\",\"caption\":\"KD Sollentuna\"},\"url\":\"https:\\\/\\\/wp.kristdemokraterna.se\\\/sollentuna\\\/author\\\/sollentuna\\\/\"}]}<\/script>\n<!-- \/ Yoast SEO plugin. -->","yoast_head_json":{"title":"H\u00e4rliga valborgstider!!! - Kristdemokraterna i Sollentuna","robots":{"index":"index","follow":"follow","max-snippet":"max-snippet:-1","max-image-preview":"max-image-preview:large","max-video-preview":"max-video-preview:-1"},"canonical":"https:\/\/wp.kristdemokraterna.se\/sollentuna\/harliga-valborgstider\/","og_locale":"sv_SE","og_type":"article","og_title":"H\u00e4rliga valborgstider!!! - Kristdemokraterna i Sollentuna","og_description":"Kristdemokraterna \u00f6nskar dig en riktigt sk\u00f6n Valborg! I Sollentuna \u00e4r vi berikade med flera eldar och diverse trevligheter f\u00f6r familjerna. Det tackar vi de ideella f\u00f6reningarna och deras ledare f\u00f6r! Utan detta enormt viktiga ideella arbete skulle kommunen vara fattig, \u00e4ven om den \u00e4r rik! Magnus Ramstrand kommer att i \u00e5r vara i Viby mer","og_url":"https:\/\/wp.kristdemokraterna.se\/sollentuna\/harliga-valborgstider\/","og_site_name":"Kristdemokraterna i Sollentuna","article_published_time":"2014-04-29T13:20:54+00:00","og_image":[{"url":"http:\/\/wp.kristdemokraterna.se\/sollentuna\/files\/2014\/04\/valborg1-300x225.jpg","type":"","width":"","height":""}],"author":"KD Sollentuna","twitter_card":"summary_large_image","twitter_misc":{"Skriven av":"KD Sollentuna","Ber\u00e4knad l\u00e4stid":"1 minut"},"schema":{"@context":"https:\/\/schema.org","@graph":[{"@type":"Article","@id":"https:\/\/wp.kristdemokraterna.se\/sollentuna\/harliga-valborgstider\/#article","isPartOf":{"@id":"https:\/\/wp.kristdemokraterna.se\/sollentuna\/harliga-valborgstider\/"},"author":{"name":"KD Sollentuna","@id":"https:\/\/wp.kristdemokraterna.se\/sollentuna\/#\/schema\/person\/40a55bef1c75b5a2b5f5e22f7dba7bad"},"headline":"H\u00e4rliga valborgstider!!!","datePublished":"2014-04-29T13:20:54+00:00","mainEntityOfPage":{"@id":"https:\/\/wp.kristdemokraterna.se\/sollentuna\/harliga-valborgstider\/"},"wordCount":230,"image":{"@id":"https:\/\/wp.kristdemokraterna.se\/sollentuna\/harliga-valborgstider\/#primaryimage"},"thumbnailUrl":"http:\/\/wp.kristdemokraterna.se\/sollentuna\/files\/2014\/04\/valborg1-300x225.jpg","inLanguage":"sv-SE"},{"@type":"WebPage","@id":"https:\/\/wp.kristdemokraterna.se\/sollentuna\/harliga-valborgstider\/","url":"https:\/\/wp.kristdemokraterna.se\/sollentuna\/harliga-valborgstider\/","name":"H\u00e4rliga valborgstider!!! - Kristdemokraterna i Sollentuna","isPartOf":{"@id":"https:\/\/wp.kristdemokraterna.se\/sollentuna\/#website"},"primaryImageOfPage":{"@id":"https:\/\/wp.kristdemokraterna.se\/sollentuna\/harliga-valborgstider\/#primaryimage"},"image":{"@id":"https:\/\/wp.kristdemokraterna.se\/sollentuna\/harliga-valborgstider\/#primaryimage"},"thumbnailUrl":"http:\/\/wp.kristdemokraterna.se\/sollentuna\/files\/2014\/04\/valborg1-300x225.jpg","datePublished":"2014-04-29T13:20:54+00:00","author":{"@id":"https:\/\/wp.kristdemokraterna.se\/sollentuna\/#\/schema\/person\/40a55bef1c75b5a2b5f5e22f7dba7bad"},"breadcrumb":{"@id":"https:\/\/wp.kristdemokraterna.se\/sollentuna\/harliga-valborgstider\/#breadcrumb"},"inLanguage":"sv-SE","potentialAction":[{"@type":"ReadAction","target":["https:\/\/wp.kristdemokraterna.se\/sollentuna\/harliga-valborgstider\/"]}]},{"@type":"ImageObject","inLanguage":"sv-SE","@id":"https:\/\/wp.kristdemokraterna.se\/sollentuna\/harliga-valborgstider\/#primaryimage","url":"https:\/\/wp.kristdemokraterna.se\/sollentuna\/files\/2014\/04\/valborg1.jpg","contentUrl":"https:\/\/wp.kristdemokraterna.se\/sollentuna\/files\/2014\/04\/valborg1.jpg","width":1824,"height":1368,"caption":"Valborg p\u00e5 Stallbacken"},{"@type":"BreadcrumbList","@id":"https:\/\/wp.kristdemokraterna.se\/sollentuna\/harliga-valborgstider\/#breadcrumb","itemListElement":[{"@type":"ListItem","position":1,"name":"Hem","item":"https:\/\/wp.kristdemokraterna.se\/sollentuna\/"},{"@type":"ListItem","position":2,"name":"H\u00e4rliga valborgstider!!!"}]},{"@type":"WebSite","@id":"https:\/\/wp.kristdemokraterna.se\/sollentuna\/#website","url":"https:\/\/wp.kristdemokraterna.se\/sollentuna\/","name":"Kristdemokraterna i Sollentuna","description":"","inLanguage":"sv-SE"},{"@type":"Person","@id":"https:\/\/wp.kristdemokraterna.se\/sollentuna\/#\/schema\/person\/40a55bef1c75b5a2b5f5e22f7dba7bad","name":"KD Sollentuna","image":{"@type":"ImageObject","inLanguage":"sv-SE","@id":"https:\/\/secure.gravatar.com\/avatar\/18833c8a6166c23169f5fbbcfc06d547dde13c3030952e6fb64680b806332438?s=96&d=mm&r=g","url":"https:\/\/secure.gravatar.com\/avatar\/18833c8a6166c23169f5fbbcfc06d547dde13c3030952e6fb64680b806332438?s=96&d=mm&r=g","contentUrl":"https:\/\/secure.gravatar.com\/avatar\/18833c8a6166c23169f5fbbcfc06d547dde13c3030952e6fb64680b806332438?s=96&d=mm&r=g","caption":"KD Sollentuna"},"url":"https:\/\/wp.kristdemokraterna.se\/sollentuna\/author\/sollentuna\/"}]}},"_links":{"self":[{"href":"https:\/\/wp.kristdemokraterna.se\/sollentuna\/wp-json\/wp\/v2\/posts\/516","targetHints":{"allow":["GET"]}}],"collection":[{"href":"https:\/\/wp.kristdemokraterna.se\/sollentuna\/wp-json\/wp\/v2\/posts"}],"about":[{"href":"https:\/\/wp.kristdemokraterna.se\/sollentuna\/wp-json\/wp\/v2\/types\/post"}],"author":[{"embeddable":true,"href":"https:\/\/wp.kristdemokraterna.se\/sollentuna\/wp-json\/wp\/v2\/users\/41"}],"replies":[{"embeddable":true,"href":"https:\/\/wp.kristdemokraterna.se\/sollentuna\/wp-json\/wp\/v2\/comments?post=516"}],"version-history":[{"count":3,"href":"https:\/\/wp.kristdemokraterna.se\/sollentuna\/wp-json\/wp\/v2\/posts\/516\/revisions"}],"predecessor-version":[{"id":521,"href":"https:\/\/wp.kristdemokraterna.se\/sollentuna\/wp-json\/wp\/v2\/posts\/516\/revisions\/521"}],"wp:attachment":[{"href":"https:\/\/wp.kristdemokraterna.se\/sollentuna\/wp-json\/wp\/v2\/media?parent=516"}],"wp:term":[{"taxonomy":"category","embeddable":true,"href":"https:\/\/wp.kristdemokraterna.se\/sollentuna\/wp-json\/wp\/v2\/categories?post=516"},{"taxonomy":"post_tag","embeddable":true,"href":"https:\/\/wp.kristdemokraterna.se\/sollentuna\/wp-json\/wp\/v2\/tags?post=516"}],"curies":[{"name":"wp","href":"https:\/\/api.w.org\/{rel}","templated":true}]}}