{"id":826,"date":"2015-01-23T18:36:31","date_gmt":"2015-01-23T17:36:31","guid":{"rendered":"http:\/\/wp.kristdemokraterna.se\/sollentuna\/?p=826"},"modified":"2015-01-23T18:37:21","modified_gmt":"2015-01-23T17:37:21","slug":"hoppbacken-sollenkollen-i-vasjon-kan-bli-storre","status":"publish","type":"post","link":"https:\/\/wp.kristdemokraterna.se\/sollentuna\/hoppbacken-sollenkollen-i-vasjon-kan-bli-storre\/","title":{"rendered":"Hoppbacken Sollenkollen i V\u00e4sj\u00f6n kan bli st\u00f6rre"},"content":{"rendered":"<p><a href=\"http:\/\/wp.kristdemokraterna.se\/sollentuna\/files\/2015\/01\/sollenkollen-2015-webb.jpg\"><img loading=\"lazy\" decoding=\"async\" class=\"aligncenter wp-image-827 size-full\" title=\"Sollenkollen i V\u00e4sj\u00f6n.\" src=\"http:\/\/wp.kristdemokraterna.se\/sollentuna\/files\/2015\/01\/sollenkollen-2015-webb.jpg\" alt=\"Sollenkollen i V\u00e4sj\u00f6n.\" width=\"640\" height=\"480\" srcset=\"https:\/\/wp.kristdemokraterna.se\/sollentuna\/files\/2015\/01\/sollenkollen-2015-webb.jpg 640w, https:\/\/wp.kristdemokraterna.se\/sollentuna\/files\/2015\/01\/sollenkollen-2015-webb-300x225.jpg 300w, https:\/\/wp.kristdemokraterna.se\/sollentuna\/files\/2015\/01\/sollenkollen-2015-webb-461x346.jpg 461w, https:\/\/wp.kristdemokraterna.se\/sollentuna\/files\/2015\/01\/sollenkollen-2015-webb-149x112.jpg 149w\" sizes=\"auto, (max-width: 640px) 100vw, 640px\" \/><\/a><\/p>\n<p>&nbsp;<\/p>\n<p><strong>I Sollentuna finns Sveriges st\u00f6rsta backhopparklubb och intresset f\u00f6r sporten \u00f6kar i och med den aktiva klubben. Nu vill Sollentuna kommun se \u00f6ver m\u00f6jligheten att g\u00f6ra en mindre investering och bygga en 60-metersbacke vid V\u00e4sj\u00f6backen.<\/strong><\/p>\n<p>Sollentuna backhopparklubb \u00e4r Sveriges st\u00f6rsta klubb sett till antalet aktiva ungdomar. Anl\u00e4ggningen Sollenkollen som ligger vid V\u00e4sj\u00f6backen har i dag fyra mindre hoppbackar p\u00e5 5, 12, 20 och 35 meter. Det som saknas \u00e4r en mellanstor backe p\u00e5 60-meter, en storlek som \u00e4r viktig f\u00f6r att de aktiva ska kunna utvecklas vidare. Sollentuna kommun ser nu \u00f6ver m\u00f6jligheten att anl\u00e4gga en ny backe.<\/p>\n<p><a href=\"http:\/\/wp.kristdemokraterna.se\/sollentuna\/files\/2014\/11\/magnus-vid-graffitti.jpg\"><img loading=\"lazy\" decoding=\"async\" class=\"alignright wp-image-791 size-thumbnail\" title=\"Magnus Ramstrand (KD)\" src=\"http:\/\/wp.kristdemokraterna.se\/sollentuna\/files\/2014\/11\/magnus-vid-graffitti-150x150.jpg\" alt=\"Magnus Ramstrand (KD)\" width=\"150\" height=\"150\" \/><\/a><\/p>\n<p>\u2013\u00a0Nu startar en process och ytterligare beslut m\u00e5ste fattas innan hoppbacken kan b\u00f6rja byggas. Vi tror att Sollenkollen, som \u00e4r en del av den alpina anl\u00e4ggningen V\u00e4sj\u00f6backen, kan bli ett regionalt centrum f\u00f6r skidsport, s\u00e4ger Magnus Ramstrand (KD), ordf\u00f6rande i kultur- och fritidsn\u00e4mnden.<\/p>\n<p>Pietro Nilsson, som \u00e4r ordf\u00f6rande och aktiv i Sollentuna backhopparklubb, v\u00e4lkomnar kommunens beslut att utreda f\u00f6ruts\u00e4ttningarna f\u00f6r ytterligare en hoppbacke i kommunen.<\/p>\n<p>\u2013\u00a0F\u00f6r klubben skulle en st\u00f6rre backe betyda mycket. Sollentuna backhopparklubb har en grupp som tr\u00e4nar tv\u00e5 g\u00e5nger i veckan och som ocks\u00e5 varit framg\u00e5ngrika p\u00e5 t\u00e4vlingar. En 60-metersbacke \u00e4r en f\u00f6ruts\u00e4ttning f\u00f6r att beh\u00e5lla ungdomarna, s\u00e4ger Pietro Nilsson.<\/p>\n","protected":false},"excerpt":{"rendered":"<p>&nbsp; I Sollentuna finns Sveriges st\u00f6rsta backhopparklubb och intresset f\u00f6r sporten \u00f6kar i och med den aktiva klubben. Nu vill Sollentuna kommun se \u00f6ver m\u00f6jligheten att g\u00f6ra en mindre investering och bygga en 60-metersbacke vid V\u00e4sj\u00f6backen. Sollentuna backhopparklubb \u00e4r Sveriges st\u00f6rsta klubb sett till antalet aktiva ungdomar. Anl\u00e4ggningen Sollenkollen som ligger vid V\u00e4sj\u00f6backen har <a class=\"read-more-link\" href=\"https:\/\/wp.kristdemokraterna.se\/sollentuna\/hoppbacken-sollenkollen-i-vasjon-kan-bli-storre\/\">mer<\/a><\/p>\n","protected":false},"author":41,"featured_media":0,"comment_status":"closed","ping_status":"closed","sticky":false,"template":"","format":"standard","meta":{"_acf_changed":false,"footnotes":""},"categories":[1],"tags":[237,40,328,44,14,15,236,178],"class_list":["post-826","post","type-post","status-publish","format-standard","hentry","category-okategoriserade","tag-backhoppning","tag-foreningsliv","tag-hoppbacke","tag-idrott","tag-kultur-och-fritidsnamnden","tag-magnus-ramstrand","tag-sollenkollen","tag-vasjon"],"acf":[],"yoast_head":"<!-- This site is optimized with the Yoast SEO plugin v27.4 - https:\/\/yoast.com\/product\/yoast-seo-wordpress\/ -->\n<title>Hoppbacken Sollenkollen i V\u00e4sj\u00f6n kan bli st\u00f6rre - Kristdemokraterna i Sollentuna<\/title>\n<meta name=\"robots\" content=\"index, follow, max-snippet:-1, max-image-preview:large, max-video-preview:-1\" \/>\n<link rel=\"canonical\" href=\"https:\/\/wp.kristdemokraterna.se\/sollentuna\/hoppbacken-sollenkollen-i-vasjon-kan-bli-storre\/\" \/>\n<meta property=\"og:locale\" content=\"sv_SE\" \/>\n<meta property=\"og:type\" content=\"article\" \/>\n<meta property=\"og:title\" content=\"Hoppbacken Sollenkollen i V\u00e4sj\u00f6n kan bli st\u00f6rre - Kristdemokraterna i Sollentuna\" \/>\n<meta property=\"og:description\" content=\"&nbsp; I Sollentuna finns Sveriges st\u00f6rsta backhopparklubb och intresset f\u00f6r sporten \u00f6kar i och med den aktiva klubben. Nu vill Sollentuna kommun se \u00f6ver m\u00f6jligheten att g\u00f6ra en mindre investering och bygga en 60-metersbacke vid V\u00e4sj\u00f6backen. Sollentuna backhopparklubb \u00e4r Sveriges st\u00f6rsta klubb sett till antalet aktiva ungdomar. Anl\u00e4ggningen Sollenkollen som ligger vid V\u00e4sj\u00f6backen har mer\" \/>\n<meta property=\"og:url\" content=\"https:\/\/wp.kristdemokraterna.se\/sollentuna\/hoppbacken-sollenkollen-i-vasjon-kan-bli-storre\/\" \/>\n<meta property=\"og:site_name\" content=\"Kristdemokraterna i Sollentuna\" \/>\n<meta property=\"article:published_time\" content=\"2015-01-23T17:36:31+00:00\" \/>\n<meta property=\"article:modified_time\" content=\"2015-01-23T17:37:21+00:00\" \/>\n<meta property=\"og:image\" content=\"http:\/\/wp.kristdemokraterna.se\/sollentuna\/files\/2015\/01\/sollenkollen-2015-webb.jpg\" \/>\n<meta name=\"author\" content=\"KD Sollentuna\" \/>\n<meta name=\"twitter:card\" content=\"summary_large_image\" \/>\n<meta name=\"twitter:label1\" content=\"Skriven av\" \/>\n\t<meta name=\"twitter:data1\" content=\"KD Sollentuna\" \/>\n\t<meta name=\"twitter:label2\" content=\"Ber\u00e4knad l\u00e4stid\" \/>\n\t<meta name=\"twitter:data2\" content=\"1 minut\" \/>\n<script type=\"application\/ld+json\" class=\"yoast-schema-graph\">{\"@context\":\"https:\\\/\\\/schema.org\",\"@graph\":[{\"@type\":\"Article\",\"@id\":\"https:\\\/\\\/wp.kristdemokraterna.se\\\/sollentuna\\\/hoppbacken-sollenkollen-i-vasjon-kan-bli-storre\\\/#article\",\"isPartOf\":{\"@id\":\"https:\\\/\\\/wp.kristdemokraterna.se\\\/sollentuna\\\/hoppbacken-sollenkollen-i-vasjon-kan-bli-storre\\\/\"},\"author\":{\"name\":\"KD Sollentuna\",\"@id\":\"https:\\\/\\\/wp.kristdemokraterna.se\\\/sollentuna\\\/#\\\/schema\\\/person\\\/40a55bef1c75b5a2b5f5e22f7dba7bad\"},\"headline\":\"Hoppbacken Sollenkollen i V\u00e4sj\u00f6n kan bli st\u00f6rre\",\"datePublished\":\"2015-01-23T17:36:31+00:00\",\"dateModified\":\"2015-01-23T17:37:21+00:00\",\"mainEntityOfPage\":{\"@id\":\"https:\\\/\\\/wp.kristdemokraterna.se\\\/sollentuna\\\/hoppbacken-sollenkollen-i-vasjon-kan-bli-storre\\\/\"},\"wordCount\":246,\"image\":{\"@id\":\"https:\\\/\\\/wp.kristdemokraterna.se\\\/sollentuna\\\/hoppbacken-sollenkollen-i-vasjon-kan-bli-storre\\\/#primaryimage\"},\"thumbnailUrl\":\"http:\\\/\\\/wp.kristdemokraterna.se\\\/sollentuna\\\/files\\\/2015\\\/01\\\/sollenkollen-2015-webb.jpg\",\"keywords\":[\"backhoppning\",\"f\u00f6reningsliv\",\"hoppbacke\",\"idrott\",\"kultur- och fritidsn\u00e4mnden\",\"magnus ramstrand\",\"sollenkollen\",\"v\u00e4sj\u00f6n\"],\"inLanguage\":\"sv-SE\"},{\"@type\":\"WebPage\",\"@id\":\"https:\\\/\\\/wp.kristdemokraterna.se\\\/sollentuna\\\/hoppbacken-sollenkollen-i-vasjon-kan-bli-storre\\\/\",\"url\":\"https:\\\/\\\/wp.kristdemokraterna.se\\\/sollentuna\\\/hoppbacken-sollenkollen-i-vasjon-kan-bli-storre\\\/\",\"name\":\"Hoppbacken Sollenkollen i V\u00e4sj\u00f6n kan bli st\u00f6rre - Kristdemokraterna i Sollentuna\",\"isPartOf\":{\"@id\":\"https:\\\/\\\/wp.kristdemokraterna.se\\\/sollentuna\\\/#website\"},\"primaryImageOfPage\":{\"@id\":\"https:\\\/\\\/wp.kristdemokraterna.se\\\/sollentuna\\\/hoppbacken-sollenkollen-i-vasjon-kan-bli-storre\\\/#primaryimage\"},\"image\":{\"@id\":\"https:\\\/\\\/wp.kristdemokraterna.se\\\/sollentuna\\\/hoppbacken-sollenkollen-i-vasjon-kan-bli-storre\\\/#primaryimage\"},\"thumbnailUrl\":\"http:\\\/\\\/wp.kristdemokraterna.se\\\/sollentuna\\\/files\\\/2015\\\/01\\\/sollenkollen-2015-webb.jpg\",\"datePublished\":\"2015-01-23T17:36:31+00:00\",\"dateModified\":\"2015-01-23T17:37:21+00:00\",\"author\":{\"@id\":\"https:\\\/\\\/wp.kristdemokraterna.se\\\/sollentuna\\\/#\\\/schema\\\/person\\\/40a55bef1c75b5a2b5f5e22f7dba7bad\"},\"breadcrumb\":{\"@id\":\"https:\\\/\\\/wp.kristdemokraterna.se\\\/sollentuna\\\/hoppbacken-sollenkollen-i-vasjon-kan-bli-storre\\\/#breadcrumb\"},\"inLanguage\":\"sv-SE\",\"potentialAction\":[{\"@type\":\"ReadAction\",\"target\":[\"https:\\\/\\\/wp.kristdemokraterna.se\\\/sollentuna\\\/hoppbacken-sollenkollen-i-vasjon-kan-bli-storre\\\/\"]}]},{\"@type\":\"ImageObject\",\"inLanguage\":\"sv-SE\",\"@id\":\"https:\\\/\\\/wp.kristdemokraterna.se\\\/sollentuna\\\/hoppbacken-sollenkollen-i-vasjon-kan-bli-storre\\\/#primaryimage\",\"url\":\"https:\\\/\\\/wp.kristdemokraterna.se\\\/sollentuna\\\/files\\\/2015\\\/01\\\/sollenkollen-2015-webb.jpg\",\"contentUrl\":\"https:\\\/\\\/wp.kristdemokraterna.se\\\/sollentuna\\\/files\\\/2015\\\/01\\\/sollenkollen-2015-webb.jpg\",\"width\":640,\"height\":480},{\"@type\":\"BreadcrumbList\",\"@id\":\"https:\\\/\\\/wp.kristdemokraterna.se\\\/sollentuna\\\/hoppbacken-sollenkollen-i-vasjon-kan-bli-storre\\\/#breadcrumb\",\"itemListElement\":[{\"@type\":\"ListItem\",\"position\":1,\"name\":\"Hem\",\"item\":\"https:\\\/\\\/wp.kristdemokraterna.se\\\/sollentuna\\\/\"},{\"@type\":\"ListItem\",\"position\":2,\"name\":\"Hoppbacken Sollenkollen i V\u00e4sj\u00f6n kan bli st\u00f6rre\"}]},{\"@type\":\"WebSite\",\"@id\":\"https:\\\/\\\/wp.kristdemokraterna.se\\\/sollentuna\\\/#website\",\"url\":\"https:\\\/\\\/wp.kristdemokraterna.se\\\/sollentuna\\\/\",\"name\":\"Kristdemokraterna i Sollentuna\",\"description\":\"\",\"inLanguage\":\"sv-SE\"},{\"@type\":\"Person\",\"@id\":\"https:\\\/\\\/wp.kristdemokraterna.se\\\/sollentuna\\\/#\\\/schema\\\/person\\\/40a55bef1c75b5a2b5f5e22f7dba7bad\",\"name\":\"KD Sollentuna\",\"image\":{\"@type\":\"ImageObject\",\"inLanguage\":\"sv-SE\",\"@id\":\"https:\\\/\\\/secure.gravatar.com\\\/avatar\\\/18833c8a6166c23169f5fbbcfc06d547dde13c3030952e6fb64680b806332438?s=96&d=mm&r=g\",\"url\":\"https:\\\/\\\/secure.gravatar.com\\\/avatar\\\/18833c8a6166c23169f5fbbcfc06d547dde13c3030952e6fb64680b806332438?s=96&d=mm&r=g\",\"contentUrl\":\"https:\\\/\\\/secure.gravatar.com\\\/avatar\\\/18833c8a6166c23169f5fbbcfc06d547dde13c3030952e6fb64680b806332438?s=96&d=mm&r=g\",\"caption\":\"KD Sollentuna\"},\"url\":\"https:\\\/\\\/wp.kristdemokraterna.se\\\/sollentuna\\\/author\\\/sollentuna\\\/\"}]}<\/script>\n<!-- \/ Yoast SEO plugin. -->","yoast_head_json":{"title":"Hoppbacken Sollenkollen i V\u00e4sj\u00f6n kan bli st\u00f6rre - Kristdemokraterna i Sollentuna","robots":{"index":"index","follow":"follow","max-snippet":"max-snippet:-1","max-image-preview":"max-image-preview:large","max-video-preview":"max-video-preview:-1"},"canonical":"https:\/\/wp.kristdemokraterna.se\/sollentuna\/hoppbacken-sollenkollen-i-vasjon-kan-bli-storre\/","og_locale":"sv_SE","og_type":"article","og_title":"Hoppbacken Sollenkollen i V\u00e4sj\u00f6n kan bli st\u00f6rre - Kristdemokraterna i Sollentuna","og_description":"&nbsp; I Sollentuna finns Sveriges st\u00f6rsta backhopparklubb och intresset f\u00f6r sporten \u00f6kar i och med den aktiva klubben. Nu vill Sollentuna kommun se \u00f6ver m\u00f6jligheten att g\u00f6ra en mindre investering och bygga en 60-metersbacke vid V\u00e4sj\u00f6backen. Sollentuna backhopparklubb \u00e4r Sveriges st\u00f6rsta klubb sett till antalet aktiva ungdomar. Anl\u00e4ggningen Sollenkollen som ligger vid V\u00e4sj\u00f6backen har mer","og_url":"https:\/\/wp.kristdemokraterna.se\/sollentuna\/hoppbacken-sollenkollen-i-vasjon-kan-bli-storre\/","og_site_name":"Kristdemokraterna i Sollentuna","article_published_time":"2015-01-23T17:36:31+00:00","article_modified_time":"2015-01-23T17:37:21+00:00","og_image":[{"url":"http:\/\/wp.kristdemokraterna.se\/sollentuna\/files\/2015\/01\/sollenkollen-2015-webb.jpg","type":"","width":"","height":""}],"author":"KD Sollentuna","twitter_card":"summary_large_image","twitter_misc":{"Skriven av":"KD Sollentuna","Ber\u00e4knad l\u00e4stid":"1 minut"},"schema":{"@context":"https:\/\/schema.org","@graph":[{"@type":"Article","@id":"https:\/\/wp.kristdemokraterna.se\/sollentuna\/hoppbacken-sollenkollen-i-vasjon-kan-bli-storre\/#article","isPartOf":{"@id":"https:\/\/wp.kristdemokraterna.se\/sollentuna\/hoppbacken-sollenkollen-i-vasjon-kan-bli-storre\/"},"author":{"name":"KD Sollentuna","@id":"https:\/\/wp.kristdemokraterna.se\/sollentuna\/#\/schema\/person\/40a55bef1c75b5a2b5f5e22f7dba7bad"},"headline":"Hoppbacken Sollenkollen i V\u00e4sj\u00f6n kan bli st\u00f6rre","datePublished":"2015-01-23T17:36:31+00:00","dateModified":"2015-01-23T17:37:21+00:00","mainEntityOfPage":{"@id":"https:\/\/wp.kristdemokraterna.se\/sollentuna\/hoppbacken-sollenkollen-i-vasjon-kan-bli-storre\/"},"wordCount":246,"image":{"@id":"https:\/\/wp.kristdemokraterna.se\/sollentuna\/hoppbacken-sollenkollen-i-vasjon-kan-bli-storre\/#primaryimage"},"thumbnailUrl":"http:\/\/wp.kristdemokraterna.se\/sollentuna\/files\/2015\/01\/sollenkollen-2015-webb.jpg","keywords":["backhoppning","f\u00f6reningsliv","hoppbacke","idrott","kultur- och fritidsn\u00e4mnden","magnus ramstrand","sollenkollen","v\u00e4sj\u00f6n"],"inLanguage":"sv-SE"},{"@type":"WebPage","@id":"https:\/\/wp.kristdemokraterna.se\/sollentuna\/hoppbacken-sollenkollen-i-vasjon-kan-bli-storre\/","url":"https:\/\/wp.kristdemokraterna.se\/sollentuna\/hoppbacken-sollenkollen-i-vasjon-kan-bli-storre\/","name":"Hoppbacken Sollenkollen i V\u00e4sj\u00f6n kan bli st\u00f6rre - Kristdemokraterna i Sollentuna","isPartOf":{"@id":"https:\/\/wp.kristdemokraterna.se\/sollentuna\/#website"},"primaryImageOfPage":{"@id":"https:\/\/wp.kristdemokraterna.se\/sollentuna\/hoppbacken-sollenkollen-i-vasjon-kan-bli-storre\/#primaryimage"},"image":{"@id":"https:\/\/wp.kristdemokraterna.se\/sollentuna\/hoppbacken-sollenkollen-i-vasjon-kan-bli-storre\/#primaryimage"},"thumbnailUrl":"http:\/\/wp.kristdemokraterna.se\/sollentuna\/files\/2015\/01\/sollenkollen-2015-webb.jpg","datePublished":"2015-01-23T17:36:31+00:00","dateModified":"2015-01-23T17:37:21+00:00","author":{"@id":"https:\/\/wp.kristdemokraterna.se\/sollentuna\/#\/schema\/person\/40a55bef1c75b5a2b5f5e22f7dba7bad"},"breadcrumb":{"@id":"https:\/\/wp.kristdemokraterna.se\/sollentuna\/hoppbacken-sollenkollen-i-vasjon-kan-bli-storre\/#breadcrumb"},"inLanguage":"sv-SE","potentialAction":[{"@type":"ReadAction","target":["https:\/\/wp.kristdemokraterna.se\/sollentuna\/hoppbacken-sollenkollen-i-vasjon-kan-bli-storre\/"]}]},{"@type":"ImageObject","inLanguage":"sv-SE","@id":"https:\/\/wp.kristdemokraterna.se\/sollentuna\/hoppbacken-sollenkollen-i-vasjon-kan-bli-storre\/#primaryimage","url":"https:\/\/wp.kristdemokraterna.se\/sollentuna\/files\/2015\/01\/sollenkollen-2015-webb.jpg","contentUrl":"https:\/\/wp.kristdemokraterna.se\/sollentuna\/files\/2015\/01\/sollenkollen-2015-webb.jpg","width":640,"height":480},{"@type":"BreadcrumbList","@id":"https:\/\/wp.kristdemokraterna.se\/sollentuna\/hoppbacken-sollenkollen-i-vasjon-kan-bli-storre\/#breadcrumb","itemListElement":[{"@type":"ListItem","position":1,"name":"Hem","item":"https:\/\/wp.kristdemokraterna.se\/sollentuna\/"},{"@type":"ListItem","position":2,"name":"Hoppbacken Sollenkollen i V\u00e4sj\u00f6n kan bli st\u00f6rre"}]},{"@type":"WebSite","@id":"https:\/\/wp.kristdemokraterna.se\/sollentuna\/#website","url":"https:\/\/wp.kristdemokraterna.se\/sollentuna\/","name":"Kristdemokraterna i Sollentuna","description":"","inLanguage":"sv-SE"},{"@type":"Person","@id":"https:\/\/wp.kristdemokraterna.se\/sollentuna\/#\/schema\/person\/40a55bef1c75b5a2b5f5e22f7dba7bad","name":"KD Sollentuna","image":{"@type":"ImageObject","inLanguage":"sv-SE","@id":"https:\/\/secure.gravatar.com\/avatar\/18833c8a6166c23169f5fbbcfc06d547dde13c3030952e6fb64680b806332438?s=96&d=mm&r=g","url":"https:\/\/secure.gravatar.com\/avatar\/18833c8a6166c23169f5fbbcfc06d547dde13c3030952e6fb64680b806332438?s=96&d=mm&r=g","contentUrl":"https:\/\/secure.gravatar.com\/avatar\/18833c8a6166c23169f5fbbcfc06d547dde13c3030952e6fb64680b806332438?s=96&d=mm&r=g","caption":"KD Sollentuna"},"url":"https:\/\/wp.kristdemokraterna.se\/sollentuna\/author\/sollentuna\/"}]}},"_links":{"self":[{"href":"https:\/\/wp.kristdemokraterna.se\/sollentuna\/wp-json\/wp\/v2\/posts\/826","targetHints":{"allow":["GET"]}}],"collection":[{"href":"https:\/\/wp.kristdemokraterna.se\/sollentuna\/wp-json\/wp\/v2\/posts"}],"about":[{"href":"https:\/\/wp.kristdemokraterna.se\/sollentuna\/wp-json\/wp\/v2\/types\/post"}],"author":[{"embeddable":true,"href":"https:\/\/wp.kristdemokraterna.se\/sollentuna\/wp-json\/wp\/v2\/users\/41"}],"replies":[{"embeddable":true,"href":"https:\/\/wp.kristdemokraterna.se\/sollentuna\/wp-json\/wp\/v2\/comments?post=826"}],"version-history":[{"count":2,"href":"https:\/\/wp.kristdemokraterna.se\/sollentuna\/wp-json\/wp\/v2\/posts\/826\/revisions"}],"predecessor-version":[{"id":829,"href":"https:\/\/wp.kristdemokraterna.se\/sollentuna\/wp-json\/wp\/v2\/posts\/826\/revisions\/829"}],"wp:attachment":[{"href":"https:\/\/wp.kristdemokraterna.se\/sollentuna\/wp-json\/wp\/v2\/media?parent=826"}],"wp:term":[{"taxonomy":"category","embeddable":true,"href":"https:\/\/wp.kristdemokraterna.se\/sollentuna\/wp-json\/wp\/v2\/categories?post=826"},{"taxonomy":"post_tag","embeddable":true,"href":"https:\/\/wp.kristdemokraterna.se\/sollentuna\/wp-json\/wp\/v2\/tags?post=826"}],"curies":[{"name":"wp","href":"https:\/\/api.w.org\/{rel}","templated":true}]}}